{"id":31159,"date":"2024-04-18T12:06:09","date_gmt":"2024-04-18T09:06:09","guid":{"rendered":"https:\/\/blog.turkishairlines.com\/whats-on-in-april-arts-and-culture-in-turkiye\/"},"modified":"2024-04-18T12:06:25","modified_gmt":"2024-04-18T09:06:25","slug":"whats-on-in-april-turkiyes-guide-to-culture-and-arts","status":"publish","type":"post","link":"https:\/\/blog.turkishairlines.com\/en\/whats-on-in-april-turkiyes-guide-to-culture-and-arts\/","title":{"rendered":"What\u2019s on in April: T\u00fcrkiye&#8217;s guide to culture and arts"},"content":{"rendered":"\n<hr class=\"wp-block-separator has-text-color has-alpha-channel-opacity has-background is-style-wide\" style=\"background-color:#ebebeb;color:#ebebeb\"\/>\n\n\n\n<h2 class=\"wp-block-heading\"><strong>Spring breezes in the art and culture world<\/strong><\/h2>\n\n\n\n<figure class=\"wp-block-image size-full\"><img loading=\"lazy\" decoding=\"async\" width=\"784\" height=\"523\" src=\"https:\/\/blog.turkishairlines.com\/wp-content\/uploads\/2024\/04\/nisan-ayi-etkinlikleri-sakura.jpg\" alt=\"april events sakura\n\" class=\"wp-image-42134\" srcset=\"https:\/\/blog.turkishairlines.com\/wp-content\/uploads\/2024\/04\/nisan-ayi-etkinlikleri-sakura.jpg 784w, https:\/\/blog.turkishairlines.com\/wp-content\/uploads\/2024\/04\/nisan-ayi-etkinlikleri-sakura-300x200.jpg 300w, https:\/\/blog.turkishairlines.com\/wp-content\/uploads\/2024\/04\/nisan-ayi-etkinlikleri-sakura-150x100.jpg 150w, https:\/\/blog.turkishairlines.com\/wp-content\/uploads\/2024\/04\/nisan-ayi-etkinlikleri-sakura-768x512.jpg 768w, https:\/\/blog.turkishairlines.com\/wp-content\/uploads\/2024\/04\/nisan-ayi-etkinlikleri-sakura-696x464.jpg 696w\" sizes=\"auto, (max-width: 784px) 100vw, 784px\" \/><figcaption class=\"wp-element-caption\">Sakura Festival is one of the vibrant April events. \n<\/figcaption><\/figure>\n\n\n\n<h3 class=\"wp-block-heading\"><strong>The 43rd \u0130stanbul Film Festival starts on April 17<\/strong><\/h3>\n\n\n\n<p>Organized by the \u0130stanbul Foundation for Culture and Arts, the 43rd \u0130stanbul Film Festival takes place from April 17 to 28. Films from auteurs such as Wim Wenders and Koji Yakusho, among others, will be screened in six theaters: Atlas 1948, Beyo\u011flu Cinema, Cinewam City\u2019s 3, Cinewam City\u2019s 7, Kad\u0131k\u00f6y Cinema, and Sinematek. The \u0130stanbul Film Festival is one of our favorite April events and we\u2019re looking forward to this year\u2019s edition!<\/p>\n\n\n\n<h3 class=\"wp-block-heading\"><strong>Four special concerts for International Jazz Day<\/strong><\/h3>\n\n\n\n<p>\u0130stanbul is hosting four jazz concerts on April 30 in honor of International Jazz Day. The U\u011fur G\u00fcbe\u015f Quartet will perform their debut album <em>Unstable<\/em> at the Borusan Music House, while Amsterdam\/\u0130stanbul-based Mert Pekduraner and his band perform at Babylon; and Cherise, a new generation soul singer from England, performs at Salon \u0130KSV. The Portico Quartet, one of the most important groups in British modern jazz, take the stage at The Blind.<\/p>\n\n\n\n<h3 class=\"wp-block-heading\"><strong>Crocodile Fever with famous actors<\/strong><\/h3>\n\n\n\n<p>Acclaimed at the 2019 Edinburgh Theater Festival, <em>Crocodile Fire<\/em> was described by The Guardian newspaper as \u201cFeminist Tarantino\u201d. Directed by Mehmet Ergen and starring Funda Eryi\u011fit, Hazar Erg\u00fc\u00e7l\u00fc and Hidayet Erdin\u00e7, the play will be staged at Zorlu PSM on Tuesday, April 16, and at Caddebostan Cultural Center on Wednesday, April 17.<\/p>\n\n\n\n<h3 class=\"wp-block-heading\"><strong>Sakura Festival at Sabanc\u0131 University<\/strong><\/h3>\n\n\n\n<p>On April 2, Sabanc\u0131 University hosts the first open-air event of the year, starring the cherry blossoms that represent nature\u2019s rebirth. The Sakura Festival, commemorating the 100th anniversary of T\u00fcrkiye-Japan relations, features Kufuki and Yogetsu Akasaka, successful representatives of traditional Japanese music, along with Turkish musician Cem Adrian. The festival will also include workshops in origami, ikebana, shadoo (Japanese Calligraphy), sushi and fragrance, as well as a Kendo show and a Traditional Tea Ceremony.<\/p>\n\n\n\n<h3 class=\"wp-block-heading\"><strong><em>Tan\u0131d\u0131k Y\u00fczler<\/em> at Bar\u0131n Han<\/strong><\/h3>\n\n\n\n<p>Remzi Y\u0131lmaz\u2019s fourth solo exhibition, <em>Tan\u0131d\u0131k Y\u00fczler<\/em>, opens at Bar\u0131n Han at 17.00 on April 2, World Autism Awareness Day. <em>Tan\u0131d\u0131k Y\u00fczler<\/em>\u00a0 depicts a fairytale-like story inspired by metaphorical themes from everyday life and popular images.\u00a0<\/p>\n\n\n\n<hr class=\"wp-block-separator has-text-color has-alpha-channel-opacity has-background is-style-wide\" style=\"background-color:#ebebeb;color:#ebebeb\"\/>\n\n\n\n<h2 class=\"wp-block-heading\"><strong>Plays, exhibitions, festivals&#8230;<\/strong><\/h2>\n\n\n\n<figure class=\"wp-block-image size-full\"><img loading=\"lazy\" decoding=\"async\" width=\"784\" height=\"523\" src=\"https:\/\/blog.turkishairlines.com\/wp-content\/uploads\/2024\/04\/nisan-ayi-etkinlikleri-tiyatro.jpg\" alt=\"april events theater\" class=\"wp-image-42136\" srcset=\"https:\/\/blog.turkishairlines.com\/wp-content\/uploads\/2024\/04\/nisan-ayi-etkinlikleri-tiyatro.jpg 784w, https:\/\/blog.turkishairlines.com\/wp-content\/uploads\/2024\/04\/nisan-ayi-etkinlikleri-tiyatro-300x200.jpg 300w, https:\/\/blog.turkishairlines.com\/wp-content\/uploads\/2024\/04\/nisan-ayi-etkinlikleri-tiyatro-150x100.jpg 150w, https:\/\/blog.turkishairlines.com\/wp-content\/uploads\/2024\/04\/nisan-ayi-etkinlikleri-tiyatro-768x512.jpg 768w, https:\/\/blog.turkishairlines.com\/wp-content\/uploads\/2024\/04\/nisan-ayi-etkinlikleri-tiyatro-696x464.jpg 696w\" sizes=\"auto, (max-width: 784px) 100vw, 784px\" \/><figcaption class=\"wp-element-caption\">Successful theater productions stand out among April events. <\/figcaption><\/figure>\n\n\n\n<h3 class=\"wp-block-heading\"><strong><em>10 Ad\u0131mda Unutmak<\/em> by \u015eahika Tekand<\/strong><\/h3>\n\n\n\n<p>Written and directed by \u015eahika Tekand, <em>10 Ad\u0131mda Unutmak<\/em> examines today\u2019s passive and conformist human species through a tragicomic lens. Performances take place on April 28 and 29 at DasDas.<\/p>\n\n\n\n<h3 class=\"wp-block-heading\"><strong>A father-son showdown: <em>Eksik<\/em><\/strong><\/h3>\n\n\n\n<p>Written and directed by Aksel Bonfil, <em>Eksik<\/em> stars Levent Can, Hande Do\u011fandemir and Erdem Kaynarca, and focuses on the humorous moments that exist in the midst of pain, and the acknowledgment of our bonds, and our flaws. The 80-minute play will be performed at Atlas 1948, with a special two-for-one ticket offer on April 4, World Theater Day \u2013 purchase one ticket and receive one free ticket.\u00a0<\/p>\n\n\n\n<h3 class=\"wp-block-heading\"><strong><em>K\u0131r\u0131k Ufuk<\/em> at Galerist<\/strong><\/h3>\n\n\n\n<p><em>K\u0131r\u0131k Ufuk<\/em>, Ay\u00e7a Telgeren\u2019s fifth solo exhibition at Galerist, explores the artist\u2019s relationship with the gallery space over time through her work and body. Without focusing, and accepting the scattered, she observes the unseen places, leaving the judgmental and rational tunnel of the eye and almost touching the building\u2019s interior with her works. <em>K\u0131r\u0131k Ufuk<\/em> runs at Galerist until April 27.<\/p>\n\n\n\n<h3 class=\"wp-block-heading\"><strong>Spring comes to the capital: The 38th Ankara Music Festival\u00a0<\/strong><\/h3>\n\n\n\n<p>From April 4 to 30, the capital, Ankara, hosts more than 300 artists from 12 countries. The festival showcases distinguished examples of classical and baroque music, dance and jazz in the categories of symphonic concert, modern ballet, chamber music, and jazz from Japan, Germany, Czechia, Croatia, Russia, Hungary, Hungary, Georgia, Norway, Azerbaijan, France and Italy.<\/p>\n","protected":false},"excerpt":{"rendered":"<p>Spring breezes in the art and culture world The 43rd \u0130stanbul Film Festival starts on April 17 Organized by the \u0130stanbul Foundation for Culture and Arts, the 43rd \u0130stanbul Film Festival takes place from April 17 to 28. Films from auteurs such as Wim Wenders and Koji Yakusho, among others, will be screened in six [&hellip;]<\/p>\n","protected":false},"author":53,"featured_media":42138,"comment_status":"closed","ping_status":"closed","sticky":false,"template":"","format":"standard","meta":{"footnotes":""},"categories":[1114,147],"tags":[],"class_list":{"0":"post-31159","1":"post","2":"type-post","3":"status-publish","4":"format-standard","5":"has-post-thumbnail","7":"category-events","8":"category-trip-ideas"},"_links":{"self":[{"href":"https:\/\/blog.turkishairlines.com\/en\/wp-json\/wp\/v2\/posts\/31159","targetHints":{"allow":["GET"]}}],"collection":[{"href":"https:\/\/blog.turkishairlines.com\/en\/wp-json\/wp\/v2\/posts"}],"about":[{"href":"https:\/\/blog.turkishairlines.com\/en\/wp-json\/wp\/v2\/types\/post"}],"author":[{"embeddable":true,"href":"https:\/\/blog.turkishairlines.com\/en\/wp-json\/wp\/v2\/users\/53"}],"replies":[{"embeddable":true,"href":"https:\/\/blog.turkishairlines.com\/en\/wp-json\/wp\/v2\/comments?post=31159"}],"version-history":[{"count":2,"href":"https:\/\/blog.turkishairlines.com\/en\/wp-json\/wp\/v2\/posts\/31159\/revisions"}],"predecessor-version":[{"id":42271,"href":"https:\/\/blog.turkishairlines.com\/en\/wp-json\/wp\/v2\/posts\/31159\/revisions\/42271"}],"wp:featuredmedia":[{"embeddable":true,"href":"https:\/\/blog.turkishairlines.com\/en\/wp-json\/wp\/v2\/media\/42138"}],"wp:attachment":[{"href":"https:\/\/blog.turkishairlines.com\/en\/wp-json\/wp\/v2\/media?parent=31159"}],"wp:term":[{"taxonomy":"category","embeddable":true,"href":"https:\/\/blog.turkishairlines.com\/en\/wp-json\/wp\/v2\/categories?post=31159"},{"taxonomy":"post_tag","embeddable":true,"href":"https:\/\/blog.turkishairlines.com\/en\/wp-json\/wp\/v2\/tags?post=31159"}],"curies":[{"name":"wp","href":"https:\/\/api.w.org\/{rel}","templated":true}]}}