{"id":39316,"date":"2024-05-16T13:15:09","date_gmt":"2024-05-16T10:15:09","guid":{"rendered":"https:\/\/blog.turkishairlines.com\/whats-on-in-may-a-guide-to-art-and-culture-in-turkiye\/"},"modified":"2024-05-16T13:15:18","modified_gmt":"2024-05-16T10:15:18","slug":"whats-on-in-may-turkiyes-arts-and-culture-guide","status":"publish","type":"post","link":"https:\/\/blog.turkishairlines.com\/en\/whats-on-in-may-turkiyes-arts-and-culture-guide\/","title":{"rendered":"What&#8217;s on in May: T\u00fcrkiye&#8217;s arts and culture guide"},"content":{"rendered":"\n<hr class=\"wp-block-separator has-text-color has-alpha-channel-opacity has-background is-style-wide\" style=\"background-color:#ebebeb;color:#ebebeb\"\/>\n\n\n\n<h2 class=\"wp-block-heading\"><strong>Month of festivals<\/strong><\/h2>\n\n\n\n<figure class=\"wp-block-image size-full\"><img loading=\"lazy\" decoding=\"async\" width=\"784\" height=\"523\" src=\"https:\/\/blog.turkishairlines.com\/wp-content\/uploads\/2024\/05\/mayis-etkinlikleri-sergi.jpg\" alt=\"may events exhibition \" class=\"wp-image-42397\" srcset=\"https:\/\/blog.turkishairlines.com\/wp-content\/uploads\/2024\/05\/mayis-etkinlikleri-sergi.jpg 784w, https:\/\/blog.turkishairlines.com\/wp-content\/uploads\/2024\/05\/mayis-etkinlikleri-sergi-300x200.jpg 300w, https:\/\/blog.turkishairlines.com\/wp-content\/uploads\/2024\/05\/mayis-etkinlikleri-sergi-150x100.jpg 150w, https:\/\/blog.turkishairlines.com\/wp-content\/uploads\/2024\/05\/mayis-etkinlikleri-sergi-768x512.jpg 768w, https:\/\/blog.turkishairlines.com\/wp-content\/uploads\/2024\/05\/mayis-etkinlikleri-sergi-696x464.jpg 696w\" sizes=\"auto, (max-width: 784px) 100vw, 784px\" \/><figcaption class=\"wp-element-caption\">Numerous festivals will take place in May. \n<\/figcaption><\/figure>\n\n\n\n<h3 class=\"wp-block-heading\"><strong>The 52nd \u0130stanbul Music Festival begins!<\/strong><\/h3>\n\n\n\n<p>The 52nd edition of the annual \u0130stanbul Music Festival, sending magical melodies into the skies of \u0130stanbul every year, takes place between May 21 and June 12. Hosting distinguished orchestras and important soloists from around the world, this year&#8217;s festival theme is \u201cK\u00f6kler (<em>Roots<\/em>)&#8221;.\u00a0 Aiming to convey the cultural and historical stories of our common geography on the occasion of the 100th anniversary of the population exchange between T\u00fcrkiye and Greece, the festival will also host Culture Years events, celebrating the centennial anniversary of relations with Hungary and the Netherlands.<\/p>\n\n\n\n<h3 class=\"wp-block-heading\"><strong><em>Saz ile Caz<\/em> (<em>Saz and Jazz<\/em>) by Ara Dinkjian and \u015eenay Lambao\u011flu<\/strong><\/h3>\n\n\n\n<p>\u015eenay Lambao\u011flu, an original voice of the jazz world, and oud player Ara Dinkjian interpret works that have left a mark on different geographies. From Omar Khayyam to A\u015f\u0131k Veysel, and from F\u00fcr\u00fc\u011f Ferruhzad to Gomidas, the duo perform evocative versions of works composed by poets and folk bards. The concert, an unmissable May event, will be held on May 15 at the CRR Concert Hall.<\/p>\n\n\n\n<h3 class=\"wp-block-heading\"><strong><em>Teredd\u00fct \u00c7izgisi<\/em> (<em>Hesitation Wound<\/em>) is coming to theaters<\/strong><\/h3>\n\n\n\n<p>Making its world premiere at the 80th Venice Film Festival, Selman Nacar&#8217;s latest award-winning film <em>Teredd\u00fct \u00c7izgisi<\/em> (<em>Hesitation Wound<\/em>) will be released in theaters on May 3. Written and directed by Selman Nacar and starring T\u00fclin \u00d6zen, the film depicts the story of the lawyer Canan, who is forced to confront her own conscience on the day that her client, who she believes to be innocent,\u00a0 is sentenced for murder.\u00a0<\/p>\n\n\n\n<h3 class=\"wp-block-heading\"><strong>Nil\u00fcfer in Ankara on May 3<\/strong><\/h3>\n\n\n\n<p>Released on April 19 and inspired by old Nil\u00fcfer songs, <em>Kara G\u00f6z\u00fcn\u00fcn Hasretiyle<\/em> was written by Mabel Matiz for the artist. Nil\u00fcfer will perform in Ankara for the first time with her latest single. The concert takes place on May 3 at TED Ankara College Performing Arts and Performance Center.\u00a0<\/p>\n\n\n\n<hr class=\"wp-block-separator has-text-color has-alpha-channel-opacity has-background is-style-wide\" style=\"background-color:#ebebeb;color:#ebebeb\"\/>\n\n\n\n<h2 class=\"wp-block-heading\"><strong>Selections, plays, concerts&#8230;<\/strong><\/h2>\n\n\n\n<figure class=\"wp-block-image size-full\"><img loading=\"lazy\" decoding=\"async\" width=\"784\" height=\"523\" src=\"https:\/\/blog.turkishairlines.com\/wp-content\/uploads\/2024\/05\/mayis-etkinlikleri-sahne.jpg\" alt=\"May events on stage\" class=\"wp-image-42399\" srcset=\"https:\/\/blog.turkishairlines.com\/wp-content\/uploads\/2024\/05\/mayis-etkinlikleri-sahne.jpg 784w, https:\/\/blog.turkishairlines.com\/wp-content\/uploads\/2024\/05\/mayis-etkinlikleri-sahne-300x200.jpg 300w, https:\/\/blog.turkishairlines.com\/wp-content\/uploads\/2024\/05\/mayis-etkinlikleri-sahne-150x100.jpg 150w, https:\/\/blog.turkishairlines.com\/wp-content\/uploads\/2024\/05\/mayis-etkinlikleri-sahne-768x512.jpg 768w, https:\/\/blog.turkishairlines.com\/wp-content\/uploads\/2024\/05\/mayis-etkinlikleri-sahne-696x464.jpg 696w\" sizes=\"auto, (max-width: 784px) 100vw, 784px\" \/><figcaption class=\"wp-element-caption\">The 27th edition of the U\u00e7an S\u00fcp\u00fcrge (Flying Broom) Women&#8217;s Film Festival will be held on May 9-16. The festival was launched with the mission of raising visibility around women&#8217;s stories and labor in cinema.  \n<\/figcaption><\/figure>\n\n\n\n<h3 class=\"wp-block-heading\"><strong>KINO 2024 selection from the Goethe Institut<\/strong><\/h3>\n\n\n\n<p>The Goethe Institut is bringing current and prominent examples of German cinema to Turkish audiences. The screenings at the Cinematheque\/Cinema House will take place between May 2-5 and includes productions such as <em>Her \u015eeyin Teorisi<\/em> (<em>The Universal Theory<\/em>) and <em>Dirsek<\/em> (<em>Ellbogen<\/em>).<\/p>\n\n\n\n<h3 class=\"wp-block-heading\"><strong>27th Flying Broom International Women&#8217;s Film Festival in Ankara May 9-16<\/strong><\/h3>\n\n\n\n<p>The 27th edition of the Flying Broom (<em>U\u00e7an S\u00fcp\u00fcrge<\/em>)International Women&#8217;s Film Festival, which sets out with the mission of making women&#8217;s stories and women&#8217;s labor in cinema visible, will be held on May 9-16. The festival can be followed at now known as K\u00fclt Kavakl\u0131dere, formerly known as Kavakl\u0131dere Cinema, a setting that holds an important place in the hearts of Ankara residents.\u00a0<\/p>\n\n\n\n<h3 class=\"wp-block-heading\"><strong>One-act <em>Tebdil<\/em> on stage<\/strong><\/h3>\n\n\n\n<p><em>Tedbil<\/em>, written and directed by Ali Sami \u00d6zbudak and focusing on the showdown between twin brothers from different worlds, can be seen at Pops Balat on May 6-14 and 20. The 100-minute play starring Murat \u00dczen, Erkan Akbulut, Fehmi Karaaslan, G\u00fcl\u015fah F\u0131r\u0131nc\u0131o\u011flu and \u00d6zge Borak is among the highlights of May.<\/p>\n\n\n\n<h3 class=\"wp-block-heading\"><strong>IO International Theater Festival hosts <em>Soir\u00e9e<\/em><\/strong><\/h3>\n\n\n\n<p>Named after IO, one of the most important characters in Greek mythology, the IO International Theater Festival continues. Debuting in \u0130stanbul on May 5, the festival hosts <em>Soir\u00e9e<\/em>, an international masterpiece combining theater and dance, choreographed by Bozsik Yvette. The play, for which the Hungary-based Yvette Bozsik Company won International Critique at the Edinburgh Fringe Festival, Best Dance Production at Scotland on Sunday, and The Independent Special Award for Theater.\u00a0\u00a0<\/p>\n","protected":false},"excerpt":{"rendered":"<p>Month of festivals The 52nd \u0130stanbul Music Festival begins! The 52nd edition of the annual \u0130stanbul Music Festival, sending magical melodies into the skies of \u0130stanbul every year, takes place between May 21 and June 12. Hosting distinguished orchestras and important soloists from around the world, this year&#8217;s festival theme is \u201cK\u00f6kler (Roots)&#8221;.\u00a0 Aiming to [&hellip;]<\/p>\n","protected":false},"author":53,"featured_media":42402,"comment_status":"closed","ping_status":"closed","sticky":false,"template":"","format":"standard","meta":{"footnotes":""},"categories":[1114,147],"tags":[],"class_list":{"0":"post-39316","1":"post","2":"type-post","3":"status-publish","4":"format-standard","5":"has-post-thumbnail","7":"category-events","8":"category-trip-ideas"},"_links":{"self":[{"href":"https:\/\/blog.turkishairlines.com\/en\/wp-json\/wp\/v2\/posts\/39316","targetHints":{"allow":["GET"]}}],"collection":[{"href":"https:\/\/blog.turkishairlines.com\/en\/wp-json\/wp\/v2\/posts"}],"about":[{"href":"https:\/\/blog.turkishairlines.com\/en\/wp-json\/wp\/v2\/types\/post"}],"author":[{"embeddable":true,"href":"https:\/\/blog.turkishairlines.com\/en\/wp-json\/wp\/v2\/users\/53"}],"replies":[{"embeddable":true,"href":"https:\/\/blog.turkishairlines.com\/en\/wp-json\/wp\/v2\/comments?post=39316"}],"version-history":[{"count":3,"href":"https:\/\/blog.turkishairlines.com\/en\/wp-json\/wp\/v2\/posts\/39316\/revisions"}],"predecessor-version":[{"id":42517,"href":"https:\/\/blog.turkishairlines.com\/en\/wp-json\/wp\/v2\/posts\/39316\/revisions\/42517"}],"wp:featuredmedia":[{"embeddable":true,"href":"https:\/\/blog.turkishairlines.com\/en\/wp-json\/wp\/v2\/media\/42402"}],"wp:attachment":[{"href":"https:\/\/blog.turkishairlines.com\/en\/wp-json\/wp\/v2\/media?parent=39316"}],"wp:term":[{"taxonomy":"category","embeddable":true,"href":"https:\/\/blog.turkishairlines.com\/en\/wp-json\/wp\/v2\/categories?post=39316"},{"taxonomy":"post_tag","embeddable":true,"href":"https:\/\/blog.turkishairlines.com\/en\/wp-json\/wp\/v2\/tags?post=39316"}],"curies":[{"name":"wp","href":"https:\/\/api.w.org\/{rel}","templated":true}]}}