{"id":10608,"date":"2020-03-02T13:39:55","date_gmt":"2020-03-02T10:39:55","guid":{"rendered":"https:\/\/blog.turkishairlines.com\/?p=10608"},"modified":"2022-08-06T16:25:10","modified_gmt":"2022-08-06T13:25:10","slug":"kadinlari-onurlandiran-muzeler","status":"publish","type":"post","link":"https:\/\/blog.turkishairlines.com\/tr\/kadinlari-onurlandiran-muzeler\/","title":{"rendered":"Kad\u0131nlar\u0131 onurland\u0131ran m\u00fczeler"},"content":{"rendered":"\n<hr class=\"wp-block-separator has-text-color has-alpha-channel-opacity has-background is-style-wide\" style=\"background-color:#ebebeb;color:#ebebeb\"\/>\n\n\n\n<h2 class=\"wp-block-heading\"><strong>Marie Curie M\u00fczesi, Var\u015fova<\/strong><\/h2>\n\n\n\n<figure class=\"wp-block-image size-large td-caption-align-https:\/\/blog.turkishairlines.com\/wp-content\/uploads\/2020\/03\/MarieCurie-iStock-1140323671.jpg\"><img loading=\"lazy\" decoding=\"async\" width=\"1024\" height=\"683\" src=\"https:\/\/blog.turkishairlines.com\/wp-content\/uploads\/2020\/03\/MarieCurie-iStock-1140323671-1024x683.jpg\" alt=\"\" class=\"wp-image-10558\" srcset=\"https:\/\/blog.turkishairlines.com\/wp-content\/uploads\/2020\/03\/MarieCurie-iStock-1140323671-1024x683.jpg 1024w, https:\/\/blog.turkishairlines.com\/wp-content\/uploads\/2020\/03\/MarieCurie-iStock-1140323671-300x200.jpg 300w, https:\/\/blog.turkishairlines.com\/wp-content\/uploads\/2020\/03\/MarieCurie-iStock-1140323671-768x512.jpg 768w, https:\/\/blog.turkishairlines.com\/wp-content\/uploads\/2020\/03\/MarieCurie-iStock-1140323671-696x464.jpg 696w, https:\/\/blog.turkishairlines.com\/wp-content\/uploads\/2020\/03\/MarieCurie-iStock-1140323671-1068x712.jpg 1068w, https:\/\/blog.turkishairlines.com\/wp-content\/uploads\/2020\/03\/MarieCurie-iStock-1140323671-630x420.jpg 630w, https:\/\/blog.turkishairlines.com\/wp-content\/uploads\/2020\/03\/MarieCurie-iStock-1140323671-600x400.jpg 600w, https:\/\/blog.turkishairlines.com\/wp-content\/uploads\/2020\/03\/MarieCurie-iStock-1140323671.jpg 1254w\" sizes=\"auto, (max-width: 1024px) 100vw, 1024px\" \/><\/figure>\n\n\n\n<p>Uranyumla yapt\u0131\u011f\u0131 deneyler sonucu radyoaktiviteyi ke\u015ffeden&nbsp;Marie Curie, yapt\u0131\u011f\u0131 \u00e7al\u0131\u015fmalarla fizik ve kimya alanlar\u0131nda&nbsp;Nobel \u00d6d\u00fcl\u00fc&nbsp;kazanan ilk kad\u0131n olmu\u015f.&nbsp;Nobel \u00d6d\u00fcl\u00fc&nbsp;alan ilk kad\u0131n olmas\u0131n\u0131n an\u0131s\u0131na a\u00e7\u0131lan m\u00fczede, Marie ve e\u015fi Pierre Curie\u2019nin \u00e7al\u0131\u015fmalar\u0131n\u0131, dok\u00fcmanlar\u0131n\u0131, mektuplar\u0131n\u0131, bulu\u015flar\u0131n\u0131 g\u00f6rebilir, fizik ve kimya konulu filmleri izleyebilirsiniz.<\/p>\n\n\n\n<hr class=\"wp-block-separator has-text-color has-alpha-channel-opacity has-background is-style-wide\" style=\"background-color:#ebebeb;color:#ebebeb\"\/>\n\n\n\n<h2 class=\"wp-block-heading\"><strong>Anne Frank\u2019in Evi, Amsterdam<\/strong><\/h2>\n\n\n\n<figure class=\"wp-block-image size-large\"><img loading=\"lazy\" decoding=\"async\" width=\"1000\" height=\"671\" src=\"https:\/\/blog.turkishairlines.com\/wp-content\/uploads\/2020\/03\/AnneFrank-shutterstock_92706304-1.jpg\" alt=\"Kad\u0131nlar\u0131 Onurland\u0131ran M\u00fczeler\" class=\"wp-image-10589\" srcset=\"https:\/\/blog.turkishairlines.com\/wp-content\/uploads\/2020\/03\/AnneFrank-shutterstock_92706304-1.jpg 1000w, https:\/\/blog.turkishairlines.com\/wp-content\/uploads\/2020\/03\/AnneFrank-shutterstock_92706304-1-300x201.jpg 300w, https:\/\/blog.turkishairlines.com\/wp-content\/uploads\/2020\/03\/AnneFrank-shutterstock_92706304-1-768x515.jpg 768w, https:\/\/blog.turkishairlines.com\/wp-content\/uploads\/2020\/03\/AnneFrank-shutterstock_92706304-1-696x467.jpg 696w, https:\/\/blog.turkishairlines.com\/wp-content\/uploads\/2020\/03\/AnneFrank-shutterstock_92706304-1-626x420.jpg 626w\" sizes=\"auto, (max-width: 1000px) 100vw, 1000px\" \/><\/figure>\n\n\n\n<p>Hollanda\u2019n\u0131n Naziler taraf\u0131ndan i\u015fgali s\u0131ras\u0131nda ailesiyle birlikte 2 y\u0131l boyunca saklanan&nbsp;Anne Frank&nbsp;tuttu\u011fu g\u00fcnl\u00fckle o d\u00f6neme \u0131\u015f\u0131k tutmu\u015f. Onlarca farkl\u0131 dilde bas\u0131lan g\u00fcnl\u00fck, 20. y\u00fczy\u0131l\u0131n en iyi kitaplar\u0131 listesinde yerini alm\u0131\u015f. Anne Frank\u2019in Evi 1960 y\u0131l\u0131nda m\u00fczele\u015ftirilmi\u015f. M\u00fczede&nbsp;Anne Frank&nbsp;ve ailesinin sakland\u0131\u011f\u0131 gizli oda, Frank\u2019in hayat\u0131na dair bir sergi, i\u015fkence ve ayr\u0131mc\u0131l\u0131\u011fa kar\u015f\u0131 sergi alanlar\u0131 bulunuyor.<\/p>\n\n\n\n<hr class=\"wp-block-separator has-text-color has-alpha-channel-opacity has-background is-style-wide\" style=\"background-color:#ebebeb;color:#ebebeb\"\/>\n\n\n\n<h2 class=\"wp-block-heading\"><strong>Florence Nightingale M\u00fczesi, Londra<\/strong><\/h2>\n\n\n\n<figure class=\"wp-block-image size-large td-caption-align-https:\/\/blog.turkishairlines.com\/wp-content\/uploads\/2020\/03\/Florence-iStock-529744999-1.jpg\"><img loading=\"lazy\" decoding=\"async\" width=\"1024\" height=\"681\" src=\"https:\/\/blog.turkishairlines.com\/wp-content\/uploads\/2020\/03\/Florence-iStock-529744999-1-1024x681.jpg\" alt=\"Kad\u0131nlar\u0131 Onurland\u0131ran M\u00fczeler\" class=\"wp-image-10591\" srcset=\"https:\/\/blog.turkishairlines.com\/wp-content\/uploads\/2020\/03\/Florence-iStock-529744999-1-1024x681.jpg 1024w, https:\/\/blog.turkishairlines.com\/wp-content\/uploads\/2020\/03\/Florence-iStock-529744999-1-300x200.jpg 300w, https:\/\/blog.turkishairlines.com\/wp-content\/uploads\/2020\/03\/Florence-iStock-529744999-1-768x511.jpg 768w, https:\/\/blog.turkishairlines.com\/wp-content\/uploads\/2020\/03\/Florence-iStock-529744999-1-696x463.jpg 696w, https:\/\/blog.turkishairlines.com\/wp-content\/uploads\/2020\/03\/Florence-iStock-529744999-1-1068x711.jpg 1068w, https:\/\/blog.turkishairlines.com\/wp-content\/uploads\/2020\/03\/Florence-iStock-529744999-1-631x420.jpg 631w, https:\/\/blog.turkishairlines.com\/wp-content\/uploads\/2020\/03\/Florence-iStock-529744999-1-600x400.jpg 600w, https:\/\/blog.turkishairlines.com\/wp-content\/uploads\/2020\/03\/Florence-iStock-529744999-1.jpg 1255w\" sizes=\"auto, (max-width: 1024px) 100vw, 1024px\" \/><\/figure>\n\n\n\n<p>Modern hem\u015fireli\u011fin kurucusu ve bir sosyal reformcu olan&nbsp;Nightingale, K\u0131r\u0131m Sava\u015f\u0131 esnas\u0131nda e\u011fitim alan hem\u015firelerin y\u00f6neticisi olarak \u00f6ne \u00e7\u0131km\u0131\u015f. Gece g\u00fcnd\u00fcz demeden yaral\u0131lara bakt\u0131\u011f\u0131 i\u00e7in \u201cLambal\u0131 Kad\u0131n\u201d olarak tarihte yerini alm\u0131\u015f. Ad\u0131na ithaf edilen m\u00fczede Lambal\u0131 Kad\u0131n efsanesinin do\u011fu\u015funu \u00f6\u011frenebilir, sava\u015ftan sonra sa\u011fl\u0131k reformu i\u00e7in verdi\u011fi m\u00fccadeleye tan\u0131kl\u0131k edebilir ve K\u0131r\u0131m Sava\u015f\u0131 boyunca yan\u0131nda ta\u015f\u0131d\u0131\u011f\u0131 ecza \u00e7antas\u0131n\u0131 g\u00f6rebilirsiniz.<\/p>\n\n\n\n<hr class=\"wp-block-separator has-text-color has-alpha-channel-opacity has-background is-style-wide\" style=\"background-color:#ebebeb;color:#ebebeb\"\/>\n\n\n\n<h2 class=\"wp-block-heading\"><strong>Amelia Earhart M\u00fczesi, Kansas<\/strong><\/h2>\n\n\n\n<figure class=\"wp-block-image size-large td-caption-align-https:\/\/blog.turkishairlines.com\/wp-content\/uploads\/2020\/03\/Amelia-Earhart-cockpit-airplane-Lockheed-Electra.jpg\"><img loading=\"lazy\" decoding=\"async\" width=\"1024\" height=\"816\" src=\"https:\/\/blog.turkishairlines.com\/wp-content\/uploads\/2020\/03\/Amelia-Earhart-cockpit-airplane-Lockheed-Electra-1024x816.jpg\" alt=\"\" class=\"wp-image-10564\" srcset=\"https:\/\/blog.turkishairlines.com\/wp-content\/uploads\/2020\/03\/Amelia-Earhart-cockpit-airplane-Lockheed-Electra-1024x816.jpg 1024w, https:\/\/blog.turkishairlines.com\/wp-content\/uploads\/2020\/03\/Amelia-Earhart-cockpit-airplane-Lockheed-Electra-300x239.jpg 300w, https:\/\/blog.turkishairlines.com\/wp-content\/uploads\/2020\/03\/Amelia-Earhart-cockpit-airplane-Lockheed-Electra-768x612.jpg 768w, https:\/\/blog.turkishairlines.com\/wp-content\/uploads\/2020\/03\/Amelia-Earhart-cockpit-airplane-Lockheed-Electra-1536x1224.jpg 1536w, https:\/\/blog.turkishairlines.com\/wp-content\/uploads\/2020\/03\/Amelia-Earhart-cockpit-airplane-Lockheed-Electra-696x555.jpg 696w, https:\/\/blog.turkishairlines.com\/wp-content\/uploads\/2020\/03\/Amelia-Earhart-cockpit-airplane-Lockheed-Electra-1068x851.jpg 1068w, https:\/\/blog.turkishairlines.com\/wp-content\/uploads\/2020\/03\/Amelia-Earhart-cockpit-airplane-Lockheed-Electra-527x420.jpg 527w, https:\/\/blog.turkishairlines.com\/wp-content\/uploads\/2020\/03\/Amelia-Earhart-cockpit-airplane-Lockheed-Electra.jpg 1600w\" sizes=\"auto, (max-width: 1024px) 100vw, 1024px\" \/><\/figure>\n\n\n\n<p>D\u00fcnyaca \u00fcnl\u00fc pilot\u00a0Amelia Earhart, Atlas Okyanusu\u2019nu u\u00e7akla tek ba\u015f\u0131na ge\u00e7en ilk <a href=\"https:\/\/blog.turkishairlines.com\/tr\/tarihteki-unlu-kadin-pilotlar\/\">kad\u0131n pilot<\/a> olarak biliniyor. Meslekta\u015f\u0131 Fred Noonan ile \u00e7\u0131kt\u0131klar\u0131 u\u00e7akla d\u00fcnya turu s\u0131ras\u0131nda, Pasifik Okyanusu\u2019nun ortalar\u0131nda kaybolmu\u015f. B\u00fcy\u00fck \u00e7apl\u0131 bir kurtarma operasyonu yap\u0131lmas\u0131na ra\u011fmen bir daha izine rastlanmam\u0131\u015f. Earhart\u2019\u0131n do\u011fdu\u011fu ev, eserlerinin sergilendi\u011fi bir hat\u0131ra m\u00fczesi haline getirilmi\u015f.<\/p>\n\n\n\n<hr class=\"wp-block-separator has-text-color has-alpha-channel-opacity has-background is-style-wide\" style=\"background-color:#ebebeb;color:#ebebeb\"\/>\n\n\n\n<h2 class=\"wp-block-heading\"><strong>Jane Austen&#8217;\u0131n Evi, Hampshire<\/strong><\/h2>\n\n\n\n<figure class=\"wp-block-image size-large td-caption-align-https:\/\/blog.turkishairlines.com\/wp-content\/uploads\/2020\/03\/Jane-iStock-179022744-1.jpg\"><img loading=\"lazy\" decoding=\"async\" width=\"1024\" height=\"678\" src=\"https:\/\/blog.turkishairlines.com\/wp-content\/uploads\/2020\/03\/Jane-iStock-179022744-1-1024x678.jpg\" alt=\"Kad\u0131nlar\u0131 Onurland\u0131ran M\u00fczeler\" class=\"wp-image-10593\" srcset=\"https:\/\/blog.turkishairlines.com\/wp-content\/uploads\/2020\/03\/Jane-iStock-179022744-1-1024x678.jpg 1024w, https:\/\/blog.turkishairlines.com\/wp-content\/uploads\/2020\/03\/Jane-iStock-179022744-1-300x199.jpg 300w, https:\/\/blog.turkishairlines.com\/wp-content\/uploads\/2020\/03\/Jane-iStock-179022744-1-768x509.jpg 768w, https:\/\/blog.turkishairlines.com\/wp-content\/uploads\/2020\/03\/Jane-iStock-179022744-1-696x461.jpg 696w, https:\/\/blog.turkishairlines.com\/wp-content\/uploads\/2020\/03\/Jane-iStock-179022744-1-1068x707.jpg 1068w, https:\/\/blog.turkishairlines.com\/wp-content\/uploads\/2020\/03\/Jane-iStock-179022744-1-634x420.jpg 634w, https:\/\/blog.turkishairlines.com\/wp-content\/uploads\/2020\/03\/Jane-iStock-179022744-1.jpg 1258w\" sizes=\"auto, (max-width: 1024px) 100vw, 1024px\" \/><\/figure>\n\n\n\n<p>Tarihteki en \u00fcnl\u00fc kad\u0131n yazarlardan biri olan&nbsp;Austen&nbsp;ya\u015fad\u0131\u011f\u0131 d\u00f6neme ili\u015fkin tasvirleri ve kahramanlar\u0131n\u0131n ki\u015filikleriyle romanlar\u0131n\u0131n klasikler aras\u0131nda yer almas\u0131n\u0131 sa\u011flam\u0131\u015f.&nbsp;Austen\u2019\u0131n hayat\u0131n\u0131n son 8 senesini ge\u00e7irdi\u011fi ev 1949\u2019da halka a\u00e7\u0131lm\u0131\u015f ve y\u0131ll\u0131k ortalama 40.000 ziyaret\u00e7iye ev sahipli\u011fi yap\u0131yor.&nbsp;Austen&nbsp;ailesinin e\u015fyalar\u0131 ve mobilyalar\u0131n\u0131n yan\u0131 s\u0131ra,&nbsp;Austen\u2019\u0131n \u00e7al\u0131\u015fmalar\u0131, kendi eliyle kopyas\u0131n\u0131 \u00e7\u0131kard\u0131\u011f\u0131 m\u00fczik kitaplar\u0131 ve m\u00fccevherleri yer al\u0131yor.<\/p>\n\n\n\n<hr class=\"wp-block-separator has-text-color has-alpha-channel-opacity has-background is-style-wide\" style=\"background-color:#ebebeb;color:#ebebeb\"\/>\n\n\n\n<h2 class=\"wp-block-heading\"><strong>Galler Prensesi Diana Hat\u0131ra \u00c7e\u015fmesi, Londra<\/strong><\/h2>\n\n\n\n<figure class=\"wp-block-image size-large\"><img loading=\"lazy\" decoding=\"async\" width=\"1000\" height=\"749\" src=\"https:\/\/blog.turkishairlines.com\/wp-content\/uploads\/2020\/03\/Diana-shutterstock_661651975-1.jpg\" alt=\"Kad\u0131nlar\u0131 Onurland\u0131ran M\u00fczeler\" class=\"wp-image-10595\" srcset=\"https:\/\/blog.turkishairlines.com\/wp-content\/uploads\/2020\/03\/Diana-shutterstock_661651975-1.jpg 1000w, https:\/\/blog.turkishairlines.com\/wp-content\/uploads\/2020\/03\/Diana-shutterstock_661651975-1-300x225.jpg 300w, https:\/\/blog.turkishairlines.com\/wp-content\/uploads\/2020\/03\/Diana-shutterstock_661651975-1-768x575.jpg 768w, https:\/\/blog.turkishairlines.com\/wp-content\/uploads\/2020\/03\/Diana-shutterstock_661651975-1-696x521.jpg 696w, https:\/\/blog.turkishairlines.com\/wp-content\/uploads\/2020\/03\/Diana-shutterstock_661651975-1-561x420.jpg 561w, https:\/\/blog.turkishairlines.com\/wp-content\/uploads\/2020\/03\/Diana-shutterstock_661651975-1-80x60.jpg 80w, https:\/\/blog.turkishairlines.com\/wp-content\/uploads\/2020\/03\/Diana-shutterstock_661651975-1-265x198.jpg 265w\" sizes=\"auto, (max-width: 1000px) 100vw, 1000px\" \/><\/figure>\n\n\n\n<p>Prenses Diana&nbsp;hayat\u0131 boyunca ba\u015fta \u00e7ocuklar i\u00e7in olmak \u00fczere, d\u00fczinelerce hay\u0131r kurulu\u015funda \u00e7al\u0131\u015fm\u0131\u015f. AIDS, kanser ve ak\u0131l hastal\u0131klar\u0131 konular\u0131nda halk\u0131 bilin\u00e7lendirme \u00e7al\u0131\u015fmalar\u0131na kendini adam\u0131\u015f. Diana\u2019n\u0131n 1997\u2019de bir trafik kazas\u0131nda hayat\u0131n\u0131 kaybetmesinin ard\u0131ndan ad\u0131na ithafen bir Hat\u0131ra \u00c7e\u015fmesi in\u015fa edilmi\u015f. Bu \u00e7e\u015fme Diana\u2019n\u0131n hayat\u0131n\u0131, ki\u015fili\u011fini ve \u00e7ocuklara olan a\u015fk\u0131n\u0131 ifade edebilmek ad\u0131na \u00f6zenle tasarlanm\u0131\u015f.<\/p>\n\n\n\n<hr class=\"wp-block-separator has-text-color has-alpha-channel-opacity has-background is-style-wide\" style=\"background-color:#ebebeb;color:#ebebeb\"\/>\n\n\n\n<h2 class=\"wp-block-heading\"><strong>Elizabeth Blackwell&#8217;s An\u0131t\u0131, New York<\/strong><\/h2>\n\n\n\n<figure class=\"wp-block-image size-large td-caption-align-https:\/\/blog.turkishairlines.com\/wp-content\/uploads\/2020\/03\/Elizabeth-v1-iStock-486718824-1.jpg\"><img loading=\"lazy\" decoding=\"async\" width=\"1024\" height=\"680\" src=\"https:\/\/blog.turkishairlines.com\/wp-content\/uploads\/2020\/03\/Elizabeth-v1-iStock-486718824-1-1024x680.jpg\" alt=\"Kad\u0131nlar\u0131 Onurland\u0131ran M\u00fczeler\" class=\"wp-image-10597\" srcset=\"https:\/\/blog.turkishairlines.com\/wp-content\/uploads\/2020\/03\/Elizabeth-v1-iStock-486718824-1-1024x680.jpg 1024w, https:\/\/blog.turkishairlines.com\/wp-content\/uploads\/2020\/03\/Elizabeth-v1-iStock-486718824-1-300x199.jpg 300w, https:\/\/blog.turkishairlines.com\/wp-content\/uploads\/2020\/03\/Elizabeth-v1-iStock-486718824-1-768x510.jpg 768w, https:\/\/blog.turkishairlines.com\/wp-content\/uploads\/2020\/03\/Elizabeth-v1-iStock-486718824-1-696x462.jpg 696w, https:\/\/blog.turkishairlines.com\/wp-content\/uploads\/2020\/03\/Elizabeth-v1-iStock-486718824-1-1068x709.jpg 1068w, https:\/\/blog.turkishairlines.com\/wp-content\/uploads\/2020\/03\/Elizabeth-v1-iStock-486718824-1-632x420.jpg 632w, https:\/\/blog.turkishairlines.com\/wp-content\/uploads\/2020\/03\/Elizabeth-v1-iStock-486718824-1.jpg 1257w\" sizes=\"auto, (max-width: 1024px) 100vw, 1024px\" \/><\/figure>\n\n\n\n<p>Amerika&#8217;da t\u0131p fak\u00fcltesinden mezun olarak ilk kad\u0131n doktor olan&nbsp;Elizabeth Blackwell, ayr\u0131ca Genel T\u0131p Konseyi&#8217;nde de ilk kad\u0131n temsilci olmu\u015f. D\u00fcnyaca \u00fcnl\u00fc bir bilim insan\u0131 ve insan haklar\u0131 savunucusu olarak tarihte yerini alm\u0131\u015f. D\u00f6nemin erkek egemen toplumunda 16 t\u0131p okulu taraf\u0131ndan reddedilmek onu y\u0131ld\u0131rmam\u0131\u015f. Blackwell\u2019in an\u0131t\u0131, onu okula kabul eden&nbsp;Cenevre T\u0131p Okulu\u2019nun bah\u00e7esinde bulunuyor.<\/p>\n\n\n\n<hr class=\"wp-block-separator has-text-color has-alpha-channel-opacity has-background is-style-wide\" style=\"background-color:#ebebeb;color:#ebebeb\"\/>\n\n\n\n<h2 class=\"wp-block-heading\"><strong>Coco Chanel\u2019in Evi, Paris<\/strong><\/h2>\n\n\n\n<figure class=\"wp-block-image size-large td-caption-align-https:\/\/blog.turkishairlines.com\/wp-content\/uploads\/2020\/03\/CocoChannel-iStock-1176360891-1.jpg\"><img loading=\"lazy\" decoding=\"async\" width=\"1024\" height=\"683\" src=\"https:\/\/blog.turkishairlines.com\/wp-content\/uploads\/2020\/03\/CocoChannel-iStock-1176360891-1-1024x683.jpg\" alt=\"Kad\u0131nlar\u0131 Onurland\u0131ran M\u00fczeler\" class=\"wp-image-10599\" srcset=\"https:\/\/blog.turkishairlines.com\/wp-content\/uploads\/2020\/03\/CocoChannel-iStock-1176360891-1-1024x683.jpg 1024w, https:\/\/blog.turkishairlines.com\/wp-content\/uploads\/2020\/03\/CocoChannel-iStock-1176360891-1-300x200.jpg 300w, https:\/\/blog.turkishairlines.com\/wp-content\/uploads\/2020\/03\/CocoChannel-iStock-1176360891-1-768x512.jpg 768w, https:\/\/blog.turkishairlines.com\/wp-content\/uploads\/2020\/03\/CocoChannel-iStock-1176360891-1-696x464.jpg 696w, https:\/\/blog.turkishairlines.com\/wp-content\/uploads\/2020\/03\/CocoChannel-iStock-1176360891-1-1068x712.jpg 1068w, https:\/\/blog.turkishairlines.com\/wp-content\/uploads\/2020\/03\/CocoChannel-iStock-1176360891-1-630x420.jpg 630w, https:\/\/blog.turkishairlines.com\/wp-content\/uploads\/2020\/03\/CocoChannel-iStock-1176360891-1-600x400.jpg 600w, https:\/\/blog.turkishairlines.com\/wp-content\/uploads\/2020\/03\/CocoChannel-iStock-1176360891-1.jpg 1254w\" sizes=\"auto, (max-width: 1024px) 100vw, 1024px\" \/><\/figure>\n\n\n\n<p>Time dergisinin \u201cY\u00fczy\u0131l\u0131n En \u00d6nemli 100 Ki\u015fisi\u201d listesinde bir modac\u0131 olarak yer alan tek ki\u015fi olan&nbsp;Coco Chanel, 1. D\u00fcnya Sava\u015f\u0131 sonras\u0131nda, kad\u0131nlar\u0131 korseli giyimin k\u0131s\u0131tlamalar\u0131ndan kurtulmalar\u0131na \u00f6nc\u00fc olmu\u015f. Sportif ve \u015f\u0131k giyimin, kad\u0131n giyiminin standard\u0131 haline gelmesinde \u00f6nemli rol oynam\u0131\u015f. Chanel\u2019in g\u00f6steri\u015fli ki\u015fili\u011fini yans\u0131tan evde, Chanel\u2019in \u00e7al\u0131\u015fma alan\u0131, ki\u015fisel e\u015fyalar\u0131 ve kendisine gelen hediyeler yer al\u0131yor.<\/p>\n\n\n\n<hr class=\"wp-block-separator has-text-color has-alpha-channel-opacity has-background is-style-wide\" style=\"background-color:#ebebeb;color:#ebebeb\"\/>\n\n\n\n<h2 class=\"wp-block-heading\"><strong>Virginia Woolf\u2019un Kul\u00fcbesi, Essex<\/strong><\/h2>\n\n\n\n<figure class=\"wp-block-image size-large td-caption-align-https:\/\/blog.turkishairlines.com\/wp-content\/uploads\/2020\/03\/Essex-Londra-iStock-867175434-1.jpg\"><img loading=\"lazy\" decoding=\"async\" width=\"1024\" height=\"683\" src=\"https:\/\/blog.turkishairlines.com\/wp-content\/uploads\/2020\/03\/Essex-Londra-iStock-867175434-1-1024x683.jpg\" alt=\"Kad\u0131nlar\u0131 Onurland\u0131ran M\u00fczeler\" class=\"wp-image-10601\" srcset=\"https:\/\/blog.turkishairlines.com\/wp-content\/uploads\/2020\/03\/Essex-Londra-iStock-867175434-1-1024x683.jpg 1024w, https:\/\/blog.turkishairlines.com\/wp-content\/uploads\/2020\/03\/Essex-Londra-iStock-867175434-1-300x200.jpg 300w, https:\/\/blog.turkishairlines.com\/wp-content\/uploads\/2020\/03\/Essex-Londra-iStock-867175434-1-768x513.jpg 768w, https:\/\/blog.turkishairlines.com\/wp-content\/uploads\/2020\/03\/Essex-Londra-iStock-867175434-1-696x465.jpg 696w, https:\/\/blog.turkishairlines.com\/wp-content\/uploads\/2020\/03\/Essex-Londra-iStock-867175434-1-1068x713.jpg 1068w, https:\/\/blog.turkishairlines.com\/wp-content\/uploads\/2020\/03\/Essex-Londra-iStock-867175434-1-629x420.jpg 629w, https:\/\/blog.turkishairlines.com\/wp-content\/uploads\/2020\/03\/Essex-Londra-iStock-867175434-1-600x400.jpg 600w, https:\/\/blog.turkishairlines.com\/wp-content\/uploads\/2020\/03\/Essex-Londra-iStock-867175434-1.jpg 1254w\" sizes=\"auto, (max-width: 1024px) 100vw, 1024px\" \/><\/figure>\n\n\n\n<p>Kitaplar\u0131 elliden fazla dile \u00e7evrilen, modernist ak\u0131m\u0131n en \u00f6nemli isimlerinden olan&nbsp;Virginia Woolf, romanc\u0131l\u0131\u011f\u0131n geli\u015fmesinde \u00f6nemli katk\u0131larda bulunmu\u015f. E\u015fi Leonard Woolf ile birlikte bir\u00e7ok eserlerini yaz\u0131ya d\u00f6kt\u00fckleri bu ev, Woolf\u2019un \u00f6l\u00fcm\u00fcnden sonra m\u00fczele\u015ftirilmi\u015f. M\u00fczede Woolf \u00e7iftinin ya\u015fam alanlar\u0131n\u0131n yan\u0131 s\u0131ra bah\u00e7elerindeki at\u00f6lyelerini g\u00f6rebilirsiniz.<\/p>\n\n\n\n<hr class=\"wp-block-separator has-text-color has-alpha-channel-opacity has-background is-style-wide\" style=\"background-color:#ebebeb;color:#ebebeb\"\/>\n\n\n\n<h2 class=\"wp-block-heading\"><strong>Frida Kahlo M\u00fczesi, Meksika<\/strong><\/h2>\n\n\n\n<figure class=\"wp-block-image size-large td-caption-align-https:\/\/blog.turkishairlines.com\/wp-content\/uploads\/2020\/03\/FridaKahlo-iStock-1065868566-1.jpg\"><img loading=\"lazy\" decoding=\"async\" width=\"1024\" height=\"683\" src=\"https:\/\/blog.turkishairlines.com\/wp-content\/uploads\/2020\/03\/FridaKahlo-iStock-1065868566-1-1024x683.jpg\" alt=\"Kad\u0131nlar\u0131 Onurland\u0131ran M\u00fczeler\" class=\"wp-image-10603\" srcset=\"https:\/\/blog.turkishairlines.com\/wp-content\/uploads\/2020\/03\/FridaKahlo-iStock-1065868566-1-1024x683.jpg 1024w, https:\/\/blog.turkishairlines.com\/wp-content\/uploads\/2020\/03\/FridaKahlo-iStock-1065868566-1-300x200.jpg 300w, https:\/\/blog.turkishairlines.com\/wp-content\/uploads\/2020\/03\/FridaKahlo-iStock-1065868566-1-768x512.jpg 768w, https:\/\/blog.turkishairlines.com\/wp-content\/uploads\/2020\/03\/FridaKahlo-iStock-1065868566-1-696x464.jpg 696w, https:\/\/blog.turkishairlines.com\/wp-content\/uploads\/2020\/03\/FridaKahlo-iStock-1065868566-1-1068x712.jpg 1068w, https:\/\/blog.turkishairlines.com\/wp-content\/uploads\/2020\/03\/FridaKahlo-iStock-1065868566-1-630x420.jpg 630w, https:\/\/blog.turkishairlines.com\/wp-content\/uploads\/2020\/03\/FridaKahlo-iStock-1065868566-1-600x400.jpg 600w, https:\/\/blog.turkishairlines.com\/wp-content\/uploads\/2020\/03\/FridaKahlo-iStock-1065868566-1.jpg 1254w\" sizes=\"auto, (max-width: 1024px) 100vw, 1024px\" \/><\/figure>\n\n\n\n<p>D\u00fcnyaca \u00fcnl\u00fc otoportre \u00e7al\u0131\u015fmas\u0131n\u0131n sahibi olan Meksikal\u0131 ressam&nbsp;Frida Kahlo, ac\u0131y\u0131 ve tutkuyu, cesareti ve enerjiyi renklerine yans\u0131tt\u0131\u011f\u0131 eserleriyle dikkat \u00e7ekiyor. M\u00fczeye d\u00f6n\u00fc\u015ft\u00fcr\u00fclen evi d\u0131\u015f cephesindeki mavilikten \u00f6t\u00fcr\u00fc Mavi Ev olarak da biliniyor.&nbsp;Frida Kahlo&nbsp;M\u00fczesi, e\u015fi Diego Rivera ba\u015fta olmak \u00fczere di\u011fer Meksikal\u0131 sanat\u00e7\u0131lar\u0131n i\u015flerine de ev sahipli\u011fi yap\u0131yor. Burada Kahlo\u2019nun sanat koleksiyonunu, foto\u011fraflar\u0131n\u0131, mektuplar\u0131n\u0131 ve kartpostallar\u0131n\u0131 g\u00f6rebilirsiniz.<\/p>\n","protected":false},"excerpt":{"rendered":"<p>Marie Curie M\u00fczesi, Var\u015fova Uranyumla yapt\u0131\u011f\u0131 deneyler sonucu radyoaktiviteyi ke\u015ffeden&nbsp;Marie Curie, yapt\u0131\u011f\u0131 \u00e7al\u0131\u015fmalarla fizik ve kimya alanlar\u0131nda&nbsp;Nobel \u00d6d\u00fcl\u00fc&nbsp;kazanan ilk kad\u0131n olmu\u015f.&nbsp;Nobel \u00d6d\u00fcl\u00fc&nbsp;alan ilk kad\u0131n olmas\u0131n\u0131n an\u0131s\u0131na a\u00e7\u0131lan m\u00fczede, Marie ve e\u015fi Pierre Curie\u2019nin \u00e7al\u0131\u015fmalar\u0131n\u0131, dok\u00fcmanlar\u0131n\u0131, mektuplar\u0131n\u0131, bulu\u015flar\u0131n\u0131 g\u00f6rebilir, fizik ve kimya konulu filmleri izleyebilirsiniz. Anne Frank\u2019in Evi, Amsterdam Hollanda\u2019n\u0131n Naziler taraf\u0131ndan i\u015fgali s\u0131ras\u0131nda ailesiyle birlikte [&hellip;]<\/p>\n","protected":false},"author":53,"featured_media":16210,"comment_status":"closed","ping_status":"closed","sticky":false,"template":"","format":"standard","meta":{"footnotes":""},"categories":[575,574,902],"tags":[],"class_list":{"0":"post-10608","1":"post","2":"type-post","3":"status-publish","4":"format-standard","5":"has-post-thumbnail","7":"category-sanat-odakli-tatil","8":"category-seyahat-ve-tatil-fikirleri","9":"category-vitrin"},"_links":{"self":[{"href":"https:\/\/blog.turkishairlines.com\/tr\/wp-json\/wp\/v2\/posts\/10608","targetHints":{"allow":["GET"]}}],"collection":[{"href":"https:\/\/blog.turkishairlines.com\/tr\/wp-json\/wp\/v2\/posts"}],"about":[{"href":"https:\/\/blog.turkishairlines.com\/tr\/wp-json\/wp\/v2\/types\/post"}],"author":[{"embeddable":true,"href":"https:\/\/blog.turkishairlines.com\/tr\/wp-json\/wp\/v2\/users\/53"}],"replies":[{"embeddable":true,"href":"https:\/\/blog.turkishairlines.com\/tr\/wp-json\/wp\/v2\/comments?post=10608"}],"version-history":[{"count":0,"href":"https:\/\/blog.turkishairlines.com\/tr\/wp-json\/wp\/v2\/posts\/10608\/revisions"}],"wp:featuredmedia":[{"embeddable":true,"href":"https:\/\/blog.turkishairlines.com\/tr\/wp-json\/wp\/v2\/media\/16210"}],"wp:attachment":[{"href":"https:\/\/blog.turkishairlines.com\/tr\/wp-json\/wp\/v2\/media?parent=10608"}],"wp:term":[{"taxonomy":"category","embeddable":true,"href":"https:\/\/blog.turkishairlines.com\/tr\/wp-json\/wp\/v2\/categories?post=10608"},{"taxonomy":"post_tag","embeddable":true,"href":"https:\/\/blog.turkishairlines.com\/tr\/wp-json\/wp\/v2\/tags?post=10608"}],"curies":[{"name":"wp","href":"https:\/\/api.w.org\/{rel}","templated":true}]}}