{"id":12612,"date":"2020-03-31T14:07:16","date_gmt":"2020-03-31T11:07:16","guid":{"rendered":"https:\/\/blog.turkishairlines.com\/tuna-nehrinin-ikiye-ayirdigi-muhtesem-sehir\/"},"modified":"2022-08-06T14:33:11","modified_gmt":"2022-08-06T11:33:11","slug":"tuna-nehrinin-ikiye-ayirdigi-muhtesem-sehir","status":"publish","type":"post","link":"https:\/\/blog.turkishairlines.com\/tr\/tuna-nehrinin-ikiye-ayirdigi-muhtesem-sehir\/","title":{"rendered":"Tuna Nehri&#8217;nin ikiye ay\u0131rd\u0131\u011f\u0131 muhte\u015fem \u015fehir"},"content":{"rendered":"\n<hr class=\"wp-block-separator has-text-color has-alpha-channel-opacity has-background is-style-wide\" style=\"background-color:#ebebeb;color:#ebebeb\"\/>\n\n\n\n<p>Hafta sonunu bir Avrupa kentinde ge\u00e7irmek isteyen T\u00fcrk gezginler i\u00e7in Budape\u015fte \u00e7ok ideal bir kent. T\u00fcrk Hava Yollar\u0131\u2019n\u0131n cumartesi g\u00fcnleri \u0130stanbul\u2019dan ilk u\u00e7u\u015fu sabah 07.30\u2019da kalk\u0131p Budape\u015fte\u2019ye 08.35\u2019te vard\u0131\u011f\u0131ndan t\u00fcm g\u00fcn sizin oluyor. Pazar g\u00fcnk\u00fc d\u00f6n\u00fc\u015f u\u00e7u\u015fumuz da saat 20.05\u2019te oldu\u011fundan neredeyse 2 tam g\u00fcn boyunca \u015fehri gezme \u015fans\u0131 yakalad\u0131k.<\/p>\n\n\n\n<p>\u00c7ocuklarla yola \u00e7\u0131kt\u0131\u011f\u0131m\u0131z i\u00e7in ilk defa bir Avrupa gezimizde transfer hizmeti ve rehber ayarlam\u0131\u015ft\u0131k. Bir saat de olsa \u00e7ocuklar\u0131n uykular\u0131n\u0131 ald\u0131\u011f\u0131 keyifli bir yolculu\u011fun ard\u0131ndan Budape\u015fte\u2019ye indik. Havaliman\u0131nda bizi kimse kar\u015f\u0131lamay\u0131nca unutulmu\u015f oldu\u011fumuzu d\u00fc\u015f\u00fcnerek biraz \u00fcz\u00fclsek de turumuzun otelden ba\u015flayaca\u011f\u0131 bilgisini al\u0131nca rahatlad\u0131k ve taksiye binerek otelimize ula\u015ft\u0131k.<\/p>\n\n\n\n<p>Otelimiz Tuna Nehri\u2019nin yan\u0131 ba\u015f\u0131ndaki Millenium Court Apart Hotel idi. \u00c7ocuklar\u0131 ile seyahat edenler i\u00e7in \u015fiddetle tavsiye edebilece\u011fim bir otel, zira bizler gibi ailelere 2 yatak odal\u0131 daireler tahsis ediyorlar. Ayr\u0131ca merkezi konumu da b\u00fcy\u00fck avantaj sa\u011fl\u0131yor.<\/p>\n\n\n\n<p>Odam\u0131za yerle\u015fir yerle\u015fmez, bizi Aral\u0131k ay\u0131 so\u011fu\u011fundan korumas\u0131n\u0131 umdu\u011fumuz atk\u0131\/bere\/eldiven takviyelerimizi de almay\u0131 unutmadan, bizi bekleyen rehberimiz ile bulu\u015fmak \u00fczere lobiye indik. Tan\u0131\u015fma fasl\u0131n\u0131n ard\u0131ndan rehberimiz Murat ile turumuza ba\u015flad\u0131k.<\/p>\n\n\n\n<figure class=\"wp-block-image\"><img loading=\"lazy\" decoding=\"async\" width=\"1024\" height=\"683\" src=\"https:\/\/blog.turkishairlines.com\/wp-content\/uploads\/2020\/03\/iStock-1198592122-1024x683.jpg\" alt=\"\" class=\"wp-image-12596\" srcset=\"https:\/\/blog.turkishairlines.com\/wp-content\/uploads\/2020\/03\/iStock-1198592122-1024x683.jpg 1024w, https:\/\/blog.turkishairlines.com\/wp-content\/uploads\/2020\/03\/iStock-1198592122-300x200.jpg 300w, https:\/\/blog.turkishairlines.com\/wp-content\/uploads\/2020\/03\/iStock-1198592122-150x100.jpg 150w, https:\/\/blog.turkishairlines.com\/wp-content\/uploads\/2020\/03\/iStock-1198592122-768x512.jpg 768w, https:\/\/blog.turkishairlines.com\/wp-content\/uploads\/2020\/03\/iStock-1198592122-696x464.jpg 696w, https:\/\/blog.turkishairlines.com\/wp-content\/uploads\/2020\/03\/iStock-1198592122-1068x712.jpg 1068w, https:\/\/blog.turkishairlines.com\/wp-content\/uploads\/2020\/03\/iStock-1198592122-630x420.jpg 630w, https:\/\/blog.turkishairlines.com\/wp-content\/uploads\/2020\/03\/iStock-1198592122.jpg 1254w\" sizes=\"auto, (max-width: 1024px) 100vw, 1024px\" \/><\/figure>\n\n\n\n<p>\u0130lk gezinti noktam\u0131z Budape\u015fte\u2019nin \u00fcnl\u00fc caddesi Vaci Utca oldu. Bu cadde tamamen yayalar i\u00e7in tasarlanm\u0131\u015f; yolun sa\u011fl\u0131 sollu her yerinde hediyelik e\u015fya d\u00fckkanlar\u0131 bulmak m\u00fcmk\u00fcn. Yolda y\u00fcr\u00fcrken ilk bilgilerimizi almaya ba\u015flam\u0131\u015ft\u0131k bile.<\/p>\n\n\n\n<p>Tuna Nehri\u2019nin ikiye ay\u0131rd\u0131\u011f\u0131 Budape\u015fte\u2019nin Buda yakas\u0131nda (nispeten daha tepelik bir alan) \u015fehrin kalesi var, bu tarafta gezmek adeta insana eski \u00e7a\u011flar\u0131 hissettiriyor. Pe\u015fte taraf\u0131 ise daha d\u00fczl\u00fck bir alan, oras\u0131 da daha \u00e7ok \u015fehrin modern y\u00fcz\u00fcn\u00fc g\u00f6rmek i\u00e7in geziliyormu\u015f.<\/p>\n\n\n\n<p>Vaci Utca \u00fczerinde y\u00fcr\u00fcrken kar\u015f\u0131m\u0131za kocaman, tren istasyonu g\u00f6r\u00fcn\u00fcml\u00fc eski bir yap\u0131 \u00e7\u0131kt\u0131; me\u011fer buras\u0131 3 kattan olu\u015fan i\u00e7erisinde yemekten markete, giyecekten hediyelik e\u015fyaya her t\u00fcrl\u00fc \u015feyi bulabilece\u011finiz bir nevi kapal\u0131 pazar yeriymi\u015f.<\/p>\n\n\n\n<p>Buray\u0131, i\u00e7eride daha fazla vakit ge\u00e7irmek ve al\u0131\u015fveri\u015f yapmak ad\u0131na ertesi g\u00fcnk\u00fc plan\u0131m\u0131za al\u0131p a\u00e7l\u0131\u011f\u0131m\u0131z\u0131 gidermek ve biraz da olsa \u0131s\u0131nmak \u00fczere \u201cbardakta \u00e7orba\u201ds\u0131 ile \u00fcnl\u00fc k\u00fc\u00e7\u00fcc\u00fck bir d\u00fckkana girdik. Ellerimizdeki s\u0131cak \u00e7orbalar\u0131 i\u00e7erek bizi Kahramanlar Meydan\u0131, Gellert Tepesi, Bal\u0131k\u00e7\u0131lar Bar\u0131na\u011f\u0131 ve Zincirli K\u00f6pr\u00fc\u2019ye g\u00f6t\u00fcrecek minib\u00fcs\u00fcm\u00fcze do\u011fru y\u00fcr\u00fcmeye devam ettik.<\/p>\n\n\n\n<p>\u0130lk dura\u011f\u0131m\u0131z olan Kahramanlar Meydan\u0131\u2019na ula\u015f\u0131nca, \u00f6ncelikle Asyal\u0131 heykeller dikkatimizi \u00e7ekti. Meydandaki 7 Asyal\u0131 heykel, Macarlar\u0131n 7 Uygur kavminin bir araya gelmesi ile olu\u015ftu\u011funu simgeliyormu\u015f. Meydanda ayr\u0131ca Macar tarihi i\u00e7in \u00f6nemli olarak kabul edilen kral ve komutanlar\u0131n heykelleri de bulunuyordu. Rehberimizden \u00f6\u011frendi\u011fimize g\u00f6re o \u00fcnl\u00fc komutanlardan bir tanesi de Hunyadi Jano\u015f imi\u015f. Hunyadi Jano\u015f, Osmanl\u0131 ku\u015fatmas\u0131na kar\u015f\u0131 \u00e7ok iyi bir savunma direni\u015fi g\u00f6stermesi ile tan\u0131nan \u00fcnl\u00fc Macar Kral\u0131\u2019ym\u0131\u015f. En son savunma zaferi kazan\u0131ld\u0131\u011f\u0131nda saat gece yar\u0131s\u0131n\u0131 (00.00) g\u00f6steriyormu\u015f. Bu zafer nedeni ile \u00fclkedeki t\u00fcm kilise \u00e7anlar\u0131n\u0131n \u00e7al\u0131nmas\u0131 emredilmi\u015f. O zamandan g\u00fcn\u00fcm\u00fcze her g\u00fcn gece yar\u0131s\u0131 oldu\u011funda \u00e7anlar \u00e7al\u0131nmaya devam etmi\u015f. Bu nedenle e\u011fer Budape\u015fte\u2019ye gelir ve bir gece yar\u0131s\u0131 ans\u0131z\u0131n \u00e7anlar\u0131n \u00e7ald\u0131\u011f\u0131n\u0131 duyarsan\u0131z sak\u0131n meraklanmay\u0131n; \u00e7anlar bizim i\u00e7in \u00e7al\u0131yor. \ud83d\ude42<\/p>\n\n\n\n<figure class=\"wp-block-image\"><img loading=\"lazy\" decoding=\"async\" width=\"1024\" height=\"683\" src=\"https:\/\/blog.turkishairlines.com\/wp-content\/uploads\/2020\/03\/iStock-1129310481-1024x683.jpg\" alt=\"\" class=\"wp-image-12598\" srcset=\"https:\/\/blog.turkishairlines.com\/wp-content\/uploads\/2020\/03\/iStock-1129310481-1024x683.jpg 1024w, https:\/\/blog.turkishairlines.com\/wp-content\/uploads\/2020\/03\/iStock-1129310481-300x200.jpg 300w, https:\/\/blog.turkishairlines.com\/wp-content\/uploads\/2020\/03\/iStock-1129310481-150x100.jpg 150w, https:\/\/blog.turkishairlines.com\/wp-content\/uploads\/2020\/03\/iStock-1129310481-768x512.jpg 768w, https:\/\/blog.turkishairlines.com\/wp-content\/uploads\/2020\/03\/iStock-1129310481-696x464.jpg 696w, https:\/\/blog.turkishairlines.com\/wp-content\/uploads\/2020\/03\/iStock-1129310481-1068x712.jpg 1068w, https:\/\/blog.turkishairlines.com\/wp-content\/uploads\/2020\/03\/iStock-1129310481-630x420.jpg 630w, https:\/\/blog.turkishairlines.com\/wp-content\/uploads\/2020\/03\/iStock-1129310481.jpg 1254w\" sizes=\"auto, (max-width: 1024px) 100vw, 1024px\" \/><\/figure>\n\n\n\n<p>Bu meydana neden \u201cKahramanlar Meydan\u0131\u201d denildi\u011fini merak edince, rehberimiz 1956 y\u0131l\u0131nda Ruslara kar\u015f\u0131 ayakland\u0131\u011f\u0131 i\u00e7in 2 g\u00fcn i\u00e7inde \u00f6ld\u00fcr\u00fclen 17 bin Macar genciyle ilgili h\u00fcz\u00fcnl\u00fc bir hikaye anlatt\u0131. Rus i\u015fgaline kar\u015f\u0131 halk\u0131n direncini k\u0131rmay\u0131 ama\u00e7layan Rus ordusu, t\u00fcm evlerden toplad\u0131\u011f\u0131 17 bin Macar gencini iki g\u00fcn i\u00e7inde \u00f6ld\u00fcrerek amac\u0131na ula\u015fm\u0131\u015f ve bu olay sadece Avrupa\u2019n\u0131n de\u011fil, d\u00fcnyan\u0131n en kanl\u0131 katliamlar\u0131ndan biri olarak tarihin sayfalar\u0131nda yerini alm\u0131\u015f.<\/p>\n\n\n\n<p>Meydanda ayr\u0131ca 7 Uygur kavmini simgeleyen an\u0131t\u0131n en \u00fcst\u00fcndeki \u201c\u00e7ift ha\u00e7\u201d dikkatimizi \u00e7ekti. \u00d6\u011frendik ki; MS 1000 y\u0131l\u0131nda Macarlar H\u0131ristiyanl\u0131\u011f\u0131 kabul ettiklerinde Macar Kral\u0131 o zamanki papaya Macaristan\u2019\u0131n dini liderini de kendisinin se\u00e7mek istedi\u011fini s\u00f6ylemi\u015f ve papa buna onay vermi\u015f. \u0130\u015fte o \u00e7ift ha\u00e7 hem krall\u0131\u011f\u0131 hem de dini liderli\u011fi temsil ediyormu\u015f.<\/p>\n\n\n\n<p>T\u00fcm bu bilgiler \u0131\u015f\u0131\u011f\u0131nda g\u00fcne\u015fli g\u00f6r\u00fclen ama asl\u0131nda buuzzzz gibi olan havaya kesinlikle aldanmamak gerekti\u011fini bu meydanda foto\u011fraf \u00e7ekmek i\u00e7in ellerimizdeki eldivenleri \u00e7\u0131kard\u0131\u011f\u0131m\u0131z anda \u00f6\u011frendik. \ud83d\ude42 So\u011fuk y\u00fcz\u00fcnden birka\u00e7 foto\u011fraf karesi \u00e7ektikten sonra bizi bekleyen s\u0131cak minib\u00fcs\u00fcm\u00fcze do\u011fru ko\u015farak meydandan uzakla\u015ft\u0131k.<\/p>\n\n\n\n<p>Meydan\u0131n arkas\u0131nda kocaman bir park ve hayvanat bah\u00e7esi de mevcut. \u00c7ocuklar\u0131 ile Budape\u015fte\u2019ye seyahat edenler hayvanat bah\u00e7esini de ziyaret edebilir. Biz bu \u015fansa sahip olamad\u0131k, \u00e7\u00fcnk\u00fc so\u011fuk hava nedeniyle hayvanlar\u0131n \u00e7o\u011funlukla bar\u0131naklar\u0131nda tutulduklar\u0131 bilgisini ald\u0131k. Ayn\u0131 \u00e7evrede minib\u00fcsle yol al\u0131rken \u201cAvrupa\u2019n\u0131n en b\u00fcy\u00fck a\u00e7\u0131k buz pisti\u201dni de g\u00f6rme \u015fans\u0131n\u0131 yakalad\u0131k. O an itibari ile hen\u00fcz dondurma \u00e7al\u0131\u015fmalar\u0131 devam ediyor oldu\u011fundan kullan\u0131ma a\u00e7\u0131k de\u011fildi. Bu y\u00fczden sadece uzaktan g\u00f6r\u00fcp yolumuza devam ettik. Yaz aylar\u0131nda bu buz pisti ufak tekneler ile gezmek i\u00e7in kullan\u0131l\u0131yormu\u015f.<\/p>\n\n\n\n<p>Minib\u00fcsle yol almaya devam ederken Budape\u015fte\u2019deki binalar ile ilgili bize enteresan gelen \u015fu bilgiyi \u00f6\u011frendik: Eski zamanlarda yap\u0131lan binalar\u0131n ilk katlar\u0131 balkonluymu\u015f ve ilk katlar tek bir aileye aitmi\u015f; ikinci kat aileye gelen misafirlere, \u00fc\u00e7\u00fcnc\u00fc kat kiraya, en son kat ise aile i\u00e7in \u00e7al\u0131\u015fanlara verilirmi\u015f. D\u00fc\u015f\u00fcnsenize; bize g\u00f6re asl\u0131nda en manzaral\u0131 ve de\u011ferli olan en \u00fcst kat \u00e7al\u0131\u015fanlar\u0131nm\u0131\u015f. Tabi o zamanlarda asans\u00f6r olmad\u0131\u011f\u0131 d\u00fc\u015f\u00fcn\u00fcld\u00fc\u011f\u00fcnde \u00e7al\u0131\u015fanlar\u0131n s\u00fcrekli olarak bir a\u015fa\u011f\u0131 bir yukar\u0131 \u00e7\u0131k\u0131p inmesi ger\u00e7ekten eziyetmi\u015f. \ud83d\ude42<\/p>\n\n\n\n<figure class=\"wp-block-image\"><img loading=\"lazy\" decoding=\"async\" width=\"1024\" height=\"683\" src=\"https:\/\/blog.turkishairlines.com\/wp-content\/uploads\/2020\/03\/iStock-465274509-1024x683.jpg\" alt=\"\" class=\"wp-image-12600\" srcset=\"https:\/\/blog.turkishairlines.com\/wp-content\/uploads\/2020\/03\/iStock-465274509-1024x683.jpg 1024w, https:\/\/blog.turkishairlines.com\/wp-content\/uploads\/2020\/03\/iStock-465274509-300x200.jpg 300w, https:\/\/blog.turkishairlines.com\/wp-content\/uploads\/2020\/03\/iStock-465274509-150x100.jpg 150w, https:\/\/blog.turkishairlines.com\/wp-content\/uploads\/2020\/03\/iStock-465274509-768x513.jpg 768w, https:\/\/blog.turkishairlines.com\/wp-content\/uploads\/2020\/03\/iStock-465274509-696x465.jpg 696w, https:\/\/blog.turkishairlines.com\/wp-content\/uploads\/2020\/03\/iStock-465274509-1068x713.jpg 1068w, https:\/\/blog.turkishairlines.com\/wp-content\/uploads\/2020\/03\/iStock-465274509-629x420.jpg 629w, https:\/\/blog.turkishairlines.com\/wp-content\/uploads\/2020\/03\/iStock-465274509.jpg 1254w\" sizes=\"auto, (max-width: 1024px) 100vw, 1024px\" \/><\/figure>\n\n\n\n<p>Oktagon Meydan\u0131 ad\u0131 verilen bir meydandan ge\u00e7erek yolumuza devam ediyorduk ki bu meydan\u0131n en b\u00fcy\u00fck \u00f6zelli\u011finin meydan\u0131 \u00e7evreleyen binalar\u0131n bir sekizgeni olu\u015fturacak \u015fekilde dizili\u015fi oldu\u011funu \u00f6\u011frendik.<\/p>\n\n\n\n<p>Yolumuzun \u00fczerindeki Zincirli K\u00f6pr\u00fc\u2019y\u00fc ve k\u00f6pr\u00fc mimar\u0131n\u0131n h\u00fcz\u00fcnl\u00fc hikayesini dinledik. 380m uzunlu\u011fundaki k\u00f6pr\u00fcn\u00fcn \u0130ngiliz mimar\u0131 William Tierney Clark, k\u00f6pr\u00fcn\u00fcn yap\u0131m\u0131nda herhangi bir hatas\u0131 olursa intihar edece\u011fini s\u00f6ylemi\u015f. K\u00f6pr\u00fc ana hatlar\u0131yla hatas\u0131z bir \u015fekilde tamamlanm\u0131\u015f. Ancak, a\u00e7\u0131l\u0131\u015f g\u00fcn\u00fc ufak bir \u00e7ocu\u011fun giri\u015f noktalar\u0131nda bulunan aslan heykellerinin dili olmad\u0131\u011f\u0131n\u0131 s\u00f6ylemesi \u00fczerine hatas\u0131n\u0131 fark eden heykelt\u0131ra\u015f, Mimar Clark\u2019\u0131n verdi\u011fi s\u00f6z\u00fcn a\u011f\u0131rl\u0131\u011f\u0131na dayanamayarak intihar etmi\u015f.<\/p>\n\n\n\n<p>H\u00fcz\u00fcnl\u00fc hikayelere Bal\u0131k\u00e7\u0131 Tabyas\u0131\u2019n\u0131n bulundu\u011fu tepede o anl\u0131k son verdik. Buras\u0131, Budape\u015fte\u2019nin en b\u00fcy\u00fck yap\u0131s\u0131 olan Parlamento Binas\u0131\u2019n\u0131n t\u00fcm ihti\u015fam\u0131 ile g\u00f6r\u00fclebildi\u011fi bir nokta. Rehberimizden edindi\u011fimiz bilgilere g\u00f6re Budape\u015fte Parlamento Binas\u0131; Almanya ve \u0130ngiltere Parlamento binalar\u0131ndan sonra Avrupa\u2019n\u0131n en b\u00fcy\u00fck \u00fc\u00e7\u00fcnc\u00fc parlamento binas\u0131ym\u0131\u015f. Doksan alt\u0131 metre y\u00fcksekli\u011fe sahip bina o kadar b\u00fcy\u00fck ki i\u00e7ine 5 katl\u0131 50 apartman s\u0131\u011fabilece\u011fi s\u00f6yleniyor. Binan\u0131n ihti\u015fam\u0131na h\u00fcrmeten Budape\u015fte\u2019de 96 metreden daha y\u00fcksek herhangi bir yap\u0131 bulunmuyor ve yap\u0131lm\u0131yormu\u015f.<\/p>\n\n\n\n<p>Kale Tepesi olarak adland\u0131r\u0131lan bu tepede Macarlar\u0131n en tan\u0131nan krallar\u0131ndan Matthias\u2019\u0131n isminin verildi\u011fi Matthias Kilisesi de bulunuyor. Kilise Osmanl\u0131 d\u00f6neminde cami olarak kullan\u0131lm\u0131\u015f.<\/p>\n\n\n\n<p>Gezimize Gellert Tepesi ile devam ettik. Buras\u0131 ye\u015fillikler i\u00e7inde Tuna Nehri\u2019ne bakan muhte\u015fem bir tepe. Veee burada da bir h\u00fcz\u00fcnl\u00fc hikaye kar\u015f\u0131m\u0131za \u00e7\u0131kt\u0131; rivayete g\u00f6re bu tepe ad\u0131n\u0131, H\u0131ristiyanl\u0131\u011f\u0131 kabul etmek istemeyen paganlar\u0131n, Piskopos Gell\u00e9rt\u2019i bir varil i\u00e7erisinde tepeden yuvarlay\u0131p \u00f6ld\u00fcrmesi ile alm\u0131\u015f. Tepenin eteklerinde Gell\u00e9rt\u2019in bir an\u0131t\u0131 bulunuyor. Burada rehberimizin tavsiyesine uyarak hemen \u015fu pozu verip sosyal medyada payla\u015ft\u0131k (Demir ailesi Tuna seyrinde:)).<\/p>\n\n\n\n<figure class=\"wp-block-image\"><img loading=\"lazy\" decoding=\"async\" width=\"1024\" height=\"768\" src=\"https:\/\/blog.turkishairlines.com\/wp-content\/uploads\/2020\/03\/iStock-1138729152-1024x768.jpg\" alt=\"\" class=\"wp-image-12602\" srcset=\"https:\/\/blog.turkishairlines.com\/wp-content\/uploads\/2020\/03\/iStock-1138729152-1024x768.jpg 1024w, https:\/\/blog.turkishairlines.com\/wp-content\/uploads\/2020\/03\/iStock-1138729152-300x225.jpg 300w, https:\/\/blog.turkishairlines.com\/wp-content\/uploads\/2020\/03\/iStock-1138729152-150x112.jpg 150w, https:\/\/blog.turkishairlines.com\/wp-content\/uploads\/2020\/03\/iStock-1138729152-768x576.jpg 768w, https:\/\/blog.turkishairlines.com\/wp-content\/uploads\/2020\/03\/iStock-1138729152-696x522.jpg 696w, https:\/\/blog.turkishairlines.com\/wp-content\/uploads\/2020\/03\/iStock-1138729152-1068x801.jpg 1068w, https:\/\/blog.turkishairlines.com\/wp-content\/uploads\/2020\/03\/iStock-1138729152-560x420.jpg 560w, https:\/\/blog.turkishairlines.com\/wp-content\/uploads\/2020\/03\/iStock-1138729152-80x60.jpg 80w, https:\/\/blog.turkishairlines.com\/wp-content\/uploads\/2020\/03\/iStock-1138729152-265x198.jpg 265w, https:\/\/blog.turkishairlines.com\/wp-content\/uploads\/2020\/03\/iStock-1138729152-853x640.jpg 853w, https:\/\/blog.turkishairlines.com\/wp-content\/uploads\/2020\/03\/iStock-1138729152.jpg 1183w\" sizes=\"auto, (max-width: 1024px) 100vw, 1024px\" \/><\/figure>\n\n\n\n<p>Havan\u0131n kararmas\u0131 ve so\u011fumas\u0131 \u00fczerine ilk g\u00fcn turumuza otele var\u0131\u015f\u0131m\u0131z ile nokta koyduk. Otelde g\u00fczel bir dinlenmenin ard\u0131ndan ak\u015fam yeme\u011fi yemek ve \u00fcnl\u00fc Noel pazar\u0131n\u0131 gezmek \u00fczere kendimizi tekrar Vaci Caddesi\u2019ne at\u0131verdik.<\/p>\n\n\n\n<p>Vaci Utca\u2019da bir\u00e7ok hediyelik e\u015fya d\u00fckkan\u0131 ve \u015f\u0131k ma\u011fazalar aras\u0131nda y\u00fcr\u00fcy\u00fcp pazara vard\u0131k. Olduk\u00e7a kalabal\u0131k olmas\u0131 nedeni ile \u00e7ocuklar\u0131m\u0131z\u0131n ellerini s\u0131k\u0131 s\u0131k\u0131 tutarak etrafta dola\u015f\u0131p hediyelik birka\u00e7 \u00fcr\u00fcn ald\u0131ktan sonra karn\u0131m\u0131z\u0131 doyurmak \u00fczere \u00e7ocuklar\u0131n tercihi do\u011frultusunda bir restorana girdik. Yeme\u011fin ve pazarda gezintinin ard\u0131ndan art\u0131k \u00e7ocuklar i\u00e7in uyku vaktinin geliyor olmas\u0131 nedeni ile otele do\u011fru ilerlerken bir bakt\u0131k k\u00f6m\u00fcr ate\u015finde enteresan bir \u015fey pi\u015firiyorlar, kokusu muhte\u015fem. Ad\u0131n\u0131 yazamayaca\u011f\u0131m ama tad\u0131 harika, biz \u00e7ikolatal\u0131 olan\u0131n\u0131 tercih ettik, e\u011fer giderseniz sizin de denemenizi \u00f6neririm.<\/p>\n\n\n\n<p>Budape\u015fte\u2019deki ikinci g\u00fcn\u00fcm\u00fcze harika bir uyku ve kahvalt\u0131n\u0131n ard\u0131ndan, yine s\u0131k\u0131ca giyinip kendimizi d\u0131\u015far\u0131 atarak ba\u015flad\u0131k. Vaci Utca sonunda bir g\u00fcn \u00f6nce g\u00f6rd\u00fc\u011f\u00fcm\u00fcz o tren gar\u0131na benzeyen \u00fc\u00e7 katl\u0131 markete do\u011fru y\u00fcr\u00fcd\u00fck. Market harika bir yer; daha \u00f6nce Budape\u015fte\u2019yi ziyaret edenlerin tavsiyeleri \u00fczerine ac\u0131 biber\/sal\u00e7a ve yine birka\u00e7 par\u00e7a hediyelik e\u015fya al\u0131p y\u00fcr\u00fcy\u00fc\u015fe devam ettik.         <\/p>\n\n\n\n<p>Elizabeth K\u00f6pr\u00fcs\u00fc \u00fczerinde biraz y\u00fcr\u00fcy\u00fcp Tuna\u2019y\u0131 bir g\u00fczel seyredelim dedik ama hava o kadar so\u011fuktu ki sadece birka\u00e7 kare foto\u011fraf \u00e7ekip Vaci Utca \u00fczerinde y\u00fcr\u00fcmeye devam ettik. Kar\u015f\u0131m\u0131za \u00e7\u0131kan ufak bir parkta \u00e7ocuklar e\u011flendi, biz de onlar\u0131 seyrederek keyif ald\u0131k.<\/p>\n\n\n\n<p>Yolumuz \u00fczerindeki Icebar ad\u0131nda k\u00fc\u00e7\u00fck bir mekan \u00e7ocuklar\u0131n ilgisini \u00e7ekti.  Me\u011fer buras\u0131 daha \u00e7ok \u00e7ocuklara g\u00f6re ufak bir e\u011flence alan\u0131ym\u0131\u015f. \ud83d\ude42 Hal b\u00f6yle olunca i\u00e7eri girmeden edemedik elbette. \u0130\u00e7eri giri\u015f 8 Euro (6 ya\u015f alt\u0131 \u00fccretsiz), girmeden \u00f6nce \u00e7ocuklar\u0131n montlar\u0131n\u0131n \u00fczerine so\u011fuktan koruyucu bir de pan\u00e7o giydiriyorlar. \u00c7\u0131k\u0131\u015fta bizimkilerin a\u011f\u0131zlar\u0131 kulaklar\u0131ndayd\u0131, s\u00f6ylediklerine g\u00f6re i\u00e7eride her \u015fey ama her \u015fey buzdan yap\u0131lm\u0131\u015f. \ud83d\ude42<\/p>\n\n\n\n<p>Budape\u015fte\u2019deki ikinci g\u00fcn\u00fcm\u00fcz olduk\u00e7a sakin ge\u00e7ti, daha \u00e7ok sokak aralar\u0131nda dola\u015f\u0131p so\u011fuk hissetti\u011fimiz an kendimizi bir kafeye at\u0131p neredeyse ak\u015fam\u0131 bulduk. Son dura\u011f\u0131m\u0131z ise oy birli\u011fi ile verdi\u011fimiz karar sonucu Hardrock Cafe oldu tabii. \ud83d\ude42 Burada nefis mi nefis kocaman bir burger e\u015fli\u011finde \u00e7ocuklar\u0131m\u0131z ile yar\u0131\u015f\u0131rcas\u0131na yedi\u011fimiz patates k\u0131zartmalar\u0131n\u0131n ard\u0131ndan bizi havaalan\u0131na g\u00f6t\u00fcrmek \u00fczere bekleyen minib\u00fcs\u00fcm\u00fcze binip Tuna Nehri\u2019nin ikiye ay\u0131rd\u0131\u011f\u0131 bu muhte\u015fem \u015fehre veda ettik.<\/p>\n","protected":false},"excerpt":{"rendered":"<p>Hafta sonunu bir Avrupa kentinde ge\u00e7irmek isteyen T\u00fcrk gezginler i\u00e7in Budape\u015fte \u00e7ok ideal bir kent. T\u00fcrk Hava Yollar\u0131\u2019n\u0131n cumartesi g\u00fcnleri \u0130stanbul\u2019dan ilk u\u00e7u\u015fu sabah 07.30\u2019da kalk\u0131p Budape\u015fte\u2019ye 08.35\u2019te vard\u0131\u011f\u0131ndan t\u00fcm g\u00fcn sizin oluyor. Pazar g\u00fcnk\u00fc d\u00f6n\u00fc\u015f u\u00e7u\u015fumuz da saat 20.05\u2019te oldu\u011fundan neredeyse 2 tam g\u00fcn boyunca \u015fehri gezme \u015fans\u0131 yakalad\u0131k. \u00c7ocuklarla yola \u00e7\u0131kt\u0131\u011f\u0131m\u0131z i\u00e7in ilk [&hellip;]<\/p>\n","protected":false},"author":31,"featured_media":12608,"comment_status":"closed","ping_status":"closed","sticky":false,"template":"","format":"standard","meta":{"footnotes":""},"categories":[541,611,648,647,495],"tags":[],"class_list":{"0":"post-12612","1":"post","2":"type-post","3":"status-publish","4":"format-standard","5":"has-post-thumbnail","7":"category-ailemizden","8":"category-avrupa","9":"category-budapeste-gezi-rehberi","10":"category-macaristan","11":"category-yerler"},"_links":{"self":[{"href":"https:\/\/blog.turkishairlines.com\/tr\/wp-json\/wp\/v2\/posts\/12612","targetHints":{"allow":["GET"]}}],"collection":[{"href":"https:\/\/blog.turkishairlines.com\/tr\/wp-json\/wp\/v2\/posts"}],"about":[{"href":"https:\/\/blog.turkishairlines.com\/tr\/wp-json\/wp\/v2\/types\/post"}],"author":[{"embeddable":true,"href":"https:\/\/blog.turkishairlines.com\/tr\/wp-json\/wp\/v2\/users\/31"}],"replies":[{"embeddable":true,"href":"https:\/\/blog.turkishairlines.com\/tr\/wp-json\/wp\/v2\/comments?post=12612"}],"version-history":[{"count":0,"href":"https:\/\/blog.turkishairlines.com\/tr\/wp-json\/wp\/v2\/posts\/12612\/revisions"}],"wp:featuredmedia":[{"embeddable":true,"href":"https:\/\/blog.turkishairlines.com\/tr\/wp-json\/wp\/v2\/media\/12608"}],"wp:attachment":[{"href":"https:\/\/blog.turkishairlines.com\/tr\/wp-json\/wp\/v2\/media?parent=12612"}],"wp:term":[{"taxonomy":"category","embeddable":true,"href":"https:\/\/blog.turkishairlines.com\/tr\/wp-json\/wp\/v2\/categories?post=12612"},{"taxonomy":"post_tag","embeddable":true,"href":"https:\/\/blog.turkishairlines.com\/tr\/wp-json\/wp\/v2\/tags?post=12612"}],"curies":[{"name":"wp","href":"https:\/\/api.w.org\/{rel}","templated":true}]}}