{"id":13777,"date":"2020-04-30T14:00:39","date_gmt":"2020-04-30T11:00:39","guid":{"rendered":"https:\/\/blog.turkishairlines.com\/jet-lag-hakkinda-bilmeniz-gerekenleri-9-soruda-ogrenin\/"},"modified":"2022-08-06T13:26:34","modified_gmt":"2022-08-06T10:26:34","slug":"jet-lag-hakkinda-bilmeniz-gerekenleri-9-soruda-ogrenin","status":"publish","type":"post","link":"https:\/\/blog.turkishairlines.com\/tr\/jet-lag-hakkinda-bilmeniz-gerekenleri-9-soruda-ogrenin\/","title":{"rendered":"Jet lag hakk\u0131nda bilmeniz gerekenleri 9 soruda \u00f6\u011frenin"},"content":{"rendered":"\n<hr class=\"wp-block-separator has-text-color has-alpha-channel-opacity has-background is-style-wide\" style=\"background-color:#ebebeb;color:#ebebeb\"\/>\n\n\n\n<figure class=\"wp-block-image size-large\"><img loading=\"lazy\" decoding=\"async\" width=\"700\" height=\"2509\" src=\"https:\/\/blog.turkishairlines.com\/wp-content\/uploads\/2020\/04\/Jetlag-THY-tr.jpg\" alt=\"jet lag infografik\" class=\"wp-image-26193\" srcset=\"https:\/\/blog.turkishairlines.com\/wp-content\/uploads\/2020\/04\/Jetlag-THY-tr.jpg 700w, https:\/\/blog.turkishairlines.com\/wp-content\/uploads\/2020\/04\/Jetlag-THY-tr-84x300.jpg 84w, https:\/\/blog.turkishairlines.com\/wp-content\/uploads\/2020\/04\/Jetlag-THY-tr-42x150.jpg 42w, https:\/\/blog.turkishairlines.com\/wp-content\/uploads\/2020\/04\/Jetlag-THY-tr-571x2048.jpg 571w, https:\/\/blog.turkishairlines.com\/wp-content\/uploads\/2020\/04\/Jetlag-THY-tr-696x2495.jpg 696w, https:\/\/blog.turkishairlines.com\/wp-content\/uploads\/2020\/04\/Jetlag-THY-tr-117x420.jpg 117w, https:\/\/blog.turkishairlines.com\/wp-content\/uploads\/2020\/04\/Jetlag-THY-tr-150x538.jpg 150w\" sizes=\"auto, (max-width: 700px) 100vw, 700px\" \/><\/figure>\n\n\n\n<hr class=\"wp-block-separator has-text-color has-alpha-channel-opacity has-background\" style=\"background-color:#ebebeb;color:#ebebeb\"\/>\n\n\n\n<h2 class=\"wp-block-heading\"><strong>1. Jet lag nedir, s\u0131k kar\u015f\u0131la\u015f\u0131lan bir problem midir?<\/strong><\/h2>\n\n\n\n<p>Son zamanlarda ad\u0131n\u0131 s\u0131k s\u0131k duydu\u011fumuz jet lag, sadece uzun mesafeli u\u00e7u\u015flardan sonra kar\u015f\u0131la\u015fabilece\u011finiz bir uyku bozuklu\u011fu. Bu bozukluk var\u0131\u015f \u015fehrinin kalk\u0131\u015f \u015fehrinden farkl\u0131 bir zaman diliminde olmas\u0131ndan kaynaklan\u0131yor. V\u00fccudun al\u0131\u015ft\u0131\u011f\u0131 zaman diliminden \u00e7\u0131kmas\u0131 sisteminin bozulmas\u0131na neden oluyor. Seyahatten sonra kar\u015f\u0131la\u015f\u0131lan yeni zaman dilimine al\u0131\u015fmak zaman al\u0131yor.<\/p>\n\n\n\n<hr class=\"wp-block-separator has-text-color has-alpha-channel-opacity has-background is-style-wide\" style=\"background-color:#ebebeb;color:#ebebeb\"\/>\n\n\n\n<h2 class=\"wp-block-heading\"><strong>2. Jet lag etkisi en \u00e7ok hangi u\u00e7u\u015flardan sonra hissedilir?<\/strong><\/h2>\n\n\n\n<p>Genel olarak t\u00fcm uzun mesafeli u\u00e7u\u015flardan sonra kar\u015f\u0131la\u015f\u0131labilecek olan jet lag, en \u00e7ok bat\u0131dan do\u011fuya ger\u00e7ekle\u015ftirilen g\u00fcnd\u00fcz u\u00e7u\u015flar\u0131nda hissediliyor. \u00d6rne\u011fin bir \u00e7ar\u015famba g\u00fcn\u00fc \u00f6\u011fleden sonra New York&#8217;tan Paris&#8217;e u\u00e7uyorsunuz. U\u00e7u\u015funuz saat 16.00&#8217;da ba\u015fl\u0131yor ve per\u015fembe sabah 07.00 gibi Paris&#8217;e var\u0131yorsunuz. Sizin v\u00fccudunuz saatin daha gece 01.00 oldu\u011funu d\u00fc\u015f\u00fcn\u00fcyor. Sonu\u00e7 olarak Paris&#8217;tekiler uyan\u0131rken sizin uykunuz geliyor.<\/p>\n\n\n\n<hr class=\"wp-block-separator has-text-color has-alpha-channel-opacity has-background is-style-wide\" style=\"background-color:#ebebeb;color:#ebebeb\"\/>\n\n\n\n<h2 class=\"wp-block-heading\"><strong>3. U\u00e7u\u015ftan \u00f6nce jet lag etkilerine kar\u015f\u0131 nas\u0131l \u00f6nlemler al\u0131nabilir?<\/strong><\/h2>\n\n\n\n<figure class=\"wp-block-image size-large\"><img loading=\"lazy\" decoding=\"async\" width=\"1024\" height=\"683\" src=\"https:\/\/blog.turkishairlines.com\/wp-content\/uploads\/2020\/04\/iStock-844913976-1024x683.jpg\" alt=\"Uyanan enerjik kad\u0131n\" class=\"wp-image-13753\" srcset=\"https:\/\/blog.turkishairlines.com\/wp-content\/uploads\/2020\/04\/iStock-844913976-1024x683.jpg 1024w, https:\/\/blog.turkishairlines.com\/wp-content\/uploads\/2020\/04\/iStock-844913976-300x200.jpg 300w, https:\/\/blog.turkishairlines.com\/wp-content\/uploads\/2020\/04\/iStock-844913976-150x100.jpg 150w, https:\/\/blog.turkishairlines.com\/wp-content\/uploads\/2020\/04\/iStock-844913976-768x512.jpg 768w, https:\/\/blog.turkishairlines.com\/wp-content\/uploads\/2020\/04\/iStock-844913976-696x464.jpg 696w, https:\/\/blog.turkishairlines.com\/wp-content\/uploads\/2020\/04\/iStock-844913976-1068x712.jpg 1068w, https:\/\/blog.turkishairlines.com\/wp-content\/uploads\/2020\/04\/iStock-844913976-630x420.jpg 630w, https:\/\/blog.turkishairlines.com\/wp-content\/uploads\/2020\/04\/iStock-844913976.jpg 1254w\" sizes=\"auto, (max-width: 1024px) 100vw, 1024px\" \/><\/figure>\n\n\n\n<p>Her \u015feyden \u00f6nce fiziksel ve mental olarak seyahate haz\u0131r olmal\u0131s\u0131n\u0131z. Yolculu\u011funuzdan \u00f6nce iyice dinlenmenizi \u00f6neririz. U\u00e7u\u015ftan \u00f6nce uykunuzu almaya \u00f6zen g\u00f6stermelisiniz. Seyahat haz\u0131rl\u0131klar\u0131n\u0131z\u0131 son g\u00fcne b\u0131rakmayarak olas\u0131 bir pani\u011fin \u00f6n\u00fcne ge\u00e7ebilirsiniz. Ayr\u0131ca beslenmenize dikkat etmelisiniz. Sa\u011fl\u0131kl\u0131 \u00f6\u011f\u00fcnlerle v\u00fccudunuzun direncini g\u00fc\u00e7lendirebilirsiniz. M\u00fcmk\u00fcnse seyahatinizin bir g\u00fcn \u00f6ncesinde saatinizi ziyaret edece\u011finiz \u015fehrin yerel saatine g\u00f6re de\u011fi\u015ftirebilirsiniz.<\/p>\n\n\n\n<hr class=\"wp-block-separator has-text-color has-alpha-channel-opacity has-background is-style-wide\" style=\"background-color:#ebebeb;color:#ebebeb\"\/>\n\n\n\n<h2 class=\"wp-block-heading\"><strong>4. U\u00e7u\u015f an\u0131nda jet lag etkilerine kar\u015f\u0131 nas\u0131l \u00f6nlemler al\u0131nabilir?<\/strong><\/h2>\n\n\n\n<p>Jet lag etkilerini minimuma indirmek i\u00e7in u\u00e7u\u015funuz s\u0131ras\u0131nda uyan\u0131k kalmaya \u00e7al\u0131\u015f\u0131n. Uyuyakalmamak ve s\u0131v\u0131 kayb\u0131n\u0131 \u00f6nlemek i\u00e7in bol su i\u00e7in. Kafein ve alkol i\u00e7eren i\u00e7ecekleri tercih etmeyin. Et, s\u00fct ve peynir gibi bol protein i\u00e7eren besinleri tercih etmeniz de faydal\u0131 olabilir. Ayr\u0131ca C vitamini deposu meyveler de b\u00fcnyenize iyi gelir.<\/p>\n\n\n\n<hr class=\"wp-block-separator has-text-color has-alpha-channel-opacity has-background is-style-wide\" style=\"background-color:#ebebeb;color:#ebebeb\"\/>\n\n\n\n<h2 class=\"wp-block-heading\"><strong>5. U\u00e7u\u015f sonras\u0131nda jet lag etkilerine kar\u015f\u0131 nas\u0131l \u00f6nlemler al\u0131nabilir?<\/strong><\/h2>\n\n\n\n<p>Vard\u0131\u011f\u0131n\u0131z \u015fehrin yerel saatine en k\u0131sa s\u00fcrede uyum sa\u011flaman\u0131z \u00f6nemli. G\u00fcnd\u00fcz vard\u0131ysan\u0131z uyan\u0131k kalmaya \u00e7al\u0131\u015f\u0131n. M\u00fcmk\u00fcn oldu\u011fu kadar \u00e7ok g\u00fcn \u0131\u015f\u0131\u011f\u0131 al\u0131n. Gece vard\u0131ysan\u0131z uyumaya \u00e7al\u0131\u015f\u0131n. Uykunuz yoksa bile uyumay\u0131 deneyin. Uyku ilac\u0131 kullanmay\u0131 tercih etmeyin. Uykunuzu getirmesi i\u00e7in bitki \u00e7ay\u0131 i\u00e7ebilirsiniz. <\/p>\n\n\n\n<hr class=\"wp-block-separator has-text-color has-alpha-channel-opacity has-background is-style-wide\" style=\"background-color:#ebebeb;color:#ebebeb\"\/>\n\n\n\n<h2 class=\"wp-block-heading\"><strong>6. D\u00f6n\u00fc\u015f s\u0131ras\u0131nda jet lag etkilerine kar\u015f\u0131 nas\u0131l \u00f6nlemler al\u0131nabilir?<\/strong><\/h2>\n\n\n\n<p>Jet lag sadece gidi\u015f u\u00e7u\u015funda de\u011fil, d\u00f6n\u00fc\u015f u\u00e7u\u015funda da ortaya \u00e7\u0131kar. \u00dcstelik d\u00f6n\u00fc\u015f seyahatinde jet lag ile kar\u015f\u0131la\u015fma ihtimali daha y\u00fcksektir. Jet lag etkilerini en aza indirmek i\u00e7in d\u00f6n\u00fc\u015f u\u00e7u\u015funda uyan\u0131k kalmaya \u00e7al\u0131\u015f\u0131n. Vard\u0131\u011f\u0131n\u0131zda uykunuz olmasa bile kendi uyku saatinizde uyumay\u0131 deneyin. Yatmadan \u00f6nce uykunuzu ka\u00e7\u0131racak yiyecek ve i\u00e7ecekler t\u00fcketmeyin.<\/p>\n\n\n\n<hr class=\"wp-block-separator has-text-color has-alpha-channel-opacity has-background is-style-wide\" style=\"background-color:#ebebeb;color:#ebebeb\"\/>\n\n\n\n<h2 class=\"wp-block-heading\"><strong>7. Jet lag belirtileri nelerdir?<\/strong><\/h2>\n\n\n\n<figure class=\"wp-block-image size-large\"><img loading=\"lazy\" decoding=\"async\" width=\"1024\" height=\"683\" src=\"https:\/\/blog.turkishairlines.com\/wp-content\/uploads\/2020\/04\/iStock-1125419972-1024x683.jpg\" alt=\"Yatakta laptop ile \u00e7al\u0131\u015fan gen\u00e7 kad\u0131n\" class=\"wp-image-13755\" srcset=\"https:\/\/blog.turkishairlines.com\/wp-content\/uploads\/2020\/04\/iStock-1125419972-1024x683.jpg 1024w, https:\/\/blog.turkishairlines.com\/wp-content\/uploads\/2020\/04\/iStock-1125419972-300x200.jpg 300w, https:\/\/blog.turkishairlines.com\/wp-content\/uploads\/2020\/04\/iStock-1125419972-150x100.jpg 150w, https:\/\/blog.turkishairlines.com\/wp-content\/uploads\/2020\/04\/iStock-1125419972-768x512.jpg 768w, https:\/\/blog.turkishairlines.com\/wp-content\/uploads\/2020\/04\/iStock-1125419972-696x464.jpg 696w, https:\/\/blog.turkishairlines.com\/wp-content\/uploads\/2020\/04\/iStock-1125419972-1068x712.jpg 1068w, https:\/\/blog.turkishairlines.com\/wp-content\/uploads\/2020\/04\/iStock-1125419972-630x420.jpg 630w, https:\/\/blog.turkishairlines.com\/wp-content\/uploads\/2020\/04\/iStock-1125419972.jpg 1254w\" sizes=\"auto, (max-width: 1024px) 100vw, 1024px\" \/><\/figure>\n\n\n\n<p>Jet lag, insana yorgunluk ve bitkinlik hissi verir. Ayn\u0131 zamanda huzursuzlu\u011fa ve kafa kar\u0131\u015f\u0131kl\u0131\u011f\u0131na da neden olabilir. En \u00e7ok uyku d\u00fczenini bozmas\u0131yla bilinir. Uyku sersemli\u011fini, a\u015f\u0131r\u0131 uykulu olma halini ve uykusuzlu\u011fu bir arada ya\u015fatabilir.<\/p>\n\n\n\n<hr class=\"wp-block-separator has-text-color has-alpha-channel-opacity has-background is-style-wide\" style=\"background-color:#ebebeb;color:#ebebeb\"\/>\n\n\n\n<h2 class=\"wp-block-heading\"><strong>8. Jet lag ne kadar s\u00fcrer?<\/strong><\/h2>\n\n\n\n<p>Jet lag ge\u00e7ici bir adaptasyon problemi olarak nitelendirilebilir. V\u00fccut zaman dilimine uyum sa\u011flad\u0131ktan sonra bu problem ortadan kalkar. Jet lag etkilerinin ge\u00e7mesi 3-5 g\u00fcn\u00fc bulabilir.<\/p>\n\n\n\n<p>Jet lag genelde ge\u00e7icidir ve herhangi bir tedavi gerektirmez. G\u00fcn \u0131\u015f\u0131\u011f\u0131na uygun hareket ederek g\u00fcnd\u00fczleri g\u00fcn \u0131\u015f\u0131\u011f\u0131 almak, ak\u015fam oldu\u011funda uyumak yeterli. Ayr\u0131ca sa\u011fl\u0131kl\u0131 beslenmek ve hafif egzersizler yapmak jet lag&#8217;e kar\u015f\u0131 son derece etkili. Jet lag \u00f6nlemleri hakk\u0131nda ayr\u0131nt\u0131l\u0131 bilgiye ula\u015fmak i\u00e7in <a href=\"https:\/\/www.turkishairlines.com\/tr-int\/ucak-bileti\/ucus-deneyimi\/fly-good-feel-good\/ucus-sonrasi\/jet-lag\/?utm_source=tkblog&amp;utm_medium=referral&amp;utm_campaign=tkblogpostbookaticket\" target=\"_blank\" data-type=\"URL\" data-id=\"https:\/\/www.turkishairlines.com\/tr-int\/ucak-bileti\/ucus-deneyimi\/fly-good-feel-good\/ucus-sonrasi\/jet-lag\/?utm_source=tkblog&amp;utm_medium=referral&amp;utm_campaign=tkblogpostbookaticket\" rel=\"noreferrer noopener\">T\u00fcrk Hava Yollar\u0131 Jet Lag sayfas\u0131n\u0131<\/a> inceleyebilirsiniz.<\/p>\n\n\n\n<hr class=\"wp-block-separator has-text-color has-alpha-channel-opacity has-background is-style-wide\" style=\"background-color:#ebebeb;color:#ebebeb\"\/>\n\n\n\n<h2 class=\"wp-block-heading\"><strong>9. Kimler jet lag etkisini daha fazla ya\u015far?<\/strong><\/h2>\n\n\n\n<p>Jet lag etkisini ya\u015fama fakt\u00f6rleri de\u011fi\u015fken olmakla beraber pilotlar, u\u00e7u\u015f ekibi \u00fcyeleri ve i\u015f dolay\u0131s\u0131yla s\u0131k seyahat edenlerin jet lag ya\u015fama riski daha fazlad\u0131r. Bununla beraber daha ya\u015fl\u0131 ki\u015filer gen\u00e7lere g\u00f6re daha fazla jet lag etkisi ya\u015fayabilir ve bu etkinin ge\u00e7mesi daha uzun zaman alabilir. E\u011fer u\u00e7u\u015funuz do\u011fu y\u00f6n\u00fcndeyse jet lag riski artar. Ayn\u0131 zamanda ne kadar \u00e7ok zaman dilimi de\u011fi\u015ftirirseniz yine jet lag riski o derecede artar.<\/p>\n","protected":false},"excerpt":{"rendered":"<p>1. Jet lag nedir, s\u0131k kar\u015f\u0131la\u015f\u0131lan bir problem midir? Son zamanlarda ad\u0131n\u0131 s\u0131k s\u0131k duydu\u011fumuz jet lag, sadece uzun mesafeli u\u00e7u\u015flardan sonra kar\u015f\u0131la\u015fabilece\u011finiz bir uyku bozuklu\u011fu. Bu bozukluk var\u0131\u015f \u015fehrinin kalk\u0131\u015f \u015fehrinden farkl\u0131 bir zaman diliminde olmas\u0131ndan kaynaklan\u0131yor. V\u00fccudun al\u0131\u015ft\u0131\u011f\u0131 zaman diliminden \u00e7\u0131kmas\u0131 sisteminin bozulmas\u0131na neden oluyor. Seyahatten sonra kar\u015f\u0131la\u015f\u0131lan yeni zaman dilimine al\u0131\u015fmak zaman [&hellip;]<\/p>\n","protected":false},"author":53,"featured_media":13751,"comment_status":"closed","ping_status":"closed","sticky":false,"template":"","format":"standard","meta":{"footnotes":""},"categories":[565,878],"tags":[],"class_list":{"0":"post-13777","1":"post","2":"type-post","3":"status-publish","4":"format-standard","5":"has-post-thumbnail","7":"category-seyahat-ipuclari","8":"category-gezginler-icin-saglik-ipuclari"},"_links":{"self":[{"href":"https:\/\/blog.turkishairlines.com\/tr\/wp-json\/wp\/v2\/posts\/13777","targetHints":{"allow":["GET"]}}],"collection":[{"href":"https:\/\/blog.turkishairlines.com\/tr\/wp-json\/wp\/v2\/posts"}],"about":[{"href":"https:\/\/blog.turkishairlines.com\/tr\/wp-json\/wp\/v2\/types\/post"}],"author":[{"embeddable":true,"href":"https:\/\/blog.turkishairlines.com\/tr\/wp-json\/wp\/v2\/users\/53"}],"replies":[{"embeddable":true,"href":"https:\/\/blog.turkishairlines.com\/tr\/wp-json\/wp\/v2\/comments?post=13777"}],"version-history":[{"count":0,"href":"https:\/\/blog.turkishairlines.com\/tr\/wp-json\/wp\/v2\/posts\/13777\/revisions"}],"wp:featuredmedia":[{"embeddable":true,"href":"https:\/\/blog.turkishairlines.com\/tr\/wp-json\/wp\/v2\/media\/13751"}],"wp:attachment":[{"href":"https:\/\/blog.turkishairlines.com\/tr\/wp-json\/wp\/v2\/media?parent=13777"}],"wp:term":[{"taxonomy":"category","embeddable":true,"href":"https:\/\/blog.turkishairlines.com\/tr\/wp-json\/wp\/v2\/categories?post=13777"},{"taxonomy":"post_tag","embeddable":true,"href":"https:\/\/blog.turkishairlines.com\/tr\/wp-json\/wp\/v2\/tags?post=13777"}],"curies":[{"name":"wp","href":"https:\/\/api.w.org\/{rel}","templated":true}]}}