{"id":24912,"date":"2026-08-28T14:23:12","date_gmt":"2026-08-28T11:23:12","guid":{"rendered":"https:\/\/blog.turkishairlines.com\/?p=24912"},"modified":"2026-08-28T14:25:26","modified_gmt":"2026-08-28T11:25:26","slug":"izmir-plajlari","status":"publish","type":"post","link":"https:\/\/blog.turkishairlines.com\/tr\/izmir-plajlari\/","title":{"rendered":"Yeni ba\u015flayanlar i\u00e7in b\u00fcy\u00fcleyici \u0130zmir plajlar\u0131"},"content":{"rendered":"\n<hr class=\"wp-block-separator has-text-color has-alpha-channel-opacity has-background is-style-wide\" style=\"background-color:#ebebeb;color:#ebebeb\"\/>\n\n\n\n<h2 class=\"wp-block-heading\"><strong>\u0130zmir plajlar\u0131 hakk\u0131nda bilmeniz gerekenler<\/strong><\/h2>\n\n\n\n<p class=\"wp-block-paragraph\">\u0130zmir, T\u00fcrkiye&#8217;nin bat\u0131s\u0131nda 600 kilometreyi a\u015fan k\u0131y\u0131 \u015feridiyle Ege&#8217;nin en zengin plaj profiline sahip illerinden biri. Bu plajlar kuzeyde Dikili&#8217;den ba\u015flay\u0131p Fo\u00e7a, Karaburun, \u00c7e\u015fme, Urla ve Seferihisar \u00fczerinden Ege&#8217;nin g\u00fcneyine iniyor. Her il\u00e7e kendi karakterini ta\u015f\u0131yor: \u00c7e\u015fme ve Ala\u00e7at\u0131 sosyal ya\u015fam\u0131yla, Karaburun ve Dikili bakir koylar\u0131yla, Seferihisar ve Urla ise gastronomi ve sakin sahil kasabas\u0131 dokusuyla \u00f6ne \u00e7\u0131k\u0131yor. Hangi profili tercih ederseniz edin, <a href=\"http:\/\/turkishairlines.com\/tr-tr\/ucak-bileti\/izmir-ucak-bileti\/\" target=\"_blank\" rel=\"noreferrer noopener\">\u0130zmir u\u00e7ak bileti<\/a> alarak Adnan Menderes Havaliman\u0131&#8217;ndan k\u0131y\u0131 il\u00e7elerine ula\u015fmak m\u00fcmk\u00fcn.<\/p>\n\n\n\n<hr class=\"wp-block-separator has-text-color has-alpha-channel-opacity has-background is-style-wide\" style=\"background-color:#ebebeb;color:#ebebeb\"\/>\n\n\n\n<h2 class=\"wp-block-heading\"><strong>\u00c7e\u015fme plajlar\u0131<\/strong><\/h2>\n\n\n\n<figure class=\"wp-block-image size-large\"><img loading=\"lazy\" decoding=\"async\" width=\"1024\" height=\"661\" src=\"https:\/\/blog.turkishairlines.com\/wp-content\/uploads\/2021\/05\/ilica-plaji-1024x661.jpg\" alt=\"\u00c7e\u015fme\u2019nin en g\u00fczel plajlar\u0131ndan olan Il\u0131ca Plaj\u0131\" class=\"wp-image-24920\" srcset=\"https:\/\/blog.turkishairlines.com\/wp-content\/uploads\/2021\/05\/ilica-plaji-1024x661.jpg 1024w, https:\/\/blog.turkishairlines.com\/wp-content\/uploads\/2021\/05\/ilica-plaji-300x194.jpg 300w, https:\/\/blog.turkishairlines.com\/wp-content\/uploads\/2021\/05\/ilica-plaji-150x97.jpg 150w, https:\/\/blog.turkishairlines.com\/wp-content\/uploads\/2021\/05\/ilica-plaji-768x496.jpg 768w, https:\/\/blog.turkishairlines.com\/wp-content\/uploads\/2021\/05\/ilica-plaji-696x449.jpg 696w, https:\/\/blog.turkishairlines.com\/wp-content\/uploads\/2021\/05\/ilica-plaji-1068x689.jpg 1068w, https:\/\/blog.turkishairlines.com\/wp-content\/uploads\/2021\/05\/ilica-plaji-651x420.jpg 651w, https:\/\/blog.turkishairlines.com\/wp-content\/uploads\/2021\/05\/ilica-plaji.jpg 1275w\" sizes=\"auto, (max-width: 1024px) 100vw, 1024px\" \/><figcaption class=\"wp-element-caption\">\u00c7e\u015fme\u2019nin en g\u00fczel plajlar\u0131ndan olan Il\u0131ca Plaj\u0131<\/figcaption><\/figure>\n\n\n\n<p class=\"wp-block-paragraph\">\u0130zmir&#8217;de yaz tatili denildi\u011finde akla gelen ilk yer \u00c7e\u015fme. Plajlar\u0131, tarihi yap\u0131lar\u0131, m\u00fczeleri ve mutfa\u011f\u0131yla may\u0131s ve eyl\u00fcl aras\u0131nda yerli ve yabanc\u0131 binlerce ziyaret\u00e7i a\u011f\u0131rl\u0131yor.<\/p>\n\n\n\n<p class=\"wp-block-paragraph\">\u00c7e\u015fme&#8217;nin plaj co\u011frafyas\u0131 geni\u015f. Il\u0131ca Plaj\u0131 geni\u015f kumsal\u0131 ve termal kaynaklarla beslenen s\u0131\u011f deniziyle aileler i\u00e7in ideal. Alt\u0131nkum Plaj\u0131 alt\u0131n renkli kumlar\u0131yla an\u0131l\u0131yor. Ayayorgi Koyu daha sosyal bir beach club atmosferi sunarken P\u0131rlanta Plaj\u0131 r\u00fczgar s\u00f6rf\u00fc merakl\u0131lar\u0131n\u0131n u\u011frak noktas\u0131. Sak\u0131zl\u0131 Koy, Kocakar\u0131 Plaj\u0131 ve Boyal\u0131k Koyu da b\u00f6lgenin di\u011fer alternatifleri aras\u0131nda.<\/p>\n\n\n\n<p class=\"wp-block-paragraph\">Tarihi M.\u00d6. 7. y\u00fczy\u0131la uzanan \u00c7e\u015fme&#8217;de gezinti listenize \u00c7e\u015fme Kalesi&#8217;ni eklemenizi \u00f6neriyoruz. II. Bayezid d\u00f6neminde, 1508 y\u0131l\u0131nda d\u00f6nemin Ayd\u0131n Valisi Mir Haydar taraf\u0131ndan in\u015fa ettirilen kale, bug\u00fcn \u00c7e\u015fme Arkeoloji M\u00fczesi&#8217;ne ev sahipli\u011fi yap\u0131yor ve 2020&#8217;den bu yana UNESCO D\u00fcnya Miras\u0131 Ge\u00e7ici Listesi&#8217;nde yer al\u0131yor. \u00c7e\u015fme&#8217;ye gelmi\u015fken Kanuni d\u00f6neminden kalma kervansaray, Hellenistik ve Roma d\u00f6nemine ait kal\u0131nt\u0131lar ve il\u00e7eye ad\u0131n\u0131 veren tarih\u00ee \u00e7e\u015fmeler de g\u00f6r\u00fclmeye de\u011fer.<\/p>\n\n\n\n<p class=\"wp-block-paragraph\">Mutfak taraf\u0131nda Ege&#8217;nin en sevilen lezzetlerine \u00c7e\u015fme&#8217;de ula\u015fmak m\u00fcmk\u00fcn. Deniz \u00fcr\u00fcnleri, sak\u0131zl\u0131 muhallebi, kumru ve damla sak\u0131zl\u0131 kurabiyeler vazge\u00e7ilmezler aras\u0131nda.<\/p>\n\n\n\n<hr class=\"wp-block-separator has-text-color has-alpha-channel-opacity has-background is-style-wide\" style=\"background-color:#ebebeb;color:#ebebeb\"\/>\n\n\n\n<h2 class=\"wp-block-heading\"><strong>Ala\u00e7at\u0131 plajlar\u0131<\/strong><\/h2>\n\n\n\n<figure class=\"wp-block-image size-large\"><img loading=\"lazy\" decoding=\"async\" width=\"1024\" height=\"581\" src=\"https:\/\/blog.turkishairlines.com\/wp-content\/uploads\/2021\/05\/alacati-1024x581.jpg\" alt=\"T\u00fcrkiye\u2019nin r\u00fczg\u00e2r s\u00f6rf\u00fc merkezi Ala\u00e7at\u0131\" class=\"wp-image-24929\" srcset=\"https:\/\/blog.turkishairlines.com\/wp-content\/uploads\/2021\/05\/alacati-1024x581.jpg 1024w, https:\/\/blog.turkishairlines.com\/wp-content\/uploads\/2021\/05\/alacati-300x170.jpg 300w, https:\/\/blog.turkishairlines.com\/wp-content\/uploads\/2021\/05\/alacati-150x85.jpg 150w, https:\/\/blog.turkishairlines.com\/wp-content\/uploads\/2021\/05\/alacati-768x435.jpg 768w, https:\/\/blog.turkishairlines.com\/wp-content\/uploads\/2021\/05\/alacati-696x395.jpg 696w, https:\/\/blog.turkishairlines.com\/wp-content\/uploads\/2021\/05\/alacati-1068x605.jpg 1068w, https:\/\/blog.turkishairlines.com\/wp-content\/uploads\/2021\/05\/alacati-741x420.jpg 741w, https:\/\/blog.turkishairlines.com\/wp-content\/uploads\/2021\/05\/alacati.jpg 1360w\" sizes=\"auto, (max-width: 1024px) 100vw, 1024px\" \/><figcaption class=\"wp-element-caption\">T\u00fcrkiye\u2019nin r\u00fczg\u00e2r s\u00f6rf\u00fc merkezi Ala\u00e7at\u0131<\/figcaption><\/figure>\n\n\n\n<p class=\"wp-block-paragraph\">\u00c7e\u015fme&#8217;ye ba\u011fl\u0131 Ala\u00e7at\u0131, kendi ba\u015fl\u0131\u011f\u0131n\u0131 hak edecek kadar pop\u00fcler bir \u0130zmir tatil beldesi. Begonvil ve sardunyalarla bezeli ta\u015f evleri, dar tarihi sokaklar\u0131 ve dinamik gece hayat\u0131yla T\u00fcrkiye&#8217;nin en bilinen yaz destinasyonlar\u0131ndan biri.<\/p>\n\n\n\n<p class=\"wp-block-paragraph\">\u0130zmir plajlar\u0131 aras\u0131nda \u00f6ne \u00e7\u0131kan Ala\u00e7at\u0131 plajlar\u0131nda Il\u0131ca Plaj\u0131, Delikli Koy, \u00c7ark Plaj\u0131, Kleopatra Koyu ve Piyade Koyu Plaj\u0131 en bilinenleri. \u00c7ark Plaj\u0131, T\u00fcrkiye&#8217;nin r\u00fczgar s\u00f6rf\u00fc merkezi olarak kabul ediliyor ve D\u00fcnya Windsurf \u015eampiyonas\u0131&#8217;n\u0131n bir aya\u011f\u0131na da y\u0131llarca ev sahipli\u011fi yapt\u0131. S\u0131\u011f ve s\u00fcrekli r\u00fczgar alan yap\u0131s\u0131, hem deneyimli s\u00f6rf\u00e7\u00fcleri hem de yeni ba\u015flayanlar\u0131 ayn\u0131 sahilde topluyor. Su sporlar\u0131na merakl\u0131ysan\u0131z, Ala\u00e7at\u0131&#8217;ya gitti\u011finizde mutlaka bir ders al\u0131p denemenizi \u00f6neririz.<\/p>\n\n\n\n<hr class=\"wp-block-separator has-text-color has-alpha-channel-opacity has-background is-style-wide\" style=\"background-color:#ebebeb;color:#ebebeb\"\/>\n\n\n\n<h2 class=\"wp-block-heading\"><strong>Seferihisar plajlar\u0131<\/strong><\/h2>\n\n\n\n<figure class=\"wp-block-image size-large\"><img loading=\"lazy\" decoding=\"async\" width=\"1024\" height=\"768\" src=\"https:\/\/blog.turkishairlines.com\/wp-content\/uploads\/2021\/05\/sigacik-1024x768.jpg\" alt=\"T\u00fcrkiye\u2019de Cittaslow unvan\u0131n\u0131 alan ilk yer olan Seferihisar\u2019\u0131n en g\u00fczel kasabalar\u0131ndan S\u0131\u011fac\u0131k.\" class=\"wp-image-24923\" srcset=\"https:\/\/blog.turkishairlines.com\/wp-content\/uploads\/2021\/05\/sigacik-1024x768.jpg 1024w, https:\/\/blog.turkishairlines.com\/wp-content\/uploads\/2021\/05\/sigacik-300x225.jpg 300w, https:\/\/blog.turkishairlines.com\/wp-content\/uploads\/2021\/05\/sigacik-150x112.jpg 150w, https:\/\/blog.turkishairlines.com\/wp-content\/uploads\/2021\/05\/sigacik-768x576.jpg 768w, https:\/\/blog.turkishairlines.com\/wp-content\/uploads\/2021\/05\/sigacik-696x522.jpg 696w, https:\/\/blog.turkishairlines.com\/wp-content\/uploads\/2021\/05\/sigacik-1068x801.jpg 1068w, https:\/\/blog.turkishairlines.com\/wp-content\/uploads\/2021\/05\/sigacik-560x420.jpg 560w, https:\/\/blog.turkishairlines.com\/wp-content\/uploads\/2021\/05\/sigacik-80x60.jpg 80w, https:\/\/blog.turkishairlines.com\/wp-content\/uploads\/2021\/05\/sigacik-265x198.jpg 265w, https:\/\/blog.turkishairlines.com\/wp-content\/uploads\/2021\/05\/sigacik-853x640.jpg 853w, https:\/\/blog.turkishairlines.com\/wp-content\/uploads\/2021\/05\/sigacik.jpg 1183w\" sizes=\"auto, (max-width: 1024px) 100vw, 1024px\" \/><figcaption class=\"wp-element-caption\">T\u00fcrkiye\u2019de Cittaslow unvan\u0131n\u0131 alan ilk yer olan Seferihisar\u2019\u0131n en g\u00fczel kasabalar\u0131ndan S\u0131\u011fac\u0131k.<\/figcaption><\/figure>\n\n\n\n<p class=\"wp-block-paragraph\">\u00c7e\u015fme&#8217;nin dinamizmi yerine sakin bir tatil ar\u0131yorsan\u0131z, Seferihisar tam size g\u00f6re. \u0130l\u00e7e, 2009&#8217;da T\u00fcrkiye&#8217;nin ilk Cittaslow (Sakin \u015eehir) unvan\u0131n\u0131 alarak k\u00fcresel a\u011fa kat\u0131ld\u0131. 1999&#8217;da \u0130talya&#8217;da kurulan Cittaslow a\u011f\u0131, k\u00fcreselle\u015fmenin getirdi\u011fi ayn\u0131la\u015fmay\u0131 reddedip yerel mutfak, mimari, gelenek ve zanaatlar\u0131 korumay\u0131 ama\u00e7l\u0131yor.<\/p>\n\n\n\n<p class=\"wp-block-paragraph\">Seferihisar&#8217;da g\u00f6rmeniz gereken ilk yerlerden biri Teos Antik Kenti. Dionysos Tap\u0131na\u011f\u0131, agora, tiyatro, sarn\u0131\u00e7 ve antik liman kal\u0131nt\u0131lar\u0131yla b\u00f6lgenin en \u00f6nemli arkeolojik alanlar\u0131ndan biri. Tarihi atmosferi tamamlayan bir di\u011fer durak ise S\u0131\u011fac\u0131k. Cumbal\u0131 ta\u015f evleri, dar sokaklar\u0131 ve S\u0131\u011fac\u0131k Kalesi&#8217;nin surlar\u0131 i\u00e7inde her pazar kurulan \u00fcretici pazar\u0131, il\u00e7enin imzas\u0131 haline gelmi\u015f durumda.<\/p>\n\n\n\n<p class=\"wp-block-paragraph\">Plaj taraf\u0131nda Akkum Plaj\u0131 en bilineni. Mavi bayrakl\u0131, ince kumlu ve genellikle r\u00fczgarl\u0131 oldu\u011fu i\u00e7in r\u00fczgar s\u00f6rf\u00fc ve yelken i\u00e7in tercih ediliyor. Halk plaj\u0131 k\u0131sm\u0131na giri\u015f \u00fccretsiz, sadece \u015fezlong ve \u015femsiye i\u015fletmeye g\u00f6re de\u011fi\u015fen \u00fccretlerle kiralan\u0131yor. Akarca Plaj\u0131 ise s\u0131\u011f ve dalgas\u0131z yap\u0131s\u0131yla \u00e7ocuklu aileler i\u00e7in daha uygun, yine mavi bayrakl\u0131 bir halk plaj\u0131. &#8220;Seferihisar&#8217;\u0131n Maldivleri&#8221; olarak an\u0131lan Ekmeksiz Plaj\u0131, S\u0131\u011fac\u0131k Ekmeksiz Tabiat Park\u0131 i\u00e7inde 2020 yaz sezonunda halka a\u00e7\u0131ld\u0131 ve h\u0131zla pop\u00fclerle\u015fti. Sahile inen patika \u00e7am a\u011fa\u00e7lar\u0131n\u0131n aras\u0131ndan ge\u00e7iyor.<\/p>\n\n\n\n<p class=\"wp-block-paragraph\">Seferihisar&#8217;da denize girmek i\u00e7in di\u011fer alternatifler aras\u0131nda Do\u011fanbey ve \u00dcrkmez plajlar\u0131, \u00c7am\u00e7az Koyu ve Girlen Plaj\u0131 say\u0131labilir.<\/p>\n\n\n\n<hr class=\"wp-block-separator has-text-color has-alpha-channel-opacity has-background is-style-wide\" style=\"background-color:#ebebeb;color:#ebebeb\"\/>\n\n\n\n    <div class=\"thy-widget-all \" adult=\"1\" child=\"0\" baby=\"0\" widget-num=\"833059\">\n        <div class=\"thy-widget-top\">\n            <div class=\"thy-widget-logo\">\n                <svg xmlns=\"http:\/\/www.w3.org\/2000\/svg\" xmlns:xlink=\"http:\/\/www.w3.org\/1999\/xlink\" width=\"49\"\n                    height=\"49.003\" viewBox=\"0 0 49 49.003\">\n                    <defs>\n                        <clipPath id=\"clip-thy-logo\">\n                            <rect id=\"Rectangle_9\" data-name=\"Rectangle 9\" width=\"49\" height=\"49.003\" fill=\"none\">\n                            <\/rect>\n                        <\/clipPath>\n                    <\/defs>\n                    <g id=\"Group_5\" data-name=\"Group 5\" clip-path=\"url(#clip-thy-logo)\">\n                        <path id=\"Path_16\" data-name=\"Path 16\"\n                            d=\"M27.063.134A24.507,24.507,0,1,1,24.491,0a25.722,25.722,0,0,1,2.572.134M28.326,47.29A23.11,23.11,0,1,0,13.683,4.078c11.1,3.762,17.06,9.484,17.473,15.344.2,3.62-1.479,6.237-3.69,8.369l15.688-1.1c.443-.03.583.486.046.641L5.782,38.065A23.079,23.079,0,0,0,28.326,47.29M18.032,25.037c2.053-7.71-.288-15.791-5.888-20.073A23.114,23.114,0,0,0,4.962,36.847c5.961-1.661,11.205-4.8,13.07-11.81\"\n                            transform=\"translate(0 0)\" fill=\"#fff\"><\/path>\n                        <path id=\"Path_17\" data-name=\"Path 17\"\n                            d=\"M46.359,19.744A23.111,23.111,0,0,1,4.854,37.135L42.272,26.406c.537-.155.4-.671-.046-.641l-15.688,1.1c2.211-2.135,3.893-4.749,3.69-8.369C29.815,12.632,23.851,6.91,12.755,3.148a23.1,23.1,0,0,1,33.6,16.6M.779,27.4a23.005,23.005,0,0,0,3.252,8.518c5.964-1.661,11.208-4.8,13.073-11.81,2.053-7.71-.288-15.791-5.888-20.073A23.11,23.11,0,0,0,.779,27.4\"\n                            transform=\"translate(0.928 0.93)\" fill=\"#bd061b\"><\/path>\n                    <\/g>\n                <\/svg>\n            <\/div>\n            <div>\n                <div class=\"thy-widget-title\">D\u00fcnya daha b\u00fcy\u00fck. Ke\u015ffet.<\/div>\n            <\/div>\n        <\/div>\n        <hr color=\"#F4F6F8\" style=\"margin:0px;\">\n        <div class=\"thy-widget-radio-buttons\">\n            <label class=\"thy-radiobutton\">Gidi\u015f D\u00f6n\u00fc\u015f\n                <input type=\"radio\" id=\"thy-trip\" class=\"thy-road\" name=\"thy-road-833059\" value=\"thy-trip\" checked>\n                <span class=\"thy-checkmark\"><\/span>\n            <\/label>\n            <label class=\"thy-radiobutton\">Tek y\u00f6n\n                <input type=\"radio\" id=\"thy-oneway\" class=\"thy-road\" name=\"thy-road-833059\" value=\"thy-oneway\">\n                <span class=\"thy-checkmark\"><\/span>\n            <\/label>\n        <\/div>\n        <div class=\"thy-widget-inputs\">\n            <div class=\"thy-input-form\">\n                <div style=\"margin-right: 10px;\" class=\"thy-first-field\">\n                    <div class=\"thy-field\">\n                        <input class=\"thy-input thy-field-from\" type=\"text\" name=\"thy-field-from\" value=\"\"\n                            autocomplete=\"off\" required>\n                        <label for=\"thy-field-from\" title=\"Nereden?\"><\/label>\n                        <div class=\"thy-field-from-popup\">\n                            <input class=\"thy-input-popup thy-field-from-popup-input\" type=\"text\" name=\"thy-field-from-open\" data=\"\"\n                                 autocomplete=\"off\" required>\n                            <label title=\"Nereden?\"><\/label>\n                            <hr class=\"thy-popup-line\">\n                            <div class=\"thy-popup-airports\">\n                                <span>Havaliman\u0131<\/span>\n                                <div class=\"thy-popup-airport-list\">\n                                    <!-- \n                                    <div class=\"thy-popup-airport-row\">\n                                        <svg xmlns=\"http:\/\/www.w3.org\/2000\/svg\" width=\"24\" height=\"12.383\"\n                                            viewBox=\"0 0 24 12.383\">\n                                            <g id=\"black\" transform=\"translate(0 -6.33)\">\n                                                <path id=\"Path_83\" data-name=\"Path 83\"\n                                                    d=\"M21.4,10.01H6.09L1,6.33H0l1.9,4.19a4.18,4.18,0,0,0,3.7,2.453H21.4c1.19,0,2.6-.62,2.6-1.38,0-.78-1.41-1.582-2.6-1.582Zm-13.03,8.7h1l6-4.55H11.89a2.19,2.19,0,0,0-2,1.25l-1.52,3.3Z\"\n                                                    fill=\"#232b38\" \/>\n                                            <\/g>\n                                        <\/svg>\n                                        <div class=\"thy-popup-airport-names\">\n                                            <span class=\"thy-popup-airport-location\">New York, Amerika Birle\u015fik\n                                                Devletleri<\/span>\n                                            <span class=\"thy-popup-airport-name\">John F. Kennedy Uluslararas\u0131\n                                                Havaliman\u0131, JFK<\/span>\n                                        <\/div>\n                                    <\/div>\n                                    <hr>\n                                    <div class=\"thy-popup-airport-row\">\n                                        <svg xmlns=\"http:\/\/www.w3.org\/2000\/svg\" width=\"24\" height=\"12.383\"\n                                            viewBox=\"0 0 24 12.383\">\n                                            <g id=\"black\" transform=\"translate(0 -6.33)\">\n                                                <path id=\"Path_83\" data-name=\"Path 83\"\n                                                    d=\"M21.4,10.01H6.09L1,6.33H0l1.9,4.19a4.18,4.18,0,0,0,3.7,2.453H21.4c1.19,0,2.6-.62,2.6-1.38,0-.78-1.41-1.582-2.6-1.582Zm-13.03,8.7h1l6-4.55H11.89a2.19,2.19,0,0,0-2,1.25l-1.52,3.3Z\"\n                                                    fill=\"#232b38\" \/>\n                                            <\/g>\n                                        <\/svg>\n                                        <div class=\"thy-popup-airport-names\">\n                                            <span class=\"thy-popup-airport-location\">Sapporo, Japonya<\/span>\n                                            <span class=\"thy-popup-airport-name\">New Chitose Havaliman\u0131, CTS<\/span>\n                                        <\/div>\n                                    <\/div>\n                                    <hr>\n                                    <div class=\"thy-popup-airport-row\">\n                                        <svg xmlns=\"http:\/\/www.w3.org\/2000\/svg\" width=\"24\" height=\"12.383\"\n                                            viewBox=\"0 0 24 12.383\">\n                                            <g id=\"black\" transform=\"translate(0 -6.33)\">\n                                                <path id=\"Path_83\" data-name=\"Path 83\"\n                                                    d=\"M21.4,10.01H6.09L1,6.33H0l1.9,4.19a4.18,4.18,0,0,0,3.7,2.453H21.4c1.19,0,2.6-.62,2.6-1.38,0-.78-1.41-1.582-2.6-1.582Zm-13.03,8.7h1l6-4.55H11.89a2.19,2.19,0,0,0-2,1.25l-1.52,3.3Z\"\n                                                    fill=\"#232b38\" \/>\n                                            <\/g>\n                                        <\/svg>\n                                        <div class=\"thy-popup-airport-names\">\n                                            <span class=\"thy-popup-airport-location\">Buenos Aires, Arjantin<\/span>\n                                            <span class=\"thy-popup-airport-name\">Jorge Newbery Havaliman\u0131, AEP<\/span>\n                                        <\/div>\n                                    <\/div>\n                                    <hr>\n                                    <a class=\"thy-all-airports\" href=\"\">T\u00fcm U\u00e7u\u015f Noktalar\u0131n\u0131 G\u00f6r<\/a>\n                                    -->\n                                <\/div>\n                            <\/div>\n                        <\/div>\n\n                    <\/div>\n                <\/div>\n                <button class=\"thy-widget-change-locations\">\n                    <svg xmlns=\"http:\/\/www.w3.org\/2000\/svg\" width=\"33\" height=\"33\" viewBox=\"0 0 33 33\">\n                        <g id=\"change-boxed\" transform=\"translate(0.5 0.5)\">\n                            <path id=\"Path_44\" data-name=\"Path 44\" d=\"M16,0A16,16,0,1,1,0,16,16,16,0,0,1,16,0Z\"\n                                fill=\"#fff\" stroke=\"#647280\" stroke-width=\"1\"><\/path>\n                            <g id=\"Group_42\" data-name=\"Group 42\" transform=\"translate(4 4)\">\n                                <circle id=\"Ellipse_2\" data-name=\"Ellipse 2\" cx=\"12.5\" cy=\"12.5\" r=\"12.5\"\n                                    transform=\"translate(-0.5 -0.5)\" fill=\"#fff\"><\/circle>\n                                <g id=\"Group_41\" data-name=\"Group 41\" transform=\"translate(7 5)\">\n                                    <path id=\"Path_42\" data-name=\"Path 42\"\n                                        d=\"M5,1.91V0L2.5,2.545,5,5.091V3.18A3.8,3.8,0,0,1,8.75,7a4.159,4.159,0,0,1-.438,1.782l.938.954A5.757,5.757,0,0,0,10,7,5.06,5.06,0,0,0,5,1.91Zm0,8.908A3.8,3.8,0,0,1,1.25,7a4.159,4.159,0,0,1,.438-1.782L.75,4.264A5.757,5.757,0,0,0,0,7a5.06,5.06,0,0,0,5,5.09V14l2.5-2.545L5,8.909v1.91Z\"\n                                        fill=\"#647280\"><\/path>\n                                    <g id=\"Group_40\" data-name=\"Group 40\">\n                                        <path id=\"Path_43\" data-name=\"Path 43\" d=\"M-7-5H17V19H-7Z\" fill=\"none\"\n                                            fill-rule=\"evenodd\"><\/path>\n                                    <\/g>\n                                <\/g>\n                            <\/g>\n                        <\/g>\n                    <\/svg>\n\n                <\/button>\n                <div class=\"thy-second-field\">\n                    <div class=\"thy-field\">\n                        <input class=\"thy-input thy-field-to\" type=\"text\" name=\"thy-field-from\" autocomplete=\"off\"  value=\"\"\n                            required>\n                        <label for=\"thy-field-to\" title=\"Nereye?\"><\/label>\n                        <div class=\"thy-field-from-popup\">\n                            <input class=\"thy-input-popup thy-field-to-popup-input\" type=\"text\" name=\"thy-field-to-open\" data=\"\"\n                                 autocomplete=\"off\" required>\n                            <label for=\"thy-field-to-popup\" title=\"Nereye?\"><\/label>\n                            <hr class=\"thy-popup-line\">\n                            <div class=\"thy-popup-airports\">\n                                <span>Havaliman\u0131<\/span>\n                                <div class=\"thy-popup-airport-list\">\n                                    <!-- \n                                    <div class=\"thy-popup-airport-row\">\n                                        <svg xmlns=\"http:\/\/www.w3.org\/2000\/svg\" width=\"24\" height=\"12.383\"\n                                            viewBox=\"0 0 24 12.383\">\n                                            <g id=\"black\" transform=\"translate(0 -6.33)\">\n                                                <path id=\"Path_83\" data-name=\"Path 83\"\n                                                    d=\"M21.4,10.01H6.09L1,6.33H0l1.9,4.19a4.18,4.18,0,0,0,3.7,2.453H21.4c1.19,0,2.6-.62,2.6-1.38,0-.78-1.41-1.582-2.6-1.582Zm-13.03,8.7h1l6-4.55H11.89a2.19,2.19,0,0,0-2,1.25l-1.52,3.3Z\"\n                                                    fill=\"#232b38\" \/>\n                                            <\/g>\n                                        <\/svg>\n                                        <div class=\"thy-popup-airport-names\">\n                                            <span class=\"thy-popup-airport-location\">New York, Amerika Birle\u015fik\n                                                Devletleri<\/span>\n                                            <span class=\"thy-popup-airport-name\">John F. Kennedy Uluslararas\u0131\n                                                Havaliman\u0131, JFK<\/span>\n                                        <\/div>\n                                    <\/div>\n                                    <hr>\n                                    <div class=\"thy-popup-airport-row\">\n                                        <svg xmlns=\"http:\/\/www.w3.org\/2000\/svg\" width=\"24\" height=\"12.383\"\n                                            viewBox=\"0 0 24 12.383\">\n                                            <g id=\"black\" transform=\"translate(0 -6.33)\">\n                                                <path id=\"Path_83\" data-name=\"Path 83\"\n                                                    d=\"M21.4,10.01H6.09L1,6.33H0l1.9,4.19a4.18,4.18,0,0,0,3.7,2.453H21.4c1.19,0,2.6-.62,2.6-1.38,0-.78-1.41-1.582-2.6-1.582Zm-13.03,8.7h1l6-4.55H11.89a2.19,2.19,0,0,0-2,1.25l-1.52,3.3Z\"\n                                                    fill=\"#232b38\" \/>\n                                            <\/g>\n                                        <\/svg>\n                                        <div class=\"thy-popup-airport-names\">\n                                            <span class=\"thy-popup-airport-location\">Sapporo, Japonya<\/span>\n                                            <span class=\"thy-popup-airport-name\">New Chitose Havaliman\u0131, CTS<\/span>\n                                        <\/div>\n                                    <\/div>\n                                    <hr>\n                                    <div class=\"thy-popup-airport-row\">\n                                        <svg xmlns=\"http:\/\/www.w3.org\/2000\/svg\" width=\"24\" height=\"12.383\"\n                                            viewBox=\"0 0 24 12.383\">\n                                            <g id=\"black\" transform=\"translate(0 -6.33)\">\n                                                <path id=\"Path_83\" data-name=\"Path 83\"\n                                                    d=\"M21.4,10.01H6.09L1,6.33H0l1.9,4.19a4.18,4.18,0,0,0,3.7,2.453H21.4c1.19,0,2.6-.62,2.6-1.38,0-.78-1.41-1.582-2.6-1.582Zm-13.03,8.7h1l6-4.55H11.89a2.19,2.19,0,0,0-2,1.25l-1.52,3.3Z\"\n                                                    fill=\"#232b38\" \/>\n                                            <\/g>\n                                        <\/svg>\n                                        <div class=\"thy-popup-airport-names\">\n                                            <span class=\"thy-popup-airport-location\">Buenos Aires, Arjantin<\/span>\n                                            <span class=\"thy-popup-airport-name\">Jorge Newbery Havaliman\u0131, AEP<\/span>\n                                        <\/div>\n                                    <\/div>\n                                    <hr>\n                                    <a class=\"thy-all-airports\" href=\"\">T\u00fcm U\u00e7u\u015f Noktalar\u0131n\u0131 G\u00f6r<\/a>\n                                    -->\n                                <\/div>\n                            <\/div>\n                        <\/div>\n                    <\/div>\n                <\/div>\n            <\/div>\n\n            <div class=\"thy-widget-trip\">\n                <div class=\"thy-input-date \">\n                    <input type=\"text\" name=\"thy-field-trip-date\" id=\"thy-field-trip-date-1017688\" autocomplete=\"off\" value=\"\" required inputmode=\"none\">\n                    <div class=\"thy-date-field-cover\" style=\"\">\n                        <div class=\"thy-date-field-first\">\n                            <div>Gidi\u015f<\/div>\n                            <div class=\"thy-date-calendar\"><\/div>\n                            <div class=\"thy-date-day\"><\/div>\n                        <\/div>\n                        <div class=\"thy-date-field-last\" style=\"\">\n                            <div>D\u00f6n\u00fc\u015f<\/div>\n                            <div class=\"thy-date-calendar\"><\/div>\n                            <div class=\"thy-date-day\"><\/div>\n                        <\/div>\n                    <\/div>\n                    <label for=\"thy-field-trip-date\" title=\"Tarih\"><\/label>\n                    <span class=\"thy-trip-date-focus\"><\/span>\n                    <div style=\"position: absolute;left: 15px;top: 22px;\">\n                        <svg xmlns=\"http:\/\/www.w3.org\/2000\/svg\" width=\"20\" height=\"20\" viewBox=\"0 0 20 20\">\n                            <path id=\"booking-calendar-icon-gray\"\n                                d=\"M18,3a2,2,0,0,1,2,2V18a2,2,0,0,1-2,2H2a2,2,0,0,1-2-2V5A2,2,0,0,1,2,3H4V5H5V0H7V3h7V5h1V0h2V3Zm0,15L18,7H2V18ZM4,9H7v3H4ZM9,9h7v2H9Z\"\n                                fill=\"#647280\" \/>\n                        <\/svg>\n                    <\/div>\n                    <div class=\"thy-trip-date-select\">\n                        <div class=\"thy-trip-date-select-top\">\n                            <p class=\"thy-date-select-title thy-date-select-title-enter\">Giri\u015f Tarihi Se\u00e7iniz<\/p>\n                            <p class=\"thy-date-select-title thy-date-select-title-out\">D\u00f6n\u00fc\u015f Tarihi Se\u00e7iniz<\/p>\n                            <!--\n                            <div class=\"thy-date-select-checkboxes thy-hide-m\">\n                                <div>\n                                    <input type=\"checkbox\" name=\"thy-trip-flexible\" id=\"thy-trip-flexible\">\n                                    <label for=\"thy-trip-flexible\">Gidi\u015f-D\u00f6n\u00fc\u015f \u0130\u00e7in Esnek Tarihler<\/label>\n                                <\/div>\n                                <div>\n                                    <input type=\"checkbox\" name=\"thy-trip-direct\" id=\"thy-trip-direct\">\n                                    <label for=\"thy-trip-direct\">Sadece direkt u\u00e7u\u015flar\u0131 g\u00f6ster<\/label>\n                                <\/div>\n                            <\/div>\n                            -->\n                        <\/div>\n                        <hr>\n                        <div  class=\"thy-trip-date-modal\"><\/div>\n                    <\/div>\n                <\/div>\n            <\/div>\n            <div>\n                <div class=\"thy-field thy-field-passengers\"> \n                    <input type=\"text\" name=\"thy-field-passengers\" class=\"thy-field-passengers-input\" autocomplete=\"off\" value=\"1 Yolcu\" required inputmode=\"none\">\n                    <label for=\"thy-field-passengers\" title=\"Yolcular\"><\/label>\n                    <span class=\"thy-passengers-focus\"><\/span>\n\n                    <div class=\"thy-passengers-window\">\n                        <div class=\"thy-passengers-title\">\n                            <span>Kabin T\u00fcr\u00fc<\/span>\n                        <\/div>\n                        <div class=\"thy-passengers-cabins\">\n                            <label class=\"thy-economy-class thy-radiobutton-cabin-type thy-selectable\">\n                            Ekonomi Kabini\n                                <input type=\"radio\" id=\"thy-economy-type\" name=\"thy-passenger-type-833059\"\n                                    value=\"thy-economy-class\" checked>\n                                <span class=\"thy-checkmark-cabin-type\"><\/span>\n                            <\/label>\n                            <label class=\"thy-business-class thy-radiobutton-cabin-type thy-selectable\">\n                            Business Kabini\n                                <input type=\"radio\" id=\"thy-business-type\" name=\"thy-passenger-type-833059\"\n                                    value=\"thy-business-class\">\n                                <span class=\"thy-checkmark-cabin-type\"><\/span>\n                            <\/label>\n                        <\/div>\n                        <div class=\"thy-passenger-numbers\">\n                            <div class=\"thy-passenger-number-title\">Yolcu Say\u0131s\u0131<\/div>\n                            <div class=\"thy-passenger-list thy-adult-passenger\">\n                                <div class=\"thy-passenger-info\">\n                                    <div class=\"thy-passenger-text\">\n                                        <div>Yeti\u015fkin Yolcu<\/div>\n                                        <div class=\"thy-passenger-text-hint\">12 + Ya\u015f<\/div>\n                                    <\/div>\n                                <\/div>\n                                <div class=\"thy-passenger-buttons \">\n                                    <button class=\"thy-passengers-minus-btn\"><\/button>\n                                    <div class=\"thy-passenger-number\">1<\/div>\n                                    <button class=\"thy-passengers-plus-btn\"><\/button>\n                                <\/div>\n                            <\/div>\n                            <hr class=\"thy-passenger-hr\">\n                            <div class=\"thy-passenger-list thy-child-passenger\">\n                            <div class=\"thy-passenger-info\">\n                                <div class=\"thy-passenger-text\">\n                                    <div>\u00c7ocuk Yolcu<\/div>\n                                    <div class=\"thy-passenger-text-hint\">2 - 12 Ya\u015f<\/div>\n                                <\/div>\n                            <\/div>\n                            <div class=\"thy-passenger-buttons \">\n                                <button class=\"thy-passengers-minus-btn\"><\/button>\n                                <div class=\"thy-passenger-number\">0<\/div>\n                                <button class=\"thy-passengers-plus-btn\"><\/button>\n                            <\/div>\n                        <\/div>\n\n                            <hr class=\"thy-passenger-hr\">\n                            <div class=\"thy-passenger-list thy-baby-passenger\">\n                                <div class=\"thy-passenger-info\">\n                                    <div class=\"thy-passenger-text\">\n                                        <div>Bebek Yolcu<\/div>\n                                        <div class=\"thy-passenger-text-hint\">0 - 2 Ya\u015f<\/div>\n                                    <\/div>\n                                <\/div>\n                                <div class=\"thy-passenger-buttons \">\n                                    <button class=\"thy-passengers-minus-btn\"><\/button>\n                                    <div class=\"thy-passenger-number\">0<\/div>\n                                    <button class=\"thy-passengers-plus-btn\"><\/button>\n                                <\/div>\n                            <\/div>\n                            <!--\n                            <hr class=\"thy-passenger-hr\">\n                            <div class=\"thy-passenger-list thy-disabled-passenger\">\n                                <div class=\"thy-passenger-info\">\n                                    <div class=\"thy-passenger-text\">\n                                        <div>Engelli<\/div>\n                                    <\/div>\n                                <\/div>\n                                <div class=\"thy-passenger-buttons \">\n                                    <button class=\"thy-passengers-minus-btn\"><\/button>\n                                    <div class=\"thy-passenger-number\">0<\/div>\n                                    <button class=\"thy-passengers-plus-btn\"><\/button>\n                                <\/div>\n                            <\/div>\n                            <hr class=\"thy-passenger-hr\">\n                            <div class=\"thy-passenger-list thy-student-passenger\">\n                                <div class=\"thy-passenger-info\">\n                                    <div class=\"thy-passenger-text\">\n                                        <div>\u00d6\u011frenci<\/div>\n                                    <\/div>\n                                <\/div>\n                                <div class=\"thy-passenger-buttons thy-student-passenger\">\n                                    <button class=\"thy-passengers-minus-btn\"><\/button>\n                                    <div class=\"thy-passenger-number\">0<\/div>\n                                    <button class=\"thy-passengers-plus-btn\"><\/button>\n                                <\/div>\n                            <\/div>\n                            <hr class=\"thy-passenger-hr\">\n                            <div class=\"thy-other-passenger-type\">\n                                <div class=\"thy-other-passenger-type-text\">Di\u011fer Yolcu Tipleri<\/div>\n                                <div>\n                                    <svg xmlns=\"http:\/\/www.w3.org\/2000\/svg\" width=\"11.166\" height=\"6.585\"\n                                        viewBox=\"0 0 11.166 6.585\">\n                                        <path id=\"chevron-lower-grey\"\n                                            d=\"M17.582,9.583a1,1,0,0,0-1.41,0l-3.88,3.88-3.88-3.88A1,1,0,0,0,7,10.993l4.59,4.59a1,1,0,0,0,1.41,0l4.59-4.59A1,1,0,0,0,17.582,9.583Z\"\n                                            transform=\"translate(-6.71 -9.291)\" fill=\"#ef2636\" \/>\n                                    <\/svg>\n                                <\/div>\n                            <\/div>\n                            -->\n                            <div class=\"passenger-buttons\">                                \n                                <button class=\"btn btn-sm btn-primary\" type=\"button\">Tamam<\/button> \n                            <\/div>\n                            <\/div>\n\n                    <\/div>\n                <\/div>\n            <\/div>\n\n            <div>\n                <input type=\"hidden\" name=\"departure_date\" id=\"departure_date\" value=\"\">\n                <input type=\"hidden\" name=\"return_date\" id=\"return_date\" value=\"\">\n                <button class=\"thy-form-btn search_fly\" type=\"submit\" id=\"search_fly\">\n                U\u00e7u\u015f Ara\n                    <svg xmlns=\"http:\/\/www.w3.org\/2000\/svg\" xmlns:xlink=\"http:\/\/www.w3.org\/1999\/xlink\" width=\"19\"\n                        height=\"19\" viewBox=\"0 0 19 19\">\n                        <defs>\n                            <clipPath id=\"thy-right-arrow\">\n                                <path id=\"Path_46\" data-name=\"Path 46\"\n                                    d=\"M0-10.7v2.4H14.408L7.8-1.7,9.5,0,19-9.5,9.5-19,7.8-17.3l6.6,6.6Z\"\n                                    fill=\"rgba(255,255,255,0.99)\" \/>\n                            <\/clipPath>\n                        <\/defs>\n                        <g id=\"Group_43\" data-name=\"Group 43\" transform=\"translate(0 19)\"\n                            clip-path=\"url(#thy-right-arrow)\">\n                            <path id=\"Path_45\" data-name=\"Path 45\" d=\"M-5,5H24V-24H-5Z\" fill=\"rgba(255,255,255,0.99)\" \/>\n                        <\/g>\n                    <\/svg>\n\n\n                <\/button>\n            <\/div>\n        <\/div>\n\n    <\/div>\n    \n\n\n\n<hr class=\"wp-block-separator has-text-color has-alpha-channel-opacity has-background is-style-wide\" style=\"background-color:#ebebeb;color:#ebebeb\"\/>\n\n\n\n<h2 class=\"wp-block-heading\"><strong>Fo\u00e7a plajlar\u0131<\/strong><\/h2>\n\n\n\n<figure class=\"wp-block-image size-large\"><img loading=\"lazy\" decoding=\"async\" width=\"1024\" height=\"767\" src=\"https:\/\/blog.turkishairlines.com\/wp-content\/uploads\/2021\/05\/siren-kayaliklari-1024x767.jpg\" alt=\"Fo\u00e7a\u2019da bulunan ve Homeros'un Odessa's\u0131nda bahsedilen Siren Kayal\u0131klar\u0131\" class=\"wp-image-24925\" srcset=\"https:\/\/blog.turkishairlines.com\/wp-content\/uploads\/2021\/05\/siren-kayaliklari-1024x767.jpg 1024w, https:\/\/blog.turkishairlines.com\/wp-content\/uploads\/2021\/05\/siren-kayaliklari-300x225.jpg 300w, https:\/\/blog.turkishairlines.com\/wp-content\/uploads\/2021\/05\/siren-kayaliklari-150x112.jpg 150w, https:\/\/blog.turkishairlines.com\/wp-content\/uploads\/2021\/05\/siren-kayaliklari-768x575.jpg 768w, https:\/\/blog.turkishairlines.com\/wp-content\/uploads\/2021\/05\/siren-kayaliklari-696x521.jpg 696w, https:\/\/blog.turkishairlines.com\/wp-content\/uploads\/2021\/05\/siren-kayaliklari-1068x800.jpg 1068w, https:\/\/blog.turkishairlines.com\/wp-content\/uploads\/2021\/05\/siren-kayaliklari-561x420.jpg 561w, https:\/\/blog.turkishairlines.com\/wp-content\/uploads\/2021\/05\/siren-kayaliklari-80x60.jpg 80w, https:\/\/blog.turkishairlines.com\/wp-content\/uploads\/2021\/05\/siren-kayaliklari-265x198.jpg 265w, https:\/\/blog.turkishairlines.com\/wp-content\/uploads\/2021\/05\/siren-kayaliklari-853x640.jpg 853w, https:\/\/blog.turkishairlines.com\/wp-content\/uploads\/2021\/05\/siren-kayaliklari.jpg 1183w\" sizes=\"auto, (max-width: 1024px) 100vw, 1024px\" \/><figcaption class=\"wp-element-caption\">Fo\u00e7a\u2019da bulunan ve Homeros&#8217;un Odessa&#8217;s\u0131nda bahsedilen Siren Kayal\u0131klar\u0131<\/figcaption><\/figure>\n\n\n\n<p class=\"wp-block-paragraph\">\u0130zmir tatil yerlerinden en kendine has olanlar\u0131ndan biri Fo\u00e7a. Sakin bir \u0130zmir tatil beldesinde arad\u0131\u011f\u0131n\u0131z her \u015feyi Fo\u00e7a\u2019n\u0131n tarihi sokaklar\u0131 ve b\u00fcy\u00fcleyici plajlar\u0131nda bulacaks\u0131n\u0131z.<\/p>\n\n\n\n<p class=\"wp-block-paragraph\">Eski Fo\u00e7a ve Yeni Fo\u00e7a olarak ikiye ayr\u0131lan bu tatil b\u00f6lgesine gitmek i\u00e7in <a href=\"https:\/\/www.turkishairlines.com\/tr-int\/arac-kiralama\/?utm_source=tkblog&amp;utm_medium=referral&amp;utm_campaign=tkblogpostbookaticket\" target=\"_blank\" rel=\"noreferrer noopener\">ara\u00e7 kiralayabilirsiniz<\/a>. Bu sayede Eski Fo\u00e7a ve Yeni Fo\u00e7a aras\u0131nda kalan b\u00fcy\u00fcleyici koylarda durup denize girebilirsiniz.<\/p>\n\n\n\n<p class=\"wp-block-paragraph\">Tarihi yakla\u015f\u0131k 2.700 y\u0131l \u00f6ncesine, Antik \u00c7a\u011f&#8217;daki \u0130yon kenti Phokaia&#8217;ya dayanan Fo\u00e7a, ad\u0131n\u0131 \u00e7evresindeki adalarda ya\u015fayan Akdeniz foklar\u0131ndan al\u0131yor. Gezi listenize Pers Mezar An\u0131t\u0131&#8217;n\u0131, Fatih Sultan Mehmet d\u00f6neminde camiye d\u00f6n\u00fc\u015ft\u00fcr\u00fclen Fatih Camii&#8217;ni, Be\u015fkap\u0131lar Kalesi&#8217;ni, Orta \u00c7a\u011f&#8217;dan kalma Fo\u00e7a Su Kemeri&#8217;ni ve yel de\u011firmenlerini ekleyebilirsiniz. G\u00fcn bat\u0131m\u0131n\u0131 izlemek i\u00e7in Seyir Tepesi tesisi panoramik bir manzara sunuyor.<\/p>\n\n\n\n<p class=\"wp-block-paragraph\">Fo\u00e7a&#8217;n\u0131n simge noktalar\u0131ndan biri Siren Kayal\u0131klar\u0131. Homeros&#8217;un Odysseia destan\u0131nda bahsedilen ve Odysseus&#8217;un kayal\u0131klara \u00e7arpmamak i\u00e7in kendini geminin dire\u011fine ba\u011flatt\u0131\u011f\u0131 sirenlerin bu kayal\u0131klarda ya\u015fad\u0131\u011f\u0131na inan\u0131l\u0131yor. Bug\u00fcn Orak Adas\u0131 yak\u0131n\u0131ndaki kayal\u0131klar Akdeniz foklar\u0131n\u0131n ya\u015fam alan\u0131 oldu\u011fu i\u00e7in \u00d6zel \u00c7evre Koruma B\u00f6lgesi stat\u00fcs\u00fcnde; denize girmek, dalmak ve adada kamp kurmak yasak. Kayal\u0131klara Fo\u00e7a liman\u0131ndan kalkan tekne turlar\u0131yla uzaktan bakmak m\u00fcmk\u00fcn.<\/p>\n\n\n\n<p class=\"wp-block-paragraph\">Plaj taraf\u0131nda Hanedan Plaj\u0131, Sazl\u0131ca Koyu, \u00c7anak Koyu ve Mersinaki Koyu \u00f6ne \u00e7\u0131kan duraklar. Yeni Fo\u00e7a Halk Plaj\u0131 mavi bayrakl\u0131 bir halk plaj\u0131 ve giri\u015fi \u00fccretsiz. Mersinaki Koyu i\u00e7indeki Kosova Plaj\u0131 ise \u00fccretli bir aile tesisi olarak i\u015fletiliyor; kamp\u00e7\u0131l\u0131k ve piknik i\u00e7in tercih ediliyor.<\/p>\n\n\n\n<hr class=\"wp-block-separator has-text-color has-alpha-channel-opacity has-background is-style-wide\" style=\"background-color:#ebebeb;color:#ebebeb\"\/>\n\n\n\n<h2 class=\"wp-block-heading\"><strong>Urla plajlar\u0131<\/strong><\/h2>\n\n\n\n<figure class=\"wp-block-image size-large\"><img loading=\"lazy\" decoding=\"async\" width=\"1024\" height=\"683\" src=\"https:\/\/blog.turkishairlines.com\/wp-content\/uploads\/2021\/05\/Urla-1024x683.jpg\" alt=\"Urla\u2019dan b\u00fcy\u00fcleyici bir g\u00fcn bat\u0131m\u0131 manzaras\u0131\" class=\"wp-image-24927\" srcset=\"https:\/\/blog.turkishairlines.com\/wp-content\/uploads\/2021\/05\/Urla-1024x683.jpg 1024w, https:\/\/blog.turkishairlines.com\/wp-content\/uploads\/2021\/05\/Urla-300x200.jpg 300w, https:\/\/blog.turkishairlines.com\/wp-content\/uploads\/2021\/05\/Urla-150x100.jpg 150w, https:\/\/blog.turkishairlines.com\/wp-content\/uploads\/2021\/05\/Urla-768x513.jpg 768w, https:\/\/blog.turkishairlines.com\/wp-content\/uploads\/2021\/05\/Urla-696x465.jpg 696w, https:\/\/blog.turkishairlines.com\/wp-content\/uploads\/2021\/05\/Urla-1068x713.jpg 1068w, https:\/\/blog.turkishairlines.com\/wp-content\/uploads\/2021\/05\/Urla-629x420.jpg 629w, https:\/\/blog.turkishairlines.com\/wp-content\/uploads\/2021\/05\/Urla.jpg 1254w\" sizes=\"auto, (max-width: 1024px) 100vw, 1024px\" \/><figcaption class=\"wp-element-caption\">Urla\u2019dan b\u00fcy\u00fcleyici bir g\u00fcn bat\u0131m\u0131 manzaras\u0131<\/figcaption><\/figure>\n\n\n\n<p class=\"wp-block-paragraph\">\u0130stanbul ya da di\u011fer b\u00fcy\u00fck\u015fehirlerden bir sahil kasabas\u0131na ta\u015f\u0131nmak isteyenlerin akl\u0131ndaki ilk duraklardan biri Urla. Gastronomik atmosferi, tertemiz havas\u0131 ve bakir koylar\u0131yla pop\u00fclerli\u011fi y\u0131llar i\u00e7inde s\u00fcrekli art\u0131yor.<\/p>\n\n\n\n<p class=\"wp-block-paragraph\">Urla&#8217;da plajlar\u0131n yan\u0131 s\u0131ra Karantina Adas\u0131, Klazomenai Antik Kenti, K\u00f6stem Zeytinya\u011f\u0131 M\u00fczesi, Barbaros K\u00f6y\u00fc, Bademler K\u00f6y\u00fc, hediyelik e\u015fya i\u00e7in Sanat Soka\u011f\u0131 ve haftal\u0131k Malgaca Pazar\u0131 gezi listesine eklenebilecek noktalar\u0131n ba\u015f\u0131nda geliyor.<\/p>\n\n\n\n<p class=\"wp-block-paragraph\">Plaj taraf\u0131nda Urla iki ana hat sunuyor. G\u00fcneye do\u011fru ilerledi\u011finizde daha sakin ve yerel halk\u0131n bildi\u011fi noktalara ula\u015f\u0131yorsunuz: Alt\u0131nk\u00f6y Plaj\u0131, Demircili Plaj\u0131, Deniz Y\u0131ld\u0131z\u0131 Plaj\u0131, Melenge\u00e7 Beach ve Bodrum Koyu. Kuzey k\u0131y\u0131s\u0131nda ise \u00c7e\u015fmealt\u0131 Plaj\u0131, Kum Denizi Plaj\u0131, \u00d6zbek Akkum Plaj\u0131 ve G\u00fclbah\u00e7e Sahili yer al\u0131yor. Yass\u0131ca Ada da tekne turlar\u0131n\u0131n u\u011frak adresi.<\/p>\n\n\n\n<hr class=\"wp-block-separator has-text-color has-alpha-channel-opacity has-background is-style-wide\" style=\"background-color:#ebebeb;color:#ebebeb\"\/>\n\n\n\n<h2 class=\"wp-block-heading\"><strong>Karaburun plajlar\u0131<\/strong><\/h2>\n\n\n\n<figure class=\"wp-block-image size-large\"><img loading=\"lazy\" decoding=\"async\" width=\"1024\" height=\"421\" src=\"https:\/\/blog.turkishairlines.com\/wp-content\/uploads\/2021\/05\/Karaburun-izmir-1024x421.jpg\" alt=\"E\u015fsiz do\u011fas\u0131yla Karaburun\" class=\"wp-image-24935\" srcset=\"https:\/\/blog.turkishairlines.com\/wp-content\/uploads\/2021\/05\/Karaburun-izmir-1024x421.jpg 1024w, https:\/\/blog.turkishairlines.com\/wp-content\/uploads\/2021\/05\/Karaburun-izmir-300x123.jpg 300w, https:\/\/blog.turkishairlines.com\/wp-content\/uploads\/2021\/05\/Karaburun-izmir-150x62.jpg 150w, https:\/\/blog.turkishairlines.com\/wp-content\/uploads\/2021\/05\/Karaburun-izmir-768x315.jpg 768w, https:\/\/blog.turkishairlines.com\/wp-content\/uploads\/2021\/05\/Karaburun-izmir-1536x631.jpg 1536w, https:\/\/blog.turkishairlines.com\/wp-content\/uploads\/2021\/05\/Karaburun-izmir-696x286.jpg 696w, https:\/\/blog.turkishairlines.com\/wp-content\/uploads\/2021\/05\/Karaburun-izmir-1068x439.jpg 1068w, https:\/\/blog.turkishairlines.com\/wp-content\/uploads\/2021\/05\/Karaburun-izmir-1022x420.jpg 1022w, https:\/\/blog.turkishairlines.com\/wp-content\/uploads\/2021\/05\/Karaburun-izmir.jpg 1597w\" sizes=\"auto, (max-width: 1024px) 100vw, 1024px\" \/><figcaption class=\"wp-element-caption\">E\u015fsiz do\u011fas\u0131yla Karaburun<\/figcaption><\/figure>\n\n\n\n<p class=\"wp-block-paragraph\">Tertemiz do\u011fa i\u00e7inde sakinli\u011fin tad\u0131na varmak isteyenler i\u00e7in Karaburun, \u0130zmir plajlar\u0131 aras\u0131nda ideal bir alternatif. Urla&#8217;n\u0131n kuzeyinde yer alan Karaburun, \u0130zmir&#8217;in en k\u00fc\u00e7\u00fck il\u00e7esi. \u015eirin k\u00f6yleri, bakir do\u011fas\u0131 ve az bilinen koylar\u0131yla sakl\u0131 bir cennet niteli\u011fi ta\u015f\u0131yor.<\/p>\n\n\n\n<p class=\"wp-block-paragraph\">Sarp\u0131nc\u0131k Deniz Feneri, Sazak K\u00f6y\u00fc ve Ay\u015fe Kad\u0131n Camii il\u00e7edeki k\u00fclt\u00fcrel u\u011fraklar aras\u0131nda. Karaburun yar\u0131madas\u0131ndaki k\u00fc\u00e7\u00fck k\u00f6yleri ve koylar\u0131 ara\u00e7la dola\u015fmak, il\u00e7enin do\u011fas\u0131n\u0131 anlaman\u0131n en iyi yolu.<\/p>\n\n\n\n<p class=\"wp-block-paragraph\">Plaj olarak Mimoza Koyu, Ay\u0131 Bal\u0131\u011f\u0131 Koyu, \u0130ncirlik\u00f6y Plaj\u0131, Hamzab\u00fck\u00fc, Badem B\u00fck\u00fc ve Boyaba\u011f\u0131 Koyu Karaburun&#8217;da ilk s\u0131rada gelen alternatifler. Baz\u0131 koylarda kamp alanlar\u0131 bulunuyor. Dal\u0131\u015f merakl\u0131lar\u0131n\u0131n yeni g\u00f6zdesi olan b\u00f6lge, t\u00fcpl\u00fc ve t\u00fcps\u00fcz dal\u0131\u015f i\u00e7in de uygun. Bal\u0131kl\u0131ova&#8217;dan ge\u00e7erken me\u015fhur un kurabiyesinden almay\u0131 unutmay\u0131n.<\/p>\n\n\n\n<hr class=\"wp-block-separator has-text-color has-alpha-channel-opacity has-background is-style-wide\" style=\"background-color:#ebebeb;color:#ebebeb\"\/>\n\n\n\n<h2 class=\"wp-block-heading\"><strong>Dikili plajlar\u0131<\/strong><\/h2>\n\n\n\n<figure class=\"wp-block-image size-large\"><img loading=\"lazy\" decoding=\"async\" width=\"1024\" height=\"515\" src=\"https:\/\/blog.turkishairlines.com\/wp-content\/uploads\/2021\/05\/izmir-plajlari-dikili-1024x515.jpg\" alt=\"G\u00fcn bat\u0131m\u0131n\u0131n s\u0131cak \u0131\u015f\u0131klar\u0131 alt\u0131nda Ege Denizi'nin turkuaz sular\u0131, uzun kumsal\u0131 ve arka plandaki tepeleriyle Dikili sahil \u015feridi\" class=\"wp-image-64985\" srcset=\"https:\/\/blog.turkishairlines.com\/wp-content\/uploads\/2021\/05\/izmir-plajlari-dikili-1024x515.jpg 1024w, https:\/\/blog.turkishairlines.com\/wp-content\/uploads\/2021\/05\/izmir-plajlari-dikili-300x151.jpg 300w, https:\/\/blog.turkishairlines.com\/wp-content\/uploads\/2021\/05\/izmir-plajlari-dikili-150x75.jpg 150w, https:\/\/blog.turkishairlines.com\/wp-content\/uploads\/2021\/05\/izmir-plajlari-dikili-768x386.jpg 768w, https:\/\/blog.turkishairlines.com\/wp-content\/uploads\/2021\/05\/izmir-plajlari-dikili-835x420.jpg 835w, https:\/\/blog.turkishairlines.com\/wp-content\/uploads\/2021\/05\/izmir-plajlari-dikili-696x350.jpg 696w, https:\/\/blog.turkishairlines.com\/wp-content\/uploads\/2021\/05\/izmir-plajlari-dikili-1068x537.jpg 1068w, https:\/\/blog.turkishairlines.com\/wp-content\/uploads\/2021\/05\/izmir-plajlari-dikili.jpg 1084w\" sizes=\"auto, (max-width: 1024px) 100vw, 1024px\" \/><figcaption class=\"wp-element-caption\">G\u00fcn bat\u0131m\u0131n\u0131n s\u0131cak \u0131\u015f\u0131klar\u0131 alt\u0131nda Ege Denizi&#8217;nin turkuaz sular\u0131, uzun kumsal\u0131 ve arka plandaki tepeleriyle Dikili sahil \u015feridi<\/figcaption><\/figure>\n\n\n\n<p class=\"wp-block-paragraph\">Midilli Adas\u0131&#8217;n\u0131n hemen kar\u015f\u0131s\u0131nda konumlanan Dikili, sakin bir tatil i\u00e7in bi\u00e7ilmi\u015f kaftan. Tarihi de zengin: il\u00e7edeki Atarneus Antik Kenti, Pitane Antik Kenti ve \u00c7andarl\u0131 Kalesi tarih merakl\u0131lar\u0131n\u0131n listesinde olmal\u0131. B\u00f6lgenin en bilinen antik kenti Pergamon (Bergama) ise Dikili&#8217;ye yak\u0131n mesafede.<\/p>\n\n\n\n<p class=\"wp-block-paragraph\">Do\u011fa taraf\u0131nda Atat\u00fcrk Botanik Bah\u00e7esi, Karag\u00f6l Tabiat Park\u0131, Nebiler K\u00f6y\u00fc ve A\u015f\u0131klar \u015eelalesi y\u00fcr\u00fcy\u00fc\u015f\u00e7\u00fcleri bekliyor. Plaj taraf\u0131nda Kayra Plaj\u0131, Dikili Halk Plaj\u0131, Hay\u0131tl\u0131 Koyu, K\u00fc\u00e7\u00fck Zindanc\u0131k Koyu, \u00c7andarl\u0131 Plaj\u0131 ve Pissa Plaj\u0131 ilk akla gelen yerler. Baz\u0131 koylarda kamp imkan\u0131 da bulunuyor.<\/p>\n\n\n\n<hr class=\"wp-block-separator has-text-color has-alpha-channel-opacity has-background is-style-wide\" style=\"background-color:#ebebeb;color:#ebebeb\"\/>\n\n\n\n<h2 class=\"wp-block-heading\"><strong>\u00d6zelliklerine g\u00f6re \u0130zmir plajlar\u0131 listesi<\/strong><\/h2>\n\n\n\n<figure style=\"font-size:15px\" class=\"wp-block-table\"><table class=\"has-fixed-layout\"><tbody><tr><td><strong>Plaj b\u00f6lgesi<\/strong><\/td><td><strong>Su derinli\u011fi<\/strong><\/td><td><strong>Zemin<\/strong><\/td><td><strong>Ne zaman gidilir?<\/strong><\/td><td><strong>\u015eehir merkezine uzakl\u0131k<\/strong><\/td><\/tr><tr><td>\u00c7e\u015fme<\/td><td>K\u0131y\u0131 \u015feridinde s\u0131\u011f. A\u00e7\u0131k denizlerde 100 metreyi a\u015far.<\/td><td>Genellikle ince, beyaz ve alt\u0131n sar\u0131s\u0131 kumlu zemin.<\/td><td>Il\u0131man bir hava ve deniz i\u00e7in may\u0131s-haziran veya eyl\u00fcl ay\u0131nda.<\/td><td>\u0130zmir &#8211; \u00c7e\u015fme aras\u0131 mesafe yakla\u015f\u0131k 87 km\u2019dir.<\/td><\/tr><tr><td>Seferihisar<\/td><td>Genellikle k\u0131y\u0131da s\u0131\u011fd\u0131r. A\u00e7\u0131ld\u0131k\u00e7a derinle\u015fir.<\/td><td>\u00c7o\u011funlukla ince kumluk ancak baz\u0131 b\u00f6lgelerde kayal\u0131k zemin.<\/td><td>Deniz suyunun \u0131s\u0131nd\u0131\u011f\u0131 ve r\u00fczgar\u0131n azald\u0131\u011f\u0131 haziran-eyl\u00fcl aras\u0131nda.<\/td><td>\u0130zmir &#8211; Seferihisar aras\u0131 mesafe yakla\u015f\u0131k 50 km\u2019dir.<\/td><\/tr><tr><td>Fo\u00e7a<\/td><td>Eski Fo\u00e7a civar\u0131nda derinlik 3-5 metredir. Koylar\u0131n a\u00e7\u0131klar\u0131nda 12-17 metreye ula\u015f\u0131r.<\/td><td>Genel olarak ta\u015fl\u0131k, \u00e7ak\u0131ll\u0131 ve yer yer kumlu zemin.<\/td><td>Haziran, temmuz, a\u011fustos ve eyl\u00fcl aylar\u0131nda.<\/td><td>\u0130zmir &#8211; Fo\u00e7a aras\u0131 mesafe yakla\u015f\u0131k 70 km\u2019dir.<\/td><\/tr><tr><td>Urla<\/td><td>Genelde s\u0131\u011fd\u0131r ve yava\u015f yava\u015f derinle\u015fen bir yap\u0131ya sahiptir.<\/td><td>Genellikle kumlu zemin.<\/td><td>Haziran ba\u015f\u0131ndan eyl\u00fcl sonuna kadar.<\/td><td>\u0130zmir &#8211; Urla aras\u0131 mesafe yakla\u015f\u0131k 40 km\u2019dir.<\/td><\/tr><tr><td>Ala\u00e7at\u0131<\/td><td>S\u00f6rf alanlar\u0131nda k\u0131y\u0131dan 200-300 metre a\u00e7\u0131\u011fa kadar s\u0131\u011fd\u0131r.<\/td><td>B\u00f6lgeye g\u00f6re ince kumlu veya kayal\u0131k zemin.<\/td><td>Deniz suyunun ve havan\u0131n \u0131s\u0131nd\u0131\u011f\u0131 haziran &#8211; eyl\u00fcl aylar\u0131 aras\u0131nda.<\/td><td>\u0130zmir &#8211; Ala\u00e7at\u0131 aras\u0131 mesafe yakla\u015f\u0131k 75 km\u2019dir.<\/td><\/tr><tr><td>Dikili<\/td><td>Liman b\u00f6lgesinde giri\u015f derinli\u011fi 5 metre civar\u0131d\u0131r.<\/td><td>Genellikle ince alt\u0131n sar\u0131s\u0131 kumdan olu\u015fan zemin.<\/td><td>Yaz sezonunun ba\u015flad\u0131\u011f\u0131 haziran ve eyl\u00fcl aylar\u0131 aras\u0131nda.<\/td><td>\u0130zmir &#8211; Dikili aras\u0131 mesafe yakla\u015f\u0131k 125 km\u2019dir.<\/td><\/tr><tr><td>Karaburun<\/td><td>K\u0131y\u0131ya yak\u0131n b\u00f6lgelerde derinlik 10-20 metredir. \u00c7ok h\u0131zl\u0131 derinle\u015fen bir yap\u0131ya sahiptir.<\/td><td>Ta\u015fl\u0131k, \u00e7ak\u0131ll\u0131 ve yer yer ince kumlu zemin.<\/td><td>Sakinlik arayanlar i\u00e7in eyl\u00fcl, yaz sezonunda gitmek isteyenler i\u00e7in haziran &#8211; a\u011fustos aylar\u0131 aras\u0131nda.<\/td><td>\u0130zmir &#8211; Karaburun aras\u0131 mesafe yakla\u015f\u0131k 100 km\u2019dir.<\/td><\/tr><\/tbody><\/table><\/figure>\n\n\n\n<p class=\"wp-block-paragraph\">Not: Tablodaki bilgiler plajlar\u0131n bulundu\u011fu b\u00f6lgelere farkl\u0131l\u0131k g\u00f6sterebilir.<\/p>\n\n\n\n<hr class=\"wp-block-separator has-text-color has-alpha-channel-opacity has-background is-style-default\" style=\"background-color:#ebebeb;color:#ebebeb\"\/>\n\n\n\n<h2 class=\"wp-block-heading\"><strong>S\u0131k\u00e7a sorulan sorular<\/strong><\/h2>\n\n\n\n<h3 class=\"wp-block-heading\"><strong>\u0130zmir&#8217;de hangi plajlar g\u00fczel?<\/strong><\/h3>\n\n\n\n<p class=\"wp-block-paragraph\">\u0130zmir&#8217;de plaj tercihi tatil anlay\u0131\u015f\u0131n\u0131za ba\u011fl\u0131. Hareketli ve sosyal bir tatil i\u00e7in \u00c7e\u015fme&#8217;nin Il\u0131ca, Ala\u00e7at\u0131&#8217;n\u0131n \u00c7ark plajlar\u0131; sakin bir tatil i\u00e7in Seferihisar&#8217;\u0131n Ekmeksiz ve Akarca, Karaburun&#8217;un Mimoza ve Hamzab\u00fck\u00fc koylar\u0131; do\u011fal ve bakir bir deneyim i\u00e7in Fo\u00e7a&#8217;n\u0131n Sazl\u0131ca Koyu ve \u00c7anak Koyu \u00f6n plana \u00e7\u0131k\u0131yor.<\/p>\n\n\n\n<h3 class=\"wp-block-heading\"><strong>\u00c7e\u015fme&#8217;de hangi plajlara gidilir?<\/strong><\/h3>\n\n\n\n<p class=\"wp-block-paragraph\">\u00c7e\u015fme&#8217;de Il\u0131ca Plaj\u0131 geni\u015f kumsal\u0131 ve s\u0131\u011f deniziyle ailelerin tercihi; Alt\u0131nkum Plaj\u0131 alt\u0131n kumlar\u0131, Ayayorgi Koyu sosyal beach club&#8217;lar\u0131yla, P\u0131rlanta Plaj\u0131 r\u00fczgar s\u00f6rf\u00fc i\u00e7in biliniyor. Sak\u0131zl\u0131 Koy, Boyal\u0131k Koyu ve Kocakar\u0131 Plaj\u0131 da kalabal\u0131ktan ka\u00e7mak isteyenler i\u00e7in iyi alternatifler.<\/p>\n\n\n\n<h3 class=\"wp-block-heading\"><strong>Seferihisar&#8217;da nerede denize girilir?<\/strong><\/h3>\n\n\n\n<p class=\"wp-block-paragraph\">Seferihisar&#8217;da denize girmek i\u00e7in en bilinen noktalar S\u0131\u011fac\u0131k \u00e7evresindeki Akkum Plaj\u0131, Akarca Plaj\u0131 ve Ekmeksiz Plaj\u0131. Bunlara ek olarak Girlen Plaj\u0131, Teos Antik Kenti Plaj\u0131 ve Do\u011fanbey ile \u00dcrkmez k\u0131y\u0131lar\u0131 da tercih edilen yerler aras\u0131nda.<\/p>\n\n\n\n<h3 class=\"wp-block-heading\"><strong>Seferihisar&#8217;da deniz suyu so\u011fuk mu?<\/strong><\/h3>\n\n\n\n<p class=\"wp-block-paragraph\">Evet, Seferihisar plajlar\u0131n\u0131n deniz suyu \u00f6zellikle Akkum civar\u0131nda belirgin bi\u00e7imde serindir. Yer alt\u0131 kaynaklar\u0131n\u0131n ve s\u00fcrekli r\u00fczgar\u0131n etkisiyle Ege&#8217;nin di\u011fer baz\u0131 sahillerine g\u00f6re daha d\u00fc\u015f\u00fck s\u0131cakl\u0131kta kal\u0131yor. Eyl\u00fcl ay\u0131nda deniz yaza g\u00f6re biraz daha \u0131l\u0131manla\u015f\u0131yor.<\/p>\n\n\n\n<h3 class=\"wp-block-heading\"><strong>Seferihisar Akarca Plaj\u0131 \u00fccretli mi?<\/strong><\/h3>\n\n\n\n<p class=\"wp-block-paragraph\">Akarca Plaj\u0131 bir halk plaj\u0131 oldu\u011fu i\u00e7in giri\u015fi \u00fccretsiz. Sadece \u015fezlong, \u015femsiye ve \u00f6zel i\u015fletmelere ait alanlarda harcama limiti uygulanabiliyor. B\u00f6lgede mavi bayrakl\u0131 belediye i\u015fletmesi de bulunuyor.<\/p>\n\n\n\n<h3 class=\"wp-block-heading\"><strong>Fo\u00e7a&#8217;da hangi plaja gidilir?<\/strong><\/h3>\n\n\n\n<p class=\"wp-block-paragraph\">Fo\u00e7a&#8217;da denize girmek i\u00e7in en \u00e7ok tercih edilen yerler Yeni Fo\u00e7a Halk Plaj\u0131, Hanedan Plaj\u0131, Sazl\u0131ca Koyu, \u00c7anak Koyu, Mersinaki Koyu ve Karakum Plaj\u0131. Eski Fo\u00e7a ile Yeni Fo\u00e7a aras\u0131ndaki yol boyunca da pek \u00e7ok k\u00fc\u00e7\u00fck koya ara\u00e7la durarak ula\u015fmak m\u00fcmk\u00fcn.<\/p>\n\n\n\n<h3 class=\"wp-block-heading\"><strong>Eski Fo\u00e7a denizi temiz mi?<\/strong><\/h3>\n\n\n\n<p class=\"wp-block-paragraph\">Eski Fo\u00e7a&#8217;da Karakum Halk Plaj\u0131 mavi bayrak \u00f6d\u00fcll\u00fc ve deniz suyu kalitesi y\u00fcksek standartlarda. Yeni Fo\u00e7a Halk Plaj\u0131 da mavi bayrakl\u0131. Plaj taraflar\u0131 temiz olmakla birlikte, deniz dibi baz\u0131 koylarda ta\u015fl\u0131k oldu\u011fu i\u00e7in deniz ayakkab\u0131s\u0131 \u00f6nerilir.<\/p>\n\n\n\n<h3 class=\"wp-block-heading\"><strong>Fo\u00e7a Kosova Plaj\u0131 \u00fccretli mi?<\/strong><\/h3>\n\n\n\n<p class=\"wp-block-paragraph\">Evet, Mersinaki Koyu i\u00e7indeki Kosova Plaj\u0131 \u00f6zel olarak i\u015fletilen \u00fccretli bir tesis. Giri\u015f \u00fccretine genellikle \u015fezlong ve \u015femsiye dahil. Tesis \u00e7ad\u0131r kamp\u0131, karavan kamp\u0131 ve tiny house konaklama se\u00e7enekleri sunuyor. Hafta sonu ve resmi tatillerde giri\u015f \u00fccreti hafta i\u00e7ine g\u00f6re y\u00fckseliyor.<\/p>\n\n\n\n<h3 class=\"wp-block-heading\"><strong>Urla&#8217;n\u0131n en g\u00fczel plaj\u0131 hangisi?<\/strong><\/h3>\n\n\n\n<p class=\"wp-block-paragraph\">Urla&#8217;n\u0131n g\u00fcney k\u0131y\u0131s\u0131nda Alt\u0131nk\u00f6y Plaj\u0131 ve Demircili Plaj\u0131 s\u0131\u011f, berrak deniziyle \u00f6n plana \u00e7\u0131k\u0131yor. Kuzey k\u0131y\u0131s\u0131nda \u00c7e\u015fmealt\u0131 Plaj\u0131 ve \u00d6zbek Akkum Plaj\u0131 yerel halk\u0131n g\u00f6zdesi. Yass\u0131ca Ada ise tekne turlar\u0131yla ula\u015f\u0131lan bakir bir nokta.<\/p>\n\n\n\n<h3 class=\"wp-block-heading\"><strong>Urla&#8217;da deniz temiz mi?<\/strong><\/h3>\n\n\n\n<p class=\"wp-block-paragraph\">Urla&#8217;n\u0131n \u00f6zellikle g\u00fcney k\u0131y\u0131s\u0131, hem co\u011frafi konumu hem de a\u00e7\u0131k denize bakan yap\u0131s\u0131 nedeniyle temizli\u011fiyle biliniyor. B\u00f6lgede mavi bayrakl\u0131 plajlar da bulunuyor. Kuzey k\u0131y\u0131s\u0131, k\u00f6rfez yap\u0131s\u0131 gere\u011fi zaman zaman daha dura\u011fan olabiliyor.<\/p>\n\n\n\n<h3 class=\"wp-block-heading\"><strong>Ala\u00e7at\u0131&#8217;da denize nerede girilir?<\/strong><\/h3>\n\n\n\n<p class=\"wp-block-paragraph\">Ala\u00e7at\u0131&#8217;da \u00c7ark Plaj\u0131 r\u00fczgar s\u00f6rf\u00fc ve s\u0131\u011f deniz i\u00e7in en bilinen nokta. Il\u0131ca Plaj\u0131 (Ala\u00e7at\u0131 s\u0131n\u0131r\u0131na giren k\u0131s\u0131m), Delikli Koy, Kleopatra Koyu ve Piyade Koyu da g\u00f6zde alternatifler aras\u0131nda.<\/p>\n\n\n\n<h3 class=\"wp-block-heading\"><strong>Dikili&#8217;de nerede denize girilir?<\/strong><\/h3>\n\n\n\n<p class=\"wp-block-paragraph\">Dikili&#8217;de Kayra Plaj\u0131, Dikili Halk Plaj\u0131, Hay\u0131tl\u0131 Koyu, K\u00fc\u00e7\u00fck Zindanc\u0131k Koyu ve \u00c7andarl\u0131 Plaj\u0131 en bilinen plajlar. Pissa Plaj\u0131 ise daha sakin bir alternatif sunuyor. Baz\u0131 koylarda kamp da yapabilirsiniz.<\/p>\n\n\n\n<hr class=\"wp-block-separator has-text-color has-alpha-channel-opacity has-background is-style-default\" style=\"background-color:#ebebeb;color:#ebebeb\"\/>\n\n\n\n<h4 class=\"wp-block-heading\"><em><strong>Story aya\u011f\u0131n\u0131za geldi!<\/strong><\/em><\/h4>\n\n\n\n<p class=\"wp-block-paragraph\"><em>Yaz\u0131m\u0131z\u0131n \u00f6ne \u00e7\u0131kan b\u00f6l\u00fcmlerini sosyal medya hesaplar\u0131n\u0131zda payla\u015fmak i\u00e7in haz\u0131rlad\u0131\u011f\u0131m\u0131z g\u00f6rselleri indirebilirsiniz. Bunun i\u00e7in Android ve iOS i\u015fletim sistemli ak\u0131ll\u0131 telefonlar\u0131n\u0131zla payla\u015fmak istedi\u011finiz story\u2019nin \u00fczerine bas\u0131l\u0131 tutun ve gelen men\u00fc arac\u0131l\u0131\u011f\u0131yla g\u00f6rseli ak\u0131ll\u0131 telefonunuza kaydedin veya payla\u015f\u0131n.<\/em><\/p>\n\n\n\n<figure class=\"wp-block-gallery has-nested-images columns-default is-cropped wp-block-gallery-1 is-layout-flex wp-block-gallery-is-layout-flex\">\n<figure class=\"wp-block-image size-large\"><img loading=\"lazy\" decoding=\"async\" width=\"1024\" height=\"1820\" data-id=\"25140\" src=\"https:\/\/blog.turkishairlines.com\/wp-content\/uploads\/2021\/06\/01-Izmir-YazTatili-1024x1820.jpg\" alt=\"\" class=\"wp-image-25140\" srcset=\"https:\/\/blog.turkishairlines.com\/wp-content\/uploads\/2021\/06\/01-Izmir-YazTatili-1024x1820.jpg 1024w, https:\/\/blog.turkishairlines.com\/wp-content\/uploads\/2021\/06\/01-Izmir-YazTatili-169x300.jpg 169w, https:\/\/blog.turkishairlines.com\/wp-content\/uploads\/2021\/06\/01-Izmir-YazTatili-84x150.jpg 84w, https:\/\/blog.turkishairlines.com\/wp-content\/uploads\/2021\/06\/01-Izmir-YazTatili-768x1365.jpg 768w, https:\/\/blog.turkishairlines.com\/wp-content\/uploads\/2021\/06\/01-Izmir-YazTatili-864x1536.jpg 864w, https:\/\/blog.turkishairlines.com\/wp-content\/uploads\/2021\/06\/01-Izmir-YazTatili-696x1237.jpg 696w, https:\/\/blog.turkishairlines.com\/wp-content\/uploads\/2021\/06\/01-Izmir-YazTatili-1068x1899.jpg 1068w, https:\/\/blog.turkishairlines.com\/wp-content\/uploads\/2021\/06\/01-Izmir-YazTatili-236x420.jpg 236w, https:\/\/blog.turkishairlines.com\/wp-content\/uploads\/2021\/06\/01-Izmir-YazTatili-150x267.jpg 150w, https:\/\/blog.turkishairlines.com\/wp-content\/uploads\/2021\/06\/01-Izmir-YazTatili.jpg 1080w\" sizes=\"auto, (max-width: 1024px) 100vw, 1024px\" \/><\/figure>\n\n\n\n<figure class=\"wp-block-image size-large\"><img loading=\"lazy\" decoding=\"async\" width=\"1024\" height=\"1820\" data-id=\"25148\" src=\"https:\/\/blog.turkishairlines.com\/wp-content\/uploads\/2021\/06\/02-V2-Izmir-YazTatili-1024x1820.jpg\" alt=\"\" class=\"wp-image-25148\" srcset=\"https:\/\/blog.turkishairlines.com\/wp-content\/uploads\/2021\/06\/02-V2-Izmir-YazTatili-1024x1820.jpg 1024w, https:\/\/blog.turkishairlines.com\/wp-content\/uploads\/2021\/06\/02-V2-Izmir-YazTatili-169x300.jpg 169w, https:\/\/blog.turkishairlines.com\/wp-content\/uploads\/2021\/06\/02-V2-Izmir-YazTatili-84x150.jpg 84w, https:\/\/blog.turkishairlines.com\/wp-content\/uploads\/2021\/06\/02-V2-Izmir-YazTatili-768x1365.jpg 768w, https:\/\/blog.turkishairlines.com\/wp-content\/uploads\/2021\/06\/02-V2-Izmir-YazTatili-864x1536.jpg 864w, https:\/\/blog.turkishairlines.com\/wp-content\/uploads\/2021\/06\/02-V2-Izmir-YazTatili-696x1237.jpg 696w, https:\/\/blog.turkishairlines.com\/wp-content\/uploads\/2021\/06\/02-V2-Izmir-YazTatili-1068x1899.jpg 1068w, https:\/\/blog.turkishairlines.com\/wp-content\/uploads\/2021\/06\/02-V2-Izmir-YazTatili-236x420.jpg 236w, https:\/\/blog.turkishairlines.com\/wp-content\/uploads\/2021\/06\/02-V2-Izmir-YazTatili-150x267.jpg 150w, https:\/\/blog.turkishairlines.com\/wp-content\/uploads\/2021\/06\/02-V2-Izmir-YazTatili.jpg 1080w\" sizes=\"auto, (max-width: 1024px) 100vw, 1024px\" \/><\/figure>\n\n\n\n<figure class=\"wp-block-image size-large\"><img loading=\"lazy\" decoding=\"async\" width=\"1024\" height=\"1820\" data-id=\"25150\" src=\"https:\/\/blog.turkishairlines.com\/wp-content\/uploads\/2021\/06\/03-Izmir-YazTatili-1024x1820.jpg\" alt=\"\" class=\"wp-image-25150\" srcset=\"https:\/\/blog.turkishairlines.com\/wp-content\/uploads\/2021\/06\/03-Izmir-YazTatili-1024x1820.jpg 1024w, https:\/\/blog.turkishairlines.com\/wp-content\/uploads\/2021\/06\/03-Izmir-YazTatili-169x300.jpg 169w, https:\/\/blog.turkishairlines.com\/wp-content\/uploads\/2021\/06\/03-Izmir-YazTatili-84x150.jpg 84w, https:\/\/blog.turkishairlines.com\/wp-content\/uploads\/2021\/06\/03-Izmir-YazTatili-768x1365.jpg 768w, https:\/\/blog.turkishairlines.com\/wp-content\/uploads\/2021\/06\/03-Izmir-YazTatili-864x1536.jpg 864w, https:\/\/blog.turkishairlines.com\/wp-content\/uploads\/2021\/06\/03-Izmir-YazTatili-696x1237.jpg 696w, https:\/\/blog.turkishairlines.com\/wp-content\/uploads\/2021\/06\/03-Izmir-YazTatili-1068x1899.jpg 1068w, https:\/\/blog.turkishairlines.com\/wp-content\/uploads\/2021\/06\/03-Izmir-YazTatili-236x420.jpg 236w, https:\/\/blog.turkishairlines.com\/wp-content\/uploads\/2021\/06\/03-Izmir-YazTatili-150x267.jpg 150w, https:\/\/blog.turkishairlines.com\/wp-content\/uploads\/2021\/06\/03-Izmir-YazTatili.jpg 1080w\" sizes=\"auto, (max-width: 1024px) 100vw, 1024px\" \/><\/figure>\n<\/figure>\n","protected":false},"excerpt":{"rendered":"<p>\u0130zmir plajlar\u0131 hakk\u0131nda bilmeniz gerekenler \u0130zmir, T\u00fcrkiye&#8217;nin bat\u0131s\u0131nda 600 kilometreyi a\u015fan k\u0131y\u0131 \u015feridiyle Ege&#8217;nin en zengin plaj profiline sahip illerinden biri. Bu plajlar kuzeyde Dikili&#8217;den ba\u015flay\u0131p Fo\u00e7a, Karaburun, \u00c7e\u015fme, Urla ve Seferihisar \u00fczerinden Ege&#8217;nin g\u00fcneyine iniyor. Her il\u00e7e kendi karakterini ta\u015f\u0131yor: \u00c7e\u015fme ve Ala\u00e7at\u0131 sosyal ya\u015fam\u0131yla, Karaburun ve Dikili bakir koylar\u0131yla, Seferihisar ve Urla ise [&hellip;]<\/p>\n","protected":false},"author":53,"featured_media":24941,"comment_status":"closed","ping_status":"closed","sticky":false,"template":"","format":"standard","meta":{"footnotes":""},"categories":[589,729,574,1160,495],"tags":[],"class_list":["post-24912","post","type-post","status-publish","format-standard","has-post-thumbnail","category-yaz-tatili-onerileri","category-izmir-gezi-rehberi","category-seyahat-ve-tatil-fikirleri","category-turkiye","category-yerler"],"_links":{"self":[{"href":"https:\/\/blog.turkishairlines.com\/tr\/wp-json\/wp\/v2\/posts\/24912","targetHints":{"allow":["GET"]}}],"collection":[{"href":"https:\/\/blog.turkishairlines.com\/tr\/wp-json\/wp\/v2\/posts"}],"about":[{"href":"https:\/\/blog.turkishairlines.com\/tr\/wp-json\/wp\/v2\/types\/post"}],"author":[{"embeddable":true,"href":"https:\/\/blog.turkishairlines.com\/tr\/wp-json\/wp\/v2\/users\/53"}],"replies":[{"embeddable":true,"href":"https:\/\/blog.turkishairlines.com\/tr\/wp-json\/wp\/v2\/comments?post=24912"}],"version-history":[{"count":5,"href":"https:\/\/blog.turkishairlines.com\/tr\/wp-json\/wp\/v2\/posts\/24912\/revisions"}],"predecessor-version":[{"id":64989,"href":"https:\/\/blog.turkishairlines.com\/tr\/wp-json\/wp\/v2\/posts\/24912\/revisions\/64989"}],"wp:featuredmedia":[{"embeddable":true,"href":"https:\/\/blog.turkishairlines.com\/tr\/wp-json\/wp\/v2\/media\/24941"}],"wp:attachment":[{"href":"https:\/\/blog.turkishairlines.com\/tr\/wp-json\/wp\/v2\/media?parent=24912"}],"wp:term":[{"taxonomy":"category","embeddable":true,"href":"https:\/\/blog.turkishairlines.com\/tr\/wp-json\/wp\/v2\/categories?post=24912"},{"taxonomy":"post_tag","embeddable":true,"href":"https:\/\/blog.turkishairlines.com\/tr\/wp-json\/wp\/v2\/tags?post=24912"}],"curies":[{"name":"wp","href":"https:\/\/api.w.org\/{rel}","templated":true}]}}