{"id":26829,"date":"2021-10-08T18:32:21","date_gmt":"2021-10-08T15:32:21","guid":{"rendered":"https:\/\/blog.turkishairlines.com\/?p=26829"},"modified":"2022-07-23T14:54:16","modified_gmt":"2022-07-23T11:54:16","slug":"dunyanin-en-guzel-kokan-festivali-basliyor-istanbul-coffee-festival-2021","status":"publish","type":"post","link":"https:\/\/blog.turkishairlines.com\/tr\/dunyanin-en-guzel-kokan-festivali-basliyor-istanbul-coffee-festival-2021\/","title":{"rendered":"D\u00fcnyan\u0131n en g\u00fczel kokan festivali ba\u015fl\u0131yor: \u0130stanbul Coffee Festival 2021"},"content":{"rendered":"\n<hr class=\"wp-block-separator has-text-color has-css-opacity has-background is-style-wide\" style=\"background-color:#ebebeb;color:#ebebeb\"\/>\n\n\n\n<h2 class=\"wp-block-heading\"><strong>Kahveye \u00f6vg\u00fc<\/strong><\/h2>\n\n\n\n<figure class=\"wp-block-image size-large\"><img loading=\"lazy\" decoding=\"async\" width=\"900\" height=\"600\" src=\"https:\/\/blog.turkishairlines.com\/wp-content\/uploads\/2021\/10\/istanbul-coffee-festival-2021-kahveye-ovgu-784_523.jpg\" alt=\"\u0130stanbul Kahve Festivalinde onlarca \u00e7e\u015fit lezzetli kahve, festival ziyaret\u00e7ilerini bekliyor.\" class=\"wp-image-26833\" srcset=\"https:\/\/blog.turkishairlines.com\/wp-content\/uploads\/2021\/10\/istanbul-coffee-festival-2021-kahveye-ovgu-784_523.jpg 900w, https:\/\/blog.turkishairlines.com\/wp-content\/uploads\/2021\/10\/istanbul-coffee-festival-2021-kahveye-ovgu-784_523-300x200.jpg 300w, https:\/\/blog.turkishairlines.com\/wp-content\/uploads\/2021\/10\/istanbul-coffee-festival-2021-kahveye-ovgu-784_523-150x100.jpg 150w, https:\/\/blog.turkishairlines.com\/wp-content\/uploads\/2021\/10\/istanbul-coffee-festival-2021-kahveye-ovgu-784_523-768x512.jpg 768w, https:\/\/blog.turkishairlines.com\/wp-content\/uploads\/2021\/10\/istanbul-coffee-festival-2021-kahveye-ovgu-784_523-696x464.jpg 696w, https:\/\/blog.turkishairlines.com\/wp-content\/uploads\/2021\/10\/istanbul-coffee-festival-2021-kahveye-ovgu-784_523-630x420.jpg 630w\" sizes=\"auto, (max-width: 900px) 100vw, 900px\" \/><\/figure>\n\n\n\n<p>Bilirsiniz, duymu\u015fsunuzdur; kahve, ham petrolden sonra d\u00fcnyada en \u00e7ok ticareti yap\u0131lan \u00fcr\u00fcn, \u00f6yle k\u0131ymetli. T\u00fcm&nbsp;d\u00fcnyada&nbsp;y\u0131lda yakla\u015f\u0131k yar\u0131m trilyon bardak kahve t\u00fcketiliyor. \u0130statistikler T\u00fcrkiye\u2019de 100 ki\u015fiden 95\u2019inin kahveyi pek sevdi\u011fini s\u00f6yl\u00fcyor, a\u011fz\u0131m\u0131z\u0131n tad\u0131n\u0131 bildi\u011fimize \u015f\u00fcphe yok.<\/p>\n\n\n\n<hr class=\"wp-block-separator has-text-color has-css-opacity has-background is-style-wide\" style=\"background-color:#ebebeb;color:#ebebeb\"\/>\n\n\n\n<h2 class=\"wp-block-heading\"><strong>Tarihi geri sar<\/strong>&nbsp;<\/h2>\n\n\n\n<figure class=\"wp-block-image size-large\"><img loading=\"lazy\" decoding=\"async\" width=\"900\" height=\"600\" src=\"https:\/\/blog.turkishairlines.com\/wp-content\/uploads\/2021\/10\/istanbul-coffee-festival-2021-tarihi-geri-sar-784_523.jpg\" alt=\"Kahve meyvesi, dal\u0131ndan fincanlara ula\u015fana kadar uzun a\u015famalardan ge\u00e7iyor.\" class=\"wp-image-26835\" srcset=\"https:\/\/blog.turkishairlines.com\/wp-content\/uploads\/2021\/10\/istanbul-coffee-festival-2021-tarihi-geri-sar-784_523.jpg 900w, https:\/\/blog.turkishairlines.com\/wp-content\/uploads\/2021\/10\/istanbul-coffee-festival-2021-tarihi-geri-sar-784_523-300x200.jpg 300w, https:\/\/blog.turkishairlines.com\/wp-content\/uploads\/2021\/10\/istanbul-coffee-festival-2021-tarihi-geri-sar-784_523-150x100.jpg 150w, https:\/\/blog.turkishairlines.com\/wp-content\/uploads\/2021\/10\/istanbul-coffee-festival-2021-tarihi-geri-sar-784_523-768x512.jpg 768w, https:\/\/blog.turkishairlines.com\/wp-content\/uploads\/2021\/10\/istanbul-coffee-festival-2021-tarihi-geri-sar-784_523-696x464.jpg 696w, https:\/\/blog.turkishairlines.com\/wp-content\/uploads\/2021\/10\/istanbul-coffee-festival-2021-tarihi-geri-sar-784_523-630x420.jpg 630w\" sizes=\"auto, (max-width: 900px) 100vw, 900px\" \/><\/figure>\n\n\n\n<p>Kahvenin ge\u00e7mi\u015fine, hayat\u0131m\u0131za nas\u0131l girdi\u011fine dair t\u00fcrl\u00fc hik\u00e2ye var; ama hi\u00e7biri kesin de\u011fil. \u0130\u00e7lerinden en bilineni ke\u00e7ilerin hikayesi, dinleyin: Rivayete g\u00f6re bug\u00fcnk\u00fc Etiyopya\u2019da d\u00f6nemin Habe\u015fistan s\u0131n\u0131rlar\u0131 i\u00e7inde \u00e7obanl\u0131k yapan Araplar, ke\u00e7ilerin g\u00fcnlerce uyan\u0131k kald\u0131\u011f\u0131n\u0131, \u00fcst\u00fcne epey enerji dolu olduklar\u0131n\u0131 g\u00f6zlemlemi\u015fler. Haliyle ke\u00e7ilerin pe\u015fine d\u00fc\u015f\u00fclm\u00fc\u015f; hayvanlar daha \u00f6nce pek de rastlanmad\u0131k bir bitki t\u00fcketiyormu\u015f, \u015fa\u015f\u0131rm\u0131\u015flar. Bitkiyi al\u0131p bilge bir dervi\u015fe g\u00f6t\u00fcrd\u00fcklerinde ortaya \u00e7\u0131km\u0131\u015f ki bu yemi\u015f, insanlar \u00fczerinde de benzer etkilere sahip. \u015eimdilerde ad\u0131na kahve dedi\u011fimiz bitki, ba\u015flarda un ufak edilip ekmek hamuruna kar\u0131\u015ft\u0131r\u0131l\u0131rm\u0131\u015f\u2026 O kahve, bir zaman sonra suda kaynat\u0131larak i\u00e7ilir olmu\u015f, derken bug\u00fcne kadar gelmi\u015f.<\/p>\n\n\n\n<hr class=\"wp-block-separator has-text-color has-css-opacity has-background is-style-wide\" style=\"background-color:#ebebeb;color:#ebebeb\"\/>\n\n\n\n<h2 class=\"wp-block-heading\"><strong>Nedir bu kahve festivali? Ne zaman, nerede?<\/strong><\/h2>\n\n\n\n<figure class=\"wp-block-image size-large\"><img loading=\"lazy\" decoding=\"async\" width=\"900\" height=\"600\" src=\"https:\/\/blog.turkishairlines.com\/wp-content\/uploads\/2021\/10\/istanbul-coffee-festival-2021-nedir-bu-kahve-festivali-784_523.jpg\" alt=\"\u0130stanbul Kahve Festivali, 2014\u2019ten bu yana \u0130stanbul\u2019u \u015fenlendiriyor.\" class=\"wp-image-26837\" srcset=\"https:\/\/blog.turkishairlines.com\/wp-content\/uploads\/2021\/10\/istanbul-coffee-festival-2021-nedir-bu-kahve-festivali-784_523.jpg 900w, https:\/\/blog.turkishairlines.com\/wp-content\/uploads\/2021\/10\/istanbul-coffee-festival-2021-nedir-bu-kahve-festivali-784_523-300x200.jpg 300w, https:\/\/blog.turkishairlines.com\/wp-content\/uploads\/2021\/10\/istanbul-coffee-festival-2021-nedir-bu-kahve-festivali-784_523-150x100.jpg 150w, https:\/\/blog.turkishairlines.com\/wp-content\/uploads\/2021\/10\/istanbul-coffee-festival-2021-nedir-bu-kahve-festivali-784_523-768x512.jpg 768w, https:\/\/blog.turkishairlines.com\/wp-content\/uploads\/2021\/10\/istanbul-coffee-festival-2021-nedir-bu-kahve-festivali-784_523-696x464.jpg 696w, https:\/\/blog.turkishairlines.com\/wp-content\/uploads\/2021\/10\/istanbul-coffee-festival-2021-nedir-bu-kahve-festivali-784_523-630x420.jpg 630w\" sizes=\"auto, (max-width: 900px) 100vw, 900px\" \/><\/figure>\n\n\n\n<p>Madde madde cevaplayal\u0131m:<\/p>\n\n\n\n<ul class=\"wp-block-list\"><li>2014\u2019ten bu yana hayat\u0131m\u0131zda olan festival, i\u015fi bilenler taraf\u0131ndan Avrupa\u2019n\u0131n en b\u00fcy\u00fck kahve festivali kabul ediliyor.<\/li><li>\u0130stanbul Kahve Festivali 07-08-09-10 Ekim 2021 tarihlerinde, d\u00f6rt g\u00fcn \u00fcst \u00fcste, K\u00fc\u00e7\u00fck\u00e7iftlik Park dolaylar\u0131nda.<\/li><\/ul>\n\n\n\n<hr class=\"wp-block-separator has-text-color has-css-opacity has-background is-style-wide\" style=\"background-color:#ebebeb;color:#ebebeb\"\/>\n\n\n\n<h2 class=\"wp-block-heading\"><strong>\u0130stanbul Kahve Festivali\u2019nde neler var?<\/strong><\/h2>\n\n\n\n<figure class=\"wp-block-image size-large\"><img loading=\"lazy\" decoding=\"async\" width=\"900\" height=\"600\" src=\"https:\/\/blog.turkishairlines.com\/wp-content\/uploads\/2021\/10\/istanbul-coffee-festival-2021-istanbul-kahve-festivalinde-neler-var-2.jpg\" alt=\"Festivalde kahve ve leziz e\u015flik\u00e7ilerinin yan\u0131 s\u0131ra pek \u00e7ok at\u00f6lye \u00e7al\u0131\u015fmas\u0131 ve konser de ger\u00e7ekle\u015fiyor.\" class=\"wp-image-26838\" srcset=\"https:\/\/blog.turkishairlines.com\/wp-content\/uploads\/2021\/10\/istanbul-coffee-festival-2021-istanbul-kahve-festivalinde-neler-var-2.jpg 900w, https:\/\/blog.turkishairlines.com\/wp-content\/uploads\/2021\/10\/istanbul-coffee-festival-2021-istanbul-kahve-festivalinde-neler-var-2-300x200.jpg 300w, https:\/\/blog.turkishairlines.com\/wp-content\/uploads\/2021\/10\/istanbul-coffee-festival-2021-istanbul-kahve-festivalinde-neler-var-2-150x100.jpg 150w, https:\/\/blog.turkishairlines.com\/wp-content\/uploads\/2021\/10\/istanbul-coffee-festival-2021-istanbul-kahve-festivalinde-neler-var-2-768x512.jpg 768w, https:\/\/blog.turkishairlines.com\/wp-content\/uploads\/2021\/10\/istanbul-coffee-festival-2021-istanbul-kahve-festivalinde-neler-var-2-696x464.jpg 696w, https:\/\/blog.turkishairlines.com\/wp-content\/uploads\/2021\/10\/istanbul-coffee-festival-2021-istanbul-kahve-festivalinde-neler-var-2-630x420.jpg 630w\" sizes=\"auto, (max-width: 900px) 100vw, 900px\" \/><\/figure>\n\n\n\n<p>\u201c\u015eehri Uyand\u0131ran Festival\u201d olarak an\u0131lan \u0130stanbul Kahve Festivali nitelikli kahveyi, farkl\u0131 demleme y\u00f6ntemlerini, en iyi kahve e\u015flik\u00e7ilerini kahveseverlerle bulu\u015fturan zengin bir etkinlik. \u00dcst\u00fcne konserler, seminerler ve at\u00f6lyeler var. Kahve kavurma prensiplerinden pandemi sonras\u0131 i\u00e7ecek trendlerine zihni a\u00e7acak, ufku geni\u015fletecek pek \u00e7ok at\u00f6lye deneyimlenecek; pek \u00e7o\u011fumuzun yak\u0131ndan bildi\u011fi \u00fcnl\u00fc isimlerden gen\u00e7 ve umut vadeden yeteneklere, \u00e7ok say\u0131da m\u00fczisyen d\u00f6rt g\u00fcn boyunca sahnede olacak. Etkinlikte her seansta d\u00f6rt konser olmak \u00fczere, toplam 32 konser var. Jabbar, Fikri Karayel, Feridun D\u00fcza\u011fa\u00e7 ve G\u00f6khan T\u00fcrkmen, \u0130stanbul Kahve Festivali\u2019nde sahneyi \u015fenlendirecek sanat\u00e7\u0131lardan baz\u0131lar\u0131.<\/p>\n\n\n\n<p>&nbsp;\u015eu mevsimde \u015fehirde doyumlu bir hafta sonu ge\u00e7irmenin daha iyi pek az yolu olabilir, ne dersiniz?<\/p>\n\n\n\n<hr class=\"wp-block-separator has-text-color has-css-opacity has-background is-style-wide\" style=\"background-color:#ebebeb;color:#ebebeb\"\/>\n\n\n\n<h2 class=\"wp-block-heading\"><strong>Covid-19 \u00f6nlemleri&nbsp;<\/strong><\/h2>\n\n\n\n<p>Etkinlikler ve eski hayat\u0131m\u0131z bir \u00f6l\u00e7\u00fcde geri d\u00f6nd\u00fc d\u00f6nmesine; ama h\u00e2l\u00e2 hepimizin s\u0131hhati i\u00e7in dikkat etmemiz, uymam\u0131z gereken kural ve kaideler var. Tam da bu y\u00fczden \u0130stanbul Kahve Festivali\u2019ne gitmeden \u00f6nce a\u015fa\u011f\u0131da listeledi\u011fimiz tedbirlere g\u00f6z atmay\u0131 ihmal etmeyin! Kahveniz bol, hat\u0131r\u0131n\u0131z daim olsun!&nbsp;<\/p>\n\n\n\n<p><strong>Covid\u201319 \u00f6nlemleri<\/strong><\/p>\n\n\n\n<p>Festivale kat\u0131l\u0131rken:<\/p>\n\n\n\n<p>* \u00c7ift a\u015f\u0131,<\/p>\n\n\n\n<p>* Azami 48 saat \u00f6nce yap\u0131lm\u0131\u015f PCR testi veya ge\u00e7irilmi\u015f hastal\u0131k (Covid-19 hastal\u0131\u011f\u0131 sonras\u0131 bilimsel olarak ba\u011f\u0131\u015f\u0131k kabul edilen s\u00fcreye g\u00f6re) belgesi olmayan ki\u015filer etkinlik alan\u0131na al\u0131nmayacaklard\u0131r. Bu \u015fartlar\u0131 sa\u011flamayan kat\u0131l\u0131mc\u0131lara bilet iadesi kesinlikle yap\u0131lmayacakt\u0131r.<\/p>\n\n\n\n<p>\u2013 Etkinlik giri\u015finde \u201cHayat Eve S\u0131\u011far\u201d uygulamas\u0131 \u00fczerinden HES kodu sorgulamas\u0131 yap\u0131lacakt\u0131r.<\/p>\n\n\n\n<p>\u2013 Covid -19 \u00f6nlemleri sebebiyle seans saatlerine \u00f6zen g\u00f6sterilmesi gerekmektedir.<\/p>\n\n\n\n<p>\u2013 Covid -19 \u00f6nlemleri sebebiyle ziyaret\u00e7ilerin alana maske ile gelmesi zorunludur.<\/p>\n\n\n\n<p>\u2013 T\u00fcm kat\u0131l\u0131mc\u0131lar Covid -19 kapsam\u0131nda uygulanan kurallara uymak zorundad\u0131r.<\/p>\n","protected":false},"excerpt":{"rendered":"<p>Kahveye \u00f6vg\u00fc Bilirsiniz, duymu\u015fsunuzdur; kahve, ham petrolden sonra d\u00fcnyada en \u00e7ok ticareti yap\u0131lan \u00fcr\u00fcn, \u00f6yle k\u0131ymetli. T\u00fcm&nbsp;d\u00fcnyada&nbsp;y\u0131lda yakla\u015f\u0131k yar\u0131m trilyon bardak kahve t\u00fcketiliyor. \u0130statistikler T\u00fcrkiye\u2019de 100 ki\u015fiden 95\u2019inin kahveyi pek sevdi\u011fini s\u00f6yl\u00fcyor, a\u011fz\u0131m\u0131z\u0131n tad\u0131n\u0131 bildi\u011fimize \u015f\u00fcphe yok. Tarihi geri sar&nbsp; Kahvenin ge\u00e7mi\u015fine, hayat\u0131m\u0131za nas\u0131l girdi\u011fine dair t\u00fcrl\u00fc hik\u00e2ye var; ama hi\u00e7biri kesin de\u011fil. \u0130\u00e7lerinden en [&hellip;]<\/p>\n","protected":false},"author":53,"featured_media":26830,"comment_status":"closed","ping_status":"closed","sticky":false,"template":"","format":"standard","meta":{"footnotes":""},"categories":[578,720,976,973],"tags":[],"class_list":{"0":"post-26829","1":"post","2":"type-post","3":"status-publish","4":"format-standard","5":"has-post-thumbnail","7":"category-yeme-icme","8":"category-istanbul-gezi-rehberi","9":"category-istanbulda-ne-yapilir","10":"category-istanbul-mutfagi"},"_links":{"self":[{"href":"https:\/\/blog.turkishairlines.com\/tr\/wp-json\/wp\/v2\/posts\/26829","targetHints":{"allow":["GET"]}}],"collection":[{"href":"https:\/\/blog.turkishairlines.com\/tr\/wp-json\/wp\/v2\/posts"}],"about":[{"href":"https:\/\/blog.turkishairlines.com\/tr\/wp-json\/wp\/v2\/types\/post"}],"author":[{"embeddable":true,"href":"https:\/\/blog.turkishairlines.com\/tr\/wp-json\/wp\/v2\/users\/53"}],"replies":[{"embeddable":true,"href":"https:\/\/blog.turkishairlines.com\/tr\/wp-json\/wp\/v2\/comments?post=26829"}],"version-history":[{"count":0,"href":"https:\/\/blog.turkishairlines.com\/tr\/wp-json\/wp\/v2\/posts\/26829\/revisions"}],"wp:featuredmedia":[{"embeddable":true,"href":"https:\/\/blog.turkishairlines.com\/tr\/wp-json\/wp\/v2\/media\/26830"}],"wp:attachment":[{"href":"https:\/\/blog.turkishairlines.com\/tr\/wp-json\/wp\/v2\/media?parent=26829"}],"wp:term":[{"taxonomy":"category","embeddable":true,"href":"https:\/\/blog.turkishairlines.com\/tr\/wp-json\/wp\/v2\/categories?post=26829"},{"taxonomy":"post_tag","embeddable":true,"href":"https:\/\/blog.turkishairlines.com\/tr\/wp-json\/wp\/v2\/tags?post=26829"}],"curies":[{"name":"wp","href":"https:\/\/api.w.org\/{rel}","templated":true}]}}