{"id":27340,"date":"2021-10-27T15:19:09","date_gmt":"2021-10-27T12:19:09","guid":{"rendered":"https:\/\/blog.turkishairlines.com\/?p=27340"},"modified":"2022-07-23T14:16:25","modified_gmt":"2022-07-23T11:16:25","slug":"ic-rahatliginin-baskenti-ankarada-gezilecek-yerler","status":"publish","type":"post","link":"https:\/\/blog.turkishairlines.com\/tr\/ic-rahatliginin-baskenti-ankarada-gezilecek-yerler\/","title":{"rendered":"\u0130\u00e7 rahatl\u0131\u011f\u0131n\u0131n ba\u015fkenti: Ankara\u2019da gezilecek yerler"},"content":{"rendered":"\n<hr class=\"wp-block-separator has-text-color has-css-opacity has-background is-style-wide\" style=\"background-color:#ebebeb;color:#ebebeb\"\/>\n\n\n\n<p><strong>Fihrist<\/strong><\/p>\n\n\n\n<p><a href=\"#anitkabir\">An\u0131tkabir<\/a><\/p>\n\n\n\n<p><a href=\"#ankara-kocatepe-camii\">Bir mabet: Ankara Kocatepe Camii<\/a><\/p>\n\n\n\n<p><a href=\"#segmenler-parki\">Biraz nefeslenmeye: Se\u011fmenler Park\u0131<\/a><\/p>\n\n\n\n<p><a href=\"#eymir-golu\">Eymir G\u00f6l\u00fc<\/a><\/p>\n\n\n\n<p><a href=\"#ankara-kalesi\">Ankara Kalesi<\/a><\/p>\n\n\n\n<p><a href=\"#ankara-etnografya-muzesi\">Ankara Etnografya M\u00fczesi<\/a><\/p>\n\n\n\n<p><a href=\"#cermodern\">CerModern<\/a><\/p>\n\n\n\n<p><a href=\"#atakule\">Bir fenomen: Atakule<\/a><\/p>\n\n\n\n<p><a href=\"#ankara-devlet-tiyatrosu\">Ankara Devlet Tiyatrosu<\/a><\/p>\n\n\n\n<p><a href=\"#cumhurbaskanligi-millet-kutuphanesi\">Cumhurba\u015fkanl\u0131\u011f\u0131 Millet K\u00fct\u00fcphanesi<\/a><\/p>\n\n\n\n<p><a href=\"#ankara-yemek\">Ankara&#8217;da ne yenir?<\/a><\/p>\n\n\n\n<hr class=\"wp-block-separator has-text-color has-css-opacity has-background is-style-wide\" style=\"background-color:#ebebeb;color:#ebebeb\"\/>\n\n\n\n<h2 class=\"wp-block-heading\" id=\"anitkabir\"><strong>An\u0131tkabir<\/strong><\/h2>\n\n\n\n<figure class=\"wp-block-image size-large\"><img loading=\"lazy\" decoding=\"async\" width=\"800\" height=\"534\" src=\"https:\/\/blog.turkishairlines.com\/wp-content\/uploads\/2021\/10\/anitkabir_.jpg\" alt=\"Eski ad\u0131yla Rasattepe, bug\u00fcnk\u00fc An\u0131ttepe\u2019de bulunan An\u0131tkabir\u2019in mimarlar\u0131, Prof. Emin Onat ve Do\u00e7. Orhan Arda\" class=\"wp-image-27341\" srcset=\"https:\/\/blog.turkishairlines.com\/wp-content\/uploads\/2021\/10\/anitkabir_.jpg 800w, https:\/\/blog.turkishairlines.com\/wp-content\/uploads\/2021\/10\/anitkabir_-300x200.jpg 300w, https:\/\/blog.turkishairlines.com\/wp-content\/uploads\/2021\/10\/anitkabir_-150x100.jpg 150w, https:\/\/blog.turkishairlines.com\/wp-content\/uploads\/2021\/10\/anitkabir_-768x513.jpg 768w, https:\/\/blog.turkishairlines.com\/wp-content\/uploads\/2021\/10\/anitkabir_-696x465.jpg 696w, https:\/\/blog.turkishairlines.com\/wp-content\/uploads\/2021\/10\/anitkabir_-629x420.jpg 629w\" sizes=\"auto, (max-width: 800px) 100vw, 800px\" \/><\/figure>\n\n\n\n<p>Ankara\u2019da gezilecek yerlerin ilki, ku\u015fkusuz T\u00fcrkiye Cumhuriyeti\u2019nin kurucusu Mustafa Kemal Atat\u00fcrk\u2019\u00fcn ebedi istirahatg\u00e2h\u0131. An\u0131tkabir Ankara\u2019n\u0131n tam g\u00f6be\u011finde: Eski ad\u0131yla Rasattepe, bug\u00fcn\u00fcn An\u0131ttepe\u2019sinde. 750 bin metrekare \u00fczerinde konumlanan An\u0131tkabir\u2019de bir aslanl\u0131 yol, bir t\u00f6ren meydan\u0131, Atat\u00fcrk\u2019\u00fcn mozolesi ve on kule var. 907 metre y\u00fckseklikte yer alan An\u0131tkabir\u2019de 20\u2019nin \u00fczerinde \u00f6nemli sanat\u00e7\u0131n\u0131n ellerinden \u00e7\u0131kan heykel, r\u00f6lyef ve \u00e7e\u015fitli eserler yer al\u0131yor. Bu bizi \u00fczer; yine de k\u0131sa vadede Ankara\u2019ya yolu d\u00fc\u015fmeyecekler, An\u0131tkabir sanal tur deneyimine de g\u00f6z atabilirler.<\/p>\n\n\n\n<hr class=\"wp-block-separator has-text-color has-css-opacity has-background is-style-wide\" style=\"background-color:#ebebeb;color:#ebebeb\"\/>\n\n\n\n<h2 class=\"wp-block-heading\" id=\"kocatepe-camii\"><strong>Bir mabet: Kocatepe Camii<\/strong><\/h2>\n\n\n\n<figure class=\"wp-block-image size-large\"><img loading=\"lazy\" decoding=\"async\" width=\"800\" height=\"534\" src=\"https:\/\/blog.turkishairlines.com\/wp-content\/uploads\/2021\/10\/ankara-kocatepe-camii.jpg\" alt=\"Kocatepe Camii hem g\u00f6rkemli mimarisi hem de incelikli i\u00e7 tasar\u0131m\u0131yla ziyaret\u00e7ilerine d\u00fc\u015fsel bir ambiyans sunuyor\" class=\"wp-image-27343\" srcset=\"https:\/\/blog.turkishairlines.com\/wp-content\/uploads\/2021\/10\/ankara-kocatepe-camii.jpg 800w, https:\/\/blog.turkishairlines.com\/wp-content\/uploads\/2021\/10\/ankara-kocatepe-camii-300x200.jpg 300w, https:\/\/blog.turkishairlines.com\/wp-content\/uploads\/2021\/10\/ankara-kocatepe-camii-150x100.jpg 150w, https:\/\/blog.turkishairlines.com\/wp-content\/uploads\/2021\/10\/ankara-kocatepe-camii-768x513.jpg 768w, https:\/\/blog.turkishairlines.com\/wp-content\/uploads\/2021\/10\/ankara-kocatepe-camii-696x465.jpg 696w, https:\/\/blog.turkishairlines.com\/wp-content\/uploads\/2021\/10\/ankara-kocatepe-camii-629x420.jpg 629w\" sizes=\"auto, (max-width: 800px) 100vw, 800px\" \/><\/figure>\n\n\n\n<p>\u0130n\u015fas\u0131 uzun y\u0131llar s\u00fcren, nihayet 1987\u2019de ibadete a\u00e7\u0131lan Kocatepe Camii, Ankara\u2019n\u0131n simgesel yap\u0131lar\u0131ndan biri. 4500 metrekare \u00fczerine in\u015fa edilen Kocatepe Camii, Mimar Sinan\u2019\u0131n \u00fcslubuna ba\u011fl\u0131 kal\u0131narak tasarlanm\u0131\u015f. D\u00f6rt minareli, i\u00e7 tezyinat\u0131 ince i\u015f\u00e7ili\u011fiyle nefes kesen cami, ad\u0131n\u0131 ald\u0131\u011f\u0131 Kocatepe semtinde yerle\u015fik. Bu arada Ankara ula\u015f\u0131m bak\u0131m\u0131ndan g\u00f6rece rahat bir \u015fehir: \u015eehrin yak\u0131n zamanda yap\u0131lan metro hatlar\u0131na ve di\u011fer toplu ula\u015f\u0131m bilgilerine g\u00f6z atmak gezerken i\u015finizi kolayla\u015ft\u0131rabilir.<\/p>\n\n\n\n<hr class=\"wp-block-separator has-text-color has-css-opacity has-background is-style-wide\" style=\"background-color:#ebebeb;color:#ebebeb\"\/>\n\n\n\n<h2 class=\"wp-block-heading\" id=\"segmenler-parki\"><strong>Biraz nefes: Se\u011fmenler Park\u0131<\/strong><\/h2>\n\n\n\n<figure class=\"wp-block-image size-large\"><img loading=\"lazy\" decoding=\"async\" width=\"800\" height=\"534\" src=\"https:\/\/blog.turkishairlines.com\/wp-content\/uploads\/2021\/10\/ankara-segmenler-parki.jpg\" alt=\"\u00c7ankaya\u2019daki Se\u011fmenler Park\u0131 Ankaral\u0131lar i\u00e7in bir dinlenme, soluklanma noktas\u0131\" class=\"wp-image-27345\" srcset=\"https:\/\/blog.turkishairlines.com\/wp-content\/uploads\/2021\/10\/ankara-segmenler-parki.jpg 800w, https:\/\/blog.turkishairlines.com\/wp-content\/uploads\/2021\/10\/ankara-segmenler-parki-300x200.jpg 300w, https:\/\/blog.turkishairlines.com\/wp-content\/uploads\/2021\/10\/ankara-segmenler-parki-150x100.jpg 150w, https:\/\/blog.turkishairlines.com\/wp-content\/uploads\/2021\/10\/ankara-segmenler-parki-768x513.jpg 768w, https:\/\/blog.turkishairlines.com\/wp-content\/uploads\/2021\/10\/ankara-segmenler-parki-696x465.jpg 696w, https:\/\/blog.turkishairlines.com\/wp-content\/uploads\/2021\/10\/ankara-segmenler-parki-629x420.jpg 629w\" sizes=\"auto, (max-width: 800px) 100vw, 800px\" \/><\/figure>\n\n\n\n<p>Ankara gezilecek yerler bak\u0131m\u0131ndan say\u0131l\u0131; ama nitelikli alternatifler bar\u0131nd\u0131ran bir \u015fehir: Biraz soluklanmak denince akla gelen iki parktan biri Ankara Ku\u011fulu Park, di\u011feri Se\u011fmenler Park\u0131 olabilir. \u0130kisi birbirine epey yak\u0131n konumlanan bu parklardan Ku\u011fulu\u2019nun yamac\u0131ndan muhakkak ge\u00e7ersiniz, durup vakit ge\u00e7irmek size kalm\u0131\u015f. \u00d6te yandan Se\u011fmenler Park\u0131 olanca ferahl\u0131\u011f\u0131yla bekler: Biraz kahve, kula\u011f\u0131n\u0131zda bir sonbahar ritmi, belki birka\u00e7 sat\u0131ra g\u00f6z atmak i\u00e7in daha iyi bir yer bulmak kolay de\u011fil: \u015eimdi b\u0131rak\u0131n, dakikalar yan\u0131n\u0131zdan ge\u00e7ip gitsin\u2026 Bir okuma tavsiyesi: J.D. Salinger\u2019\u0131n \u015fahanesi, Franny ve Zooey.<\/p>\n\n\n\n<hr class=\"wp-block-separator has-text-color has-css-opacity has-background is-style-wide\" style=\"background-color:#ebebeb;color:#ebebeb\"\/>\n\n\n\n<h2 class=\"wp-block-heading\" id=\"eymir-golu\"><strong>S\u00fckunetiyle meydan okuyan do\u011fa: Eymir G\u00f6l\u00fc<\/strong><\/h2>\n\n\n\n<figure class=\"wp-block-image size-large\"><img loading=\"lazy\" decoding=\"async\" width=\"800\" height=\"534\" src=\"https:\/\/blog.turkishairlines.com\/wp-content\/uploads\/2021\/10\/ankara-eymir-golu.jpg\" alt=\"Eymir G\u00f6l\u00fc\u2019nde iyi vakit ge\u00e7irmenin bisikletten k\u00fcre\u011fe, pek \u00e7ok yolu var\" class=\"wp-image-27347\" srcset=\"https:\/\/blog.turkishairlines.com\/wp-content\/uploads\/2021\/10\/ankara-eymir-golu.jpg 800w, https:\/\/blog.turkishairlines.com\/wp-content\/uploads\/2021\/10\/ankara-eymir-golu-300x200.jpg 300w, https:\/\/blog.turkishairlines.com\/wp-content\/uploads\/2021\/10\/ankara-eymir-golu-150x100.jpg 150w, https:\/\/blog.turkishairlines.com\/wp-content\/uploads\/2021\/10\/ankara-eymir-golu-768x513.jpg 768w, https:\/\/blog.turkishairlines.com\/wp-content\/uploads\/2021\/10\/ankara-eymir-golu-696x465.jpg 696w, https:\/\/blog.turkishairlines.com\/wp-content\/uploads\/2021\/10\/ankara-eymir-golu-629x420.jpg 629w\" sizes=\"auto, (max-width: 800px) 100vw, 800px\" \/><\/figure>\n\n\n\n<p>ODT\u00dc yerle\u015fkesi s\u0131n\u0131rlar\u0131nda bulunan Eymir G\u00f6l\u00fc, kendine has faunas\u0131 ve floras\u0131yla Ankara\u2019da gezilecek yerler listesinde g\u00fczelli\u011fi ile \u00f6ne \u00e7\u0131kan lokasyonlardan bir tanesi. Eymir G\u00f6l\u00fc\u2019n\u00fcn k\u0131y\u0131 uzunlu\u011fu dokuz metre, ortalama derinli\u011fi d\u00f6rt metre civar\u0131. Birbirinden g\u00fczel ku\u015f t\u00fcrlerine ev sahipli\u011fi yapan g\u00f6lde bir ye\u015filba\u015fl\u0131 \u00f6rde\u011fe ya da sakamekeye rastlamak an meselesi. Eymir\u2019de keyifle bisiklete binmenin, y\u00fcr\u00fcmenin, ko\u015fman\u0131n ya da sadece durup etraf\u0131 izlemenin hem yeri hem zaman\u0131 \u015fimdi.<\/p>\n\n\n\n<hr class=\"wp-block-separator has-text-color has-css-opacity has-background is-style-wide\" style=\"background-color:#ebebeb;color:#ebebeb\"\/>\n\n\n\n<h2 class=\"wp-block-heading\" id=\"ankara-kalesi\"><strong>Tarihi geri sar: Ankara Kalesi<\/strong><\/h2>\n\n\n\n<figure class=\"wp-block-image size-large\"><img loading=\"lazy\" decoding=\"async\" width=\"800\" height=\"534\" src=\"https:\/\/blog.turkishairlines.com\/wp-content\/uploads\/2021\/10\/ankara-kalesi.jpg\" alt=\"Ankara Kalesi, eski Ankara\u2019dan kalan bir mabet gibi\" class=\"wp-image-27349\" srcset=\"https:\/\/blog.turkishairlines.com\/wp-content\/uploads\/2021\/10\/ankara-kalesi.jpg 800w, https:\/\/blog.turkishairlines.com\/wp-content\/uploads\/2021\/10\/ankara-kalesi-300x200.jpg 300w, https:\/\/blog.turkishairlines.com\/wp-content\/uploads\/2021\/10\/ankara-kalesi-150x100.jpg 150w, https:\/\/blog.turkishairlines.com\/wp-content\/uploads\/2021\/10\/ankara-kalesi-768x513.jpg 768w, https:\/\/blog.turkishairlines.com\/wp-content\/uploads\/2021\/10\/ankara-kalesi-696x465.jpg 696w, https:\/\/blog.turkishairlines.com\/wp-content\/uploads\/2021\/10\/ankara-kalesi-629x420.jpg 629w\" sizes=\"auto, (max-width: 800px) 100vw, 800px\" \/><\/figure>\n\n\n\n<p>Merakl\u0131s\u0131na not: Ankara\u2019n\u0131n en eski mahallelerini yamac\u0131na toplayan Ankara Kalesi, Ankara\u2019da gezilecek yerler listesinin ilk s\u0131ralar\u0131nda. Rivayet o ki Ankara Kalesi tarihi, Frig Kral\u0131 Midas\u2019\u0131n r\u00fcyas\u0131na dayan\u0131yor. Bug\u00fcn\u00fcn Alt\u0131nda\u011f il\u00e7esinde konumlanan Ankara Kalesi\u2019nin etraf\u0131nda iki-\u00fc\u00e7 katl\u0131 eski Ankara evleri var. 1640\u2019ta yolu \u015fehre d\u00fc\u015fen Evliya \u00c7elebi, Ankara Kalesi\u2019ni \u015f\u00f6yle tarif etmi\u015f: \u201cAnkara\u2019da bir da\u011f\u0131n tepesine d\u00f6rt kat beyaz ta\u015ftan yap\u0131lm\u0131\u015f sa\u011flam bir kale vard\u0131r. Kale, i\u00e7 i\u00e7e \u00fc\u00e7 kat surlarla \u00e7evrilidir: \u0130\u00e7 kalenin \u00e7evresi kayal\u0131kt\u0131r. Bu yal\u00e7\u0131n kayalardan kaleye t\u0131rmanmak kolay de\u011fildir. \u0130\u00e7 kalede silahlar, cephane ve 600 ev bulunur. \u0130\u00e7 kale, a\u015fa\u011f\u0131larda ikinci s\u0131ra surlarla \u00e7evrilidir. Da\u011f\u0131n eteklerinde ise \u00fc\u00e7\u00fcnc\u00fc s\u0131ra d\u0131\u015f surlar yer al\u0131r. Bu d\u0131\u015f surlarla t\u00fcm \u015fehir g\u00fcvendedir art\u0131k.\u201d<\/p>\n\n\n\n<hr class=\"wp-block-separator has-text-color has-css-opacity has-background is-style-wide\" style=\"background-color:#ebebeb;color:#ebebeb\"\/>\n\n\n\n<h2 class=\"wp-block-heading\" id=\"ankara-etnografya-muzesi\"><strong>Ge\u00e7mi\u015f zaman\u0131n izinde: Ankara Etnografya M\u00fczesi<\/strong><\/h2>\n\n\n\n<figure class=\"wp-block-image size-large\"><img loading=\"lazy\" decoding=\"async\" width=\"800\" height=\"534\" src=\"https:\/\/blog.turkishairlines.com\/wp-content\/uploads\/2021\/10\/ankara-etnografya-muzesi.jpg\" alt=\"Ankara Etnografya M\u00fczesi, 1925-1928 y\u0131llar\u0131 aras\u0131na bina edilmi\u015f.\" class=\"wp-image-27351\" srcset=\"https:\/\/blog.turkishairlines.com\/wp-content\/uploads\/2021\/10\/ankara-etnografya-muzesi.jpg 800w, https:\/\/blog.turkishairlines.com\/wp-content\/uploads\/2021\/10\/ankara-etnografya-muzesi-300x200.jpg 300w, https:\/\/blog.turkishairlines.com\/wp-content\/uploads\/2021\/10\/ankara-etnografya-muzesi-150x100.jpg 150w, https:\/\/blog.turkishairlines.com\/wp-content\/uploads\/2021\/10\/ankara-etnografya-muzesi-768x513.jpg 768w, https:\/\/blog.turkishairlines.com\/wp-content\/uploads\/2021\/10\/ankara-etnografya-muzesi-696x465.jpg 696w, https:\/\/blog.turkishairlines.com\/wp-content\/uploads\/2021\/10\/ankara-etnografya-muzesi-629x420.jpg 629w\" sizes=\"auto, (max-width: 800px) 100vw, 800px\" \/><\/figure>\n\n\n\n<p>Modern hayat sarho\u015flu\u011fundan ara ara biraz sapmal\u0131, ge\u00e7mi\u015fe bakmal\u0131, anlamaya \u00e7al\u0131\u015fmal\u0131\u2026 Ankara\u2019da gezilecek yerler dendi\u011finde es ge\u00e7ilemeyecek yerlerden biri: Ankara Etnografya M\u00fczesi. Etnografya M\u00fczesi T\u00fcrkiye\u2019de m\u00fcze binas\u0131 niyetiyle in\u015fa edilen ilk yap\u0131. M\u00fczenin \u00f6n\u00fcndeki bronz Atat\u00fcrk heykeli, \u0130talyan heykeltra\u015f Pietro Canonica\u2019n\u0131n eseri. 1930\u2019da halktan toplanan eserlerle kurulan ve ziyarete a\u00e7\u0131lan Ankara Etnografya M\u00fczesi\u2019nde Anadolu\u2019nun T\u00fcrk-\u0130slam d\u00f6nemine ait, g\u00fcnl\u00fck hayat\u0131n s\u0131radan anlar\u0131na e\u015flik eden \u00e7ok say\u0131da eser bulunuyor. Bir hat\u0131rlatma: Mustafa Kemal Atat\u00fcrk\u2019\u00fcn naa\u015f\u0131, 1953\u2019te An\u0131tkabir\u2019e ta\u015f\u0131nana kadar ge\u00e7ici olarak bu binada muhafaza edilmi\u015f. K\u0131sa s\u00fcrede Ankara\u2019ya yolu d\u00fc\u015femeyeceklere bir not daha: Ankara Etnografya M\u00fczesi sanal gezi imk\u00e2n\u0131 da sunuyor.<\/p>\n\n\n\n<hr class=\"wp-block-separator has-text-color has-css-opacity has-background is-style-wide\" style=\"background-color:#ebebeb;color:#ebebeb\"\/>\n\n\n\n<h2 class=\"wp-block-heading\" id=\"cermodern\"><strong>\u015eimdiye tan\u0131k: CerModern<\/strong><\/h2>\n\n\n\n<figure class=\"wp-block-image size-large\"><img loading=\"lazy\" decoding=\"async\" width=\"800\" height=\"534\" src=\"https:\/\/blog.turkishairlines.com\/wp-content\/uploads\/2021\/10\/ankara-cer-modern.jpg\" alt=\"CerModern, eski demiryolu fabrikas\u0131nda kurulan bir modern sanat cenneti gibi\" class=\"wp-image-27353\" srcset=\"https:\/\/blog.turkishairlines.com\/wp-content\/uploads\/2021\/10\/ankara-cer-modern.jpg 800w, https:\/\/blog.turkishairlines.com\/wp-content\/uploads\/2021\/10\/ankara-cer-modern-300x200.jpg 300w, https:\/\/blog.turkishairlines.com\/wp-content\/uploads\/2021\/10\/ankara-cer-modern-150x100.jpg 150w, https:\/\/blog.turkishairlines.com\/wp-content\/uploads\/2021\/10\/ankara-cer-modern-768x513.jpg 768w, https:\/\/blog.turkishairlines.com\/wp-content\/uploads\/2021\/10\/ankara-cer-modern-696x465.jpg 696w, https:\/\/blog.turkishairlines.com\/wp-content\/uploads\/2021\/10\/ankara-cer-modern-629x420.jpg 629w\" sizes=\"auto, (max-width: 800px) 100vw, 800px\" \/><\/figure>\n\n\n\n<p>Bug\u00fcne tan\u0131kl\u0131k etmeye devam\u2026 S\u0131hhiye\u2019de, eski demiryolu fabrikas\u0131nda kurulan CerModern, Ankara\u2019n\u0131n \u00e7a\u011fda\u015f sanata ve k\u00fclt\u00fcre a\u00e7\u0131lan kap\u0131s\u0131 adeta, bir modern sanatlar merkezi. Festivallerden pek \u00e7ok sergiye ve bulu\u015fmalara ev sahipli\u011fi yapan CerModern\u2019in internet sitesini ziyaret ederek g\u00fcncel etkinlik program\u0131na eri\u015febilirsiniz.&nbsp;<\/p>\n\n\n\n<hr class=\"wp-block-separator has-text-color has-css-opacity has-background is-style-wide\" style=\"background-color:#ebebeb;color:#ebebeb\"\/>\n\n\n\n<h2 class=\"wp-block-heading\" id=\"atakule\"><strong>Bir fenomen: Atakule<\/strong><\/h2>\n\n\n\n<figure class=\"wp-block-image size-large\"><img loading=\"lazy\" decoding=\"async\" width=\"800\" height=\"534\" src=\"https:\/\/blog.turkishairlines.com\/wp-content\/uploads\/2021\/10\/ankara-atakule.jpg\" alt=\"\" class=\"wp-image-27356\" srcset=\"https:\/\/blog.turkishairlines.com\/wp-content\/uploads\/2021\/10\/ankara-atakule.jpg 800w, https:\/\/blog.turkishairlines.com\/wp-content\/uploads\/2021\/10\/ankara-atakule-300x200.jpg 300w, https:\/\/blog.turkishairlines.com\/wp-content\/uploads\/2021\/10\/ankara-atakule-150x100.jpg 150w, https:\/\/blog.turkishairlines.com\/wp-content\/uploads\/2021\/10\/ankara-atakule-768x513.jpg 768w, https:\/\/blog.turkishairlines.com\/wp-content\/uploads\/2021\/10\/ankara-atakule-696x465.jpg 696w, https:\/\/blog.turkishairlines.com\/wp-content\/uploads\/2021\/10\/ankara-atakule-629x420.jpg 629w\" sizes=\"auto, (max-width: 800px) 100vw, 800px\" \/><\/figure>\n\n\n\n<p>Bug\u00fcnlerde art arda a\u00e7\u0131lan al\u0131\u015fveri\u015f merkezleriyle birlikte eski \u015fa\u015faas\u0131 kalmasa da bir fenomen Atakule: T\u00fcrkiye\u2019nin ikinci, Ankara\u2019n\u0131n ilk al\u0131\u015fveri\u015f merkezi.1987\u2019de d\u00f6nemin cumhurba\u015fkan\u0131 Turgut \u00d6zal taraf\u0131ndan, Ankara\u2019n\u0131n ba\u015fkent olu\u015funun 66. y\u0131ld\u00f6n\u00fcm\u00fc \u015ferefine a\u00e7\u0131l\u0131\u015f\u0131 yap\u0131lan Atakule\u2019nin 125 metre y\u00fckseklikteki kule k\u0131sm\u0131n\u0131n \u00fczerinde seyir terasl\u0131, d\u00f6ner bir restoran\u0131 var. Ankara \u015fehir manzaras\u0131 e\u015fli\u011finde bir \u015feyler yemek, bu s\u0131rada bir fenomeni yak\u0131ndan g\u00f6rmek isterseniz Atakule\u2019ye muhakkak yolunuz d\u00fc\u015fmeli.<\/p>\n\n\n\n<hr class=\"wp-block-separator has-text-color has-css-opacity has-background is-style-wide\" style=\"background-color:#ebebeb;color:#ebebeb\"\/>\n\n\n\n<h2 class=\"wp-block-heading\" id=\"ankara-devlet-tiyatrosu\"><strong>Devlet tiyatrolar\u0131n\u0131n kalbi: Ankara Devlet Tiyatrosu<\/strong><\/h2>\n\n\n\n<figure class=\"wp-block-image size-large\"><img loading=\"lazy\" decoding=\"async\" width=\"800\" height=\"534\" src=\"https:\/\/blog.turkishairlines.com\/wp-content\/uploads\/2021\/10\/ankara-devlet-tiyatrosu.jpg\" alt=\"\" class=\"wp-image-27358\" srcset=\"https:\/\/blog.turkishairlines.com\/wp-content\/uploads\/2021\/10\/ankara-devlet-tiyatrosu.jpg 800w, https:\/\/blog.turkishairlines.com\/wp-content\/uploads\/2021\/10\/ankara-devlet-tiyatrosu-300x200.jpg 300w, https:\/\/blog.turkishairlines.com\/wp-content\/uploads\/2021\/10\/ankara-devlet-tiyatrosu-150x100.jpg 150w, https:\/\/blog.turkishairlines.com\/wp-content\/uploads\/2021\/10\/ankara-devlet-tiyatrosu-768x513.jpg 768w, https:\/\/blog.turkishairlines.com\/wp-content\/uploads\/2021\/10\/ankara-devlet-tiyatrosu-696x465.jpg 696w, https:\/\/blog.turkishairlines.com\/wp-content\/uploads\/2021\/10\/ankara-devlet-tiyatrosu-629x420.jpg 629w\" sizes=\"auto, (max-width: 800px) 100vw, 800px\" \/><\/figure>\n\n\n\n<p>T\u00fcm d\u00fcnya ak\u0131llar\u0131n eri\u015femeyece\u011fi \u00f6l\u00e7\u00fcde de\u011fi\u015fse, hi\u00e7bir \u015fey ayn\u0131 kalmasa bile Ankara\u2019da tiyatro hep var olmaya devam eder sanki, orada hi\u00e7bir \u015fey de\u011fi\u015fmez. Bu k\u00f6kl\u00fc ve kolay kolay sars\u0131lmaz g\u00f6r\u00fcnen k\u00fclt\u00fcr\u00fcn ba\u015flang\u0131\u00e7 noktas\u0131, T\u00fcrkiye\u2019deki ilk resmi sanat kurumu olan Ankara Devlet Tiyatrosu olmal\u0131. Muhsin Ertu\u011frul ve arkada\u015flar\u0131n\u0131n \u00e7abalar\u0131 neticesinde hayat bulan Ankara Devlet Tiyatrosu, Ekim 1949\u2019da a\u00e7m\u0131\u015f perdelerini; bug\u00fcn ayn\u0131 co\u015fkuyla \u015einasi Sahnesi\u2019nde, K\u00fc\u00e7\u00fck ve B\u00fcy\u00fck Tiyatro\u2019da ve di\u011fer salonlarda, \u00f6nemli oyunlar\u0131n farkl\u0131 yorumlar\u0131n\u0131 izleyiciyle bulu\u015fturmaya devam ediyor. Var olsun!<\/p>\n\n\n\n<hr class=\"wp-block-separator has-text-color has-css-opacity has-background is-style-wide\" style=\"background-color:#ebebeb;color:#ebebeb\"\/>\n\n\n\n<h2 class=\"wp-block-heading\" id=\"cumhurbaskanligi-millet-kutuphanesi\"><strong>Cumhurba\u015fkanl\u0131\u011f\u0131 Millet K\u00fct\u00fcphanesi: T\u00fcrkiye\u2019nin en b\u00fcy\u00fck k\u00fct\u00fcphanesi<\/strong><\/h2>\n\n\n\n<figure class=\"wp-block-image size-large\"><img loading=\"lazy\" decoding=\"async\" width=\"800\" height=\"534\" src=\"https:\/\/blog.turkishairlines.com\/wp-content\/uploads\/2021\/10\/ankara-millet-kutuphanesi.jpg\" alt=\"\" class=\"wp-image-27360\" srcset=\"https:\/\/blog.turkishairlines.com\/wp-content\/uploads\/2021\/10\/ankara-millet-kutuphanesi.jpg 800w, https:\/\/blog.turkishairlines.com\/wp-content\/uploads\/2021\/10\/ankara-millet-kutuphanesi-300x200.jpg 300w, https:\/\/blog.turkishairlines.com\/wp-content\/uploads\/2021\/10\/ankara-millet-kutuphanesi-150x100.jpg 150w, https:\/\/blog.turkishairlines.com\/wp-content\/uploads\/2021\/10\/ankara-millet-kutuphanesi-768x513.jpg 768w, https:\/\/blog.turkishairlines.com\/wp-content\/uploads\/2021\/10\/ankara-millet-kutuphanesi-696x465.jpg 696w, https:\/\/blog.turkishairlines.com\/wp-content\/uploads\/2021\/10\/ankara-millet-kutuphanesi-629x420.jpg 629w\" sizes=\"auto, (max-width: 800px) 100vw, 800px\" \/><\/figure>\n\n\n\n<p>Cumhurba\u015fkanl\u0131\u011f\u0131 Millet K\u00fct\u00fcphanesi, ayn\u0131 anda 5 bin 500 ki\u015fiye hizmet verebilen, devasa bir yap\u0131. \u0130\u00e7inde seminerler, sergiler, etkinlikler d\u00fczenlenen k\u00fct\u00fcphanede 4 milyon bas\u0131l\u0131, 120 milyonun \u00fczerinde elektronik yay\u0131n, ayr\u0131ca 550 bin e-kitap ve nadir eser var. Ba\u015fkente yolunuz d\u00fc\u015ferse u\u011framay\u0131 ihmal etmemeli.<\/p>\n\n\n\n<hr class=\"wp-block-separator has-text-color has-css-opacity has-background is-style-wide\" style=\"background-color:#ebebeb;color:#ebebeb\"\/>\n\n\n\n<h2 class=\"wp-block-heading\" id=\"ankara-yemek\"><strong>Biraz yorulunca: Ankara\u2019da ne yenir?<\/strong><\/h2>\n\n\n\n<figure class=\"wp-block-image size-large is-resized\"><img loading=\"lazy\" decoding=\"async\" src=\"https:\/\/blog.turkishairlines.com\/wp-content\/uploads\/2021\/11\/ankarada-ne-yenir.jpg\" alt=\"Ankara\u2019n\u0131n farkl\u0131 b\u00f6lgelerinde konumlanm\u0131\u015f Aspava restoranlar\u0131 \u015fehirle \u00f6zde\u015fle\u015fmi\u015f bir fenomen art\u0131k\" class=\"wp-image-27451\" width=\"806\" height=\"538\"\/><\/figure>\n\n\n\n<p>Bu yaz\u0131n\u0131n yaz\u0131ld\u0131\u011f\u0131 ekim ay\u0131nda Ankara \u00e7orba sezonunu \u00e7oktan a\u00e7m\u0131\u015ft\u0131r, unutmamal\u0131. Ayr\u0131ca m\u00fcmk\u00fcnse Ankara tavas\u0131, Liva Pastanesi\u2019nde s\u0131k\u0131 bir kahvalt\u0131, e mutlaka Aspava\u2019da soslu d\u00f6ner ve varyasyonlar\u0131; G\u00fcvenlik Caddesi 69 numarada Vedat Milor\u2019un da favorisi Mutlu Lokantas\u0131\u2019n\u0131n me\u015fhur d\u00f6neri, bir de yar\u0131s\u0131 Ku\u011fulu Park\u2019ta, ku\u011fularla payla\u015fmal\u0131k Ankara simidi tatmadan d\u00f6nmeyin. Ankara demek yemek bak\u0131m\u0131ndan d\u00f6ner demek: Tam da bu y\u00fczden \u00fc\u00e7 d\u00f6nerci \u00f6nerisi daha verip \u00e7ekiliyoruz, Pe\u00e7enek D\u00f6ner, Kumrular\u2019daki Cici Piknik, Ayd\u0131nl\u0131kevler\u2019de bulunan Canbolat. Her birinin seveni, \u201cen iyi\u201d bulan\u0131 ayr\u0131.<\/p>\n\n\n\n<p>Gelelim bal\u0131\u011fa: Bir efsaneye g\u00f6re T\u00fcrkiye\u2019de en iyi bal\u0131k Ankara\u2019da yenir; zira denize k\u0131y\u0131s\u0131 olmasa da Ankara, T\u00fcrkiye k\u0131y\u0131lar\u0131ndaki en iyi bal\u0131klar\u0131n toplanma yeridir. Trilye, bal\u0131\u011f\u0131n ba\u015fkentteki muhtemel en iyi adresi. Hamburgere d\u00fc\u015fk\u00fcnseniz Farabi\u2019deki Etmanyak&amp;Sosis, sizi epey mutlu edebilir.<\/p>\n\n\n\n<hr class=\"wp-block-separator has-text-color has-css-opacity has-background is-style-default\" style=\"background-color:#ebebeb;color:#ebebeb\"\/>\n\n\n\n<h4 class=\"wp-block-heading\"><em><strong>Story aya\u011f\u0131n\u0131za geldi!<\/strong><\/em><\/h4>\n\n\n\n<p><em>Yaz\u0131m\u0131z\u0131n \u00f6ne \u00e7\u0131kan b\u00f6l\u00fcmlerini sosyal medya hesaplar\u0131n\u0131zda payla\u015fmak i\u00e7in haz\u0131rlad\u0131\u011f\u0131m\u0131z g\u00f6rselleri indirebilirsiniz. Bunun i\u00e7in Android ve iOS i\u015fletim sistemli ak\u0131ll\u0131 telefonlar\u0131n\u0131zla payla\u015fmak istedi\u011finiz story\u2019nin \u00fczerine bas\u0131l\u0131 tutun ve gelen men\u00fc arac\u0131l\u0131\u011f\u0131yla g\u00f6rseli ak\u0131ll\u0131 telefonunuza kaydedin veya payla\u015f\u0131n.<\/em><\/p>\n\n\n\n<div class=\"wp-block-columns is-layout-flex wp-container-core-columns-is-layout-9d6595d7 wp-block-columns-is-layout-flex\">\n<div class=\"wp-block-column is-layout-flow wp-block-column-is-layout-flow\">\n<figure class=\"wp-block-image size-large\"><img loading=\"lazy\" decoding=\"async\" width=\"1024\" height=\"1820\" src=\"https:\/\/blog.turkishairlines.com\/wp-content\/uploads\/2021\/11\/1_TR_Ankara-1024x1820.jpg\" alt=\"\" class=\"wp-image-28013\" srcset=\"https:\/\/blog.turkishairlines.com\/wp-content\/uploads\/2021\/11\/1_TR_Ankara-1024x1820.jpg 1024w, https:\/\/blog.turkishairlines.com\/wp-content\/uploads\/2021\/11\/1_TR_Ankara-169x300.jpg 169w, https:\/\/blog.turkishairlines.com\/wp-content\/uploads\/2021\/11\/1_TR_Ankara-84x150.jpg 84w, https:\/\/blog.turkishairlines.com\/wp-content\/uploads\/2021\/11\/1_TR_Ankara-768x1365.jpg 768w, https:\/\/blog.turkishairlines.com\/wp-content\/uploads\/2021\/11\/1_TR_Ankara-864x1536.jpg 864w, https:\/\/blog.turkishairlines.com\/wp-content\/uploads\/2021\/11\/1_TR_Ankara-696x1237.jpg 696w, https:\/\/blog.turkishairlines.com\/wp-content\/uploads\/2021\/11\/1_TR_Ankara-1068x1899.jpg 1068w, https:\/\/blog.turkishairlines.com\/wp-content\/uploads\/2021\/11\/1_TR_Ankara-236x420.jpg 236w, https:\/\/blog.turkishairlines.com\/wp-content\/uploads\/2021\/11\/1_TR_Ankara-150x267.jpg 150w, https:\/\/blog.turkishairlines.com\/wp-content\/uploads\/2021\/11\/1_TR_Ankara.jpg 1080w\" sizes=\"auto, (max-width: 1024px) 100vw, 1024px\" \/><\/figure>\n<\/div>\n\n\n\n<div class=\"wp-block-column is-layout-flow wp-block-column-is-layout-flow\">\n<figure class=\"wp-block-image size-large\"><img loading=\"lazy\" decoding=\"async\" width=\"1024\" height=\"1820\" src=\"https:\/\/blog.turkishairlines.com\/wp-content\/uploads\/2021\/11\/2_TR_Ankara-1024x1820.jpg\" alt=\"\" class=\"wp-image-28015\" srcset=\"https:\/\/blog.turkishairlines.com\/wp-content\/uploads\/2021\/11\/2_TR_Ankara-1024x1820.jpg 1024w, https:\/\/blog.turkishairlines.com\/wp-content\/uploads\/2021\/11\/2_TR_Ankara-169x300.jpg 169w, https:\/\/blog.turkishairlines.com\/wp-content\/uploads\/2021\/11\/2_TR_Ankara-84x150.jpg 84w, https:\/\/blog.turkishairlines.com\/wp-content\/uploads\/2021\/11\/2_TR_Ankara-768x1365.jpg 768w, https:\/\/blog.turkishairlines.com\/wp-content\/uploads\/2021\/11\/2_TR_Ankara-864x1536.jpg 864w, https:\/\/blog.turkishairlines.com\/wp-content\/uploads\/2021\/11\/2_TR_Ankara-696x1237.jpg 696w, https:\/\/blog.turkishairlines.com\/wp-content\/uploads\/2021\/11\/2_TR_Ankara-1068x1899.jpg 1068w, https:\/\/blog.turkishairlines.com\/wp-content\/uploads\/2021\/11\/2_TR_Ankara-236x420.jpg 236w, https:\/\/blog.turkishairlines.com\/wp-content\/uploads\/2021\/11\/2_TR_Ankara-150x267.jpg 150w, https:\/\/blog.turkishairlines.com\/wp-content\/uploads\/2021\/11\/2_TR_Ankara.jpg 1080w\" sizes=\"auto, (max-width: 1024px) 100vw, 1024px\" \/><\/figure>\n<\/div>\n\n\n\n<div class=\"wp-block-column is-layout-flow wp-block-column-is-layout-flow\">\n<figure class=\"wp-block-image size-large\"><img loading=\"lazy\" decoding=\"async\" width=\"1024\" height=\"1820\" src=\"https:\/\/blog.turkishairlines.com\/wp-content\/uploads\/2021\/11\/3_TR_Ankara-1024x1820.jpg\" alt=\"\" class=\"wp-image-28017\" srcset=\"https:\/\/blog.turkishairlines.com\/wp-content\/uploads\/2021\/11\/3_TR_Ankara-1024x1820.jpg 1024w, https:\/\/blog.turkishairlines.com\/wp-content\/uploads\/2021\/11\/3_TR_Ankara-169x300.jpg 169w, https:\/\/blog.turkishairlines.com\/wp-content\/uploads\/2021\/11\/3_TR_Ankara-84x150.jpg 84w, https:\/\/blog.turkishairlines.com\/wp-content\/uploads\/2021\/11\/3_TR_Ankara-768x1365.jpg 768w, https:\/\/blog.turkishairlines.com\/wp-content\/uploads\/2021\/11\/3_TR_Ankara-864x1536.jpg 864w, https:\/\/blog.turkishairlines.com\/wp-content\/uploads\/2021\/11\/3_TR_Ankara-696x1237.jpg 696w, https:\/\/blog.turkishairlines.com\/wp-content\/uploads\/2021\/11\/3_TR_Ankara-1068x1899.jpg 1068w, https:\/\/blog.turkishairlines.com\/wp-content\/uploads\/2021\/11\/3_TR_Ankara-236x420.jpg 236w, https:\/\/blog.turkishairlines.com\/wp-content\/uploads\/2021\/11\/3_TR_Ankara-150x267.jpg 150w, https:\/\/blog.turkishairlines.com\/wp-content\/uploads\/2021\/11\/3_TR_Ankara.jpg 1080w\" sizes=\"auto, (max-width: 1024px) 100vw, 1024px\" \/><\/figure>\n<\/div>\n<\/div>\n","protected":false},"excerpt":{"rendered":"<p>Fihrist An\u0131tkabir Bir mabet: Ankara Kocatepe Camii Biraz nefeslenmeye: Se\u011fmenler Park\u0131 Eymir G\u00f6l\u00fc Ankara Kalesi Ankara Etnografya M\u00fczesi CerModern Bir fenomen: Atakule Ankara Devlet Tiyatrosu Cumhurba\u015fkanl\u0131\u011f\u0131 Millet K\u00fct\u00fcphanesi Ankara&#8217;da ne yenir? An\u0131tkabir Ankara\u2019da gezilecek yerlerin ilki, ku\u015fkusuz T\u00fcrkiye Cumhuriyeti\u2019nin kurucusu Mustafa Kemal Atat\u00fcrk\u2019\u00fcn ebedi istirahatg\u00e2h\u0131. An\u0131tkabir Ankara\u2019n\u0131n tam g\u00f6be\u011finde: Eski ad\u0131yla Rasattepe, bug\u00fcn\u00fcn An\u0131ttepe\u2019sinde. 750 [&hellip;]<\/p>\n","protected":false},"author":53,"featured_media":27673,"comment_status":"closed","ping_status":"closed","sticky":false,"template":"","format":"standard","meta":{"footnotes":""},"categories":[712,591,574,981,979,495],"tags":[],"class_list":{"0":"post-27340","1":"post","2":"type-post","3":"status-publish","4":"format-standard","5":"has-post-thumbnail","7":"category-ankara-gezi-rehberi","8":"category-sehir-tatili","9":"category-seyahat-ve-tatil-fikirleri","10":"category-turkiye-sehirleri","11":"category-turkiyede-gezilecek-tarihi-yerler","12":"category-yerler"},"_links":{"self":[{"href":"https:\/\/blog.turkishairlines.com\/tr\/wp-json\/wp\/v2\/posts\/27340","targetHints":{"allow":["GET"]}}],"collection":[{"href":"https:\/\/blog.turkishairlines.com\/tr\/wp-json\/wp\/v2\/posts"}],"about":[{"href":"https:\/\/blog.turkishairlines.com\/tr\/wp-json\/wp\/v2\/types\/post"}],"author":[{"embeddable":true,"href":"https:\/\/blog.turkishairlines.com\/tr\/wp-json\/wp\/v2\/users\/53"}],"replies":[{"embeddable":true,"href":"https:\/\/blog.turkishairlines.com\/tr\/wp-json\/wp\/v2\/comments?post=27340"}],"version-history":[{"count":0,"href":"https:\/\/blog.turkishairlines.com\/tr\/wp-json\/wp\/v2\/posts\/27340\/revisions"}],"wp:featuredmedia":[{"embeddable":true,"href":"https:\/\/blog.turkishairlines.com\/tr\/wp-json\/wp\/v2\/media\/27673"}],"wp:attachment":[{"href":"https:\/\/blog.turkishairlines.com\/tr\/wp-json\/wp\/v2\/media?parent=27340"}],"wp:term":[{"taxonomy":"category","embeddable":true,"href":"https:\/\/blog.turkishairlines.com\/tr\/wp-json\/wp\/v2\/categories?post=27340"},{"taxonomy":"post_tag","embeddable":true,"href":"https:\/\/blog.turkishairlines.com\/tr\/wp-json\/wp\/v2\/tags?post=27340"}],"curies":[{"name":"wp","href":"https:\/\/api.w.org\/{rel}","templated":true}]}}