{"id":3229,"date":"2020-05-04T14:44:31","date_gmt":"2020-05-04T11:44:31","guid":{"rendered":"https:\/\/blog.turkishairlines.com\/?p=3229"},"modified":"2022-08-06T13:17:39","modified_gmt":"2022-08-06T10:17:39","slug":"istanbul-trekking-rotalari","status":"publish","type":"post","link":"https:\/\/blog.turkishairlines.com\/tr\/istanbul-trekking-rotalari\/","title":{"rendered":"\u0130stanbul ve \u00e7evresindeki en iyi 5 trekking rotas\u0131"},"content":{"rendered":"\n<hr class=\"wp-block-separator has-text-color has-alpha-channel-opacity has-background is-style-wide\" style=\"background-color:#ebebeb;color:#ebebeb\"\/>\n\n\n\n<figure class=\"wp-block-image size-large\"><img loading=\"lazy\" decoding=\"async\" width=\"600\" height=\"2207\" src=\"https:\/\/blog.turkishairlines.com\/wp-content\/uploads\/2020\/05\/IstanbulTrekking-tr-2.jpg\" alt=\"\u0130stanbul ve yak\u0131nlar\u0131ndaki trekking rotalar\u0131 infografi\u011fi.\" class=\"wp-image-23495\" srcset=\"https:\/\/blog.turkishairlines.com\/wp-content\/uploads\/2020\/05\/IstanbulTrekking-tr-2.jpg 600w, https:\/\/blog.turkishairlines.com\/wp-content\/uploads\/2020\/05\/IstanbulTrekking-tr-2-41x150.jpg 41w, https:\/\/blog.turkishairlines.com\/wp-content\/uploads\/2020\/05\/IstanbulTrekking-tr-2-557x2048.jpg 557w, https:\/\/blog.turkishairlines.com\/wp-content\/uploads\/2020\/05\/IstanbulTrekking-tr-2-114x420.jpg 114w\" sizes=\"auto, (max-width: 600px) 100vw, 600px\" \/><\/figure>\n\n\n\n<hr class=\"wp-block-separator has-text-color has-alpha-channel-opacity has-background is-style-wide\" style=\"background-color:#ebebeb;color:#ebebeb\"\/>\n\n\n\n<h2 class=\"wp-block-heading\"><strong>Belgrad Orman\u0131 trekking alanlar\u0131<\/strong><\/h2>\n\n\n\n<figure class=\"wp-block-image size-large\"><img loading=\"lazy\" decoding=\"async\" width=\"1024\" height=\"683\" src=\"https:\/\/blog.turkishairlines.com\/wp-content\/uploads\/2020\/05\/belgrad-ormani-1024x683.jpg\" alt=\"\u0130stanbul'da bulunan Belgrad Orman\u0131'ndan bir patika.\" class=\"wp-image-24042\" srcset=\"https:\/\/blog.turkishairlines.com\/wp-content\/uploads\/2020\/05\/belgrad-ormani-1024x683.jpg 1024w, https:\/\/blog.turkishairlines.com\/wp-content\/uploads\/2020\/05\/belgrad-ormani-300x200.jpg 300w, https:\/\/blog.turkishairlines.com\/wp-content\/uploads\/2020\/05\/belgrad-ormani-150x100.jpg 150w, https:\/\/blog.turkishairlines.com\/wp-content\/uploads\/2020\/05\/belgrad-ormani-768x512.jpg 768w, https:\/\/blog.turkishairlines.com\/wp-content\/uploads\/2020\/05\/belgrad-ormani-696x464.jpg 696w, https:\/\/blog.turkishairlines.com\/wp-content\/uploads\/2020\/05\/belgrad-ormani-1068x712.jpg 1068w, https:\/\/blog.turkishairlines.com\/wp-content\/uploads\/2020\/05\/belgrad-ormani-630x420.jpg 630w, https:\/\/blog.turkishairlines.com\/wp-content\/uploads\/2020\/05\/belgrad-ormani.jpg 1254w\" sizes=\"auto, (max-width: 1024px) 100vw, 1024px\" \/><figcaption>\u0130stanbul&#8217;da bulunan Belgrad Orman\u0131&#8217;ndan bir patika.<\/figcaption><\/figure>\n\n\n\n<p>\u0130stanbul\u2019da trekking yapmak i\u00e7in do\u011fayla ba\u015f ba\u015fa kalabilece\u011finiz en iyi yerlerden biri&nbsp;Belgrad Ormanlar\u0131 trekking alanlar\u0131. 5 bin 300 hektarl\u0131k alana yay\u0131lan Belgrad Ormanlar\u0131\u2019nda k\u0131sa ve uzun \u00e7ok say\u0131da parkur bulunuyor. Sadece orman i\u00e7inde de\u011fil ayn\u0131 zamanda deniz manzaral\u0131 bir y\u00fcr\u00fcy\u00fc\u015f istiyorsan\u0131z Rumeli Feneri\u2019nden Kale\u2019ye do\u011fru giden yola sapabilirsiniz.<\/p>\n\n\n\n<p><a href=\"https:\/\/www.google.com\/maps\/place\/Belgrad+Orman%C4%B1\/@41.1837149,28.9866757,17z\/data=!3m1!4b1!4m5!3m4!1s0x14cab4d2f50bd3bb:0xffcee75813cf5945!8m2!3d41.1837149!4d28.9888644\" target=\"_blank\" rel=\"noreferrer noopener nofollow\">Haritada g\u00f6r\u00fcnt\u00fcle<\/a><\/p>\n\n\n\n<hr class=\"wp-block-separator has-text-color has-alpha-channel-opacity has-background is-style-wide\" style=\"background-color:#ebebeb;color:#ebebeb\"\/>\n\n\n\n<h2 class=\"has-text-align-left wp-block-heading\"><strong>Polonezk\u00f6y trekking alanlar\u0131<\/strong><\/h2>\n\n\n\n<figure class=\"wp-block-image size-large\"><img loading=\"lazy\" decoding=\"async\" width=\"1024\" height=\"683\" src=\"https:\/\/blog.turkishairlines.com\/wp-content\/uploads\/2020\/05\/polonezkoy-1024x683.jpg\" alt=\"\u0130stanbul'un en do\u011fal yerlerinden Polonezk\u00f6y'de bir k\u00f6y evi.\" class=\"wp-image-24044\" srcset=\"https:\/\/blog.turkishairlines.com\/wp-content\/uploads\/2020\/05\/polonezkoy-1024x683.jpg 1024w, https:\/\/blog.turkishairlines.com\/wp-content\/uploads\/2020\/05\/polonezkoy-300x200.jpg 300w, https:\/\/blog.turkishairlines.com\/wp-content\/uploads\/2020\/05\/polonezkoy-150x100.jpg 150w, https:\/\/blog.turkishairlines.com\/wp-content\/uploads\/2020\/05\/polonezkoy-768x512.jpg 768w, https:\/\/blog.turkishairlines.com\/wp-content\/uploads\/2020\/05\/polonezkoy-696x464.jpg 696w, https:\/\/blog.turkishairlines.com\/wp-content\/uploads\/2020\/05\/polonezkoy-1068x712.jpg 1068w, https:\/\/blog.turkishairlines.com\/wp-content\/uploads\/2020\/05\/polonezkoy-630x420.jpg 630w, https:\/\/blog.turkishairlines.com\/wp-content\/uploads\/2020\/05\/polonezkoy.jpg 1254w\" sizes=\"auto, (max-width: 1024px) 100vw, 1024px\" \/><figcaption>\u0130stanbul&#8217;un en do\u011fal yerlerinden Polonezk\u00f6y&#8217;de bir k\u00f6y evi.<\/figcaption><\/figure>\n\n\n\n<p class=\"has-text-align-left\">\u0130stanbul\u2019a yak\u0131n trekking alanlar\u0131 i\u00e7inde en g\u00fczellerinden biri olan Polonezk\u00f6y,&nbsp;k\u0131sa bir y\u00fcr\u00fcy\u00fc\u015f i\u00e7in ideal. \u00c7am, kestane ve me\u015fe a\u011fa\u00e7lar\u0131 e\u015fli\u011finde yakla\u015f\u0131k 5 km y\u00fcr\u00fcyebilirsiniz. \u0130stanbul trekking rotalar\u0131 i\u00e7inde bamba\u015fka bir yeri olan Polonezk\u00f6y\u2019e gitmek i\u00e7in nisan ve eyl\u00fcl ay\u0131 aras\u0131nda kalan d\u00f6nemi tercih edebilirsiniz. Y\u00fcr\u00fcy\u00fc\u015f\u00fcn\u00fcz\u00fcn ard\u0131ndan Polonezk\u00f6y\u2019deki mesire yerlerinde bulunan i\u015fletmelerde keyifli zaman ge\u00e7irebilirsiniz.<\/p>\n\n\n\n<p class=\"has-text-align-left\"><a href=\"https:\/\/www.google.com\/maps\/place\/Tabiat+park+polonezkoy\/@41.1095363,29.18947,17z\/data=!3m1!4b1!4m5!3m4!1s0x409fd874d6ec4c53:0xd6714bc7a040d37c!8m2!3d41.1181421!4d29.210423\" target=\"_blank\" rel=\"noreferrer noopener nofollow\">Haritada g\u00f6r\u00fcnt\u00fcle<\/a><\/p>\n\n\n\n\n\n<hr class=\"wp-block-separator has-text-color has-alpha-channel-opacity has-background is-style-wide\" style=\"background-color:#ebebeb;color:#ebebeb\"\/>\n\n\n\n<h2 class=\"wp-block-heading\"><strong>U\u00e7makdere trekking alanlar\u0131<\/strong><\/h2>\n\n\n\n<figure class=\"wp-block-image size-large\"><img loading=\"lazy\" decoding=\"async\" width=\"1024\" height=\"678\" src=\"https:\/\/blog.turkishairlines.com\/wp-content\/uploads\/2020\/05\/ucmakdere-1024x678.jpg\" alt=\"Tekirda\u011f'\u0131n \u015firin bir k\u00f6y\u00fc olan U\u00e7makdere'de bal\u0131k\u00e7\u0131 kul\u00fcbesi.\" class=\"wp-image-24046\" srcset=\"https:\/\/blog.turkishairlines.com\/wp-content\/uploads\/2020\/05\/ucmakdere-1024x678.jpg 1024w, https:\/\/blog.turkishairlines.com\/wp-content\/uploads\/2020\/05\/ucmakdere-300x199.jpg 300w, https:\/\/blog.turkishairlines.com\/wp-content\/uploads\/2020\/05\/ucmakdere-150x99.jpg 150w, https:\/\/blog.turkishairlines.com\/wp-content\/uploads\/2020\/05\/ucmakdere-768x509.jpg 768w, https:\/\/blog.turkishairlines.com\/wp-content\/uploads\/2020\/05\/ucmakdere-696x461.jpg 696w, https:\/\/blog.turkishairlines.com\/wp-content\/uploads\/2020\/05\/ucmakdere-1068x707.jpg 1068w, https:\/\/blog.turkishairlines.com\/wp-content\/uploads\/2020\/05\/ucmakdere-634x420.jpg 634w, https:\/\/blog.turkishairlines.com\/wp-content\/uploads\/2020\/05\/ucmakdere.jpg 1258w\" sizes=\"auto, (max-width: 1024px) 100vw, 1024px\" \/><figcaption>Tekirda\u011f&#8217;\u0131n \u015firin bir k\u00f6y\u00fc olan U\u00e7makdere&#8217;de bal\u0131k\u00e7\u0131 kul\u00fcbesi.<\/figcaption><\/figure>\n\n\n\n<p>\u0130stanbul\u2019da trekking yapmak istemiyor ama \u015fehirden \u00e7ok da uzakla\u015fmak istemiyorsan\u0131z biraz bat\u0131ya do\u011fru gitmenizi \u00f6neririz. Tekirda\u011f\u2019\u0131n \u015eark\u00f6y il\u00e7esine ba\u011fl\u0131 eski bir Rum k\u00f6y\u00fc olan U\u00e7makdere hem keyifle zaman ge\u00e7irece\u011finiz hem de orta zorluk derecesiyle trekking yapaca\u011f\u0131n\u0131z bir yer. U\u00e7makdere trekking alanlar\u0131nda e\u011fimli bir parkur oldu\u011fu i\u00e7in ba\u015flarda biraz sizi yorsa da sonunda sizi kar\u015f\u0131layan manzara her \u015feyi unutturuyor. U\u00e7makdere\u2019de trekking d\u0131\u015f\u0131nda yama\u00e7 para\u015f\u00fct\u00fc de yapabilirsiniz.&nbsp;<\/p>\n\n\n\n<p>U\u00e7makdere, \u0130stanbul\u2019a yak\u0131n trekking alanlar\u0131ndan biri olmas\u0131n\u0131n yan\u0131nda, bu sporun T\u00fcrkiye\u2019deki en iyi merkezlerinden biri. K\u00f6y i\u00e7inde konaklama imk\u00e2n\u0131 bulunmasa da belirlenen \u00f6zel alanlarda kamp kurabilirsiniz. U\u00e7makdere\u2019ye gelmi\u015fken, ah\u015fap bal\u0131k\u00e7\u0131 bar\u0131naklar\u0131n\u0131 ve ilgin\u00e7 bal\u0131k tutma iskelelerini g\u00f6rmelisiniz. K\u00f6yden d\u00f6nerken ev eri\u015ftesi, tarhana, \u0131hlamur, ada\u00e7ay\u0131 ve \u00fcz\u00fcm pekmezi gibi y\u00f6reye ait lezzetleri sat\u0131n almay\u0131 unutmay\u0131n.<\/p>\n\n\n\n<p><a href=\"https:\/\/www.google.com\/maps\/place\/U%C3%A7makdere,+59800+%C5%9Eark%C3%B6y%2FTekirda%C4%9F\/@40.7981394,27.3609702,16z\/data=!3m1!4b1!4m5!3m4!1s0x14b46e1c5ea3b51b:0x250843d56409b58a!8m2!3d40.799734!4d27.363385\" target=\"_blank\" rel=\"noreferrer noopener nofollow\">Haritada g\u00f6r\u00fcnt\u00fcle<\/a><\/p>\n\n\n\n\n\n<hr class=\"wp-block-separator has-text-color has-alpha-channel-opacity has-background is-style-wide\" style=\"background-color:#ebebeb;color:#ebebeb\"\/>\n\n\n\n<h2 class=\"has-text-align-left wp-block-heading\"><strong>S\u00fcl\u00fckl\u00fc G\u00f6l trekking alanlar\u0131<\/strong><\/h2>\n\n\n\n<figure class=\"wp-block-image size-large\"><img loading=\"lazy\" decoding=\"async\" width=\"1024\" height=\"681\" src=\"https:\/\/blog.turkishairlines.com\/wp-content\/uploads\/2020\/05\/suluklugol-1024x681.jpg\" alt=\"Bolu\u2019nun Mudurnu il\u00e7esine ba\u011fl\u0131\u00a0S\u00fcl\u00fckl\u00fc G\u00f6l Tabiat Park\u0131'nda g\u00f6l kenar\u0131nda bulunan bir bank.\" class=\"wp-image-24048\" srcset=\"https:\/\/blog.turkishairlines.com\/wp-content\/uploads\/2020\/05\/suluklugol-1024x681.jpg 1024w, https:\/\/blog.turkishairlines.com\/wp-content\/uploads\/2020\/05\/suluklugol-300x200.jpg 300w, https:\/\/blog.turkishairlines.com\/wp-content\/uploads\/2020\/05\/suluklugol-150x100.jpg 150w, https:\/\/blog.turkishairlines.com\/wp-content\/uploads\/2020\/05\/suluklugol-768x511.jpg 768w, https:\/\/blog.turkishairlines.com\/wp-content\/uploads\/2020\/05\/suluklugol-696x463.jpg 696w, https:\/\/blog.turkishairlines.com\/wp-content\/uploads\/2020\/05\/suluklugol-1068x711.jpg 1068w, https:\/\/blog.turkishairlines.com\/wp-content\/uploads\/2020\/05\/suluklugol-631x420.jpg 631w, https:\/\/blog.turkishairlines.com\/wp-content\/uploads\/2020\/05\/suluklugol.jpg 1255w\" sizes=\"auto, (max-width: 1024px) 100vw, 1024px\" \/><figcaption>Bolu\u2019nun Mudurnu il\u00e7esine ba\u011fl\u0131&nbsp;S\u00fcl\u00fckl\u00fc G\u00f6l Tabiat Park\u0131&#8217;nda g\u00f6l kenar\u0131nda bulunan bir bank.<\/figcaption><\/figure>\n\n\n\n<p class=\"has-text-align-left\">Yine \u0130stanbul\u2019da trekking yapmak yerine biraz uzakla\u015fmay\u0131 tercih edenler i\u00e7in bir \u00f6nerimiz daha var! Bolu\u2019nun Mudurnu il\u00e7esine ba\u011fl\u0131 Tav\u015fansuyu k\u00f6y s\u0131n\u0131rlar\u0131 i\u00e7inde yer alan S\u00fcl\u00fckl\u00fc G\u00f6l, \u0130stanbul\u2019a yakla\u015f\u0131k 3 saat uzakl\u0131kta yer al\u0131yor. S\u00fcl\u00fckl\u00fcg\u00f6l Tabiat\u0131 Koruma Alan\u0131\u2019n\u0131 giri\u015finden y\u00fcr\u00fcy\u00fc\u015fe ba\u015flayabilirsiniz. Toprak yoldan ya da orman i\u00e7inden tamamlayabilece\u011finiz S\u00fcl\u00fckl\u00fc G\u00f6l trekking alanlar\u0131 16 km s\u00fcr\u00fcyor. Y\u00fcr\u00fcy\u00fc\u015f s\u0131ras\u0131nda g\u00f6knar ve me\u015fe a\u011fa\u00e7lar\u0131n\u0131n g\u00f6lgesinde dinlenebilirsiniz. S\u00fcl\u00fckl\u00fc G\u00f6l ad\u0131ndan da anla\u015f\u0131laca\u011f\u0131 \u00fczere s\u00fcl\u00fcklerin oldu\u011fu bir g\u00f6l olsa da son y\u0131llarda alabal\u0131k yeti\u015ftirilmesi nedeniyle g\u00f6lde s\u00fcl\u00fck bulunmuyor.<\/p>\n\n\n\n<p class=\"has-text-align-left\"><a href=\"https:\/\/www.google.com\/maps\/place\/S%C3%BCl%C3%BCkl%C3%BC+G%C3%B6l+Tabiat+Park%C4%B1\/@40.5237696,30.8719645,17z\/data=!3m1!4b1!4m5!3m4!1s0x14ccd7c99aa01763:0xcf9dac40010aa370!8m2!3d40.5237655!4d30.8741532?shorturl=1\" target=\"_blank\" rel=\"noreferrer noopener nofollow\">Haritada g\u00f6r\u00fcnt\u00fcle<\/a><\/p>\n\n\n\n<hr class=\"wp-block-separator has-text-color has-alpha-channel-opacity has-background is-style-wide\" style=\"background-color:#ebebeb;color:#ebebeb\"\/>\n\n\n\n<h2 class=\"wp-block-heading\"><strong>Erikli Yaylas\u0131 trekking alanlar\u0131<\/strong><\/h2>\n\n\n\n<figure class=\"wp-block-image size-large\"><img loading=\"lazy\" decoding=\"async\" width=\"1024\" height=\"683\" src=\"https:\/\/blog.turkishairlines.com\/wp-content\/uploads\/2020\/05\/erikli-selalesi-1024x683.jpg\" alt=\"Yalova'da bulunan Erikli \u015eelalesi\" class=\"wp-image-24050\" srcset=\"https:\/\/blog.turkishairlines.com\/wp-content\/uploads\/2020\/05\/erikli-selalesi-1024x683.jpg 1024w, https:\/\/blog.turkishairlines.com\/wp-content\/uploads\/2020\/05\/erikli-selalesi-300x200.jpg 300w, https:\/\/blog.turkishairlines.com\/wp-content\/uploads\/2020\/05\/erikli-selalesi-150x100.jpg 150w, https:\/\/blog.turkishairlines.com\/wp-content\/uploads\/2020\/05\/erikli-selalesi-768x513.jpg 768w, https:\/\/blog.turkishairlines.com\/wp-content\/uploads\/2020\/05\/erikli-selalesi-696x465.jpg 696w, https:\/\/blog.turkishairlines.com\/wp-content\/uploads\/2020\/05\/erikli-selalesi-1068x713.jpg 1068w, https:\/\/blog.turkishairlines.com\/wp-content\/uploads\/2020\/05\/erikli-selalesi-629x420.jpg 629w, https:\/\/blog.turkishairlines.com\/wp-content\/uploads\/2020\/05\/erikli-selalesi.jpg 1254w\" sizes=\"auto, (max-width: 1024px) 100vw, 1024px\" \/><figcaption>Yalova&#8217;da bulunan Erikli \u015eelalesi<\/figcaption><\/figure>\n\n\n\n<p>\u0130stanbul\u2019dan yakla\u015f\u0131k 1,5 saatlik mesafede yer alan Erikli Yaylas\u0131, Yalova\u2019n\u0131n \u00c7\u0131narc\u0131k il\u00e7esine ba\u011fl\u0131. Erikli Yaylas\u0131 trekking turlar\u0131 genellikle Te\u015fvikiye K\u00f6y\u00fc\u2019nden ba\u015fl\u0131yor. Erikli Yaylas\u0131 trekking alanlar\u0131, patika \u00fczerinden devam eden rota hafif e\u011fimli araziler nedeniyle orta derece zorlukta oluyor. \u0130stanbul\u2019da trekking yapmak yerinde ona yak\u0131n do\u011fal g\u00fczellikleri ke\u015ffetmek i\u00e7in Erikli Yaylas\u0131\u2019na giderseniz; \u00c7ifte \u015eelale, Dipsiz G\u00f6l, Delmece Yaylas\u0131 ve Erikli \u015eelalesi\u2019ni de mutlaka ziyaret edin. Erikli Yaylas\u0131 y\u00fcr\u00fcy\u00fc\u015f\u00fcn\u00fcz s\u0131ras\u0131nda kamp i\u00e7in belirlenen alanlarda kamp kurabilirsiniz.<\/p>\n\n\n\n<p><a href=\"https:\/\/www.google.com\/maps\/place\/Erikli+yaylas%C4%B1+ve+%C5%9Felalesi+kamp+ve+mesire+alani\/@40.5997917,29.0387031,17z\/data=!3m1!4b1!4m5!3m4!1s0x14ca8b20eb3942e5:0x763b985162d50ca3!8m2!3d40.5997876!4d29.0408918?shorturl=1\" target=\"_blank\" rel=\"noreferrer noopener nofollow\">Haritada g\u00f6r\u00fcnt\u00fcle<\/a><\/p>\n\n\n\n\n\n<hr class=\"wp-block-separator has-text-color has-alpha-channel-opacity has-background is-style-default\" style=\"background-color:#ebebeb;color:#ebebeb\"\/>\n\n\n\n<h4 class=\"wp-block-heading\"><em><strong>Story aya\u011f\u0131n\u0131za geldi!<\/strong><\/em><\/h4>\n\n\n\n<p><em>Yaz\u0131m\u0131z\u0131n \u00f6ne \u00e7\u0131kan b\u00f6l\u00fcmlerini sosyal medya hesaplar\u0131n\u0131zda payla\u015fmak i\u00e7in haz\u0131rlad\u0131\u011f\u0131m\u0131z g\u00f6rselleri indirebilirsiniz. Bunun i\u00e7in Android ve iOS i\u015fletim sistemli ak\u0131ll\u0131 telefonlar\u0131n\u0131zla payla\u015fmak istedi\u011finiz story\u2019nin \u00fczerine bas\u0131l\u0131 tutun ve gelen men\u00fc arac\u0131l\u0131\u011f\u0131yla g\u00f6rseli ak\u0131ll\u0131 telefonunuza kaydedin veya payla\u015f\u0131n.<\/em><\/p>\n\n\n\n<figure class=\"wp-block-gallery has-nested-images columns-default is-cropped wp-block-gallery-1 is-layout-flex wp-block-gallery-is-layout-flex\">\n<figure class=\"wp-block-image size-large\"><img loading=\"lazy\" decoding=\"async\" width=\"1024\" height=\"1820\" data-id=\"24067\" src=\"https:\/\/blog.turkishairlines.com\/wp-content\/uploads\/2020\/05\/Istanbul-ve-cevresindeki-en-iyi-6-trekking-rotasi-Instacard-ErikliYaylasi-1024x1820.jpg\" alt=\"\" class=\"wp-image-24067\" srcset=\"https:\/\/blog.turkishairlines.com\/wp-content\/uploads\/2020\/05\/Istanbul-ve-cevresindeki-en-iyi-6-trekking-rotasi-Instacard-ErikliYaylasi-1024x1820.jpg 1024w, https:\/\/blog.turkishairlines.com\/wp-content\/uploads\/2020\/05\/Istanbul-ve-cevresindeki-en-iyi-6-trekking-rotasi-Instacard-ErikliYaylasi-169x300.jpg 169w, https:\/\/blog.turkishairlines.com\/wp-content\/uploads\/2020\/05\/Istanbul-ve-cevresindeki-en-iyi-6-trekking-rotasi-Instacard-ErikliYaylasi-84x150.jpg 84w, https:\/\/blog.turkishairlines.com\/wp-content\/uploads\/2020\/05\/Istanbul-ve-cevresindeki-en-iyi-6-trekking-rotasi-Instacard-ErikliYaylasi-768x1365.jpg 768w, https:\/\/blog.turkishairlines.com\/wp-content\/uploads\/2020\/05\/Istanbul-ve-cevresindeki-en-iyi-6-trekking-rotasi-Instacard-ErikliYaylasi-864x1536.jpg 864w, https:\/\/blog.turkishairlines.com\/wp-content\/uploads\/2020\/05\/Istanbul-ve-cevresindeki-en-iyi-6-trekking-rotasi-Instacard-ErikliYaylasi-696x1237.jpg 696w, https:\/\/blog.turkishairlines.com\/wp-content\/uploads\/2020\/05\/Istanbul-ve-cevresindeki-en-iyi-6-trekking-rotasi-Instacard-ErikliYaylasi-1068x1899.jpg 1068w, https:\/\/blog.turkishairlines.com\/wp-content\/uploads\/2020\/05\/Istanbul-ve-cevresindeki-en-iyi-6-trekking-rotasi-Instacard-ErikliYaylasi-236x420.jpg 236w, https:\/\/blog.turkishairlines.com\/wp-content\/uploads\/2020\/05\/Istanbul-ve-cevresindeki-en-iyi-6-trekking-rotasi-Instacard-ErikliYaylasi-150x267.jpg 150w, https:\/\/blog.turkishairlines.com\/wp-content\/uploads\/2020\/05\/Istanbul-ve-cevresindeki-en-iyi-6-trekking-rotasi-Instacard-ErikliYaylasi.jpg 1080w\" sizes=\"auto, (max-width: 1024px) 100vw, 1024px\" \/><\/figure>\n\n\n\n<figure class=\"wp-block-image size-large\"><img loading=\"lazy\" decoding=\"async\" width=\"1024\" height=\"1820\" data-id=\"24069\" src=\"https:\/\/blog.turkishairlines.com\/wp-content\/uploads\/2020\/05\/Istanbul-ve-cevresindeki-en-iyi-6-trekking-rotasi-Instacard-Polenezkoy-1-1024x1820.jpg\" alt=\"\" class=\"wp-image-24069\" srcset=\"https:\/\/blog.turkishairlines.com\/wp-content\/uploads\/2020\/05\/Istanbul-ve-cevresindeki-en-iyi-6-trekking-rotasi-Instacard-Polenezkoy-1-1024x1820.jpg 1024w, https:\/\/blog.turkishairlines.com\/wp-content\/uploads\/2020\/05\/Istanbul-ve-cevresindeki-en-iyi-6-trekking-rotasi-Instacard-Polenezkoy-1-169x300.jpg 169w, https:\/\/blog.turkishairlines.com\/wp-content\/uploads\/2020\/05\/Istanbul-ve-cevresindeki-en-iyi-6-trekking-rotasi-Instacard-Polenezkoy-1-84x150.jpg 84w, https:\/\/blog.turkishairlines.com\/wp-content\/uploads\/2020\/05\/Istanbul-ve-cevresindeki-en-iyi-6-trekking-rotasi-Instacard-Polenezkoy-1-768x1365.jpg 768w, https:\/\/blog.turkishairlines.com\/wp-content\/uploads\/2020\/05\/Istanbul-ve-cevresindeki-en-iyi-6-trekking-rotasi-Instacard-Polenezkoy-1-864x1536.jpg 864w, https:\/\/blog.turkishairlines.com\/wp-content\/uploads\/2020\/05\/Istanbul-ve-cevresindeki-en-iyi-6-trekking-rotasi-Instacard-Polenezkoy-1-696x1237.jpg 696w, https:\/\/blog.turkishairlines.com\/wp-content\/uploads\/2020\/05\/Istanbul-ve-cevresindeki-en-iyi-6-trekking-rotasi-Instacard-Polenezkoy-1-1068x1899.jpg 1068w, https:\/\/blog.turkishairlines.com\/wp-content\/uploads\/2020\/05\/Istanbul-ve-cevresindeki-en-iyi-6-trekking-rotasi-Instacard-Polenezkoy-1-236x420.jpg 236w, https:\/\/blog.turkishairlines.com\/wp-content\/uploads\/2020\/05\/Istanbul-ve-cevresindeki-en-iyi-6-trekking-rotasi-Instacard-Polenezkoy-1-150x267.jpg 150w, https:\/\/blog.turkishairlines.com\/wp-content\/uploads\/2020\/05\/Istanbul-ve-cevresindeki-en-iyi-6-trekking-rotasi-Instacard-Polenezkoy-1.jpg 1080w\" sizes=\"auto, (max-width: 1024px) 100vw, 1024px\" \/><\/figure>\n\n\n\n<figure class=\"wp-block-image size-large\"><img loading=\"lazy\" decoding=\"async\" width=\"1024\" height=\"1820\" data-id=\"24065\" src=\"https:\/\/blog.turkishairlines.com\/wp-content\/uploads\/2020\/05\/Istanbul-ve-cevresindeki-en-iyi-6-trekking-rotasi-Instacard-Tekirdag-1-1024x1820.jpg\" alt=\"\" class=\"wp-image-24065\" srcset=\"https:\/\/blog.turkishairlines.com\/wp-content\/uploads\/2020\/05\/Istanbul-ve-cevresindeki-en-iyi-6-trekking-rotasi-Instacard-Tekirdag-1-1024x1820.jpg 1024w, https:\/\/blog.turkishairlines.com\/wp-content\/uploads\/2020\/05\/Istanbul-ve-cevresindeki-en-iyi-6-trekking-rotasi-Instacard-Tekirdag-1-169x300.jpg 169w, https:\/\/blog.turkishairlines.com\/wp-content\/uploads\/2020\/05\/Istanbul-ve-cevresindeki-en-iyi-6-trekking-rotasi-Instacard-Tekirdag-1-84x150.jpg 84w, https:\/\/blog.turkishairlines.com\/wp-content\/uploads\/2020\/05\/Istanbul-ve-cevresindeki-en-iyi-6-trekking-rotasi-Instacard-Tekirdag-1-768x1365.jpg 768w, https:\/\/blog.turkishairlines.com\/wp-content\/uploads\/2020\/05\/Istanbul-ve-cevresindeki-en-iyi-6-trekking-rotasi-Instacard-Tekirdag-1-864x1536.jpg 864w, https:\/\/blog.turkishairlines.com\/wp-content\/uploads\/2020\/05\/Istanbul-ve-cevresindeki-en-iyi-6-trekking-rotasi-Instacard-Tekirdag-1-696x1237.jpg 696w, https:\/\/blog.turkishairlines.com\/wp-content\/uploads\/2020\/05\/Istanbul-ve-cevresindeki-en-iyi-6-trekking-rotasi-Instacard-Tekirdag-1-1068x1899.jpg 1068w, https:\/\/blog.turkishairlines.com\/wp-content\/uploads\/2020\/05\/Istanbul-ve-cevresindeki-en-iyi-6-trekking-rotasi-Instacard-Tekirdag-1-236x420.jpg 236w, https:\/\/blog.turkishairlines.com\/wp-content\/uploads\/2020\/05\/Istanbul-ve-cevresindeki-en-iyi-6-trekking-rotasi-Instacard-Tekirdag-1-150x267.jpg 150w, https:\/\/blog.turkishairlines.com\/wp-content\/uploads\/2020\/05\/Istanbul-ve-cevresindeki-en-iyi-6-trekking-rotasi-Instacard-Tekirdag-1.jpg 1080w\" sizes=\"auto, (max-width: 1024px) 100vw, 1024px\" \/><\/figure>\n<\/figure>\n","protected":false},"excerpt":{"rendered":"<p>Belgrad Orman\u0131 trekking alanlar\u0131 \u0130stanbul\u2019da trekking yapmak i\u00e7in do\u011fayla ba\u015f ba\u015fa kalabilece\u011finiz en iyi yerlerden biri&nbsp;Belgrad Ormanlar\u0131 trekking alanlar\u0131. 5 bin 300 hektarl\u0131k alana yay\u0131lan Belgrad Ormanlar\u0131\u2019nda k\u0131sa ve uzun \u00e7ok say\u0131da parkur bulunuyor. Sadece orman i\u00e7inde de\u011fil ayn\u0131 zamanda deniz manzaral\u0131 bir y\u00fcr\u00fcy\u00fc\u015f istiyorsan\u0131z Rumeli Feneri\u2019nden Kale\u2019ye do\u011fru giden yola sapabilirsiniz. Haritada g\u00f6r\u00fcnt\u00fcle Polonezk\u00f6y [&hellip;]<\/p>\n","protected":false},"author":53,"featured_media":2393,"comment_status":"closed","ping_status":"closed","sticky":false,"template":"","format":"standard","meta":{"footnotes":""},"categories":[583,584,1032,720,975,574,902,495],"tags":[],"class_list":{"0":"post-3229","1":"post","2":"type-post","3":"status-publish","4":"format-standard","5":"has-post-thumbnail","7":"category-dunyanin-dogal-guzellikleri","8":"category-doga-sporlari","9":"category-infografikler","10":"category-istanbul-gezi-rehberi","11":"category-istanbul-dogal-guzellikleri","12":"category-seyahat-ve-tatil-fikirleri","13":"category-vitrin","14":"category-yerler"},"_links":{"self":[{"href":"https:\/\/blog.turkishairlines.com\/tr\/wp-json\/wp\/v2\/posts\/3229","targetHints":{"allow":["GET"]}}],"collection":[{"href":"https:\/\/blog.turkishairlines.com\/tr\/wp-json\/wp\/v2\/posts"}],"about":[{"href":"https:\/\/blog.turkishairlines.com\/tr\/wp-json\/wp\/v2\/types\/post"}],"author":[{"embeddable":true,"href":"https:\/\/blog.turkishairlines.com\/tr\/wp-json\/wp\/v2\/users\/53"}],"replies":[{"embeddable":true,"href":"https:\/\/blog.turkishairlines.com\/tr\/wp-json\/wp\/v2\/comments?post=3229"}],"version-history":[{"count":0,"href":"https:\/\/blog.turkishairlines.com\/tr\/wp-json\/wp\/v2\/posts\/3229\/revisions"}],"wp:featuredmedia":[{"embeddable":true,"href":"https:\/\/blog.turkishairlines.com\/tr\/wp-json\/wp\/v2\/media\/2393"}],"wp:attachment":[{"href":"https:\/\/blog.turkishairlines.com\/tr\/wp-json\/wp\/v2\/media?parent=3229"}],"wp:term":[{"taxonomy":"category","embeddable":true,"href":"https:\/\/blog.turkishairlines.com\/tr\/wp-json\/wp\/v2\/categories?post=3229"},{"taxonomy":"post_tag","embeddable":true,"href":"https:\/\/blog.turkishairlines.com\/tr\/wp-json\/wp\/v2\/tags?post=3229"}],"curies":[{"name":"wp","href":"https:\/\/api.w.org\/{rel}","templated":true}]}}