{"id":32432,"date":"2022-04-28T16:13:15","date_gmt":"2022-04-28T13:13:15","guid":{"rendered":"https:\/\/blog.turkishairlines.com\/?p=32432"},"modified":"2025-11-06T16:25:48","modified_gmt":"2025-11-06T13:25:48","slug":"nesi-meshur-samsun","status":"publish","type":"post","link":"https:\/\/blog.turkishairlines.com\/tr\/nesi-meshur-samsun\/","title":{"rendered":"Nesi Me\u015fhur: Samsun"},"content":{"rendered":"\n<hr class=\"wp-block-separator has-text-color has-css-opacity has-background is-style-wide\" style=\"background-color:#ebebeb;color:#ebebeb\"\/>\n\n\n\n<h2 class=\"wp-block-heading\"><strong>Zamanda yolculuk: Samsun tarihi yerler<\/strong><\/h2>\n\n\n\n<figure class=\"wp-block-image size-full is-resized\"><img loading=\"lazy\" decoding=\"async\" src=\"https:\/\/blog.turkishairlines.com\/wp-content\/uploads\/2022\/04\/samsun-tarihi-yerler.webp\" alt=\"Samsun\u2019daki tarihi noktalar. \" class=\"wp-image-32433\" width=\"784\" height=\"523\" srcset=\"https:\/\/blog.turkishairlines.com\/wp-content\/uploads\/2022\/04\/samsun-tarihi-yerler.webp 784w, https:\/\/blog.turkishairlines.com\/wp-content\/uploads\/2022\/04\/samsun-tarihi-yerler-300x200.webp 300w, https:\/\/blog.turkishairlines.com\/wp-content\/uploads\/2022\/04\/samsun-tarihi-yerler-150x100.webp 150w, https:\/\/blog.turkishairlines.com\/wp-content\/uploads\/2022\/04\/samsun-tarihi-yerler-768x512.webp 768w, https:\/\/blog.turkishairlines.com\/wp-content\/uploads\/2022\/04\/samsun-tarihi-yerler-696x464.webp 696w, https:\/\/blog.turkishairlines.com\/wp-content\/uploads\/2022\/04\/samsun-tarihi-yerler-630x420.webp 630w\" sizes=\"auto, (max-width: 784px) 100vw, 784px\" \/><figcaption class=\"wp-element-caption\">Asarkale, Samsun. <\/figcaption><\/figure>\n\n\n\n<h3 class=\"wp-block-heading\"><strong>Samsun Atat\u00fcrk An\u0131t\u0131 (Onur An\u0131t\u0131)<\/strong><\/h3>\n\n\n\n<figure class=\"wp-block-image size-full is-resized\"><img loading=\"lazy\" decoding=\"async\" src=\"https:\/\/blog.turkishairlines.com\/wp-content\/uploads\/2022\/04\/samsun-ataturk-aniti.webp\" alt=\"Samsun Atat\u00fcrk An\u0131t\u0131. \" class=\"wp-image-32435\" width=\"784\" height=\"523\" srcset=\"https:\/\/blog.turkishairlines.com\/wp-content\/uploads\/2022\/04\/samsun-ataturk-aniti.webp 784w, https:\/\/blog.turkishairlines.com\/wp-content\/uploads\/2022\/04\/samsun-ataturk-aniti-300x200.webp 300w, https:\/\/blog.turkishairlines.com\/wp-content\/uploads\/2022\/04\/samsun-ataturk-aniti-150x100.webp 150w, https:\/\/blog.turkishairlines.com\/wp-content\/uploads\/2022\/04\/samsun-ataturk-aniti-768x512.webp 768w, https:\/\/blog.turkishairlines.com\/wp-content\/uploads\/2022\/04\/samsun-ataturk-aniti-696x464.webp 696w, https:\/\/blog.turkishairlines.com\/wp-content\/uploads\/2022\/04\/samsun-ataturk-aniti-630x420.webp 630w\" sizes=\"auto, (max-width: 784px) 100vw, 784px\" \/><figcaption class=\"wp-element-caption\">Milli M\u00fccadele\u2019nin ba\u015flang\u0131c\u0131n\u0131 simgeleyen Atat\u00fcrk An\u0131t\u0131. <\/figcaption><\/figure>\n\n\n\n<p>Samsun\u2019da gezilecek tarihi yerlere \u015fehrin en \u00f6zel simge yap\u0131s\u0131 Atat\u00fcrk An\u0131t\u0131 ile ba\u015flamak istiyoruz. An\u0131t, Mustafa Kemal Atat\u00fcrk\u2019\u00fcn Samsun\u2019a \u00e7\u0131kt\u0131\u011f\u0131 noktada, yani Atat\u00fcrk Park\u0131 i\u00e7inde yer al\u0131yor. \u00dcst\u00fcnde Mill\u00ee M\u00fccadele d\u00f6nemine dair fig\u00fcrler bulunan Atat\u00fcrk An\u0131t\u0131, ayn\u0131 zamanda Samsun halk\u0131n\u0131n kendi kendine para toplamas\u0131yla yapt\u0131r\u0131lan bir yap\u0131 olma de\u011ferini de ta\u015f\u0131yor. Samsun seyahatiniz s\u0131ras\u0131nda \u015fehrin simgesi niteli\u011findeki bu an\u0131t\u0131 mutlaka ziyaret edin ve foto\u011fraflamay\u0131 unutmay\u0131n!<\/p>\n\n\n\n<h3 class=\"wp-block-heading\"><strong>Samsun Saat Kulesi<\/strong><\/h3>\n\n\n\n<p>Samsun\u2019un \u0130lkad\u0131m il\u00e7esinde bulunan ve Saathane Meydan\u0131\u2019na ismini veren kule, 1887 y\u0131l\u0131nda in\u015fa ediliyor. \u00c7okgen kaideli ve b\u00f6lmeli bir mimariye sahip olan Samsun Saat Kulesi, zaman\u0131 g\u00f6stermesinin yan\u0131 s\u0131ra \u00e7ok y\u00fcksek oldu\u011fu i\u00e7in g\u00f6zc\u00fc kulesi olarak da kullan\u0131lm\u0131\u015f. Zaman i\u00e7inde bir\u00e7ok yenileme i\u015flemi ge\u00e7iren kule, \u015fehir merkezine ise yakla\u015f\u0131k 2 km uzakl\u0131kta yer al\u0131yor!<\/p>\n\n\n\n<h3 class=\"wp-block-heading\"><strong>Band\u0131rma Vapuru M\u00fczesi&nbsp;<\/strong><\/h3>\n\n\n\n<figure class=\"wp-block-image size-full is-resized\"><img loading=\"lazy\" decoding=\"async\" src=\"https:\/\/blog.turkishairlines.com\/wp-content\/uploads\/2022\/04\/samsun-bandirma-vapuru-muzesi.webp\" alt=\"Band\u0131rma Vapuru M\u00fczesi. \" class=\"wp-image-32437\" width=\"784\" height=\"523\" srcset=\"https:\/\/blog.turkishairlines.com\/wp-content\/uploads\/2022\/04\/samsun-bandirma-vapuru-muzesi.webp 784w, https:\/\/blog.turkishairlines.com\/wp-content\/uploads\/2022\/04\/samsun-bandirma-vapuru-muzesi-300x200.webp 300w, https:\/\/blog.turkishairlines.com\/wp-content\/uploads\/2022\/04\/samsun-bandirma-vapuru-muzesi-150x100.webp 150w, https:\/\/blog.turkishairlines.com\/wp-content\/uploads\/2022\/04\/samsun-bandirma-vapuru-muzesi-768x512.webp 768w, https:\/\/blog.turkishairlines.com\/wp-content\/uploads\/2022\/04\/samsun-bandirma-vapuru-muzesi-696x464.webp 696w, https:\/\/blog.turkishairlines.com\/wp-content\/uploads\/2022\/04\/samsun-bandirma-vapuru-muzesi-630x420.webp 630w\" sizes=\"auto, (max-width: 784px) 100vw, 784px\" \/><figcaption class=\"wp-element-caption\">2003 y\u0131l\u0131nda halka a\u00e7\u0131lan Band\u0131rma Vapuru M\u00fczesi. <\/figcaption><\/figure>\n\n\n\n<p>Samsun\u2019un Canik il\u00e7esinde bulunan ve 2003 y\u0131l\u0131nda halka a\u00e7\u0131lan Band\u0131rma Vapuru M\u00fczesi, yine \u015fehirdeki tarihsel derinlikten beslenerek Mustafa Kemal Atat\u00fcrk\u2019\u00fcn Band\u0131rma\u2019dan geldi\u011fi gemiyi temsil etmek amac\u0131yla yap\u0131l\u0131yor. Zira orijinal gemi, 1925 y\u0131l\u0131nda par\u00e7alan\u0131yor.&nbsp;<\/p>\n\n\n\n<p>Samsun tarihi yerler i\u00e7inde \u00e7ok de\u011ferli bir yere sahip olan Band\u0131rma Vapuru M\u00fczesi\u2019ni ziyarete geldi\u011finizde geminin i\u00e7inde Atat\u00fcrk ve silah arkada\u015flar\u0131n\u0131n balmumundan heykelleri ve kaptan k\u00f6\u015fk\u00fc, salon gibi k\u0131s\u0131mlar da bulunuyor. \u00d6zellikle Mustafa Kemal Atat\u00fcrk\u2019\u00fcn el yaz\u0131\u015fmalar\u0131n\u0131n oldu\u011fu k\u0131s\u0131m olduk\u00e7a heyecan verici. Ayr\u0131ca gemicili\u011fe merak duyuyorsan\u0131z, olduk\u00e7a dikkat \u00e7eken objeler de m\u00fczede mevcut.&nbsp;<\/p>\n\n\n\n<h3 class=\"wp-block-heading\"><strong>Samsun Kalesi<\/strong><\/h3>\n\n\n\n<p>Deniz kenar\u0131nda olduk\u00e7a g\u00fczel bir konumda yer alan Samsun Kalesi, zaman\u0131nda \u015fehri \u00e7e\u015fitli sald\u0131r\u0131lardan korumak amac\u0131yla in\u015fa ediliyor. 1192 y\u0131l\u0131nda Dani\u015fmendliler Beyli\u011fi taraf\u0131ndan yapt\u0131r\u0131lan kale, \u00fc\u00e7 adet kap\u0131dan olu\u015fuyor ve s\u0131n\u0131rlar\u0131 Saathane Meydan\u0131\u2019ndaki bedestene kadar uzan\u0131yor. G\u00fcn\u00fcm\u00fczdeki Samsun Kalesi, as\u0131l halinden \u00e7ok \u015fey kaybetmesine ra\u011fmen hala \u015fehirdeki u\u011frak noktalar\u0131ndan biri. Bu nedenle de Samsun gezilecek yerler listesine alman\u0131z\u0131 \u00f6neririz!<\/p>\n\n\n\n<h3 class=\"wp-block-heading\"><strong>Amisos Tepesi<\/strong><\/h3>\n\n\n\n<figure class=\"wp-block-image size-full is-resized\"><img loading=\"lazy\" decoding=\"async\" src=\"https:\/\/blog.turkishairlines.com\/wp-content\/uploads\/2022\/04\/samsun-amisos-tepesi.webp\" alt=\"Amisos Tepesi. \" class=\"wp-image-32439\" width=\"784\" height=\"523\" srcset=\"https:\/\/blog.turkishairlines.com\/wp-content\/uploads\/2022\/04\/samsun-amisos-tepesi.webp 784w, https:\/\/blog.turkishairlines.com\/wp-content\/uploads\/2022\/04\/samsun-amisos-tepesi-300x200.webp 300w, https:\/\/blog.turkishairlines.com\/wp-content\/uploads\/2022\/04\/samsun-amisos-tepesi-150x100.webp 150w, https:\/\/blog.turkishairlines.com\/wp-content\/uploads\/2022\/04\/samsun-amisos-tepesi-768x512.webp 768w, https:\/\/blog.turkishairlines.com\/wp-content\/uploads\/2022\/04\/samsun-amisos-tepesi-696x464.webp 696w, https:\/\/blog.turkishairlines.com\/wp-content\/uploads\/2022\/04\/samsun-amisos-tepesi-630x420.webp 630w\" sizes=\"auto, (max-width: 784px) 100vw, 784px\" \/><figcaption class=\"wp-element-caption\">1995 y\u0131l\u0131nda ke\u015ffedilen Amisos Tepesi. <\/figcaption><\/figure>\n\n\n\n<p>Samsun\u2019daki tarihi yerleri ke\u015ffetmeye devam! S\u0131radaki rotam\u0131z ise Amisos Tepesi. Eski ad\u0131yla Baruthane Tepesi olarak da bilinen Amisos Tepesi, k\u00f6keni M.\u00d6. 3.y\u00fczy\u0131la 1995 y\u0131l\u0131nda ke\u015ffedilen bir sit alan\u0131. Helenistik d\u00f6nemden kalan mezar yap\u0131lar\u0131na ve blok ta\u015f duvarlara ev sahipli\u011fi yapan Amisos Tepesi, a\u00e7\u0131k hava m\u00fczesi olarak da ge\u00e7iyor. Ziyaret\u00e7iler buraya geldiklerinde Samsun\u2019un dini, k\u00fclt\u00fcrel ve sosyal ya\u015fam\u0131yla ilgili bilgi sahibi olup nefis bir manzaraya \u015fahit oluyor. Kente geldi\u011finizde \u015fehir merkezinden yakla\u015f\u0131k 4 km uzakl\u0131kta yer alan Amisos Tepesi\u2019ni Samsun\u2019da gezilmesi gereken tarihi yerler listenize not d\u00fc\u015f\u00fcn ve u\u011framadan d\u00f6nmeyin!&nbsp;<\/p>\n\n\n\n<hr class=\"wp-block-separator has-text-color has-css-opacity has-background is-style-wide\" style=\"background-color:#ebebeb;color:#ebebeb\"\/>\n\n\n\n<h2 class=\"wp-block-heading\"><strong>Dillere destan: Samsun\u2019un me\u015fhur yemekleri<\/strong><\/h2>\n\n\n\n<figure class=\"wp-block-image size-full is-resized\"><img loading=\"lazy\" decoding=\"async\" src=\"https:\/\/blog.turkishairlines.com\/wp-content\/uploads\/2022\/04\/samsun-bafra-pidesi.webp\" alt=\"Bafra pidesi.\" class=\"wp-image-32441\" width=\"784\" height=\"523\" srcset=\"https:\/\/blog.turkishairlines.com\/wp-content\/uploads\/2022\/04\/samsun-bafra-pidesi.webp 784w, https:\/\/blog.turkishairlines.com\/wp-content\/uploads\/2022\/04\/samsun-bafra-pidesi-300x200.webp 300w, https:\/\/blog.turkishairlines.com\/wp-content\/uploads\/2022\/04\/samsun-bafra-pidesi-150x100.webp 150w, https:\/\/blog.turkishairlines.com\/wp-content\/uploads\/2022\/04\/samsun-bafra-pidesi-768x512.webp 768w, https:\/\/blog.turkishairlines.com\/wp-content\/uploads\/2022\/04\/samsun-bafra-pidesi-696x464.webp 696w, https:\/\/blog.turkishairlines.com\/wp-content\/uploads\/2022\/04\/samsun-bafra-pidesi-630x420.webp 630w\" sizes=\"auto, (max-width: 784px) 100vw, 784px\" \/><figcaption class=\"wp-element-caption\">Samsun\u2019un en \u00fcnl\u00fc yemeklerinden olan Bafra pidesi. <\/figcaption><\/figure>\n\n\n\n<h3 class=\"wp-block-heading\"><strong>Bafra pidesi<\/strong><\/h3>\n\n\n\n<p>Samsun deyince akla Bafra pidesi, Bafra pidesi deyince akla Samsun gelir! Pop\u00fclerli\u011fi Samsun\u2019da gezilecek tarihi yerleri bile sollayan Bafra pidesi, bol so\u011fanl\u0131 k\u0131ymal\u0131 bir i\u00e7 har\u00e7 ve \u00e7\u0131t\u0131r bir hamurdan haz\u0131rlan\u0131r. Uzun ve ince bir \u015fekil verilen hamur, odun ate\u015finde \u00f6zenle pi\u015firilir. En son pi\u015fmi\u015f hamurun \u00fczerine tereya\u011f s\u00fcr\u00fcl\u00fcr ve ortaya nefis bir lezzet \u00e7\u0131kar! \u00d6zellikle bir pazar g\u00fcn\u00fc Samsun\u2019daysan\u0131z f\u0131r\u0131n \u00f6nlerinde uzayan kuyru\u011fu g\u00f6rebilirsiniz. \u0130\u015fte bu orada enfes bir Bafra pidesi pi\u015fti\u011finin g\u00f6stergesi demektir!&nbsp;<\/p>\n\n\n\n<h3 class=\"wp-block-heading\"><strong>\u00c7akall\u0131 menemeni<\/strong><\/h3>\n\n\n\n<p>Samsun yemekleri aras\u0131nda son zamanlarda olduk\u00e7a \u00f6ne \u00e7\u0131kan bir di\u011fer lezzet de \u00c7akall\u0131 menemeni! Bildi\u011fimiz menemenden fark\u0131 ne derseniz, \u015f\u00f6yle ki bu menemen Samsun\u2019un \u00c7akall\u0131 mevkiinde s\u0131kl\u0131kla yap\u0131l\u0131r. Yumurta, domates, biber gibi klasik menemen malzemelerini i\u00e7erse de t\u00fcm malzemeler homojen olarak ezilir ve pi\u015ftikten sonra \u00fczerine ka\u015far rendelenir. Ortaya ise t\u00fcm malzemelerin b\u00fct\u00fcnle\u015fti\u011fi leziz bir menemen \u00e7\u0131kar. Dememiz o ki Samsun\u2019a geldi\u011finizde bu \u00c7akall\u0131 menemeni denemeden d\u00f6nerseniz pi\u015fman olabilirsiniz!<\/p>\n\n\n\n<h3 class=\"wp-block-heading\"><strong>Oymaa\u011fa\u00e7 kebab\u0131<\/strong><\/h3>\n\n\n\n<p>Samsun Vezirk\u00f6pr\u00fc il\u00e7esinin en \u00fcnl\u00fc yeme\u011fi olan Oymaa\u011fa\u00e7 kebab\u0131, ismini de bu il\u00e7ede yer alan Oymaa\u011fa\u00e7 k\u00f6y\u00fcnden al\u0131yor. Genellikle may\u0131s ve kas\u0131m aylar\u0131 aras\u0131nda o\u011flak etinden yap\u0131lan kebap, s\u0131cak ya da so\u011fuk \u015fekilde t\u00fcketilebilir.&nbsp;<\/p>\n\n\n\n<p>Bu kebap o kadar \u00fcnl\u00fcd\u00fcr ki Oymaa\u011fa\u00e7\u2019taki geleneksel k\u00f6y evlerinin bir odas\u0131 \u201ckebap odas\u0131\u201d olarak ayr\u0131l\u0131r. O\u011flak eti bu odada odun ate\u015finde a\u011f\u0131r a\u011f\u0131r pi\u015firilir. As\u0131rlard\u0131r b\u00f6lgenin en geleneksel yeme\u011fi haline gelen bu kebab\u0131 mutlaka yerinde yani Vezirk\u00f6pr\u00fc\u2019de tatman\u0131z\u0131 \u00f6neririz.&nbsp;<\/p>\n\n\n\n<h3 class=\"wp-block-heading\"><strong>Baklal\u0131 sarma<\/strong><\/h3>\n\n\n\n<p>Sarma deyince akl\u0131n\u0131za hemen bildi\u011fimiz zeytinya\u011fl\u0131 yaprak sarma gelebilir ama Samsun\u2019un en geleneksel yemeklerinden biri olan baklal\u0131 sarma i\u00e7 harc\u0131 ve lezzetiyle olduk\u00e7a farkl\u0131! \u0130\u00e7inde bu\u011fday yarmas\u0131, kuru bakla, minik minik do\u011franm\u0131\u015f et par\u00e7alar\u0131 bulunuyor. Ama emin olun ki Samsun yemekleri i\u00e7inde \u00f6zel bir yeri olan baklal\u0131 sarmay\u0131 yedi\u011finiz an a\u011fz\u0131n\u0131za lezzet yay\u0131l\u0131yor!<\/p>\n\n\n\n<h3 class=\"wp-block-heading\"><strong>K\u0131vratma<\/strong><\/h3>\n\n\n\n<p>\u015eimdi de s\u0131rada Samsun yemekleri i\u00e7inden \u00c7ar\u015famba il\u00e7esine ait olan nefis bir tatl\u0131 var! T\u00fcrk Patent ve Marka Kurumu taraf\u0131ndan da tescillenerek co\u011frafi i\u015faret alan k\u0131vratma, Samsun sofralar\u0131n\u0131n vazge\u00e7ilmez tatl\u0131s\u0131.&nbsp;<\/p>\n\n\n\n<p>Kuru bayram tatl\u0131s\u0131 olarak da bilinen k\u0131vratma, genel olarak burma tatl\u0131s\u0131na benzer fakat \u015ferbet d\u00f6k\u00fclmeden pi\u015firilir. \u0130\u00e7 harc\u0131na da bol miktarda \u00e7ekilmi\u015f ve \u015fekerle kar\u0131\u015ft\u0131r\u0131lm\u0131\u015f f\u0131nd\u0131k eklenir. Samsun seyahatiniz s\u0131ras\u0131nda f\u0131r\u0131nlara u\u011frayarak k\u0131vratma tatl\u0131s\u0131n\u0131 mutlaka al\u0131n deriz!&nbsp;<\/p>\n\n\n\n<hr class=\"wp-block-separator has-text-color has-css-opacity has-background is-style-wide\" style=\"background-color:#ebebeb;color:#ebebeb\"\/>\n\n\n\n<h2 class=\"wp-block-heading\"><strong>Samsun\u2019un do\u011fal g\u00fczellikleri<\/strong><\/h2>\n\n\n\n<figure class=\"wp-block-image size-full is-resized\"><img loading=\"lazy\" decoding=\"async\" src=\"https:\/\/blog.turkishairlines.com\/wp-content\/uploads\/2022\/04\/samsun-dogal-guzellikler.webp\" alt=\"Samsun\u2019un do\u011fas\u0131. \" class=\"wp-image-32443\" width=\"784\" height=\"523\" srcset=\"https:\/\/blog.turkishairlines.com\/wp-content\/uploads\/2022\/04\/samsun-dogal-guzellikler.webp 784w, https:\/\/blog.turkishairlines.com\/wp-content\/uploads\/2022\/04\/samsun-dogal-guzellikler-300x200.webp 300w, https:\/\/blog.turkishairlines.com\/wp-content\/uploads\/2022\/04\/samsun-dogal-guzellikler-150x100.webp 150w, https:\/\/blog.turkishairlines.com\/wp-content\/uploads\/2022\/04\/samsun-dogal-guzellikler-768x512.webp 768w, https:\/\/blog.turkishairlines.com\/wp-content\/uploads\/2022\/04\/samsun-dogal-guzellikler-696x464.webp 696w, https:\/\/blog.turkishairlines.com\/wp-content\/uploads\/2022\/04\/samsun-dogal-guzellikler-630x420.webp 630w\" sizes=\"auto, (max-width: 784px) 100vw, 784px\" \/><\/figure>\n\n\n\n<h3 class=\"wp-block-heading\"><strong>Kabaceviz \u015eelalesi<\/strong><\/h3>\n\n\n\n<p>Samsun\u2019daki tarihi yerler olduk\u00e7a etkileyici ama biraz da do\u011fay\u0131 ke\u015ffetmek laz\u0131m! Samsun \u015fehir merkezinden yakla\u015f\u0131k 45 km uzakl\u0131ktaki \u00c7ar\u015famba il\u00e7esinde bulunan Kabaceviz \u015eelalesi, b\u00f6lgenin g\u00f6r\u00fclmeye de\u011fer do\u011fal g\u00fczelliklerinden biri. Ayn\u0131 zamanda trekking, da\u011fc\u0131l\u0131k ya da piknik gibi aktiviteler yapmak isteyenler i\u00e7in de ideal bir adres. Yakla\u015f\u0131k 60 metre y\u00fckseklikten akan suyun s\u00fcz\u00fcl\u00fc\u015f\u00fcne ve ona e\u015flik eden yemye\u015fil do\u011faya hayran kalacaks\u0131n\u0131z!<\/p>\n\n\n\n<h3 class=\"wp-block-heading\"><strong>19 May\u0131s \u00dcniversitesi (OM\u00dc) G\u00f6leti<\/strong><\/h3>\n\n\n\n<p>\u00c7ad\u0131rlar\u0131n\u0131z haz\u0131rsa rotam\u0131z\u0131 huzurun, do\u011fan\u0131n ve sessizli\u011fin h\u00e2kim oldu\u011fu b\u00fcy\u00fcleyici bir yere \u00e7evirelim mi? 19 May\u0131s \u00dcniversitesi G\u00f6leti size do\u011fayla i\u00e7 i\u00e7e vakit ge\u00e7irebilece\u011finiz \u015fahane bir atmosfer sunuyor. \u015eehir merkezine 5 km uzakl\u0131kta bulunan ve her mevsim ayr\u0131 g\u00fczel olan g\u00f6let, ayn\u0131 zamanda muhte\u015fem bir kamp alan\u0131na da sahip. Yani ister \u00e7ad\u0131r\u0131n\u0131zla gelin ve konaklay\u0131n ister seyahatiniz s\u0131ras\u0131nda \u00e7imenlere yay\u0131l\u0131p g\u00f6l kenar\u0131nda dinlenin. Se\u00e7im sizin!<\/p>\n\n\n\n<h3 class=\"wp-block-heading\"><strong>Akalan \u015eelaleleri<\/strong><\/h3>\n\n\n\n<p>Samsun \u015fehir merkezinden 100 km uzakl\u0131kta bulunan Akalan \u015eelaleri, Samsun\u2019un Bafra il\u00e7esinde yer alan en \u00f6nemli turizm noktalar\u0131ndan biri. B\u00fcy\u00fckl\u00fc k\u00fc\u00e7\u00fckl\u00fc 18 adet \u015felaleden olu\u015fan Akalan \u015eelaleri, ferah, huzurlu ve serin bir ortam vadediyor. Samsun\u2019un do\u011fal g\u00fczellikleri dendi\u011finde ilk akla gelen yerlerden olan rota i\u00e7in bir g\u00fcn\u00fcn\u00fcz\u00fc ay\u0131rabilirsiniz.&nbsp;<\/p>\n\n\n\n<hr class=\"wp-block-separator has-text-color has-css-opacity has-background is-style-wide\" style=\"background-color:#ebebeb;color:#ebebeb\"\/>\n\n\n\n<h2 class=\"wp-block-heading\"><strong>Samsun\u2019un el sanatlar\u0131<\/strong><\/h2>\n\n\n\n<figure class=\"wp-block-image size-full is-resized\"><img loading=\"lazy\" decoding=\"async\" src=\"https:\/\/blog.turkishairlines.com\/wp-content\/uploads\/2022\/04\/samsun-el-sanatlari.webp\" alt=\"Kilim dokumac\u0131l\u0131\u011f\u0131.\" class=\"wp-image-32445\" width=\"784\" height=\"523\" srcset=\"https:\/\/blog.turkishairlines.com\/wp-content\/uploads\/2022\/04\/samsun-el-sanatlari.webp 784w, https:\/\/blog.turkishairlines.com\/wp-content\/uploads\/2022\/04\/samsun-el-sanatlari-300x200.webp 300w, https:\/\/blog.turkishairlines.com\/wp-content\/uploads\/2022\/04\/samsun-el-sanatlari-150x100.webp 150w, https:\/\/blog.turkishairlines.com\/wp-content\/uploads\/2022\/04\/samsun-el-sanatlari-768x512.webp 768w, https:\/\/blog.turkishairlines.com\/wp-content\/uploads\/2022\/04\/samsun-el-sanatlari-696x464.webp 696w, https:\/\/blog.turkishairlines.com\/wp-content\/uploads\/2022\/04\/samsun-el-sanatlari-630x420.webp 630w\" sizes=\"auto, (max-width: 784px) 100vw, 784px\" \/><figcaption class=\"wp-element-caption\">Kilim dokumac\u0131l\u0131\u011f\u0131, Samsun\u2019un Vezirk\u00f6pr\u00fc il\u00e7esinde fazlas\u0131yla \u00fcnl\u00fc. <\/figcaption><\/figure>\n\n\n\n<p>\u00d6zellikle alt\u0131n\u0131 \u00e7izelim ki Samsun, el sanatlar\u0131 konusunda kendini kan\u0131tlam\u0131\u015f bir kent. \u0130l\u00e7elerinin her biri sadece do\u011fal g\u00fczellikleriyle de\u011fil, el sanatlar\u0131yla da \u00f6ne \u00e7\u0131k\u0131yor. \u00d6rne\u011fin Vezirk\u00f6pr\u00fc il\u00e7esi kilim dokumac\u0131l\u0131\u011f\u0131 ve semaver imalat\u0131 ile \u00f6zde\u015fle\u015fmi\u015f. Samsun\u2019un ad\u0131 s\u0131k duyulan il\u00e7elerinden olan Terme ve \u00c7ar\u015famba ise f\u0131nd\u0131k kabu\u011fundan sepet \u00f6rg\u00fcs\u00fc yap\u0131lmas\u0131yla bir hayli \u00fcnl\u00fc. Ayr\u0131ca \u00c7ar\u015famba il\u00e7esinde kalayc\u0131l\u0131k ve el yap\u0131m\u0131 ayakkab\u0131c\u0131l\u0131k da de\u011ferli el sanatlar\u0131 olarak devam ediyor.&nbsp;<\/p>\n\n\n\n<p>Bunlar\u0131n yan\u0131nda Samsun, ah\u015fap i\u015f\u00e7ili\u011fi konusunda da hala iddias\u0131n\u0131 s\u00fcrd\u00fcr\u00fcyor. Hatta laf\u0131 gelmi\u015fken \u00c7ar\u015famba il\u00e7esindeki Anadolu\u2019nun en eski ah\u015fap camilerinden olan tarihi G\u00f6\u011fceli Cami\u2019sini de ziyaret etmenizi ve oradaki ah\u015fap i\u015f\u00e7ili\u011fini incelemenizi tavsiye ediyoruz!&nbsp;<\/p>\n\n\n\n<p><em>Keyifli seyahatler dileriz!<\/em><\/p>\n","protected":false},"excerpt":{"rendered":"<p>Zamanda yolculuk: Samsun tarihi yerler Samsun Atat\u00fcrk An\u0131t\u0131 (Onur An\u0131t\u0131) Samsun\u2019da gezilecek tarihi yerlere \u015fehrin en \u00f6zel simge yap\u0131s\u0131 Atat\u00fcrk An\u0131t\u0131 ile ba\u015flamak istiyoruz. An\u0131t, Mustafa Kemal Atat\u00fcrk\u2019\u00fcn Samsun\u2019a \u00e7\u0131kt\u0131\u011f\u0131 noktada, yani Atat\u00fcrk Park\u0131 i\u00e7inde yer al\u0131yor. \u00dcst\u00fcnde Mill\u00ee M\u00fccadele d\u00f6nemine dair fig\u00fcrler bulunan Atat\u00fcrk An\u0131t\u0131, ayn\u0131 zamanda Samsun halk\u0131n\u0131n kendi kendine para toplamas\u0131yla yapt\u0131r\u0131lan [&hellip;]<\/p>\n","protected":false},"author":53,"featured_media":32447,"comment_status":"closed","ping_status":"closed","sticky":false,"template":"","format":"standard","meta":{"footnotes":""},"categories":[1101,574],"tags":[],"class_list":{"0":"post-32432","1":"post","2":"type-post","3":"status-publish","4":"format-standard","5":"has-post-thumbnail","7":"category-samsun-gezi-rehberi","8":"category-seyahat-ve-tatil-fikirleri"},"_links":{"self":[{"href":"https:\/\/blog.turkishairlines.com\/tr\/wp-json\/wp\/v2\/posts\/32432","targetHints":{"allow":["GET"]}}],"collection":[{"href":"https:\/\/blog.turkishairlines.com\/tr\/wp-json\/wp\/v2\/posts"}],"about":[{"href":"https:\/\/blog.turkishairlines.com\/tr\/wp-json\/wp\/v2\/types\/post"}],"author":[{"embeddable":true,"href":"https:\/\/blog.turkishairlines.com\/tr\/wp-json\/wp\/v2\/users\/53"}],"replies":[{"embeddable":true,"href":"https:\/\/blog.turkishairlines.com\/tr\/wp-json\/wp\/v2\/comments?post=32432"}],"version-history":[{"count":1,"href":"https:\/\/blog.turkishairlines.com\/tr\/wp-json\/wp\/v2\/posts\/32432\/revisions"}],"predecessor-version":[{"id":54204,"href":"https:\/\/blog.turkishairlines.com\/tr\/wp-json\/wp\/v2\/posts\/32432\/revisions\/54204"}],"wp:featuredmedia":[{"embeddable":true,"href":"https:\/\/blog.turkishairlines.com\/tr\/wp-json\/wp\/v2\/media\/32447"}],"wp:attachment":[{"href":"https:\/\/blog.turkishairlines.com\/tr\/wp-json\/wp\/v2\/media?parent=32432"}],"wp:term":[{"taxonomy":"category","embeddable":true,"href":"https:\/\/blog.turkishairlines.com\/tr\/wp-json\/wp\/v2\/categories?post=32432"},{"taxonomy":"post_tag","embeddable":true,"href":"https:\/\/blog.turkishairlines.com\/tr\/wp-json\/wp\/v2\/tags?post=32432"}],"curies":[{"name":"wp","href":"https:\/\/api.w.org\/{rel}","templated":true}]}}