{"id":36072,"date":"2022-08-19T17:23:42","date_gmt":"2022-08-19T14:23:42","guid":{"rendered":"https:\/\/blog.turkishairlines.com\/?p=36072"},"modified":"2022-08-22T10:57:38","modified_gmt":"2022-08-22T07:57:38","slug":"1-sehir-3-gun-edirne","status":"publish","type":"post","link":"https:\/\/blog.turkishairlines.com\/tr\/1-sehir-3-gun-edirne\/","title":{"rendered":"1 \u015fehir 3 g\u00fcn: Edirne"},"content":{"rendered":"\n<hr class=\"wp-block-separator has-text-color has-alpha-channel-opacity has-background is-style-wide\" style=\"background-color:#ebebeb;color:#ebebeb\"\/>\n\n\n\n<h2 class=\"wp-block-heading\"><strong>Ba\u015fl\u0131yoruz: Edirne tarihi<\/strong><\/h2>\n\n\n\n<figure class=\"wp-block-image size-full is-resized\"><img loading=\"lazy\" decoding=\"async\" src=\"https:\/\/blog.turkishairlines.com\/wp-content\/uploads\/2022\/08\/edirne-tarihi.webp\" alt=\"Edirne\" class=\"wp-image-36073\" width=\"784\" height=\"523\" srcset=\"https:\/\/blog.turkishairlines.com\/wp-content\/uploads\/2022\/08\/edirne-tarihi.webp 784w, https:\/\/blog.turkishairlines.com\/wp-content\/uploads\/2022\/08\/edirne-tarihi-300x200.webp 300w, https:\/\/blog.turkishairlines.com\/wp-content\/uploads\/2022\/08\/edirne-tarihi-150x100.webp 150w, https:\/\/blog.turkishairlines.com\/wp-content\/uploads\/2022\/08\/edirne-tarihi-768x512.webp 768w, https:\/\/blog.turkishairlines.com\/wp-content\/uploads\/2022\/08\/edirne-tarihi-696x464.webp 696w\" sizes=\"auto, (max-width: 784px) 100vw, 784px\" \/><figcaption>Edirne, T\u00fcrkiye.<\/figcaption><\/figure>\n\n\n\n<p>Marmara B\u00f6lgesi\u2019nin Trakya b\u00f6l\u00fcm\u00fcnde yer alan g\u00fczel Edirne, tarihi a\u00e7\u0131dan olduk\u00e7a derin bir kent. Zira buradan \u201cKimler gelmi\u015f, kimler ge\u00e7mi\u015f!\u201d desek yeri. Edirne tarihinden bahsederken bu durumu daha iyi anlayacaks\u0131n\u0131z.&nbsp;<\/p>\n\n\n\n<p>Edirne\u2019ye ilk yerle\u015fenlerin Trak kabilelerinden Odrisler ve Bettegeriler oldu\u011fu biliniyor. M\u00d6 1400 \u2013 1200 y\u0131llar\u0131 aras\u0131nda Akalar\u0131n eline ge\u00e7en Edirne, bu d\u00f6nemden sonra bir \u015fehir halini almaya ba\u015fl\u0131yor. Sonraki y\u0131llarda; Makedonlar\u0131n, Romal\u0131lar\u0131n ve Bizans \u0130mparatorlu\u011fu\u2019nun egemenli\u011fine giren kent, pek \u00e7ok istila da g\u00f6r\u00fcyor. Daha sonra Ha\u00e7l\u0131 Seferleri s\u0131ras\u0131nda Latin \u0130mparatorlu\u011fu hakimiyetine ge\u00e7en Edirne, imparatorluk y\u0131k\u0131l\u0131nca Bulgarlar\u0131n eline ge\u00e7iyor. 1300\u2019l\u00fc y\u0131llarda ise Osmanl\u0131 \u0130mparatorlu\u011fu egemenli\u011fine ge\u00e7en \u015fehir, Edirne ismini de bu d\u00f6nemde al\u0131yor ve imparatorlu\u011fa bir s\u00fcre ba\u015fkentlik de yap\u0131yor. 1453\u2019te \u0130stanbul\u2019un fethiyle beraber bu \u00f6zelli\u011fini kaybediyor.&nbsp;<\/p>\n\n\n\n<p>Osmanl\u0131\u2019n\u0131n Balkanlara a\u00e7\u0131lan kap\u0131s\u0131 olan Edirne, bu y\u00f6n\u00fc nedeniyle \u00e7ok fazla i\u015fgale u\u011frasa da Kurtulu\u015f Sava\u015f\u0131\u2019n\u0131n ba\u015far\u0131yla sonu\u00e7lanmas\u0131n\u0131n ard\u0131ndan nihai olarak T\u00fcrkiye s\u0131n\u0131rlar\u0131nda yerini al\u0131yor.&nbsp;<\/p>\n\n\n\n<hr class=\"wp-block-separator has-text-color has-alpha-channel-opacity has-background is-style-wide\" style=\"background-color:#ebebeb;color:#ebebeb\"\/>\n\n\n\n<h2 class=\"wp-block-heading\"><strong>Edirne gezilecek yerler<\/strong><\/h2>\n\n\n\n<figure class=\"wp-block-image size-full\"><img loading=\"lazy\" decoding=\"async\" width=\"784\" height=\"523\" src=\"https:\/\/blog.turkishairlines.com\/wp-content\/uploads\/2022\/08\/edirne-gezilecek-yerler-1.webp\" alt=\"\" class=\"wp-image-36097\" srcset=\"https:\/\/blog.turkishairlines.com\/wp-content\/uploads\/2022\/08\/edirne-gezilecek-yerler-1.webp 784w, https:\/\/blog.turkishairlines.com\/wp-content\/uploads\/2022\/08\/edirne-gezilecek-yerler-1-300x200.webp 300w, https:\/\/blog.turkishairlines.com\/wp-content\/uploads\/2022\/08\/edirne-gezilecek-yerler-1-150x100.webp 150w, https:\/\/blog.turkishairlines.com\/wp-content\/uploads\/2022\/08\/edirne-gezilecek-yerler-1-768x512.webp 768w, https:\/\/blog.turkishairlines.com\/wp-content\/uploads\/2022\/08\/edirne-gezilecek-yerler-1-696x464.webp 696w\" sizes=\"auto, (max-width: 784px) 100vw, 784px\" \/><\/figure>\n\n\n\n<p>Edirne seyahatinizi ne zaman, nas\u0131l planl\u0131yorsunuz bilmiyoruz ama biz k\u0131s\u0131tl\u0131 bir vakit i\u00e7inde bu g\u00fczeller g\u00fczeli \u015fehirde nereleri ziyaret edebilece\u011finiz konusunda size k\u0131lavuz istiyoruz! \u00dcstelik Edirne gezilecek yerler listemizde neler yok ki! Edirne tarihi yerlerden nefis lezzetlerine, ula\u015f\u0131m\u0131ndan konaklama se\u00e7eneklerine kadar seyahatiniz i\u00e7in i\u015finize yarayacak bir\u00e7ok bilgiyi bizimle kalarak ke\u015ffedebilirsiniz.&nbsp;<\/p>\n\n\n\n<p>Ayr\u0131ca \u201cEdirne\u2019ye ne zaman gidilir?\u201d diye merak ediyorsan\u0131z \u015fehri gezmek i\u00e7in en g\u00fczel d\u00f6nem bahar ve yaz aylar\u0131 diyebiliriz! \u015eimdi ad\u0131m ad\u0131m Edirne gezilecek yerler listemizi olu\u015ftural\u0131m.&nbsp;<\/p>\n\n\n\n<h3 class=\"wp-block-heading\"><strong>Edirne tarihi yerler<\/strong><\/h3>\n\n\n\n<p>Edirne gezilecek yerlere bir\u00e7ok medeniyet ve devletten izler ta\u015f\u0131yan tarihi noktalardan ba\u015fl\u0131yoruz. Osmanl\u0131 \u0130mparatorlu\u011fu\u2019ndan kalan benzersiz eserleri, k\u00f6pr\u00fcleri g\u00f6rebilece\u011finiz nefis bir \u015fehir turuna haz\u0131r m\u0131s\u0131n\u0131z?<\/p>\n\n\n\n<h4 class=\"wp-block-heading\"><strong>Selimiye Camii<\/strong><\/h4>\n\n\n\n<figure class=\"wp-block-image size-full is-resized\"><img loading=\"lazy\" decoding=\"async\" src=\"https:\/\/blog.turkishairlines.com\/wp-content\/uploads\/2022\/08\/selimiye-camii-edirne.webp\" alt=\"Selimiye Camii\" class=\"wp-image-36077\" width=\"784\" height=\"523\" srcset=\"https:\/\/blog.turkishairlines.com\/wp-content\/uploads\/2022\/08\/selimiye-camii-edirne.webp 784w, https:\/\/blog.turkishairlines.com\/wp-content\/uploads\/2022\/08\/selimiye-camii-edirne-300x200.webp 300w, https:\/\/blog.turkishairlines.com\/wp-content\/uploads\/2022\/08\/selimiye-camii-edirne-150x100.webp 150w, https:\/\/blog.turkishairlines.com\/wp-content\/uploads\/2022\/08\/selimiye-camii-edirne-768x512.webp 768w, https:\/\/blog.turkishairlines.com\/wp-content\/uploads\/2022\/08\/selimiye-camii-edirne-696x464.webp 696w\" sizes=\"auto, (max-width: 784px) 100vw, 784px\" \/><figcaption>\u00dcnl\u00fc Osmanl\u0131 mimar\u0131 Mimar Sinan\u2019\u0131n ustal\u0131k eseri, Selimiye Camii.<\/figcaption><\/figure>\n\n\n\n<p>Edirne gezilecek yerler listemizin ilk s\u0131ras\u0131nda sizin de tahmin edece\u011finiz \u00fczere Selimiye Camii var! Selimiye Camii, <a href=\"https:\/\/blog.turkishairlines.com\/tr\/bir-cagi-insa-eden-deha-mimar-sinan-eserleri\/\">bir \u00e7a\u011f\u0131 in\u015fa eden deha Mimar Sinan<\/a> taraf\u0131ndan II.Selim\u2019in emriyle yap\u0131l\u0131yor. Osmanl\u0131 Devleti\u2019nin en \u00fcnl\u00fc mimar\u0131 Mimar Sinan\u2019\u0131n 80 ya\u015f\u0131nda in\u015fa etti\u011fi ve ustal\u0131k eseri olarak adland\u0131rd\u0131\u011f\u0131 camii, sadece T\u00fcrkiye\u2019nin de\u011fil, d\u00fcnyan\u0131n da \u00e7ok \u00f6nemli yap\u0131tlar\u0131ndan biri.&nbsp;<\/p>\n\n\n\n<p>Edirne\u2019nin en y\u00fcksek noktas\u0131na kurulan Selimiye Camii, \u00fc\u00e7er \u015ferefeli d\u00f6rt adet minaresi ve a\u00e7\u0131k havalarda hem Rodop Da\u011flar\u0131\u2019ndan hem de Uzunk\u00f6pr\u00fc\u2019n\u00fcn S\u00fcleymaniye K\u00f6y\u00fc\u2019nden g\u00f6r\u00fclebilmesiyle UNESCO D\u00fcnya Miras\u0131 Listesi\u2019nde de yer al\u0131yor. Bu muhte\u015fem mimari esere Edirne\u2019nin merkezinde yer ald\u0131\u011f\u0131 i\u00e7in kolayl\u0131kla ula\u015fabilirsiniz.&nbsp;<\/p>\n\n\n\n<h4 class=\"wp-block-heading\"><strong>R\u00fcstempa\u015fa Kervansaray\u0131<\/strong><\/h4>\n\n\n\n<p>Klasik Osmanl\u0131 mimarisinin en g\u00fczel simgelerinden biri olarak kar\u015f\u0131m\u0131za \u00e7\u0131kan R\u00fcstempa\u015fa Kervansaray\u0131, Kanuni Sultan S\u00fcleyman\u2019\u0131n damad\u0131 R\u00fcstem Pa\u015fa taraf\u0131ndan Mimar Sinan\u2019a yapt\u0131r\u0131l\u0131yor. Edirne tarihi yerler i\u00e7inde mutlaka g\u00f6r\u00fclmesi gereken yap\u0131lardan olan kervansaray, tu\u011fla ve ta\u015flardan olu\u015fan ilgin\u00e7 mimarisiyle olduk\u00e7a dikkat \u00e7ekiyor. Edirne \u015fehir merkezinde yer alan R\u00fcstempa\u015fa Kervansaray\u0131\u2019n\u0131 ula\u015f\u0131m sorunu ya\u015famadan ziyaret edebilirsiniz!<\/p>\n\n\n\n<h4 class=\"wp-block-heading\"><strong>B\u00fcy\u00fck Sinagog<\/strong><\/h4>\n\n\n\n<figure class=\"wp-block-image size-full is-resized\"><img loading=\"lazy\" decoding=\"async\" src=\"https:\/\/blog.turkishairlines.com\/wp-content\/uploads\/2022\/08\/buyuk-sinagog-edirne.webp\" alt=\"B\u00fcy\u00fck Sinagog\" class=\"wp-image-36079\" width=\"784\" height=\"523\" srcset=\"https:\/\/blog.turkishairlines.com\/wp-content\/uploads\/2022\/08\/buyuk-sinagog-edirne.webp 784w, https:\/\/blog.turkishairlines.com\/wp-content\/uploads\/2022\/08\/buyuk-sinagog-edirne-300x200.webp 300w, https:\/\/blog.turkishairlines.com\/wp-content\/uploads\/2022\/08\/buyuk-sinagog-edirne-150x100.webp 150w, https:\/\/blog.turkishairlines.com\/wp-content\/uploads\/2022\/08\/buyuk-sinagog-edirne-768x512.webp 768w, https:\/\/blog.turkishairlines.com\/wp-content\/uploads\/2022\/08\/buyuk-sinagog-edirne-696x464.webp 696w\" sizes=\"auto, (max-width: 784px) 100vw, 784px\" \/><figcaption>B\u00fcy\u00fck Sinagog, Edirne<\/figcaption><\/figure>\n\n\n\n<p>Edirne, s\u0131n\u0131r \u015fehri olmas\u0131ndan dolay\u0131 tarih boyunca farkl\u0131 k\u00fclt\u00fcrden, dinden bir\u00e7ok insan\u0131n bar\u0131\u015f i\u00e7inde ya\u015fad\u0131\u011f\u0131 muazzam bir kent. Bu durumun en estetik kan\u0131tlar\u0131ndan biri de B\u00fcy\u00fck Sinagog. Avrupa\u2019n\u0131n en b\u00fcy\u00fck, d\u00fcnyan\u0131n ise \u00fc\u00e7\u00fcnc\u00fc b\u00fcy\u00fck sinagogu olan yap\u0131, b\u00fcy\u00fck \u015fehirlerden ibadet i\u00e7in ya da turistik ama\u00e7l\u0131 gelen bir ziyaret\u00e7isini a\u011f\u0131rl\u0131yor. Edirne merkezde yer alan B\u00fcy\u00fck Sinagog\u2019a kolayca ula\u015fabilirsiniz.&nbsp;<\/p>\n\n\n\n<h4 class=\"wp-block-heading\"><strong>\u00dc\u00e7 \u015eerefeli Camii<\/strong><\/h4>\n\n\n\n<p>Edirne gezilecek yerler i\u00e7inde \u00f6ne \u00e7\u0131kan bir di\u011fer Osmanl\u0131 eseri ise \u00dc\u00e7 \u015eerefeli Camii. Sel\u00e7uklu mimarisinden Osmanl\u0131\u2019ya ge\u00e7i\u015finin ilk \u00f6rneklerinden olan camii, hepsi farkl\u0131 y\u00fckseklikte ve tasar\u0131mda olan minareleriyle olduk\u00e7a dikkat \u00e7ekici. \u0130slamiyet\u2019in ilk \u00fc\u00e7 \u015ferefeli camisi oldu\u011fu i\u00e7in bu ismi alan yap\u0131, ger\u00e7ekten g\u00f6r\u00fclmeye de\u011fer. Ayr\u0131ca Edirne Cumhuriyet Meydan\u0131\u2019nda yer alan camiyi gezdikten sonra avlusundaki \u00e7ay bah\u00e7esinde soluklanmay\u0131 unutmay\u0131n!&nbsp;<\/p>\n\n\n\n<h4 class=\"wp-block-heading\"><strong>Meri\u00e7 K\u00f6pr\u00fcs\u00fc ve Tunca K\u00f6pr\u00fcs\u00fc<\/strong><\/h4>\n\n\n\n<figure class=\"wp-block-image size-full is-resized\"><img loading=\"lazy\" decoding=\"async\" src=\"https:\/\/blog.turkishairlines.com\/wp-content\/uploads\/2022\/08\/meric-koprusu-edirne.webp\" alt=\"Meri\u00e7 K\u00f6pr\u00fcs\u00fc\" class=\"wp-image-36081\" width=\"784\" height=\"523\" srcset=\"https:\/\/blog.turkishairlines.com\/wp-content\/uploads\/2022\/08\/meric-koprusu-edirne.webp 784w, https:\/\/blog.turkishairlines.com\/wp-content\/uploads\/2022\/08\/meric-koprusu-edirne-300x200.webp 300w, https:\/\/blog.turkishairlines.com\/wp-content\/uploads\/2022\/08\/meric-koprusu-edirne-150x100.webp 150w, https:\/\/blog.turkishairlines.com\/wp-content\/uploads\/2022\/08\/meric-koprusu-edirne-768x512.webp 768w, https:\/\/blog.turkishairlines.com\/wp-content\/uploads\/2022\/08\/meric-koprusu-edirne-696x464.webp 696w\" sizes=\"auto, (max-width: 784px) 100vw, 784px\" \/><figcaption>Meri\u00e7 Nehri \u00fczerinde yer alan Edirne\u2019nin simgelerinden Meri\u00e7 K\u00f6pr\u00fcs\u00fc.<\/figcaption><\/figure>\n\n\n\n<p>Edirne\u2019den Karaa\u011fa\u00e7\u2019a giden yol \u00fczerinde yer alan Meri\u00e7 K\u00f6pr\u00fcs\u00fc ve Tunca K\u00f6pr\u00fcs\u00fc, Edirne gezilecek yerler listesinin vazge\u00e7ilmez duraklar\u0131ndan. Ba\u015flang\u0131c\u0131 Bulgaristan olan Meri\u00e7 ve Tunca Nehirleri\u2019nin \u00fczerinde yer alan k\u00f6pr\u00fcler gerek manzaralar\u0131 gerek mimarileriyle ger\u00e7ek bir g\u00f6rsel \u015f\u00f6len sunuyor.&nbsp;<\/p>\n\n\n\n<p>1800\u2019l\u00fc y\u0131llarda Meri\u00e7 Nehri \u00fczerine in\u015fa edilmi\u015f olan 12 sivri kemerden olu\u015fan Meri\u00e7 K\u00f6pr\u00fcs\u00fc; do\u011fall\u0131\u011f\u0131 bozulmam\u0131\u015f k\u0131y\u0131lar\u0131, \u00e7ay bah\u00e7eleri ve parklar\u0131yla kente gelen herkesi b\u00fcy\u00fcl\u00fcyor. 1600\u2019l\u00fc y\u0131llarda Tunca Nehri \u00fczerine yap\u0131lan Tunca K\u00f6pr\u00fcs\u00fc ise orijinal parke granit ta\u015flar\u0131n\u0131n g\u00fczelli\u011fiyle ziyaret\u00e7i ak\u0131n\u0131na u\u011fruyor.&nbsp;<\/p>\n\n\n\n<h4 class=\"wp-block-heading\"><strong>Ali Pa\u015fa \u00c7ar\u015f\u0131s\u0131<\/strong><\/h4>\n\n\n\n<p>Osmanl\u0131 \u0130mparatorlu\u011fu\u2019nun \u00e7ar\u015f\u0131lar a\u00e7\u0131s\u0131ndan en zengin \u015fehirlerden olan Edirne, yerlilerin daha \u00e7ok Kapal\u0131 \u00c7ar\u015f\u0131 olarak bildi\u011fi Ali Pa\u015fa \u00c7ar\u015f\u0131s\u0131 ile de hayli \u00fcnl\u00fc. Edirne tarihi yerler i\u00e7inde yer alan \u00e7ar\u015f\u0131, \u015fehir merkezindeki Sara\u00e7lar Caddesi\u2019nde bulunuyor. Z\u00fcccaciye, baharat ve giyim gibi d\u00fckkanlar\u0131n bulundu\u011fu Ali Pa\u015fa \u00c7ar\u015f\u0131s\u0131\u2019ndan al\u0131\u015fveri\u015f yapabilir, sevdiklerinize g\u00f6t\u00fcrmek i\u00e7in hediyeler alabilirsiniz!<\/p>\n\n\n\n<h3 class=\"wp-block-heading\"><strong>Edirne m\u00fczeleri<\/strong><\/h3>\n\n\n\n<figure class=\"wp-block-image size-full is-resized\"><img loading=\"lazy\" decoding=\"async\" src=\"https:\/\/blog.turkishairlines.com\/wp-content\/uploads\/2022\/08\/Edirne-mu\u0308ze.webp\" alt=\"Edirne m\u00fcze\" class=\"wp-image-36083\" width=\"784\" height=\"523\" srcset=\"https:\/\/blog.turkishairlines.com\/wp-content\/uploads\/2022\/08\/Edirne-mu\u0308ze.webp 784w, https:\/\/blog.turkishairlines.com\/wp-content\/uploads\/2022\/08\/Edirne-mu\u0308ze-300x200.webp 300w, https:\/\/blog.turkishairlines.com\/wp-content\/uploads\/2022\/08\/Edirne-mu\u0308ze-150x100.webp 150w, https:\/\/blog.turkishairlines.com\/wp-content\/uploads\/2022\/08\/Edirne-mu\u0308ze-768x512.webp 768w, https:\/\/blog.turkishairlines.com\/wp-content\/uploads\/2022\/08\/Edirne-mu\u0308ze-696x464.webp 696w\" sizes=\"auto, (max-width: 784px) 100vw, 784px\" \/><figcaption>Edirne\u2019deki T\u00fcrk \u0130slam Eserleri M\u00fczesi.<\/figcaption><\/figure>\n\n\n\n<p>\u201c\u015eehir ke\u015ffi m\u00fczesiz olmaz!\u201d diyorsan\u0131z Edirne m\u00fczelerini de ke\u015ffetmeye ba\u015flaman\u0131z\u0131 tavsiye ediyoruz! \u0130\u015fte Edirne\u2019nin en \u00fcnl\u00fc m\u00fczeleri:&nbsp;<\/p>\n\n\n\n<h4 class=\"wp-block-heading\"><strong>Edirne T\u00fcrk \u0130slam Eserleri M\u00fczesi<\/strong><\/h4>\n\n\n\n<p>1925 y\u0131l\u0131nda Selimiye Camii\u2019nden toplanan eserlerden olu\u015fan Edirne T\u00fcrk \u0130slam Eserleri M\u00fczesi, yine Selimiye Camii avlusunda yer alan Dar-\u00fcl Tedris Medresesi\u2019nde sergileniyor. 14 ayr\u0131 odada sergilenen m\u00fczeyi mutlaka Edirne gezilecek yerler listesine al\u0131n deriz!<\/p>\n\n\n\n<h4 class=\"wp-block-heading\"><strong>Beyaz\u0131t K\u00fclliyesi Sa\u011fl\u0131k M\u00fczesi<\/strong><\/h4>\n\n\n\n<p>T\u00fcrkiye\u2019nin t\u0131p tarihine \u0131\u015f\u0131k tutan ve Osmanl\u0131 dar\u00fc\u015f\u015fifalar\u0131n\u0131 g\u00fcn\u00fcm\u00fczde ya\u015fatan tek m\u00fcze olan Beyaz\u0131t K\u00fclliyesi Sa\u011fl\u0131k M\u00fczesi, 1997 y\u0131l\u0131nda a\u00e7\u0131l\u0131yor. 2008 y\u0131l\u0131nda t\u0131p medresesi b\u00f6l\u00fcm\u00fcn\u00fcn eklenmesiyle \u00e7ok daha \u00f6nemli bir noktaya ta\u015f\u0131nan m\u00fcze, ziyaret\u00e7ilerini ger\u00e7ek bir zaman yolculu\u011funa \u00e7\u0131kar\u0131yor. \u00d6zellikle ge\u00e7mi\u015fteki ak\u0131l hastalar\u0131na uygulanan tedavi y\u00f6ntemlerini anlatan m\u00fcze, herkesi kendine hayran b\u0131rak\u0131yor.<\/p>\n\n\n\n<hr class=\"wp-block-separator has-text-color has-alpha-channel-opacity has-background is-style-wide\" style=\"background-color:#ebebeb;color:#ebebeb\"\/>\n\n\n\n<h2 class=\"wp-block-heading\"><strong>Yaprak ci\u011ferin kalesi: Edirne\u2019de ne yenir?<\/strong><\/h2>\n\n\n\n<figure class=\"wp-block-image size-full is-resized\"><img loading=\"lazy\" decoding=\"async\" src=\"https:\/\/blog.turkishairlines.com\/wp-content\/uploads\/2022\/08\/edirne-yaprak-cigeri.webp\" alt=\"Yaprak ci\u011fer\" class=\"wp-image-36085\" width=\"784\" height=\"523\" srcset=\"https:\/\/blog.turkishairlines.com\/wp-content\/uploads\/2022\/08\/edirne-yaprak-cigeri.webp 784w, https:\/\/blog.turkishairlines.com\/wp-content\/uploads\/2022\/08\/edirne-yaprak-cigeri-300x200.webp 300w, https:\/\/blog.turkishairlines.com\/wp-content\/uploads\/2022\/08\/edirne-yaprak-cigeri-150x100.webp 150w, https:\/\/blog.turkishairlines.com\/wp-content\/uploads\/2022\/08\/edirne-yaprak-cigeri-768x512.webp 768w, https:\/\/blog.turkishairlines.com\/wp-content\/uploads\/2022\/08\/edirne-yaprak-cigeri-696x464.webp 696w\" sizes=\"auto, (max-width: 784px) 100vw, 784px\" \/><figcaption>Edirne\u2019nin me\u015fhur yaprak ci\u011feri.<\/figcaption><\/figure>\n\n\n\n<p>Geldik en leziz, en i\u015ftah a\u00e7an b\u00f6l\u00fcme! Gezdiniz g\u00f6rd\u00fcn\u00fcz yoruldunuz mideniz de ses vermeye ba\u015flad\u0131 ve \u015fu soru ak\u0131llara d\u00fc\u015ft\u00fc: \u201cEdirne\u2019de ne yemeli?\u201d. Mutfa\u011f\u0131nda Osmanl\u0131\u2019dan ve Balkanlardan izler ta\u015f\u0131yan bu muhte\u015fem \u015fehir, sahip oldu\u011fu gurme lezzetleri size sunmak i\u00e7in sab\u0131rs\u0131zlan\u0131yor.&nbsp;<\/p>\n\n\n\n<p>Elbette \u00f6nce bir ci\u011fer sevmeyenleri bile dize getiren \u00e7\u0131t\u0131r \u00e7\u0131t\u0131r tava ci\u011feri bir tad\u0131n. Ama onunla s\u0131n\u0131rl\u0131 kalmay\u0131n. \u015eimdi t\u00fcm nefis Edirne tatlar\u0131n\u0131 s\u0131ralayaca\u011f\u0131z, ac\u0131kmaya haz\u0131r olun!<\/p>\n\n\n\n<ul class=\"wp-block-list\"><li>Edirne tava ci\u011feri<\/li><li>Cevizli oturtma<\/li><li>Mutancana (Et ve kuru meyve birle\u015fimi)<\/li><li>Kavala kurabiyesi<\/li><li>Badem ezmesi<\/li><li>Edirne k\u00f6ftesi<\/li><li>Kallavi kurabiyesi<\/li><li>So\u011fan dolmas\u0131<\/li><li>Peynir helvas\u0131<\/li><li>Sat\u0131r et<\/li><li>Mamzana (K\u00f6zlenmi\u015f patl\u0131can mezesi)<\/li><\/ul>\n\n\n\n<hr class=\"wp-block-separator has-text-color has-alpha-channel-opacity has-background is-style-wide\" style=\"background-color:#ebebeb;color:#ebebeb\"\/>\n\n\n\n<h2 class=\"wp-block-heading\"><strong>\u00d6nemli Edirne notlar\u0131<\/strong><\/h2>\n\n\n\n<figure class=\"wp-block-image size-large is-resized\"><img loading=\"lazy\" decoding=\"async\" src=\"https:\/\/blog.turkishairlines.com\/wp-content\/uploads\/2022\/08\/edirne-notlari-1024x683.webp\" alt=\"Edirne manzaras\u0131\" class=\"wp-image-36087\" width=\"1024\" height=\"683\" srcset=\"https:\/\/blog.turkishairlines.com\/wp-content\/uploads\/2022\/08\/edirne-notlari-1024x683.webp 1024w, https:\/\/blog.turkishairlines.com\/wp-content\/uploads\/2022\/08\/edirne-notlari-300x200.webp 300w, https:\/\/blog.turkishairlines.com\/wp-content\/uploads\/2022\/08\/edirne-notlari-150x100.webp 150w, https:\/\/blog.turkishairlines.com\/wp-content\/uploads\/2022\/08\/edirne-notlari-768x512.webp 768w, https:\/\/blog.turkishairlines.com\/wp-content\/uploads\/2022\/08\/edirne-notlari-1536x1024.webp 1536w, https:\/\/blog.turkishairlines.com\/wp-content\/uploads\/2022\/08\/edirne-notlari-2048x1365.webp 2048w, https:\/\/blog.turkishairlines.com\/wp-content\/uploads\/2022\/08\/edirne-notlari-696x464.webp 696w, https:\/\/blog.turkishairlines.com\/wp-content\/uploads\/2022\/08\/edirne-notlari-1068x712.webp 1068w, https:\/\/blog.turkishairlines.com\/wp-content\/uploads\/2022\/08\/edirne-notlari-1920x1280.webp 1920w\" sizes=\"auto, (max-width: 1024px) 100vw, 1024px\" \/><figcaption>\u015eehrin farkl\u0131 noktalar\u0131ndan g\u00f6r\u00fclen Selimiye Camii.<\/figcaption><\/figure>\n\n\n\n<p>Edirne gezilecek yerleri, tarihini ve muhte\u015fem yemeklerini beraber ke\u015ffettik. \u015eimdi s\u0131ra Edirne\u2019yi ke\u015ffetmek isteyenler i\u00e7in verece\u011fimiz \u00f6nemli ipu\u00e7lar\u0131na geldi. Haydi ba\u015flayal\u0131m!<\/p>\n\n\n<div id=\"rank-math-faq\" class=\"rank-math-block\">\n<div class=\"rank-math-list \">\n<div id=\"faq-question-1660918865802\" class=\"rank-math-list-item\">\n<h3 class=\"rank-math-question \"><strong>Edirne\u2019de nerede kal\u0131n\u0131r?<\/strong><\/h3>\n<div class=\"rank-math-answer \">\n\n<p>\u00d6nemli bir turizm kenti olan Edirne\u2019de farkl\u0131 b\u00fct\u00e7elere ve beklentilere uygun bir\u00e7ok konaklama se\u00e7ene\u011fi var. Be\u015f y\u0131ld\u0131zl\u0131, d\u00f6rt y\u0131ld\u0131zl\u0131 otellerden, pansiyonlara kadar se\u00e7im \u015fans\u0131 sunan Edirne\u2019ye tarihi yerleri gezmek amac\u0131yla geliyorsan\u0131z merkezi otelleri rahatl\u0131kla tercih edebilirsiniz.\u00a0<\/p>\n\n<\/div>\n<\/div>\n<\/div>\n<\/div>\n\n\n<p>Edirne seyahatinizi daha h\u0131zl\u0131 ve konforlu bir \u015fekilde planlamak istiyorsan\u0131z da&nbsp;<a href=\"https:\/\/www.turkishairlinesholidays.com\/tr-tr?utm_source=thyblog&amp;utm_medium=referral\" target=\"_blank\" rel=\"noreferrer noopener nofollow\">Turkish Holidays tatil paketlerine<\/a> bakabilirsiniz. Zira bu tatil paketleriyle sizin i\u00e7in ideal olan konaklama ve u\u00e7ak bileti rezervasyonlar\u0131n\u0131z\u0131 en pratik \u015fekilde yapman\u0131z m\u00fcmk\u00fcn!<\/p>\n\n\n<div id=\"rank-math-faq\" class=\"rank-math-block\">\n<div class=\"rank-math-list \">\n<div id=\"faq-question-1660918889283\" class=\"rank-math-list-item\">\n<h3 class=\"rank-math-question \"><strong>Edirne\u2019de ula\u015f\u0131m nas\u0131l?<\/strong><\/h3>\n<div class=\"rank-math-answer \">\n\n<p>Edirne \u015fehir i\u00e7i ula\u015f\u0131m daha \u00e7ok geli\u015fmi\u015f otob\u00fcs ve minib\u00fcs a\u011f\u0131yla sa\u011flan\u0131yor. Kent Kart kullan\u0131lan \u015fehirde toplu ta\u015f\u0131ma kullanarak gezecekseniz bu kart\u0131 \u00e7\u0131kartabilirsiniz.\u00a0<\/p>\n\n<\/div>\n<\/div>\n<\/div>\n<\/div>\n\n\n<h3 class=\"wp-block-heading\"><strong>Edirne\u2019ye hava yoluyla ula\u015f\u0131m<\/strong><\/h3>\n\n\n\n<p>Edirne\u2019de havaliman\u0131 bulunmad\u0131\u011f\u0131 i\u00e7in kente ula\u015f\u0131m daha \u00e7ok karayolu veya demiryoluyla ger\u00e7ekle\u015fiyor. Siz ula\u015f\u0131m i\u00e7in havayolunu tercih edecekseniz kente ortalama 1 saat 35 dakikal\u0131k mesafede yer alan Tekirda\u011f \u00c7orlu Havaliman\u0131\u2019n\u0131 tercih edebilirsiniz. Havaliman\u0131ndan Edirne\u2019ye gitmek i\u00e7in ise \u00f6ncelikli olarak belediye otob\u00fcs\u00fcyle otogara gidip buradan saat ba\u015f\u0131 hareket eden otob\u00fcslerle kente ula\u015fman\u0131z m\u00fcmk\u00fcn!<\/p>\n\n\n\n<p><em>Keyifli seyahatler dileriz!<\/em><\/p>\n","protected":false},"excerpt":{"rendered":"<p>Ba\u015fl\u0131yoruz: Edirne tarihi Marmara B\u00f6lgesi\u2019nin Trakya b\u00f6l\u00fcm\u00fcnde yer alan g\u00fczel Edirne, tarihi a\u00e7\u0131dan olduk\u00e7a derin bir kent. Zira buradan \u201cKimler gelmi\u015f, kimler ge\u00e7mi\u015f!\u201d desek yeri. Edirne tarihinden bahsederken bu durumu daha iyi anlayacaks\u0131n\u0131z.&nbsp; Edirne\u2019ye ilk yerle\u015fenlerin Trak kabilelerinden Odrisler ve Bettegeriler oldu\u011fu biliniyor. M\u00d6 1400 \u2013 1200 y\u0131llar\u0131 aras\u0131nda Akalar\u0131n eline ge\u00e7en Edirne, bu d\u00f6nemden [&hellip;]<\/p>\n","protected":false},"author":53,"featured_media":36089,"comment_status":"closed","ping_status":"closed","sticky":false,"template":"","format":"standard","meta":{"footnotes":""},"categories":[1106,952,574,580,495],"tags":[],"class_list":{"0":"post-36072","1":"post","2":"type-post","3":"status-publish","4":"format-standard","5":"has-post-thumbnail","7":"category-1-sehir-3-gun","8":"category-edirne-gezi-rehberi","9":"category-seyahat-ve-tatil-fikirleri","10":"category-gezilecek-tarihi-yerler-ve-rotalar","11":"category-yerler"},"_links":{"self":[{"href":"https:\/\/blog.turkishairlines.com\/tr\/wp-json\/wp\/v2\/posts\/36072","targetHints":{"allow":["GET"]}}],"collection":[{"href":"https:\/\/blog.turkishairlines.com\/tr\/wp-json\/wp\/v2\/posts"}],"about":[{"href":"https:\/\/blog.turkishairlines.com\/tr\/wp-json\/wp\/v2\/types\/post"}],"author":[{"embeddable":true,"href":"https:\/\/blog.turkishairlines.com\/tr\/wp-json\/wp\/v2\/users\/53"}],"replies":[{"embeddable":true,"href":"https:\/\/blog.turkishairlines.com\/tr\/wp-json\/wp\/v2\/comments?post=36072"}],"version-history":[{"count":0,"href":"https:\/\/blog.turkishairlines.com\/tr\/wp-json\/wp\/v2\/posts\/36072\/revisions"}],"wp:featuredmedia":[{"embeddable":true,"href":"https:\/\/blog.turkishairlines.com\/tr\/wp-json\/wp\/v2\/media\/36089"}],"wp:attachment":[{"href":"https:\/\/blog.turkishairlines.com\/tr\/wp-json\/wp\/v2\/media?parent=36072"}],"wp:term":[{"taxonomy":"category","embeddable":true,"href":"https:\/\/blog.turkishairlines.com\/tr\/wp-json\/wp\/v2\/categories?post=36072"},{"taxonomy":"post_tag","embeddable":true,"href":"https:\/\/blog.turkishairlines.com\/tr\/wp-json\/wp\/v2\/tags?post=36072"}],"curies":[{"name":"wp","href":"https:\/\/api.w.org\/{rel}","templated":true}]}}