{"id":36662,"date":"2022-09-21T15:39:37","date_gmt":"2022-09-21T12:39:37","guid":{"rendered":"https:\/\/blog.turkishairlines.com\/?p=36662"},"modified":"2023-06-11T22:51:40","modified_gmt":"2023-06-11T19:51:40","slug":"marakesten-sahraya-essiz-bir-yolculuk","status":"publish","type":"post","link":"https:\/\/blog.turkishairlines.com\/tr\/marakesten-sahraya-essiz-bir-yolculuk\/","title":{"rendered":"Marake\u015f&#8217;ten Sahra&#8217;ya e\u015fsiz bir yolculuk"},"content":{"rendered":"\n<hr class=\"wp-block-separator has-text-color has-alpha-channel-opacity has-background is-style-wide\" style=\"background-color:#ebebeb;color:#ebebeb\"\/>\n\n\n\n<h2 class=\"wp-block-heading\"><strong>Marake\u015f\u2019e dair birka\u00e7 not<\/strong><\/h2>\n\n\n\n<figure class=\"wp-block-image size-full is-resized\"><img loading=\"lazy\" decoding=\"async\" src=\"https:\/\/blog.turkishairlines.com\/wp-content\/uploads\/2022\/09\/Ai\u0308t-Benhaddou.jpg\" alt=\"A\u00eft Benhaddou\" class=\"wp-image-36663\" width=\"784\" height=\"523\" srcset=\"https:\/\/blog.turkishairlines.com\/wp-content\/uploads\/2022\/09\/Ai\u0308t-Benhaddou.jpg 784w, https:\/\/blog.turkishairlines.com\/wp-content\/uploads\/2022\/09\/Ai\u0308t-Benhaddou-300x200.jpg 300w, https:\/\/blog.turkishairlines.com\/wp-content\/uploads\/2022\/09\/Ai\u0308t-Benhaddou-150x100.jpg 150w, https:\/\/blog.turkishairlines.com\/wp-content\/uploads\/2022\/09\/Ai\u0308t-Benhaddou-768x512.jpg 768w, https:\/\/blog.turkishairlines.com\/wp-content\/uploads\/2022\/09\/Ai\u0308t-Benhaddou-696x464.jpg 696w\" sizes=\"auto, (max-width: 784px) 100vw, 784px\" \/><figcaption class=\"wp-element-caption\">A\u00eft Benhaddou<\/figcaption><\/figure>\n\n\n\n<p>Tarih\u00e7esi her ne kadar Avrupa\u2019ya yak\u0131nl\u0131\u011f\u0131ndan dolay\u0131 hep ge\u00e7i\u015f hik\u00e2yeleriyle dolu olsa da Fas Marake\u015f\u2019in bir\u00e7ok tan\u0131d\u0131k manzaras\u0131n\u0131 pop\u00fcler k\u00fclt\u00fcrde isim yapm\u0131\u015f filmlerin sahnelerinde g\u00f6rd\u00fck. Berberiler halen Atlas da\u011flar\u0131n\u0131n eteklerinde kimliklerini s\u00fcrd\u00fcr\u00fcrken, Cebelitar\u0131k \u00f6tesinde bamba\u015fka hayatlar\u0131n ya\u015fand\u0131\u011f\u0131 bu \u00fclkeyi, Paolo Coelho\u2019nun \u2018\u2019Simyac\u0131\u2019\u2019 kitab\u0131ndaki tasvirleriyle daha da yak\u0131ndan tan\u0131d\u0131k.&nbsp;<\/p>\n\n\n\n<p>Sahra\u2019ya kadar uzanan bu topraklardaki hik\u00e2yeler ve manzaralar ziyaret\u00e7ilerine unutulmaz deneyimler ya\u015fatacak t\u00fcrde. Fas\u2019\u0131n reng\u00e2renk Marake\u015f \u015fehrinden Sahra \u00e7\u00f6l\u00fcndeki alt\u0131n kum tepelerine kadar uzanan bu b\u00fcy\u00fck ve gizemli co\u011frafyay\u0131 beraber ke\u015ffetmeye ba\u015flayal\u0131m.\u00a0<\/p>\n\n\n\n<hr class=\"wp-block-separator has-text-color has-alpha-channel-opacity has-background is-style-wide\" style=\"background-color:#ebebeb;color:#ebebeb\"\/>\n\n\n\n    <div class=\"thy-widget-all \" adult=\"1\" child=\"0\" baby=\"0\" widget-num=\"745505\">\n        <div class=\"thy-widget-top\">\n            <div class=\"thy-widget-logo\">\n                <svg xmlns=\"http:\/\/www.w3.org\/2000\/svg\" xmlns:xlink=\"http:\/\/www.w3.org\/1999\/xlink\" width=\"49\"\n                    height=\"49.003\" viewBox=\"0 0 49 49.003\">\n                    <defs>\n                        <clipPath id=\"clip-thy-logo\">\n                            <rect id=\"Rectangle_9\" data-name=\"Rectangle 9\" width=\"49\" height=\"49.003\" fill=\"none\">\n                            <\/rect>\n                        <\/clipPath>\n                    <\/defs>\n                    <g id=\"Group_5\" data-name=\"Group 5\" clip-path=\"url(#clip-thy-logo)\">\n                        <path id=\"Path_16\" data-name=\"Path 16\"\n                            d=\"M27.063.134A24.507,24.507,0,1,1,24.491,0a25.722,25.722,0,0,1,2.572.134M28.326,47.29A23.11,23.11,0,1,0,13.683,4.078c11.1,3.762,17.06,9.484,17.473,15.344.2,3.62-1.479,6.237-3.69,8.369l15.688-1.1c.443-.03.583.486.046.641L5.782,38.065A23.079,23.079,0,0,0,28.326,47.29M18.032,25.037c2.053-7.71-.288-15.791-5.888-20.073A23.114,23.114,0,0,0,4.962,36.847c5.961-1.661,11.205-4.8,13.07-11.81\"\n                            transform=\"translate(0 0)\" fill=\"#fff\"><\/path>\n                        <path id=\"Path_17\" data-name=\"Path 17\"\n                            d=\"M46.359,19.744A23.111,23.111,0,0,1,4.854,37.135L42.272,26.406c.537-.155.4-.671-.046-.641l-15.688,1.1c2.211-2.135,3.893-4.749,3.69-8.369C29.815,12.632,23.851,6.91,12.755,3.148a23.1,23.1,0,0,1,33.6,16.6M.779,27.4a23.005,23.005,0,0,0,3.252,8.518c5.964-1.661,11.208-4.8,13.073-11.81,2.053-7.71-.288-15.791-5.888-20.073A23.11,23.11,0,0,0,.779,27.4\"\n                            transform=\"translate(0.928 0.93)\" fill=\"#bd061b\"><\/path>\n                    <\/g>\n                <\/svg>\n            <\/div>\n            <div>\n                <div class=\"thy-widget-title\">D\u00fcnya daha b\u00fcy\u00fck. Ke\u015ffet.<\/div>\n            <\/div>\n        <\/div>\n        <hr color=\"#F4F6F8\" style=\"margin:0px;\">\n        <div class=\"thy-widget-radio-buttons\">\n            <label class=\"thy-radiobutton\">Gidi\u015f D\u00f6n\u00fc\u015f\n                <input type=\"radio\" id=\"thy-trip\" class=\"thy-road\" name=\"thy-road-745505\" value=\"thy-trip\" checked>\n                <span class=\"thy-checkmark\"><\/span>\n            <\/label>\n            <label class=\"thy-radiobutton\">Tek y\u00f6n\n                <input type=\"radio\" id=\"thy-oneway\" class=\"thy-road\" name=\"thy-road-745505\" value=\"thy-oneway\">\n                <span class=\"thy-checkmark\"><\/span>\n            <\/label>\n        <\/div>\n        <div class=\"thy-widget-inputs\">\n            <div class=\"thy-input-form\">\n                <div style=\"margin-right: 10px;\" class=\"thy-first-field\">\n                    <div class=\"thy-field\">\n                        <input class=\"thy-input thy-field-from\" type=\"text\" name=\"thy-field-from\" value=\"\"\n                            autocomplete=\"off\" required>\n                        <label for=\"thy-field-from\" title=\"Nereden?\"><\/label>\n                        <div class=\"thy-field-from-popup\">\n                            <input class=\"thy-input-popup thy-field-from-popup-input\" type=\"text\" name=\"thy-field-from-open\" data=\"\"\n                                 autocomplete=\"off\" required>\n                            <label title=\"Nereden?\"><\/label>\n                            <hr class=\"thy-popup-line\">\n                            <div class=\"thy-popup-airports\">\n                                <span>Havaliman\u0131<\/span>\n                                <div class=\"thy-popup-airport-list\">\n                                    <!-- \n                                    <div class=\"thy-popup-airport-row\">\n                                        <svg xmlns=\"http:\/\/www.w3.org\/2000\/svg\" width=\"24\" height=\"12.383\"\n                                            viewBox=\"0 0 24 12.383\">\n                                            <g id=\"black\" transform=\"translate(0 -6.33)\">\n                                                <path id=\"Path_83\" data-name=\"Path 83\"\n                                                    d=\"M21.4,10.01H6.09L1,6.33H0l1.9,4.19a4.18,4.18,0,0,0,3.7,2.453H21.4c1.19,0,2.6-.62,2.6-1.38,0-.78-1.41-1.582-2.6-1.582Zm-13.03,8.7h1l6-4.55H11.89a2.19,2.19,0,0,0-2,1.25l-1.52,3.3Z\"\n                                                    fill=\"#232b38\" \/>\n                                            <\/g>\n                                        <\/svg>\n                                        <div class=\"thy-popup-airport-names\">\n                                            <span class=\"thy-popup-airport-location\">New York, Amerika Birle\u015fik\n                                                Devletleri<\/span>\n                                            <span class=\"thy-popup-airport-name\">John F. Kennedy Uluslararas\u0131\n                                                Havaliman\u0131, JFK<\/span>\n                                        <\/div>\n                                    <\/div>\n                                    <hr>\n                                    <div class=\"thy-popup-airport-row\">\n                                        <svg xmlns=\"http:\/\/www.w3.org\/2000\/svg\" width=\"24\" height=\"12.383\"\n                                            viewBox=\"0 0 24 12.383\">\n                                            <g id=\"black\" transform=\"translate(0 -6.33)\">\n                                                <path id=\"Path_83\" data-name=\"Path 83\"\n                                                    d=\"M21.4,10.01H6.09L1,6.33H0l1.9,4.19a4.18,4.18,0,0,0,3.7,2.453H21.4c1.19,0,2.6-.62,2.6-1.38,0-.78-1.41-1.582-2.6-1.582Zm-13.03,8.7h1l6-4.55H11.89a2.19,2.19,0,0,0-2,1.25l-1.52,3.3Z\"\n                                                    fill=\"#232b38\" \/>\n                                            <\/g>\n                                        <\/svg>\n                                        <div class=\"thy-popup-airport-names\">\n                                            <span class=\"thy-popup-airport-location\">Sapporo, Japonya<\/span>\n                                            <span class=\"thy-popup-airport-name\">New Chitose Havaliman\u0131, CTS<\/span>\n                                        <\/div>\n                                    <\/div>\n                                    <hr>\n                                    <div class=\"thy-popup-airport-row\">\n                                        <svg xmlns=\"http:\/\/www.w3.org\/2000\/svg\" width=\"24\" height=\"12.383\"\n                                            viewBox=\"0 0 24 12.383\">\n                                            <g id=\"black\" transform=\"translate(0 -6.33)\">\n                                                <path id=\"Path_83\" data-name=\"Path 83\"\n                                                    d=\"M21.4,10.01H6.09L1,6.33H0l1.9,4.19a4.18,4.18,0,0,0,3.7,2.453H21.4c1.19,0,2.6-.62,2.6-1.38,0-.78-1.41-1.582-2.6-1.582Zm-13.03,8.7h1l6-4.55H11.89a2.19,2.19,0,0,0-2,1.25l-1.52,3.3Z\"\n                                                    fill=\"#232b38\" \/>\n                                            <\/g>\n                                        <\/svg>\n                                        <div class=\"thy-popup-airport-names\">\n                                            <span class=\"thy-popup-airport-location\">Buenos Aires, Arjantin<\/span>\n                                            <span class=\"thy-popup-airport-name\">Jorge Newbery Havaliman\u0131, AEP<\/span>\n                                        <\/div>\n                                    <\/div>\n                                    <hr>\n                                    <a class=\"thy-all-airports\" href=\"\">T\u00fcm U\u00e7u\u015f Noktalar\u0131n\u0131 G\u00f6r<\/a>\n                                    -->\n                                <\/div>\n                            <\/div>\n                        <\/div>\n\n                    <\/div>\n                <\/div>\n                <button class=\"thy-widget-change-locations\">\n                    <svg xmlns=\"http:\/\/www.w3.org\/2000\/svg\" width=\"33\" height=\"33\" viewBox=\"0 0 33 33\">\n                        <g id=\"change-boxed\" transform=\"translate(0.5 0.5)\">\n                            <path id=\"Path_44\" data-name=\"Path 44\" d=\"M16,0A16,16,0,1,1,0,16,16,16,0,0,1,16,0Z\"\n                                fill=\"#fff\" stroke=\"#647280\" stroke-width=\"1\"><\/path>\n                            <g id=\"Group_42\" data-name=\"Group 42\" transform=\"translate(4 4)\">\n                                <circle id=\"Ellipse_2\" data-name=\"Ellipse 2\" cx=\"12.5\" cy=\"12.5\" r=\"12.5\"\n                                    transform=\"translate(-0.5 -0.5)\" fill=\"#fff\"><\/circle>\n                                <g id=\"Group_41\" data-name=\"Group 41\" transform=\"translate(7 5)\">\n                                    <path id=\"Path_42\" data-name=\"Path 42\"\n                                        d=\"M5,1.91V0L2.5,2.545,5,5.091V3.18A3.8,3.8,0,0,1,8.75,7a4.159,4.159,0,0,1-.438,1.782l.938.954A5.757,5.757,0,0,0,10,7,5.06,5.06,0,0,0,5,1.91Zm0,8.908A3.8,3.8,0,0,1,1.25,7a4.159,4.159,0,0,1,.438-1.782L.75,4.264A5.757,5.757,0,0,0,0,7a5.06,5.06,0,0,0,5,5.09V14l2.5-2.545L5,8.909v1.91Z\"\n                                        fill=\"#647280\"><\/path>\n                                    <g id=\"Group_40\" data-name=\"Group 40\">\n                                        <path id=\"Path_43\" data-name=\"Path 43\" d=\"M-7-5H17V19H-7Z\" fill=\"none\"\n                                            fill-rule=\"evenodd\"><\/path>\n                                    <\/g>\n                                <\/g>\n                            <\/g>\n                        <\/g>\n                    <\/svg>\n\n                <\/button>\n                <div class=\"thy-second-field\">\n                    <div class=\"thy-field\">\n                        <input class=\"thy-input thy-field-to\" type=\"text\" name=\"thy-field-from\" autocomplete=\"off\"  value=\"\"\n                            required>\n                        <label for=\"thy-field-to\" title=\"Nereye?\"><\/label>\n                        <div class=\"thy-field-from-popup\">\n                            <input class=\"thy-input-popup thy-field-to-popup-input\" type=\"text\" name=\"thy-field-to-open\" data=\"\"\n                                 autocomplete=\"off\" required>\n                            <label for=\"thy-field-to-popup\" title=\"Nereye?\"><\/label>\n                            <hr class=\"thy-popup-line\">\n                            <div class=\"thy-popup-airports\">\n                                <span>Havaliman\u0131<\/span>\n                                <div class=\"thy-popup-airport-list\">\n                                    <!-- \n                                    <div class=\"thy-popup-airport-row\">\n                                        <svg xmlns=\"http:\/\/www.w3.org\/2000\/svg\" width=\"24\" height=\"12.383\"\n                                            viewBox=\"0 0 24 12.383\">\n                                            <g id=\"black\" transform=\"translate(0 -6.33)\">\n                                                <path id=\"Path_83\" data-name=\"Path 83\"\n                                                    d=\"M21.4,10.01H6.09L1,6.33H0l1.9,4.19a4.18,4.18,0,0,0,3.7,2.453H21.4c1.19,0,2.6-.62,2.6-1.38,0-.78-1.41-1.582-2.6-1.582Zm-13.03,8.7h1l6-4.55H11.89a2.19,2.19,0,0,0-2,1.25l-1.52,3.3Z\"\n                                                    fill=\"#232b38\" \/>\n                                            <\/g>\n                                        <\/svg>\n                                        <div class=\"thy-popup-airport-names\">\n                                            <span class=\"thy-popup-airport-location\">New York, Amerika Birle\u015fik\n                                                Devletleri<\/span>\n                                            <span class=\"thy-popup-airport-name\">John F. Kennedy Uluslararas\u0131\n                                                Havaliman\u0131, JFK<\/span>\n                                        <\/div>\n                                    <\/div>\n                                    <hr>\n                                    <div class=\"thy-popup-airport-row\">\n                                        <svg xmlns=\"http:\/\/www.w3.org\/2000\/svg\" width=\"24\" height=\"12.383\"\n                                            viewBox=\"0 0 24 12.383\">\n                                            <g id=\"black\" transform=\"translate(0 -6.33)\">\n                                                <path id=\"Path_83\" data-name=\"Path 83\"\n                                                    d=\"M21.4,10.01H6.09L1,6.33H0l1.9,4.19a4.18,4.18,0,0,0,3.7,2.453H21.4c1.19,0,2.6-.62,2.6-1.38,0-.78-1.41-1.582-2.6-1.582Zm-13.03,8.7h1l6-4.55H11.89a2.19,2.19,0,0,0-2,1.25l-1.52,3.3Z\"\n                                                    fill=\"#232b38\" \/>\n                                            <\/g>\n                                        <\/svg>\n                                        <div class=\"thy-popup-airport-names\">\n                                            <span class=\"thy-popup-airport-location\">Sapporo, Japonya<\/span>\n                                            <span class=\"thy-popup-airport-name\">New Chitose Havaliman\u0131, CTS<\/span>\n                                        <\/div>\n                                    <\/div>\n                                    <hr>\n                                    <div class=\"thy-popup-airport-row\">\n                                        <svg xmlns=\"http:\/\/www.w3.org\/2000\/svg\" width=\"24\" height=\"12.383\"\n                                            viewBox=\"0 0 24 12.383\">\n                                            <g id=\"black\" transform=\"translate(0 -6.33)\">\n                                                <path id=\"Path_83\" data-name=\"Path 83\"\n                                                    d=\"M21.4,10.01H6.09L1,6.33H0l1.9,4.19a4.18,4.18,0,0,0,3.7,2.453H21.4c1.19,0,2.6-.62,2.6-1.38,0-.78-1.41-1.582-2.6-1.582Zm-13.03,8.7h1l6-4.55H11.89a2.19,2.19,0,0,0-2,1.25l-1.52,3.3Z\"\n                                                    fill=\"#232b38\" \/>\n                                            <\/g>\n                                        <\/svg>\n                                        <div class=\"thy-popup-airport-names\">\n                                            <span class=\"thy-popup-airport-location\">Buenos Aires, Arjantin<\/span>\n                                            <span class=\"thy-popup-airport-name\">Jorge Newbery Havaliman\u0131, AEP<\/span>\n                                        <\/div>\n                                    <\/div>\n                                    <hr>\n                                    <a class=\"thy-all-airports\" href=\"\">T\u00fcm U\u00e7u\u015f Noktalar\u0131n\u0131 G\u00f6r<\/a>\n                                    -->\n                                <\/div>\n                            <\/div>\n                        <\/div>\n                    <\/div>\n                <\/div>\n            <\/div>\n\n            <div class=\"thy-widget-trip\">\n                <div class=\"thy-input-date \">\n                    <input type=\"text\" name=\"thy-field-trip-date\" id=\"thy-field-trip-date-793929\" autocomplete=\"off\" value=\"\" required inputmode=\"none\">\n                    <div class=\"thy-date-field-cover\" style=\"\">\n                        <div class=\"thy-date-field-first\">\n                            <div>Gidi\u015f<\/div>\n                            <div class=\"thy-date-calendar\"><\/div>\n                            <div class=\"thy-date-day\"><\/div>\n                        <\/div>\n                        <div class=\"thy-date-field-last\" style=\"\">\n                            <div>D\u00f6n\u00fc\u015f<\/div>\n                            <div class=\"thy-date-calendar\"><\/div>\n                            <div class=\"thy-date-day\"><\/div>\n                        <\/div>\n                    <\/div>\n                    <label for=\"thy-field-trip-date\" title=\"Tarih\"><\/label>\n                    <span class=\"thy-trip-date-focus\"><\/span>\n                    <div style=\"position: absolute;left: 15px;top: 22px;\">\n                        <svg xmlns=\"http:\/\/www.w3.org\/2000\/svg\" width=\"20\" height=\"20\" viewBox=\"0 0 20 20\">\n                            <path id=\"booking-calendar-icon-gray\"\n                                d=\"M18,3a2,2,0,0,1,2,2V18a2,2,0,0,1-2,2H2a2,2,0,0,1-2-2V5A2,2,0,0,1,2,3H4V5H5V0H7V3h7V5h1V0h2V3Zm0,15L18,7H2V18ZM4,9H7v3H4ZM9,9h7v2H9Z\"\n                                fill=\"#647280\" \/>\n                        <\/svg>\n                    <\/div>\n                    <div class=\"thy-trip-date-select\">\n                        <div class=\"thy-trip-date-select-top\">\n                            <p class=\"thy-date-select-title thy-date-select-title-enter\">Giri\u015f Tarihi Se\u00e7iniz<\/p>\n                            <p class=\"thy-date-select-title thy-date-select-title-out\">D\u00f6n\u00fc\u015f Tarihi Se\u00e7iniz<\/p>\n                            <!--\n                            <div class=\"thy-date-select-checkboxes thy-hide-m\">\n                                <div>\n                                    <input type=\"checkbox\" name=\"thy-trip-flexible\" id=\"thy-trip-flexible\">\n                                    <label for=\"thy-trip-flexible\">Gidi\u015f-D\u00f6n\u00fc\u015f \u0130\u00e7in Esnek Tarihler<\/label>\n                                <\/div>\n                                <div>\n                                    <input type=\"checkbox\" name=\"thy-trip-direct\" id=\"thy-trip-direct\">\n                                    <label for=\"thy-trip-direct\">Sadece direkt u\u00e7u\u015flar\u0131 g\u00f6ster<\/label>\n                                <\/div>\n                            <\/div>\n                            -->\n                        <\/div>\n                        <hr>\n                        <div  class=\"thy-trip-date-modal\"><\/div>\n                    <\/div>\n                <\/div>\n            <\/div>\n            <div>\n                <div class=\"thy-field thy-field-passengers\"> \n                    <input type=\"text\" name=\"thy-field-passengers\" class=\"thy-field-passengers-input\" autocomplete=\"off\" value=\"1 Yolcu\" required inputmode=\"none\">\n                    <label for=\"thy-field-passengers\" title=\"Yolcular\"><\/label>\n                    <span class=\"thy-passengers-focus\"><\/span>\n\n                    <div class=\"thy-passengers-window\">\n                        <div class=\"thy-passengers-title\">\n                            <span>Kabin T\u00fcr\u00fc<\/span>\n                        <\/div>\n                        <div class=\"thy-passengers-cabins\">\n                            <label class=\"thy-economy-class thy-radiobutton-cabin-type thy-selectable\">\n                            Ekonomi Kabini\n                                <input type=\"radio\" id=\"thy-economy-type\" name=\"thy-passenger-type-745505\"\n                                    value=\"thy-economy-class\" checked>\n                                <span class=\"thy-checkmark-cabin-type\"><\/span>\n                            <\/label>\n                            <label class=\"thy-business-class thy-radiobutton-cabin-type thy-selectable\">\n                            Business Kabini\n                                <input type=\"radio\" id=\"thy-business-type\" name=\"thy-passenger-type-745505\"\n                                    value=\"thy-business-class\">\n                                <span class=\"thy-checkmark-cabin-type\"><\/span>\n                            <\/label>\n                        <\/div>\n                        <div class=\"thy-passenger-numbers\">\n                            <div class=\"thy-passenger-number-title\">Yolcu Say\u0131s\u0131<\/div>\n                            <div class=\"thy-passenger-list thy-adult-passenger\">\n                                <div class=\"thy-passenger-info\">\n                                    <div class=\"thy-passenger-text\">\n                                        <div>Yeti\u015fkin Yolcu<\/div>\n                                        <div class=\"thy-passenger-text-hint\">12 + Ya\u015f<\/div>\n                                    <\/div>\n                                <\/div>\n                                <div class=\"thy-passenger-buttons \">\n                                    <button class=\"thy-passengers-minus-btn\"><\/button>\n                                    <div class=\"thy-passenger-number\">1<\/div>\n                                    <button class=\"thy-passengers-plus-btn\"><\/button>\n                                <\/div>\n                            <\/div>\n                            <hr class=\"thy-passenger-hr\">\n                            <div class=\"thy-passenger-list thy-child-passenger\">\n                            <div class=\"thy-passenger-info\">\n                                <div class=\"thy-passenger-text\">\n                                    <div>\u00c7ocuk Yolcu<\/div>\n                                    <div class=\"thy-passenger-text-hint\">2 - 12 Ya\u015f<\/div>\n                                <\/div>\n                            <\/div>\n                            <div class=\"thy-passenger-buttons \">\n                                <button class=\"thy-passengers-minus-btn\"><\/button>\n                                <div class=\"thy-passenger-number\">0<\/div>\n                                <button class=\"thy-passengers-plus-btn\"><\/button>\n                            <\/div>\n                        <\/div>\n\n                            <hr class=\"thy-passenger-hr\">\n                            <div class=\"thy-passenger-list thy-baby-passenger\">\n                                <div class=\"thy-passenger-info\">\n                                    <div class=\"thy-passenger-text\">\n                                        <div>Bebek Yolcu<\/div>\n                                        <div class=\"thy-passenger-text-hint\">0 - 2 Ya\u015f<\/div>\n                                    <\/div>\n                                <\/div>\n                                <div class=\"thy-passenger-buttons \">\n                                    <button class=\"thy-passengers-minus-btn\"><\/button>\n                                    <div class=\"thy-passenger-number\">0<\/div>\n                                    <button class=\"thy-passengers-plus-btn\"><\/button>\n                                <\/div>\n                            <\/div>\n                            <!--\n                            <hr class=\"thy-passenger-hr\">\n                            <div class=\"thy-passenger-list thy-disabled-passenger\">\n                                <div class=\"thy-passenger-info\">\n                                    <div class=\"thy-passenger-text\">\n                                        <div>Engelli<\/div>\n                                    <\/div>\n                                <\/div>\n                                <div class=\"thy-passenger-buttons \">\n                                    <button class=\"thy-passengers-minus-btn\"><\/button>\n                                    <div class=\"thy-passenger-number\">0<\/div>\n                                    <button class=\"thy-passengers-plus-btn\"><\/button>\n                                <\/div>\n                            <\/div>\n                            <hr class=\"thy-passenger-hr\">\n                            <div class=\"thy-passenger-list thy-student-passenger\">\n                                <div class=\"thy-passenger-info\">\n                                    <div class=\"thy-passenger-text\">\n                                        <div>\u00d6\u011frenci<\/div>\n                                    <\/div>\n                                <\/div>\n                                <div class=\"thy-passenger-buttons thy-student-passenger\">\n                                    <button class=\"thy-passengers-minus-btn\"><\/button>\n                                    <div class=\"thy-passenger-number\">0<\/div>\n                                    <button class=\"thy-passengers-plus-btn\"><\/button>\n                                <\/div>\n                            <\/div>\n                            <hr class=\"thy-passenger-hr\">\n                            <div class=\"thy-other-passenger-type\">\n                                <div class=\"thy-other-passenger-type-text\">Di\u011fer Yolcu Tipleri<\/div>\n                                <div>\n                                    <svg xmlns=\"http:\/\/www.w3.org\/2000\/svg\" width=\"11.166\" height=\"6.585\"\n                                        viewBox=\"0 0 11.166 6.585\">\n                                        <path id=\"chevron-lower-grey\"\n                                            d=\"M17.582,9.583a1,1,0,0,0-1.41,0l-3.88,3.88-3.88-3.88A1,1,0,0,0,7,10.993l4.59,4.59a1,1,0,0,0,1.41,0l4.59-4.59A1,1,0,0,0,17.582,9.583Z\"\n                                            transform=\"translate(-6.71 -9.291)\" fill=\"#ef2636\" \/>\n                                    <\/svg>\n                                <\/div>\n                            <\/div>\n                            -->\n                            <div class=\"passenger-buttons\">                                \n                                <button class=\"btn btn-sm btn-primary\" type=\"button\">Tamam<\/button> \n                            <\/div>\n                            <\/div>\n\n                    <\/div>\n                <\/div>\n            <\/div>\n\n            <div>\n                <input type=\"hidden\" name=\"departure_date\" id=\"departure_date\" value=\"\">\n                <input type=\"hidden\" name=\"return_date\" id=\"return_date\" value=\"\">\n                <button class=\"thy-form-btn search_fly\" type=\"submit\" id=\"search_fly\">\n                U\u00e7u\u015f Ara\n                    <svg xmlns=\"http:\/\/www.w3.org\/2000\/svg\" xmlns:xlink=\"http:\/\/www.w3.org\/1999\/xlink\" width=\"19\"\n                        height=\"19\" viewBox=\"0 0 19 19\">\n                        <defs>\n                            <clipPath id=\"thy-right-arrow\">\n                                <path id=\"Path_46\" data-name=\"Path 46\"\n                                    d=\"M0-10.7v2.4H14.408L7.8-1.7,9.5,0,19-9.5,9.5-19,7.8-17.3l6.6,6.6Z\"\n                                    fill=\"rgba(255,255,255,0.99)\" \/>\n                            <\/clipPath>\n                        <\/defs>\n                        <g id=\"Group_43\" data-name=\"Group 43\" transform=\"translate(0 19)\"\n                            clip-path=\"url(#thy-right-arrow)\">\n                            <path id=\"Path_45\" data-name=\"Path 45\" d=\"M-5,5H24V-24H-5Z\" fill=\"rgba(255,255,255,0.99)\" \/>\n                        <\/g>\n                    <\/svg>\n\n\n                <\/button>\n            <\/div>\n        <\/div>\n\n    <\/div>\n    \n\n\n\n<hr class=\"wp-block-separator has-text-color has-alpha-channel-opacity has-background is-style-wide\" style=\"background-color:#ebebeb;color:#ebebeb\"\/>\n\n\n\n<h2 class=\"wp-block-heading\"><strong>Fas, Marake\u015f\u2019te gezilecek yerler<\/strong><\/h2>\n\n\n\n<figure class=\"wp-block-image size-full is-resized\"><img loading=\"lazy\" decoding=\"async\" src=\"https:\/\/blog.turkishairlines.com\/wp-content\/uploads\/2022\/09\/riyad.jpg\" alt=\"riyad\" class=\"wp-image-36665\" width=\"784\" height=\"523\" srcset=\"https:\/\/blog.turkishairlines.com\/wp-content\/uploads\/2022\/09\/riyad.jpg 784w, https:\/\/blog.turkishairlines.com\/wp-content\/uploads\/2022\/09\/riyad-300x200.jpg 300w, https:\/\/blog.turkishairlines.com\/wp-content\/uploads\/2022\/09\/riyad-150x100.jpg 150w, https:\/\/blog.turkishairlines.com\/wp-content\/uploads\/2022\/09\/riyad-768x512.jpg 768w, https:\/\/blog.turkishairlines.com\/wp-content\/uploads\/2022\/09\/riyad-696x464.jpg 696w\" sizes=\"auto, (max-width: 784px) 100vw, 784px\" \/><figcaption class=\"wp-element-caption\">Marake\u015f\u2019te bir riyad. <\/figcaption><\/figure>\n\n\n\n<p>Fas\u2019\u0131n renkli ve hareketli \u015fehri Marake\u015f. Her renginde ayr\u0131 bir duygu temsili var. Mutluluk, h\u00fcz\u00fcn, a\u015fk\u2026hepsi ayr\u0131 bir rengi temsil ediyor adeta. Bir yandan kuzey Afrika\u2019n\u0131n s\u0131ca\u011f\u0131n\u0131n alt\u0131nda g\u00f6lge ararken di\u011fer yandan ise \u201cRiad\u2019\u2019 ad\u0131 verilen geleneksel Fas avlulu evlerinde o ferah nane \u00e7ay\u0131n\u0131 i\u00e7erek k\u0131sa s\u00fcreli co\u011frafya kavram\u0131n\u0131 kaybediyorsunuz.&nbsp;<\/p>\n\n\n\n<p>Hayat ise adeta ak\u015fam ba\u015fl\u0131yor. Jemaa el Fna Meydan\u0131\u2019na kurulan pazarlarda \u00e7e\u015fit \u00e7e\u015fit sokak yemeklerinin oldu\u011fu stantlar g\u00f6ze \u00e7arparken di\u011fer yandan y\u0131lan oynat\u0131c\u0131lar\u0131, falc\u0131lar ve dans edenler var. Buraya gece de g\u00fcnd\u00fcz de bakt\u0131\u011f\u0131n\u0131zda \u015fehrin ya\u015fayan siluetini g\u00f6r\u00fcyorsunuz. Ara sokaklar ise ge\u00e7mi\u015f ile g\u00fcn\u00fcm\u00fcz aras\u0131nda s\u0131k\u0131\u015fm\u0131\u015f halde. T\u00fcrl\u00fc t\u00fcrl\u00fc zanaatk\u00e2rlar k\u00f6\u015fe ba\u015flar\u0131ndayken sokaktan ge\u00e7en Djellaba ve kaftan giyen insanlar ise zaman t\u00fcnelinden ge\u00e7iyormu\u015f hissini yarat\u0131yor. \u015eimdi Marake\u015f gezilecek yerleri tek tek ke\u015ffedelim, bu g\u00fczel \u015fehri yak\u0131ndan tan\u0131yal\u0131m.&nbsp;<\/p>\n\n\n\n<h3 class=\"wp-block-heading\"><strong>Le Jardin Majorelle<\/strong><\/h3>\n\n\n\n<figure class=\"wp-block-image size-full is-resized\"><img loading=\"lazy\" decoding=\"async\" src=\"https:\/\/blog.turkishairlines.com\/wp-content\/uploads\/2022\/09\/majorelle-bahc\u0327esi.jpg\" alt=\"majorelle bah\u00e7esi\" class=\"wp-image-36667\" width=\"784\" height=\"523\" srcset=\"https:\/\/blog.turkishairlines.com\/wp-content\/uploads\/2022\/09\/majorelle-bahc\u0327esi.jpg 784w, https:\/\/blog.turkishairlines.com\/wp-content\/uploads\/2022\/09\/majorelle-bahc\u0327esi-300x200.jpg 300w, https:\/\/blog.turkishairlines.com\/wp-content\/uploads\/2022\/09\/majorelle-bahc\u0327esi-150x100.jpg 150w, https:\/\/blog.turkishairlines.com\/wp-content\/uploads\/2022\/09\/majorelle-bahc\u0327esi-768x512.jpg 768w, https:\/\/blog.turkishairlines.com\/wp-content\/uploads\/2022\/09\/majorelle-bahc\u0327esi-696x464.jpg 696w\" sizes=\"auto, (max-width: 784px) 100vw, 784px\" \/><figcaption class=\"wp-element-caption\">Majorelle Bah\u00e7esi<\/figcaption><\/figure>\n\n\n\n<p>Marake\u015f gezilecek yerlerin ba\u015f\u0131nda gelen Le Jardin Majorelle ya da Majorelle bah\u00e7esi\u2026 Marake\u015f mavisi olarak an\u0131msanan o muhte\u015fem kobalt mavinin, ye\u015fillerin ortas\u0131nda ve i\u00e7inde 15 farkl\u0131 ku\u015f t\u00fcr\u00fcn\u00fc bar\u0131nd\u0131ran o me\u015fhur bah\u00e7e. Her ne kadar yarat\u0131c\u0131s\u0131 Yves Saint Laurent olarak bilinse de bu do\u011fru de\u011fil. Buras\u0131 Frans\u0131z mobilyac\u0131 ve ressam&nbsp; Jacques Majorelle\u2019nin olu\u015fturdu\u011fu bir yer.&nbsp;<\/p>\n\n\n\n<p>Ressaml\u0131k kariyeri i\u00e7in geldi\u011fi Marake\u015f\u2019e adeta \u00e2\u015f\u0131k olan Majorelle, arazisini sat\u0131n alarak d\u00fcnyan\u0131n \u00e7e\u015fitli yerlerinden getirtti\u011fi \u00e7e\u015fitli bitkilerle buray\u0131 bir cennete d\u00f6n\u00fc\u015ft\u00fcr\u00fcp 1947\u2019de halka da a\u00e7\u0131yor. Ancak 1962\u2019de ge\u00e7irdi\u011fi bir trafik kazas\u0131ndan sonra Fransa\u2019ya d\u00f6nen Majorelle, vefat ediyor. Bah\u00e7esi ve miras\u0131 ise b\u00f6yle kalm\u0131yor. Yves Saint Laurent ve Pierre Berge buray\u0131 sat\u0131n alarak Majorelle\u2019nin cennetinin g\u00fcn\u00fcm\u00fcze kadar gelmesine \u00f6nc\u00fcl\u00fck ediyorlar. Hatta buran\u0131n gelirinin Fasl\u0131 \u00e7ocuklar e\u011fitimde kullan\u0131ld\u0131\u011f\u0131 da bir vak\u0131f kuruyorlar. G\u00fcn\u00fcm\u00fczde halen belli saatler i\u00e7erisinde a\u00e7\u0131k olan bah\u00e7e i\u00e7inde bir de m\u00fcze bar\u0131nd\u0131r\u0131yor.<\/p>\n\n\n\n<h3 class=\"wp-block-heading\"><strong>Jemaa El Fna Meydan\u0131 ve Kutubiye Camii<\/strong><\/h3>\n\n\n\n<p>Gecesi ve g\u00fcnd\u00fcz\u00fc bir filmin iki farkl\u0131 sahnesini and\u0131ran, \u00e2deta Marake\u015f\u2019in toplanma aln\u0131 Jemaa el &nbsp; Fna Meydan\u0131\u2019na uzaktan bakt\u0131\u011f\u0131n\u0131zda sadece renkleri g\u00f6rmeyeceksiniz, adeta duyacaks\u0131n\u0131z ve koklayacaks\u0131n\u0131z, tadacaks\u0131n\u0131z. Bir tarafta y\u0131lan oynat\u0131c\u0131lar\u0131 di\u011fer tarafta k\u0131na yapan kad\u0131nlar&#8230; Her t\u00fcrl\u00fc yemek kokusun da birbirine kar\u0131\u015ft\u0131\u011f\u0131 meydanda taze meyve suyu sat\u0131c\u0131lar\u0131 barmen edas\u0131nda size bir \u015feyler satmak i\u00e7in her yolu deniyor. Ancak dedi\u011fim gibi meydan\u0131n olmazsa olmaz silueti y\u0131lan oynat\u0131c\u0131lar\u0131. Y\u0131lanlar\u0131n\u0131 sepetten \u00e7\u0131karmak i\u00e7in otantik ezgiler \u00e7alarken meydan\u0131n o sesini haf\u0131zan\u0131za kaz\u0131yacaks\u0131n\u0131z.&nbsp;<\/p>\n\n\n\n<p>Burada uyarmam gerekir ki bir\u00e7ok \u015feyi videoya \u00e7ekerken bah\u015fi\u015fi bir zorunluluk gibi istiyorlar. Bunu bilerek telefonunun kameras\u0131n\u0131 do\u011frultman\u0131z\u0131 \u00f6neririm. Meydan\u0131n biraz ilerisinde ise bir ba\u015fka siluet Kutubiye Camisi ve me\u015fhur minaresi beliriyor. Minaresi bilinenin aksine silindir de\u011fil, kare ve ucunda hilal de\u011fil k\u00fcre var. 70 metre uzunlu\u011fundaki minaresine at ile \u00e7\u0131k\u0131labiliyor. Buradan ilham al\u0131narak yap\u0131lm\u0131\u015f Sevilla\u2019daki La Giralda ise ba\u015fka bir seyahatinizde size buray\u0131 hat\u0131rlatacak! Yani Marake\u015f\u2019te gezilecek tarihi yerler i\u00e7inde buray\u0131 mutlaka g\u00f6r\u00fcn deriz.&nbsp;<\/p>\n\n\n\n<h3 class=\"wp-block-heading\"><strong>Marake\u015f\u2019ten Sahra\u2019ya Atlas Da\u011flar\u0131<\/strong><\/h3>\n\n\n\n<p>Fas, Marake\u015f\u2019ten Sahra \u00c7\u00f6l\u00fc\u2019ne ilk ad\u0131m olan Zagora\u2019ya 6-8 saat gibi bir s\u00fcrede var\u0131yoruz. Ancak \u00f6ncesinde uzun ve bitmeyen virajlar\u0131yla me\u015fhur Atlas Da\u011flar\u0131\u2019ndan (y\u00fcksek Atlas) ge\u00e7meniz gereken bir s\u0131nav var. Fas, Cezayir ve Tunus\u2019tan ge\u00e7en Atlas da\u011flar\u0131n\u0131n en y\u00fckse noktas\u0131 ise Fas\u2019\u0131n g\u00fcney bat\u0131s\u0131nda olan Toubkal. Bu da\u011flar\u0131n olu\u015fumu en son yap\u0131lan \u00e7al\u0131\u015fmalar sonucunda milyonlarca y\u0131l \u00f6nce Amerika ve Afrika k\u0131talar\u0131 ayr\u0131lmadan \u00f6nce olu\u015ftu\u011funa inan\u0131l\u0131yor.&nbsp;<\/p>\n\n\n\n<p>Marake\u015f gezilecek yerlerin ilk \u00e7\u00f6l dura\u011f\u0131 Zagora kentine ve&nbsp;\u00e7\u00f6le gitmeden bu da\u011flardan ge\u00e7enler Ourika vadisini ve nehrini g\u00f6r\u00fcrken halen k\u00f6ylerde ya\u015fayan Bedevileri ziyaret edebilir ve el yap\u0131m\u0131 dokuma kilimlerden alarak bir nane \u00e7ay\u0131 i\u00e7erek ya da Tajin yiyerek mola verebilirsiniz. Buradan ge\u00e7erken bir\u00e7ok manzara g\u00f6recek ve foto\u011fraf molas\u0131 vermek isteyece\u011finize eminim. Bu yolculukta yol \u00fczerinde u\u011frayabilece\u011finiz belki de en iyi nokta ise say\u0131s\u0131z filme sahne olmu\u015f Ait Ben Haddou.<\/p>\n\n\n\n<h3 class=\"wp-block-heading\"><strong>Ait Bin Haddou<\/strong><\/h3>\n\n\n\n<p>Sahra \u00e7\u00f6l\u00fcne \u00e7\u0131k\u0131lan bu yolda \u015f\u00fcphesiz u\u011frayabilece\u011finiz en iyi yer olarak buray\u0131 s\u00f6ylemi\u015ftim. Buna sizin de kat\u0131laca\u011f\u0131n\u0131z\u0131 d\u00fc\u015f\u00fcn\u00fcyorum. Marake\u015f ile Sahra aras\u0131nda seyahat eden kervanlar\u0131nda u\u011frak yeriydi buras\u0131. Kil mimarisinin en g\u00fczel \u00f6rneklerinden olan k\u00f6y,1987\u2019de UNESCO D\u00fcnya miras\u0131 Listesi\u2019ne de girmi\u015f durumda. Halen i\u00e7erisinde 4 ailenin ikamet etti\u011fi k\u00f6yde aileler aktif olarak burada &nbsp; de\u011fil, kar\u015f\u0131daki daha modern binalarda oturuyorlar. Buras\u0131 ise hem film end\u00fcstrisine hem de turizme nimet olmu\u015f durumda. \u0130\u00e7erisinde daha \u00e7ok turistik e\u015fyalar, hal\u0131 ve kilimler, el yap\u0131m\u0131 tablolar\u0131n sat\u0131ld\u0131\u011f\u0131 k\u00fc\u00e7\u00fck d\u00fckk\u00e2nlar mevcut. Biz ise buraya nereden mi a\u015finay\u0131z?&nbsp;<\/p>\n\n\n\n<p>Game of&nbsp;Thrones dizisi ba\u015fta olmak \u00fczere; Gladyat\u00f6r, Kundun gibi filmlerin bir\u00e7ok sahnesi burada \u00e7ekilmi\u015fti. D\u00fckkanlar\u0131n \u00e7o\u011funda ise burada \u00e7ekilen dizi ve filmlerin listesi ile sahnelerin oldu\u011fu foto\u011fraflar as\u0131l\u0131. \u00c7ekilen ilk film ise 1954 y\u0131l\u0131nda yay\u0131nlanan \u2018\u2019Ali Baba ve K\u0131rk Haramiler\u201d. Gladyat\u00f6r filmindeki sava\u015f\u0131lan kolezyum seti ise Ouzazate\u2019de d\u00fcnyan\u0131n en b\u00fcy\u00fck film st\u00fcdyolar\u0131ndan olan Atlas st\u00fcdyolar\u0131nda halen duruyor. Buray\u0131 ziyaret etmeden bu dizi ve filmleri izlemek g\u00fczel ve unutulmaz bir hat\u0131rlatma gibi olacakt\u0131r. Fas, Marake\u015f\u2019ten yakla\u015f\u0131k 3-4 saat uzakl\u0131kta ve dilerseniz g\u00fcn\u00fcbirlik bile gidebilirsiniz.<\/p>\n\n\n\n<h3 class=\"wp-block-heading\"><strong>Zagora<\/strong><\/h3>\n\n\n\n<p>E\u011fer uzun bir vaktiniz yoksa ancak yine de Fas\u2019ta \u00e7\u00f6l deneyimi ya\u015famak istiyorsan\u0131z Marake\u015f gezilecek yerlerin i\u00e7inde yine Atlas Da\u011flar\u0131\u2019n\u0131n \u00f6tesinde ula\u015fabilece\u011finiz en makul yerlerden biri Zagora Kasabas\u0131 ve \u00e7\u00f6l\u00fc olacak. Teknik olarak \u00e7\u00f6l diyemesek de yine de kum tepelerinin oldu\u011fu bir ger\u00e7ek. Burada bedevi usul\u00fc \u00e7\u00f6l kamp\u0131nda kalabilir, Fas\u2019\u0131n di\u011fer b\u00f6lgelerine nazaran b\u00fcy\u00fck olmasa da kum tepelerine \u00e7\u0131kabilir ve deve ile seyahat edebilirsiniz.&nbsp;<\/p>\n\n\n\n<p>Genellikle ula\u015f\u0131m belli bir noktadan sonra deveyle&nbsp; ger\u00e7ekle\u015ftiriliyor. Kampa vard\u0131\u011f\u0131n\u0131zda ise bir\u00e7ok se\u00e7enek g\u00f6r\u00fcnce \u015fa\u015f\u0131rmay\u0131n. Ortak alanda ya da \u00f6zel banyolu ve \u00e7ad\u0131rda elektrik olan kamp bu deneyim i\u00e7in size konforu da beraberinde getiriyor. Buras\u0131 nispeten \u015fehre daha yak\u0131n bir yer. Kum tepeleri ise normale g\u00f6re \u00e7ok b\u00fcy\u00fck de\u011fil ve da\u011fl\u0131k, ta\u015fl\u0131k ancak yine de ara ara \u00e7\u0131k\u0131labilecek ve g\u00fcne\u015fin do\u011fu\u015funu ve bat\u0131\u015f\u0131n\u0131 izleyebilecek t\u00fcrde. Uyarmam gerekiyor ki e\u011fer hayalinizde \u00e7\u00f6l manzaras\u0131 b\u00fcy\u00fck, sonsuz alt\u0131n kumlarsa buras\u0131 sizi tatmin etmeyebilir ve hayal k\u0131r\u0131kl\u0131\u011f\u0131 yaratabilir. Ancak yine de k\u0131s\u0131tl\u0131 zaman\u0131n\u0131z varsa Fas gezinizde ideal bir se\u00e7enek olacakt\u0131r.<\/p>\n\n\n\n<hr class=\"wp-block-separator has-text-color has-alpha-channel-opacity has-background is-style-wide\" style=\"background-color:#ebebeb;color:#ebebeb\"\/>\n\n\n\n<h2 class=\"wp-block-heading\"><strong>Sahra\u2019n\u0131n sonsuz alt\u0131n kum tepeleri: Merzouga ve Erg Chebbi<\/strong><\/h2>\n\n\n\n<figure class=\"wp-block-image size-full is-resized\"><img loading=\"lazy\" decoding=\"async\" src=\"https:\/\/blog.turkishairlines.com\/wp-content\/uploads\/2022\/09\/Fas-siniri-.jpg\" alt=\"fas s\u0131n\u0131r\u0131\" class=\"wp-image-36669\" width=\"784\" height=\"523\" srcset=\"https:\/\/blog.turkishairlines.com\/wp-content\/uploads\/2022\/09\/Fas-siniri-.jpg 784w, https:\/\/blog.turkishairlines.com\/wp-content\/uploads\/2022\/09\/Fas-siniri--300x200.jpg 300w, https:\/\/blog.turkishairlines.com\/wp-content\/uploads\/2022\/09\/Fas-siniri--150x100.jpg 150w, https:\/\/blog.turkishairlines.com\/wp-content\/uploads\/2022\/09\/Fas-siniri--768x512.jpg 768w, https:\/\/blog.turkishairlines.com\/wp-content\/uploads\/2022\/09\/Fas-siniri--696x464.jpg 696w\" sizes=\"auto, (max-width: 784px) 100vw, 784px\" \/><figcaption class=\"wp-element-caption\">Fas\u2019ta bir \u00e7\u00f6l<\/figcaption><\/figure>\n\n\n\n<p>Marake\u015f gezilecek yerler listemizde ger\u00e7ek ve zorlu Sahra \u00e7\u00f6l\u00fc deneyimi ise burada ba\u015fl\u0131yor. O hayalinizdeki alt\u0131n sar\u0131s\u0131 kum tepelerinin oldu\u011fu yer tam olarak Merzouga ve Erg Chebbi \u00e7\u00f6lleri. Bu iki \u00e7\u00f6l aras\u0131 ise yaln\u0131zca 15 dk mesafe olmas\u0131na kar\u015f\u0131n Marake\u015f\u2019ten buraya gelmek en az 11 saat s\u00fcr\u00fcyor. E\u011fer dinlenme ve molalar\u0131 da plan\u0131n\u0131za katarsan\u0131z d\u00f6n\u00fc\u015f yolunuzla beraber minimum 2 hatta 3 g\u00fcn\u00fcn\u00fcz\u00fc buraya ay\u0131rman\u0131z gerekebilir.&nbsp;<\/p>\n\n\n\n<p>Buradaki kum tepeleri san\u0131lan\u0131n aksine \u00e7ok da masum de\u011fil. B\u00f6lgede bir\u00e7ok kamp alan\u0131 olmas\u0131na ra\u011fmen buraya ula\u015fmak yine belli bir noktadan sonra ATV ara\u00e7larla ya da develerle oluyor. En \u00e7ok tercih edilen se\u00e7enek ise develer oluyor. Yerel rehberlerin ise sonsuz kumlar\u0131n aras\u0131nda yollar\u0131n\u0131 kaybetmeden bulmas\u0131 halen \u015fa\u015f\u0131rt\u0131c\u0131 geliyor.<\/p>\n\n\n\n<p>Merzouga ve Erg Chebbi \u00e7\u00f6lleri Cezayir s\u0131n\u0131r\u0131na \u00e7ok yak\u0131n bir konumda. Not olarak eklemek gerekiyor&nbsp; ki e\u011fer bir ba\u015fka Sahra \u00c7\u00f6l\u00fc plan\u0131n\u0131z varsa Cezayir de pop\u00fcler destinasyonlardan birisi. Eskiden de bir\u00e7ok kervan\u0131n rotas\u0131nda olan bu yerler halen bakir. \u00c7\u00f6l\u00fcn g\u00fcnd\u00fcz g\u00fcnd\u00fcz g\u00fcne\u015fi yak\u0131c\u0131 olsa da \u015fehirden ve \u0131\u015f\u0131k kirlili\u011finden uzak so\u011fuk geceleri g\u00f6ky\u00fcz\u00fcn\u00fc izlemek ve astro foto\u011fraf\u00e7\u0131l\u0131k i\u00e7in en ideal yerlerden biri. \u00c7\u00f6lde y\u0131ld\u0131zlar alt\u0131nda bir gece ge\u00e7irmek istemez misiniz? Buras\u0131 Bucket List\u2019e girecek t\u00fcrde bir hayal i\u00e7in bi\u00e7ilmi\u015f bir kaftan ve etraf\u0131n\u0131zda da yak\u0131nlarda kamplar var. Buralara kendiniz de gelebilirsiniz ancak bir rehber e\u015fli\u011finde genelde yap\u0131lan rotalar oldu\u011funu belirtmek gerekiyor. Hem de do\u011fa hem de \u00e7\u00f6l\u00fcn farkl\u0131 hayvan t\u00fcrlerine ev sahipli\u011fi yapt\u0131\u011f\u0131n\u0131 unutmadan olas\u0131 tehlikelere kar\u015f\u0131 \u00f6nlem almak do\u011fu olacakt\u0131r.<\/p>\n\n\n\n<hr class=\"wp-block-separator has-text-color has-alpha-channel-opacity has-background is-style-wide\" style=\"background-color:#ebebeb;color:#ebebeb\"\/>\n\n\n\n<h2 class=\"wp-block-heading\"><strong>K\u0131sa k\u0131sa \u00e7\u00f6l rehberi<\/strong><\/h2>\n\n\n\n<ul class=\"wp-block-list\">\n<li>G\u00fcnd\u00fczleri \u00e7\u00f6lde eski Berberi tarz\u0131nda mavi Tagelmust ad\u0131 verilen \u015fal\u0131 kendine \u00f6zg\u00fc ba\u011flay\u0131p kum f\u0131rt\u0131nalar\u0131na kar\u015f\u0131 y\u00fcz\u00fcn\u00fc ve kulaklar\u0131n\u0131z koruman\u0131z gerekiyor<\/li>\n\n\n\n<li>Sahra \u00e7\u00f6l\u00fc ile \u00f6zde\u015flemi\u015f bu \u015fal\u0131 yak\u0131nlarda bir\u00e7ok yerden farkl\u0131 kalitede temin edebilirsiniz ya da ayn\u0131 i\u015flevi g\u00f6recek \u015fal\u0131n\u0131z\u0131 getirebilirsiniz. En \u00f6nemli fakt\u00f6r ise uzun bir \u015fal olmas\u0131d\u0131r.<\/li>\n\n\n\n<li>G\u00f6lgenin kamplar harici nadir oldu\u011fu ve g\u00fcne\u015f \u0131\u015f\u0131nlar\u0131n\u0131n dik olarak d\u00fc\u015ft\u00fc\u011f\u00fc yerdesiniz. Olas\u0131 g\u00fcne\u015f yan\u0131klar\u0131na kar\u015f\u0131 g\u00fcne\u015f kremiyle \u00f6nlemenizi almay\u0131 unutmay\u0131n.<\/li>\n\n\n\n<li>Uzun kollu, a\u00e7\u0131k renkte ve rahat ince giysiler<\/li>\n\n\n\n<li>Sandalet<\/li>\n\n\n\n<li>G\u00fcne\u015f G\u00f6zl\u00fc\u011f\u00fc<\/li>\n\n\n\n<li>\u00c7\u00f6l gecelerinin r\u00fczg\u00e2rl\u0131 so\u011fu\u011fu bir mit de\u011fil, ger\u00e7ek. Buras\u0131 i\u00e7in nispeten sizi gece s\u0131cak tutacak k\u0131yafetlerinizi de valizine ekleyin.<\/li>\n\n\n\n<li>\u00d6zellikle atlas da\u011flar\u0131n\u0131 ge\u00e7ti\u011finde bitmeyen virajlardan midenizin bulanmas\u0131 olas\u0131. Bu nedenle yan\u0131n\u0131zda bulant\u0131 hap\u0131 bulundurmay\u0131 unutmay\u0131n.<\/li>\n<\/ul>\n\n\n\n<hr class=\"wp-block-separator has-text-color has-alpha-channel-opacity has-background is-style-wide\" style=\"background-color:#ebebeb;color:#ebebeb\"\/>\n\n\n\n<h2 class=\"wp-block-heading\"><strong>Planlama<\/strong><\/h2>\n\n\n\n<figure class=\"wp-block-image size-full is-resized\"><img loading=\"lazy\" decoding=\"async\" src=\"https:\/\/blog.turkishairlines.com\/wp-content\/uploads\/2022\/09\/Marakes\u0327-otelleri.jpg\" alt=\"marake\u015f otelleri\" class=\"wp-image-36671\" width=\"784\" height=\"523\" srcset=\"https:\/\/blog.turkishairlines.com\/wp-content\/uploads\/2022\/09\/Marakes\u0327-otelleri.jpg 784w, https:\/\/blog.turkishairlines.com\/wp-content\/uploads\/2022\/09\/Marakes\u0327-otelleri-300x200.jpg 300w, https:\/\/blog.turkishairlines.com\/wp-content\/uploads\/2022\/09\/Marakes\u0327-otelleri-150x100.jpg 150w, https:\/\/blog.turkishairlines.com\/wp-content\/uploads\/2022\/09\/Marakes\u0327-otelleri-768x512.jpg 768w, https:\/\/blog.turkishairlines.com\/wp-content\/uploads\/2022\/09\/Marakes\u0327-otelleri-696x464.jpg 696w\" sizes=\"auto, (max-width: 784px) 100vw, 784px\" \/><figcaption class=\"wp-element-caption\">Marake\u015f\u2019te bir otel<\/figcaption><\/figure>\n\n\n\n<p>Bu macera dolu gezinin ba\u015f\u0131nda bahsetti\u011fimiz Fas\u2019\u0131n Marake\u015f \u015fehrinin Manera Havaliman\u0131\u2019na T\u00fcrk Hava Yollar\u0131\u2019n\u0131n tarifeli seferiyle ortalama 5 saatlik bir u\u00e7u\u015fla ula\u015fabilirsiniz. Sonras\u0131nda ise bahsetti\u011fim \u015fehirlere ve \u00e7\u00f6le i\u00e7in g\u00fcnlerinizi planlaman\u0131z\u0131 \u00f6neririm.<\/p>\n\n\n\n<ul class=\"wp-block-list\">\n<li>Marake\u015f \u015fehri i\u00e7in 1 ya da 1 g\u00fcn<\/li>\n\n\n\n<li>Zagora i\u00e7in 1 gece<\/li>\n\n\n\n<li>Ait Bin Haddou ve Varzazat i\u00e7in 1 g\u00fcn veya g\u00fcn\u00fcbirlik<\/li>\n\n\n\n<li>Merzouga ve Erg Chebbi \u00e7\u00f6lleri i\u00e7in 2 gece<\/li>\n<\/ul>\n\n\n\n<p>Seyahatinizi planlamadan \u00f6nce bu co\u011frafyada nas\u0131l bir t\u00fcrde vakit ge\u00e7irmek istedi\u011finiz \u00e7ok \u00e7ok \u00f6nemli bir nokta. Daha otantik ve renkli bir gezi i\u00e7in Fas, Marake\u015f \u015fehrinde vakit ge\u00e7irmek yeterli olacakken daha uzun ve macera dolu bir gezi i\u00e7in Sahra \u00c7\u00f6l\u00fc ve bahsetti\u011fim destinasyonlar\u0131 eklemeniz tercihinize kalm\u0131\u015f durumda. Belirtti\u011fim Atlas Da\u011flar\u0131\u2019ndan ge\u00e7erken ve \u00e7\u00f6l\u00fcn belli k\u0131s\u0131mlar\u0131n\u0131 deve ile ge\u00e7ti\u011finizi g\u00f6z \u00f6n\u00fcnde bulundurarak olas\u0131 bir aksili\u011fe kar\u015f\u0131 planlama yapman\u0131z do\u011fru olacakt\u0131r.<\/p>\n\n\n\n<h3 class=\"wp-block-heading\"><strong>Fas\u2019\u0131n geleneksel avlulu evi: Riad<\/strong><\/h3>\n\n\n\n<p>\u2018\u2019Marake\u015f\u2019te nerede kalmal\u0131?\u201d sorusundan daha \u00f6nemlisi \u2018\u2019Nas\u0131l bir Riad\u2019da kalmal\u0131?\u201d olacakt\u0131r. Klasik Fas siluetlerinde Riad evlerinin yeri doldurulamaz. Fas-End\u00fcl\u00fcs tarz\u0131 avlulu bah\u00e7e ya da avlu olarak bilinse&nbsp; &nbsp; de ortak alanlar\u0131yla insanlar\u0131n sosyalle\u015fti\u011fi, genellikle a\u00e7\u0131k bir teras\u0131 olan ve avlunun ortas\u0131nda havuz ya da f\u0131skiyeli verandas\u0131 olan evler olarak tan\u0131mlayabiliriz. K\u00f6keni o kadar eskiye dayan\u0131yor ki Grenada\u2019daki El Hamra Saray\u0131\u2019nda da bu tarz\u0131 g\u00f6rebilirsiniz. Son zamanlarda Fas\u2019\u0131n turizmine katk\u0131 sa\u011flamak amac\u0131yla bir\u00e7ok eski Riad restore edilip otel olarak kullan\u0131lmaya ba\u015fland\u0131.<\/p>\n\n\n\n<p>Marake\u015f ve Fes \u015fehirleri ise adeta Riad\u2019lar\u0131n merkezi olmu\u015f durumda. Marake\u015f gezinizde otelde kalmak yerine Riad\u2019 da konaklayarak Fas tarz\u0131 gezinize otantik bir hava katabilirsiniz.<\/p>\n\n\n\n<p><em>Keyifli bir seyahat dileriz!<\/em><\/p>\n","protected":false},"excerpt":{"rendered":"<p>Marake\u015f\u2019e dair birka\u00e7 not Tarih\u00e7esi her ne kadar Avrupa\u2019ya yak\u0131nl\u0131\u011f\u0131ndan dolay\u0131 hep ge\u00e7i\u015f hik\u00e2yeleriyle dolu olsa da Fas Marake\u015f\u2019in bir\u00e7ok tan\u0131d\u0131k manzaras\u0131n\u0131 pop\u00fcler k\u00fclt\u00fcrde isim yapm\u0131\u015f filmlerin sahnelerinde g\u00f6rd\u00fck. Berberiler halen Atlas da\u011flar\u0131n\u0131n eteklerinde kimliklerini s\u00fcrd\u00fcr\u00fcrken, Cebelitar\u0131k \u00f6tesinde bamba\u015fka hayatlar\u0131n ya\u015fand\u0131\u011f\u0131 bu \u00fclkeyi, Paolo Coelho\u2019nun \u2018\u2019Simyac\u0131\u2019\u2019 kitab\u0131ndaki tasvirleriyle daha da yak\u0131ndan tan\u0131d\u0131k.&nbsp; Sahra\u2019ya kadar uzanan [&hellip;]<\/p>\n","protected":false},"author":80,"featured_media":36673,"comment_status":"closed","ping_status":"closed","sticky":false,"template":"","format":"standard","meta":{"footnotes":""},"categories":[496,541,506,495],"tags":[],"class_list":{"0":"post-36662","1":"post","2":"type-post","3":"status-publish","4":"format-standard","5":"has-post-thumbnail","7":"category-afrika","8":"category-ailemizden","9":"category-marakes-gezi-rehberi","10":"category-yerler"},"_links":{"self":[{"href":"https:\/\/blog.turkishairlines.com\/tr\/wp-json\/wp\/v2\/posts\/36662","targetHints":{"allow":["GET"]}}],"collection":[{"href":"https:\/\/blog.turkishairlines.com\/tr\/wp-json\/wp\/v2\/posts"}],"about":[{"href":"https:\/\/blog.turkishairlines.com\/tr\/wp-json\/wp\/v2\/types\/post"}],"author":[{"embeddable":true,"href":"https:\/\/blog.turkishairlines.com\/tr\/wp-json\/wp\/v2\/users\/80"}],"replies":[{"embeddable":true,"href":"https:\/\/blog.turkishairlines.com\/tr\/wp-json\/wp\/v2\/comments?post=36662"}],"version-history":[{"count":1,"href":"https:\/\/blog.turkishairlines.com\/tr\/wp-json\/wp\/v2\/posts\/36662\/revisions"}],"predecessor-version":[{"id":39504,"href":"https:\/\/blog.turkishairlines.com\/tr\/wp-json\/wp\/v2\/posts\/36662\/revisions\/39504"}],"wp:featuredmedia":[{"embeddable":true,"href":"https:\/\/blog.turkishairlines.com\/tr\/wp-json\/wp\/v2\/media\/36673"}],"wp:attachment":[{"href":"https:\/\/blog.turkishairlines.com\/tr\/wp-json\/wp\/v2\/media?parent=36662"}],"wp:term":[{"taxonomy":"category","embeddable":true,"href":"https:\/\/blog.turkishairlines.com\/tr\/wp-json\/wp\/v2\/categories?post=36662"},{"taxonomy":"post_tag","embeddable":true,"href":"https:\/\/blog.turkishairlines.com\/tr\/wp-json\/wp\/v2\/tags?post=36662"}],"curies":[{"name":"wp","href":"https:\/\/api.w.org\/{rel}","templated":true}]}}