{"id":38945,"date":"2023-04-10T10:26:09","date_gmt":"2023-04-10T07:26:09","guid":{"rendered":"https:\/\/blog.turkishairlines.com\/?p=38945"},"modified":"2023-04-24T13:32:10","modified_gmt":"2023-04-24T10:32:10","slug":"1-sehir-3-gun-belgrad","status":"publish","type":"post","link":"https:\/\/blog.turkishairlines.com\/tr\/1-sehir-3-gun-belgrad\/","title":{"rendered":"1 \u015fehir 3 g\u00fcn: Belgrad"},"content":{"rendered":"\n<hr class=\"wp-block-separator has-text-color has-alpha-channel-opacity has-background is-style-wide\" style=\"background-color:#ebebeb;color:#ebebeb\"\/>\n\n\n\n<h2 class=\"wp-block-heading\"><strong>Ba\u015fl\u0131yoruz: Belgrad\u2019\u0131n tarihi<\/strong><\/h2>\n\n\n\n<figure class=\"wp-block-image size-full is-resized\"><img loading=\"lazy\" decoding=\"async\" src=\"https:\/\/blog.turkishairlines.com\/wp-content\/uploads\/2023\/04\/belgrad-tarihi.jpg\" alt=\"Belgrad eski \u015fehir\" class=\"wp-image-38946\" width=\"784\" height=\"523\" srcset=\"https:\/\/blog.turkishairlines.com\/wp-content\/uploads\/2023\/04\/belgrad-tarihi.jpg 784w, https:\/\/blog.turkishairlines.com\/wp-content\/uploads\/2023\/04\/belgrad-tarihi-300x200.jpg 300w, https:\/\/blog.turkishairlines.com\/wp-content\/uploads\/2023\/04\/belgrad-tarihi-150x100.jpg 150w, https:\/\/blog.turkishairlines.com\/wp-content\/uploads\/2023\/04\/belgrad-tarihi-768x512.jpg 768w, https:\/\/blog.turkishairlines.com\/wp-content\/uploads\/2023\/04\/belgrad-tarihi-696x464.jpg 696w\" sizes=\"auto, (max-width: 784px) 100vw, 784px\" \/><figcaption>Stari Grad (Eski \u015eehir), Belgrad.<\/figcaption><\/figure>\n\n\n\n<p>Bu kenti ad\u0131m ad\u0131m ke\u015ffetmeden \u00f6nce Belgrad tarihinden k\u0131saca s\u00f6z etmek istiyoruz. \u00c7ok eski d\u00f6nemlerden beri \u00f6nemli bir yerle\u015fim olan Belgrad, Tuna ve Sava nehirlerinin kesi\u015fim noktas\u0131nda bulunuyor. Ya\u015fam\u0131n Neolitik d\u00f6neme dayand\u0131\u011f\u0131 Belgrad, Kelt kabileleri ba\u015fta olmak \u00fczere farkl\u0131 kabilelerin g\u00f6\u00e7 etti\u011fi bir yer olmas\u0131ndan farkl\u0131 bir etnik yap\u0131 haline geliyor.&nbsp;<\/p>\n\n\n\n<p>Bir\u00e7ok kez ku\u015fat\u0131lan \u015fehir, 1521\u2019de Osmanl\u0131 \u0130mparatorlu\u011fu taraf\u0131ndan fethedildikten sonra k\u00fclt\u00fcrel a\u00e7\u0131dan do\u011fu ile bat\u0131n\u0131n bulu\u015fma noktas\u0131 haline geldi. Uzun y\u0131llar Osmanl\u0131 egemenli\u011finde kalan Belgrad, sonraki zamanlarda s\u0131ras\u0131yla Avusturya Macaristan \u0130mparatorlu\u011fu ve Yugoslavya Krall\u0131\u011f\u0131\u2019n\u0131n bir par\u00e7as\u0131 olarak varl\u0131\u011f\u0131n\u0131 s\u00fcrd\u00fcr\u00fcyor. Tarihi boyunca pek \u00e7ok sava\u015fa \u015fahitlik eden \u015fehir, \u015fu anda S\u0131rbistan devletinin ba\u015fkenti.&nbsp;<\/p>\n\n\n\n<hr class=\"wp-block-separator has-text-color has-alpha-channel-opacity has-background is-style-wide\" style=\"background-color:#ebebeb;color:#ebebeb\"\/>\n\n\n\n<h2 class=\"wp-block-heading\"><strong>Belgrad\u2019da gezilecek yerler<\/strong><\/h2>\n\n\n\n<figure class=\"wp-block-image size-full is-resized\"><img loading=\"lazy\" decoding=\"async\" src=\"https:\/\/blog.turkishairlines.com\/wp-content\/uploads\/2023\/04\/belgrad-gezilecek-yerler.jpg\" alt=\"Belgrad\" class=\"wp-image-38948\" width=\"784\" height=\"523\" srcset=\"https:\/\/blog.turkishairlines.com\/wp-content\/uploads\/2023\/04\/belgrad-gezilecek-yerler.jpg 784w, https:\/\/blog.turkishairlines.com\/wp-content\/uploads\/2023\/04\/belgrad-gezilecek-yerler-300x200.jpg 300w, https:\/\/blog.turkishairlines.com\/wp-content\/uploads\/2023\/04\/belgrad-gezilecek-yerler-150x100.jpg 150w, https:\/\/blog.turkishairlines.com\/wp-content\/uploads\/2023\/04\/belgrad-gezilecek-yerler-768x512.jpg 768w, https:\/\/blog.turkishairlines.com\/wp-content\/uploads\/2023\/04\/belgrad-gezilecek-yerler-696x464.jpg 696w\" sizes=\"auto, (max-width: 784px) 100vw, 784px\" \/><figcaption>Kalemegdan, Belgrad.<\/figcaption><\/figure>\n\n\n\n<p>Belgrad gezilecek yerler listesiyle bu g\u00f6z al\u0131c\u0131 kenti ke\u015ffetmeye ba\u015fl\u0131yoruz. Osmanl\u0131 etkisinin pek \u00e7ok alanda a\u00e7\u0131k\u00e7a hissedildi\u011fi \u015fehirde, bol bol ke\u015fif yap\u0131p yeni \u015feyler \u00f6\u011frenirken bir yandan da hem Avrupa hem Balkanlar ruhunu yans\u0131tan bu \u015fehirde olman\u0131n tad\u0131n\u0131 \u00e7\u0131karacaks\u0131n\u0131z.&nbsp;<\/p>\n\n\n\n<h3 class=\"wp-block-heading\"><strong>Kalemegdan<\/strong><\/h3>\n\n\n\n<figure class=\"wp-block-image size-full is-resized\"><img loading=\"lazy\" decoding=\"async\" src=\"https:\/\/blog.turkishairlines.com\/wp-content\/uploads\/2023\/04\/kalemegdan-belgrad.jpg\" alt=\"Kalemegdan\" class=\"wp-image-38950\" width=\"785\" height=\"524\" srcset=\"https:\/\/blog.turkishairlines.com\/wp-content\/uploads\/2023\/04\/kalemegdan-belgrad.jpg 784w, https:\/\/blog.turkishairlines.com\/wp-content\/uploads\/2023\/04\/kalemegdan-belgrad-300x200.jpg 300w, https:\/\/blog.turkishairlines.com\/wp-content\/uploads\/2023\/04\/kalemegdan-belgrad-150x100.jpg 150w, https:\/\/blog.turkishairlines.com\/wp-content\/uploads\/2023\/04\/kalemegdan-belgrad-768x512.jpg 768w, https:\/\/blog.turkishairlines.com\/wp-content\/uploads\/2023\/04\/kalemegdan-belgrad-696x464.jpg 696w\" sizes=\"auto, (max-width: 785px) 100vw, 785px\" \/><figcaption>Kalemegdan, Belgrad.<\/figcaption><\/figure>\n\n\n\n<p>Belgrad gezilecek yerlere elbette \u015fehrin en \u00e7ok turist \u00e7eken noktalar\u0131ndan biriyle ba\u015fl\u0131yoruz. Belgrad\u2019a gelir gelmez ilk rotam\u0131z Kalemegdan! Belgrad\u2019\u0131n \u201cEski \u015eehir\u201d b\u00f6lgesinde bulunan Kalemegdan; \u015fehrin en b\u00fcy\u00fck park\u0131na, Belgrad Kalesi\u2019ne ve e\u015fsiz bir manzaraya sahip. Buraya geldi\u011finizde Belgrad Kalesi\u2019nden Tuna ve Sava nehirlerinin birle\u015fim noktas\u0131n\u0131 izleyebilir, yemye\u015fil Kalemegdan Park\u0131\u2019nda \u015fehrin yerlisi gibi vakit ge\u00e7irebilirsiniz.&nbsp;<\/p>\n\n\n\n<p>T\u00fcrk\u00e7e \u201ckale meydan\u0131\u201d isminden gelen Kalemegdan\u2019da ayr\u0131ca Askeri M\u00fcze\u2019yi, Saat Kulesi\u2019ni ve Do\u011fa Tarih M\u00fczesi\u2019ni ziyaret edebilirsiniz.&nbsp;<\/p>\n\n\n\n<h3 class=\"wp-block-heading\"><strong>Nikola Tesla M\u00fczesi<\/strong><\/h3>\n\n\n\n<p>Belgrad gezilecek yerler listesine mutlaka ekleyece\u011finiz duraklardan biri ise Nikola Tesla M\u00fczesi! Alternatif ak\u0131m\u0131n mucidi S\u0131rp as\u0131ll\u0131 Nikola Tesla ad\u0131na a\u00e7\u0131lan m\u00fczede, Tesla\u2019n\u0131n yapt\u0131\u011f\u0131 deneyleri ve icatlar\u0131n\u0131 g\u00f6rme \u015fans\u0131 yakalayabilirsiniz. Haftan\u0131n her g\u00fcn\u00fc a\u00e7\u0131k olan m\u00fczeyi diledi\u011finiz zaman ziyaret etme \u015fans\u0131n\u0131z var. Bilime \u00f6zel bir merak\u0131n\u0131z varsa bu m\u00fczeyi mutlaka g\u00f6rmenizi \u00f6neriyoruz.&nbsp;<\/p>\n\n\n\n<h3 class=\"wp-block-heading\"><strong>Knez Mihailova<\/strong><\/h3>\n\n\n\n<figure class=\"wp-block-image size-full is-resized\"><img loading=\"lazy\" decoding=\"async\" src=\"https:\/\/blog.turkishairlines.com\/wp-content\/uploads\/2023\/04\/knez-mihailova-caddesi.jpg\" alt=\"Knez Mihailova\" class=\"wp-image-38952\" width=\"784\" height=\"523\" srcset=\"https:\/\/blog.turkishairlines.com\/wp-content\/uploads\/2023\/04\/knez-mihailova-caddesi.jpg 784w, https:\/\/blog.turkishairlines.com\/wp-content\/uploads\/2023\/04\/knez-mihailova-caddesi-300x200.jpg 300w, https:\/\/blog.turkishairlines.com\/wp-content\/uploads\/2023\/04\/knez-mihailova-caddesi-150x100.jpg 150w, https:\/\/blog.turkishairlines.com\/wp-content\/uploads\/2023\/04\/knez-mihailova-caddesi-768x512.jpg 768w, https:\/\/blog.turkishairlines.com\/wp-content\/uploads\/2023\/04\/knez-mihailova-caddesi-696x464.jpg 696w\" sizes=\"auto, (max-width: 784px) 100vw, 784px\" \/><figcaption>Knez Mihailova, Belgrad.<\/figcaption><\/figure>\n\n\n\n<p>S\u0131ra geldi Belgrad\u2019\u0131n en kalabal\u0131k ve en \u00fcnl\u00fc caddesine! Knez Mihailova, Belgrad\u2019a gelen herkesin yolunun d\u00fc\u015ft\u00fc\u011f\u00fc \u00e7e\u015fit \u00e7e\u015fit ma\u011faza ve restoranlarla \u00e7evrili rengarenk bir cadde. Belgrad\u2019\u0131n en me\u015fhur caddesi Knez Mihailova\u2019da d\u00fcnyaca \u00fcnl\u00fc markalar\u0131n ma\u011fazalar\u0131nda al\u0131\u015fveri\u015f yapabilir ve birbirinden sevimli kahve d\u00fckkanlar\u0131nda ufak molalar verebilirsiniz. Ayr\u0131ca bu cadde \u00fczerinde bulunan \u00e7e\u015fme, yorulup su i\u00e7mek isteyenler i\u00e7in de ho\u015f bir alternatif.&nbsp;<\/p>\n\n\n\n<h3 class=\"wp-block-heading\"><strong>Cumhuriyet Meydan\u0131<\/strong><\/h3>\n\n\n\n<p>Belgrad gezilecek yerleri ke\u015ffederken bir sonraki dura\u011f\u0131m\u0131z da Cumhuriyet Meydan\u0131. Knez Mihailova\u2019n\u0131n sonunda yer alan meydan, bir nevi Belgradl\u0131lar\u0131n bulu\u015fma noktas\u0131. Ortas\u0131nda bir an\u0131t bulunan Cumhuriyet Meydan\u0131\u2019nda \u015fehir Osmanl\u0131 egemenli\u011findeyken \u0130stanbul Kap\u0131s\u0131 ad\u0131 verilen bir kap\u0131 bulunuyormu\u015f. Osmanl\u0131\u2019n\u0131n Belgrad\u2019dan \u00e7ekilmesiyle bu kap\u0131 y\u0131k\u0131lm\u0131\u015f. \u015eu anda Cumhuriyet Meydan\u0131\u2019nda ulusal m\u00fcze ve tiyatro bulunuyor.&nbsp;<\/p>\n\n\n\n<h3 class=\"wp-block-heading\"><strong>Ta\u015f Meydan<\/strong><\/h3>\n\n\n\n<p>Belgrad seyahatiniz s\u0131ras\u0131nda ziyaret etmeniz gereken bir di\u011fer nokta ise Ta\u015f Meydan.\u00a0 Belgrad tarihi yerlere ismini yazd\u0131ran Ta\u015f Meydan, Osmanl\u0131 d\u00f6neminde \u015fehirdeki ta\u015f ocaklar\u0131n\u0131n burada yer almas\u0131ndan dolay\u0131 bu ada sahip. G\u00fcn\u00fcm\u00fczde ise meydanda televizyon kulesi, \u00e7ocuk parklar\u0131, kilise ve spor merkezi bulunuyor.\u00a0<\/p>\n\n\n\n<h3 class=\"wp-block-heading\"><strong>Zemun<\/strong><\/h3>\n\n\n\n<figure class=\"wp-block-image size-full is-resized\"><img loading=\"lazy\" decoding=\"async\" src=\"https:\/\/blog.turkishairlines.com\/wp-content\/uploads\/2023\/04\/zemun-belgrad.jpg\" alt=\"Zemun b\u00f6lgesi\" class=\"wp-image-38954\" width=\"784\" height=\"523\" srcset=\"https:\/\/blog.turkishairlines.com\/wp-content\/uploads\/2023\/04\/zemun-belgrad.jpg 784w, https:\/\/blog.turkishairlines.com\/wp-content\/uploads\/2023\/04\/zemun-belgrad-300x200.jpg 300w, https:\/\/blog.turkishairlines.com\/wp-content\/uploads\/2023\/04\/zemun-belgrad-150x100.jpg 150w, https:\/\/blog.turkishairlines.com\/wp-content\/uploads\/2023\/04\/zemun-belgrad-768x512.jpg 768w, https:\/\/blog.turkishairlines.com\/wp-content\/uploads\/2023\/04\/zemun-belgrad-696x464.jpg 696w\" sizes=\"auto, (max-width: 784px) 100vw, 784px\" \/><figcaption>Tuna Nehri k\u0131y\u0131s\u0131, Zemun. <\/figcaption><\/figure>\n\n\n\n<p>\u015eehrin kar\u015f\u0131 k\u0131y\u0131s\u0131 olarak da bilinen Zemun, olduk\u00e7a tarihi bir b\u00f6lge olarak Belgrad gezilecek yerlerin ba\u015f\u0131nda geliyor. Ye\u015fil dokusu ve tarih kokan sokaklar\u0131yla gittik\u00e7e pop\u00fcler bir b\u00f6lge haline gelen Zemun, zaman\u0131nda Osmanl\u0131 ve Avusturya-Macaristan \u0130mparatorlu\u011fu aras\u0131ndaki s\u0131n\u0131r kasabas\u0131 olarak da biliniyor.&nbsp;<\/p>\n\n\n\n<p>Belgrad \u015fehir merkezine g\u00f6re olduk\u00e7a sakin ve huzur verici bir b\u00f6lge Zemun\u2019da nehir kenar\u0131nda uzun y\u00fcr\u00fcy\u00fc\u015flere \u00e7\u0131karak kentin bamba\u015fka bir y\u00fcz\u00fcn\u00fc ke\u015ffedebilirsiniz. Orta \u00c7a\u011f hissini veren Zemun; dar sokaklar\u0131, \u015firin ta\u015ftan evleri ve \u00f6zellikle yaz aylar\u0131nda canlanan e\u011flence mek\u00e2nlar\u0131yla ke\u015ffedilmeyi bekleyen harika bir b\u00f6lge!<\/p>\n\n\n\n<h3 class=\"wp-block-heading\"><strong>Aziz Sava Katedrali<\/strong><\/h3>\n\n\n\n<p>Belgrad \u015fehir merkezinde yer alan ve t\u00fcm ihti\u015fam\u0131yla farkl\u0131 noktalardan g\u00f6r\u00fclebilen Aziz Sava Katedrali, S\u0131rbistan\u2019\u0131n en b\u00fcy\u00fck ibadethanesi. Mimarisi ve g\u00f6rkemiyle pek \u00e7ok ziyaret\u00e7i a\u011f\u0131rlayan Aziz Sava Katedrali, olduk\u00e7a uzun s\u00fcrede in\u015fa ediliyor. Varl\u0131\u011f\u0131 \u00e7ok eski zamanlara dayanan katedralin in\u015faat\u0131na 1894 y\u0131l\u0131nda tekrar ba\u015flan\u0131yor ancak \u0130kinci D\u00fcnya Sava\u015f\u0131 s\u0131ras\u0131nda ara veriliyor.&nbsp;<\/p>\n\n\n\n<p>Katedral, \u015fu anda ziyarete ve ibadete a\u00e7\u0131k durumda. Belgrad\u2019a gitti\u011finizde buray\u0131 ziyaret etmeyi unutmay\u0131n! Zira Ayasofya&#8217;ya benzeyen d\u0131\u015f mimarisi ve son derece ihti\u015faml\u0131 i\u00e7 mimarisi eminiz ki sizi fazlas\u0131yla etkileyecek.&nbsp;<\/p>\n\n\n\n<h3 class=\"wp-block-heading\"><strong>Skadarlija Caddesi<\/strong><\/h3>\n\n\n\n<figure class=\"wp-block-image size-full is-resized\"><img loading=\"lazy\" decoding=\"async\" src=\"https:\/\/blog.turkishairlines.com\/wp-content\/uploads\/2023\/04\/skadarlija-caddesi-belgrad.jpg\" alt=\"Skadarlija Caddesi\" class=\"wp-image-38956\" width=\"784\" height=\"523\" srcset=\"https:\/\/blog.turkishairlines.com\/wp-content\/uploads\/2023\/04\/skadarlija-caddesi-belgrad.jpg 784w, https:\/\/blog.turkishairlines.com\/wp-content\/uploads\/2023\/04\/skadarlija-caddesi-belgrad-300x200.jpg 300w, https:\/\/blog.turkishairlines.com\/wp-content\/uploads\/2023\/04\/skadarlija-caddesi-belgrad-150x100.jpg 150w, https:\/\/blog.turkishairlines.com\/wp-content\/uploads\/2023\/04\/skadarlija-caddesi-belgrad-768x512.jpg 768w, https:\/\/blog.turkishairlines.com\/wp-content\/uploads\/2023\/04\/skadarlija-caddesi-belgrad-696x464.jpg 696w\" sizes=\"auto, (max-width: 784px) 100vw, 784px\" \/><figcaption>Skadarlija Caddesi, Belgrad.<\/figcaption><\/figure>\n\n\n\n<p>Gitti\u011fi \u015fehri lokal gibi ke\u015ffetmeyi sevenler i\u00e7in Belgrad gezilecek yerler listemize bir mahalleyi daha ald\u0131k. Sanat galerilerinin, sinemalar\u0131n, tiyatrolar\u0131n ve birbirinden g\u00fczel restoranlar\u0131n konumland\u0131\u011f\u0131 bu cadde, Belgrad\u2019\u0131n en bohem yeri olarak biliniyor. Sanat\u0131n sokaklara ta\u015f\u0131nd\u0131\u011f\u0131 bu caddede turlarken sadece yaya trafi\u011fine a\u00e7\u0131k olan paket ta\u015fl\u0131 yollarda ilerleyip nefis yemekler yiyebilirsiniz! Geleneksel S\u0131rp m\u00fczi\u011fini ve k\u00fclt\u00fcr\u00fcn\u00fc yak\u0131ndan g\u00f6zlemlemek istiyorsan\u0131z bu canl\u0131 ve dinamik caddeye mutlaka u\u011fray\u0131n deriz.&nbsp;&nbsp;<\/p>\n\n\n\n<h3 class=\"wp-block-heading\"><strong>Sava Mahallesi (Savamala)<\/strong><\/h3>\n\n\n\n<p>Belgrad\u2019\u0131n dokusu ve mimarisiyle dikkat \u00e7eken noktalar\u0131ndan biri de Sava Mahallesi. Sava Nehri k\u0131y\u0131s\u0131nda bulunan mahalle, restoranlar\u0131yla olduk\u00e7a me\u015fhur.&nbsp;<\/p>\n\n\n\n<p>T\u00fcm bunlar\u0131n yan\u0131nda sanat\u00e7\u0131lar\u0131n ve gen\u00e7lerin u\u011frak noktas\u0131 olan Sava Mahallesi, son y\u0131llarda ciddi bir yo\u011funluk ya\u015f\u0131yor. Turistik ziyaretleriniz s\u0131ras\u0131nda da kreatif ruhun h\u00e2kim oldu\u011fu bu mahallede vakit ge\u00e7irilebilir, alternatif bir Belgrad ile tan\u0131\u015fma f\u0131rsat\u0131 yakalayabilirsiniz.<\/p>\n\n\n\n<hr class=\"wp-block-separator has-text-color has-alpha-channel-opacity has-background is-style-wide\" style=\"background-color:#ebebeb;color:#ebebeb\"\/>\n\n\n\n<h2 class=\"wp-block-heading\"><strong>Belgrad\u2019da ne yenir?<\/strong><\/h2>\n\n\n\n<figure class=\"wp-block-image size-full is-resized\"><img loading=\"lazy\" decoding=\"async\" src=\"https:\/\/blog.turkishairlines.com\/wp-content\/uploads\/2023\/04\/cevapcici-belgrad-yemekleri.jpg\" alt=\"Cevapcici\" class=\"wp-image-38958\" width=\"784\" height=\"523\" srcset=\"https:\/\/blog.turkishairlines.com\/wp-content\/uploads\/2023\/04\/cevapcici-belgrad-yemekleri.jpg 784w, https:\/\/blog.turkishairlines.com\/wp-content\/uploads\/2023\/04\/cevapcici-belgrad-yemekleri-300x200.jpg 300w, https:\/\/blog.turkishairlines.com\/wp-content\/uploads\/2023\/04\/cevapcici-belgrad-yemekleri-150x100.jpg 150w, https:\/\/blog.turkishairlines.com\/wp-content\/uploads\/2023\/04\/cevapcici-belgrad-yemekleri-768x512.jpg 768w, https:\/\/blog.turkishairlines.com\/wp-content\/uploads\/2023\/04\/cevapcici-belgrad-yemekleri-696x464.jpg 696w\" sizes=\"auto, (max-width: 784px) 100vw, 784px\" \/><figcaption>Cevapcici kebab\u0131. <\/figcaption><\/figure>\n\n\n\n<p>Belgrad, gezilecek yerler a\u00e7\u0131s\u0131ndan \u00e7ok zengin bir kent. Dolay\u0131s\u0131yla biz de tamam\u0131 olmasa bile mutlaka g\u00f6rmeniz gereken belli ba\u015fl\u0131 noktalar\u0131 ele ald\u0131k. S\u0131ralad\u0131\u011f\u0131m\u0131z lezzetler, k\u0131s\u0131tl\u0131 s\u00fcreyle \u015fehirde bulunanlar\u0131n vaktini alacakt\u0131r. Tabii bu kadar gezip g\u00f6rd\u00fckten sonra lezzetli yemekler tatmak da \u015fart! \u015eansl\u0131s\u0131n\u0131z ki Belgrad mutfa\u011f\u0131 fazlas\u0131yla c\u00f6mert. Bu \u015fehirde kesinlikle damak tad\u0131n\u0131za hitap eden lezzetler bulabilirsiniz. Akdeniz, Orta Avrupa ve Osmanl\u0131 mutfa\u011f\u0131n\u0131n sentezi olan S\u0131rbistan mutfa\u011f\u0131ndan bir kesit sunan Belgrad\u2019da ne yap\u0131p ne edip tatman\u0131z gereken yemekler ise \u015funlar:&nbsp;<\/p>\n\n\n\n<ul class=\"wp-block-list\"><li>Cevapcici (Kaymakla servis edilen k\u00f6fte)<\/li><li>S\u0131rp salatas\u0131<\/li><li>\u015einitzel<\/li><li>Ustipci (Hamur k\u0131zartmas\u0131)<\/li><li>Burek (B\u00f6rek)<\/li><li>Kajmak (Kaymak)<\/li><li>Bal\u0131k \u00e7orbas\u0131<\/li><li>Krofne (Tatl\u0131 \u00e7\u00f6rek)<\/li><\/ul>\n\n\n\n<hr class=\"wp-block-separator has-text-color has-alpha-channel-opacity has-background is-style-wide\" style=\"background-color:#ebebeb;color:#ebebeb\"\/>\n\n\n\n<h2 class=\"wp-block-heading\"><strong>\u00d6nemli Belgrad notlar\u0131<\/strong><\/h2>\n\n\n\n<figure class=\"wp-block-image size-full is-resized\"><img loading=\"lazy\" decoding=\"async\" src=\"https:\/\/blog.turkishairlines.com\/wp-content\/uploads\/2023\/04\/belgrad-sehri.jpg\" alt=\"Belgrad\" class=\"wp-image-38960\" width=\"784\" height=\"523\" srcset=\"https:\/\/blog.turkishairlines.com\/wp-content\/uploads\/2023\/04\/belgrad-sehri.jpg 784w, https:\/\/blog.turkishairlines.com\/wp-content\/uploads\/2023\/04\/belgrad-sehri-300x200.jpg 300w, https:\/\/blog.turkishairlines.com\/wp-content\/uploads\/2023\/04\/belgrad-sehri-150x100.jpg 150w, https:\/\/blog.turkishairlines.com\/wp-content\/uploads\/2023\/04\/belgrad-sehri-768x512.jpg 768w, https:\/\/blog.turkishairlines.com\/wp-content\/uploads\/2023\/04\/belgrad-sehri-696x464.jpg 696w\" sizes=\"auto, (max-width: 784px) 100vw, 784px\" \/><figcaption>Belgrad\u2019\u0131n tepeden g\u00f6r\u00fcn\u00fcm\u00fc. <\/figcaption><\/figure>\n\n\n\n<p>Hemen bir <a href=\"https:\/\/www.turkishairlines.com\/tr-int\/ucak-bileti\/belgrad-ucak-bileti\/?utm_source=tkblog&amp;utm_medium=referral&amp;utm_campaign=tkblogpostbookaticket\" target=\"_blank\" data-type=\"URL\" data-id=\"https:\/\/www.turkishairlines.com\/tr-int\/ucak-bileti\/belgrad-ucak-bileti\/?utm_source=tkblog&amp;utm_medium=referral&amp;utm_campaign=tkblogpostbookaticket\" rel=\"noreferrer noopener\">Belgrad u\u00e7ak bileti<\/a> al\u0131p bu \u015fehri ad\u0131m ad\u0131m gezmek istiyorsan\u0131z \u015fimdi verece\u011fimiz bilgiler olduk\u00e7a i\u015finize yarayacak. Tarih kokan bu \u015fehirle ilgili detaylar i\u00e7in yaz\u0131m\u0131z\u0131n devam\u0131na g\u00f6z atabilirsiniz!<\/p>\n\n\n<div id=\"rank-math-faq\" class=\"rank-math-block\">\n<div class=\"rank-math-list \">\n<div id=\"faq-question-1681111385248\" class=\"rank-math-list-item\">\n<h3 class=\"rank-math-question \"><strong>Belgrad\u2019da nerede kal\u0131n\u0131r?<\/strong><\/h3>\n<div class=\"rank-math-answer \">\n\n<p>Belgrad, her y\u0131l say\u0131s\u0131z turisti a\u011f\u0131rlad\u0131\u011f\u0131 i\u00e7in konaklama se\u00e7enekleri a\u00e7\u0131s\u0131ndan sizi tatmin edecek bir kent. Hostel, apart ve pansiyon se\u00e7eneklerinden l\u00fcks otellere kadar farkl\u0131 beklentilere hitap eden tesislere sahip. Ancak \u015fehrin tad\u0131n\u0131 tam anlam\u0131yla \u00e7\u0131karman\u0131z i\u00e7in konaklama lokasyonu olarak Stari Grad (Eski \u015eehir), Novi Beograd ve Skadarlija Caddesi taraf\u0131n\u0131 \u00f6neriyoruz.\u00a0<\/p>\n\n<\/div>\n<\/div>\n<\/div>\n<\/div>\n\n\n<p>Konaklama ve ula\u015f\u0131m rezervasyonlar\u0131n\u0131z\u0131 tek seferde h\u0131zl\u0131 bir \u015fekilde organize etmek i\u00e7in <a href=\"https:\/\/www.turkishairlinesholidays.com\/tr-tr?utm_source=thyblog&amp;utm_medium=referral\" target=\"_blank\" rel=\"noreferrer noopener nofollow\">Turkish Airlines Holidays tatil paketlerine<\/a> g\u00f6z atabilirsiniz.&nbsp;<\/p>\n\n\n<div id=\"rank-math-faq\" class=\"rank-math-block\">\n<div class=\"rank-math-list \">\n<div id=\"faq-question-1681111416978\" class=\"rank-math-list-item\">\n<h3 class=\"rank-math-question \"><strong>Belgrad\u2019da ula\u015f\u0131m nas\u0131l?<\/strong><\/h3>\n<div class=\"rank-math-answer \">\n\n<p>Belgrad, \u00e7ok b\u00fcy\u00fck olmad\u0131\u011f\u0131ndan ula\u015f\u0131m a\u00e7\u0131s\u0131ndan rahatl\u0131k ya\u015fayaca\u011f\u0131n\u0131z bir kent. Turistik pek \u00e7ok noktaya y\u00fcr\u00fcyerek ula\u015fabilirsiniz. Ancak \u015fehirde bir metro a\u011f\u0131 bulunmuyor. Bu nedenle tramvay ve otob\u00fcsler \u015fehirde kullanabilece\u011finiz toplu ula\u015f\u0131m hatlar\u0131. \u015eehrin bir\u00e7ok noktas\u0131nda yer alan kiosklardan bilet alarak bu ara\u00e7lar\u0131 kullanabilir ya da taksileri tercih edebilirsiniz.\u00a0<\/p>\n\n<\/div>\n<\/div>\n<\/div>\n<\/div>\n\n\n<h3 class=\"wp-block-heading\"><strong>Belgrad Nikola Tesla Havaliman\u0131\u2019ndan \u015fehir merkezine ula\u015f\u0131m<\/strong><\/h3>\n\n\n\n<p>Belgrad Nikola Tesla Havaliman\u0131, \u015fehir merkezine yakla\u015f\u0131k 20 km mesafede bulunuyor. Buradan \u015fehir merkezine gitmek ise olduk\u00e7a rahat. Birka\u00e7 se\u00e7ene\u011finiz var; 72 numaral\u0131 otob\u00fcse binebilir, A1 numaral\u0131 shuttle servisini tercih edebilir, 7\/24 hizmet veren havaliman\u0131 taksilerini kullanabilir ya da \u00f6zel transfer ayarlayabilirsiniz.&nbsp;<\/p>\n","protected":false},"excerpt":{"rendered":"<p>Ba\u015fl\u0131yoruz: Belgrad\u2019\u0131n tarihi Bu kenti ad\u0131m ad\u0131m ke\u015ffetmeden \u00f6nce Belgrad tarihinden k\u0131saca s\u00f6z etmek istiyoruz. \u00c7ok eski d\u00f6nemlerden beri \u00f6nemli bir yerle\u015fim olan Belgrad, Tuna ve Sava nehirlerinin kesi\u015fim noktas\u0131nda bulunuyor. Ya\u015fam\u0131n Neolitik d\u00f6neme dayand\u0131\u011f\u0131 Belgrad, Kelt kabileleri ba\u015fta olmak \u00fczere farkl\u0131 kabilelerin g\u00f6\u00e7 etti\u011fi bir yer olmas\u0131ndan farkl\u0131 bir etnik yap\u0131 haline geliyor.&nbsp; Bir\u00e7ok [&hellip;]<\/p>\n","protected":false},"author":53,"featured_media":38962,"comment_status":"closed","ping_status":"closed","sticky":false,"template":"","format":"standard","meta":{"footnotes":""},"categories":[1106,674,591],"tags":[],"class_list":{"0":"post-38945","1":"post","2":"type-post","3":"status-publish","4":"format-standard","5":"has-post-thumbnail","7":"category-1-sehir-3-gun","8":"category-belgrad-gezi-rehberi","9":"category-sehir-tatili"},"_links":{"self":[{"href":"https:\/\/blog.turkishairlines.com\/tr\/wp-json\/wp\/v2\/posts\/38945","targetHints":{"allow":["GET"]}}],"collection":[{"href":"https:\/\/blog.turkishairlines.com\/tr\/wp-json\/wp\/v2\/posts"}],"about":[{"href":"https:\/\/blog.turkishairlines.com\/tr\/wp-json\/wp\/v2\/types\/post"}],"author":[{"embeddable":true,"href":"https:\/\/blog.turkishairlines.com\/tr\/wp-json\/wp\/v2\/users\/53"}],"replies":[{"embeddable":true,"href":"https:\/\/blog.turkishairlines.com\/tr\/wp-json\/wp\/v2\/comments?post=38945"}],"version-history":[{"count":3,"href":"https:\/\/blog.turkishairlines.com\/tr\/wp-json\/wp\/v2\/posts\/38945\/revisions"}],"predecessor-version":[{"id":39031,"href":"https:\/\/blog.turkishairlines.com\/tr\/wp-json\/wp\/v2\/posts\/38945\/revisions\/39031"}],"wp:featuredmedia":[{"embeddable":true,"href":"https:\/\/blog.turkishairlines.com\/tr\/wp-json\/wp\/v2\/media\/38962"}],"wp:attachment":[{"href":"https:\/\/blog.turkishairlines.com\/tr\/wp-json\/wp\/v2\/media?parent=38945"}],"wp:term":[{"taxonomy":"category","embeddable":true,"href":"https:\/\/blog.turkishairlines.com\/tr\/wp-json\/wp\/v2\/categories?post=38945"},{"taxonomy":"post_tag","embeddable":true,"href":"https:\/\/blog.turkishairlines.com\/tr\/wp-json\/wp\/v2\/tags?post=38945"}],"curies":[{"name":"wp","href":"https:\/\/api.w.org\/{rel}","templated":true}]}}