{"id":40134,"date":"2023-08-01T12:00:33","date_gmt":"2023-08-01T09:00:33","guid":{"rendered":"https:\/\/blog.turkishairlines.com\/?p=40134"},"modified":"2026-03-12T14:17:43","modified_gmt":"2026-03-12T11:17:43","slug":"1-sehir-3-gun-budapeste","status":"publish","type":"post","link":"https:\/\/blog.turkishairlines.com\/tr\/1-sehir-3-gun-budapeste\/","title":{"rendered":"1 \u015fehir 3 g\u00fcn: Budape\u015fte"},"content":{"rendered":"\n<hr class=\"wp-block-separator has-text-color has-alpha-channel-opacity has-background is-style-wide\" style=\"background-color:#ebebeb;color:#ebebeb\"\/>\n\n\n\n<h2 class=\"wp-block-heading\"><strong>Ba\u015fl\u0131yoruz: K\u0131saca Budape\u015fte tarihi<\/strong><\/h2>\n\n\n\n<figure class=\"wp-block-image size-full\"><img loading=\"lazy\" decoding=\"async\" width=\"784\" height=\"523\" src=\"https:\/\/blog.turkishairlines.com\/wp-content\/uploads\/2023\/08\/budapeste-tarihi.jpg\" alt=\"Budape\u015fte\" class=\"wp-image-40135\" srcset=\"https:\/\/blog.turkishairlines.com\/wp-content\/uploads\/2023\/08\/budapeste-tarihi.jpg 784w, https:\/\/blog.turkishairlines.com\/wp-content\/uploads\/2023\/08\/budapeste-tarihi-300x200.jpg 300w, https:\/\/blog.turkishairlines.com\/wp-content\/uploads\/2023\/08\/budapeste-tarihi-150x100.jpg 150w, https:\/\/blog.turkishairlines.com\/wp-content\/uploads\/2023\/08\/budapeste-tarihi-768x512.jpg 768w, https:\/\/blog.turkishairlines.com\/wp-content\/uploads\/2023\/08\/budapeste-tarihi-696x464.jpg 696w\" sizes=\"auto, (max-width: 784px) 100vw, 784px\" \/><figcaption class=\"wp-element-caption\">Budape\u015fte tarihi yerleri. <\/figcaption><\/figure>\n\n\n\n<p>Budape\u015fte gezilecek yerleri ziyaret etmeden \u00f6nce kentin tarihine g\u00f6z atal\u0131m. Zira kenti gezerken \u00e7ok fazla tarihi yap\u0131 ve nokta g\u00f6receksiniz. \u015eimdi bu noktalar\u0131 daha bir anlamland\u0131rmak ve seyahatten daha \u00e7ok keyif alman\u0131z i\u00e7in Budape\u015fte tarihine k\u0131saca g\u00f6z ataca\u011f\u0131z.&nbsp;<\/p>\n\n\n\n<p>Avrupa\u2019n\u0131n ortas\u0131nda yer alan Budape\u015fte, Tuna Nehri\u2019nin iki k\u0131y\u0131s\u0131ndaki Buda ve Pe\u015fte b\u00f6lgelerinden meydana geliyor. Konumu itibar\u0131yla tarih boyunca Romal\u0131lar, Hunlar, Do\u011fu Vizigotlar, Avarlar ve Macarlar\u0131n k\u00fclt\u00fcrlerine ev sahipli\u011fi yap\u0131yor. 1541\u2019de Osmanl\u0131 \u0130mparatorlu\u011fu hakimiyetine giren Buda ve Pe\u015fte, 1686 y\u0131l\u0131na kadar Osmanl\u0131 s\u0131n\u0131rlar\u0131nda kal\u0131yor. Takvimler 1872 y\u0131l\u0131n\u0131 g\u00f6sterdi\u011finde ise bu iki \u015fehir birle\u015fiyor ve b\u00fcy\u00fck bir h\u0131zla geli\u015fiyor. 2. D\u00fcnya Sava\u015f\u0131 ve \u00e7e\u015fitli ayaklanmalar ge\u00e7iren kent, sonras\u0131nda b\u00fcy\u00fck \u00f6l\u00e7\u00fcde toparlanarak g\u00fcn\u00fcm\u00fczdeki Budape\u015fte halini al\u0131yor.<\/p>\n\n\n\n<hr class=\"wp-block-separator has-text-color has-alpha-channel-opacity has-background is-style-wide\" style=\"background-color:#ebebeb;color:#ebebeb\"\/>\n\n\n\n<h2 class=\"wp-block-heading\"><strong>\u0130ki \u015fehrin bulu\u015fmas\u0131: Budape\u015fte gezilecek yerler<\/strong><\/h2>\n\n\n\n<figure class=\"wp-block-image size-full\"><img loading=\"lazy\" decoding=\"async\" width=\"784\" height=\"523\" src=\"https:\/\/blog.turkishairlines.com\/wp-content\/uploads\/2023\/08\/budapeste-gezilecek-yerler.jpg\" alt=\"Budape\u015fte\" class=\"wp-image-40137\" srcset=\"https:\/\/blog.turkishairlines.com\/wp-content\/uploads\/2023\/08\/budapeste-gezilecek-yerler.jpg 784w, https:\/\/blog.turkishairlines.com\/wp-content\/uploads\/2023\/08\/budapeste-gezilecek-yerler-300x200.jpg 300w, https:\/\/blog.turkishairlines.com\/wp-content\/uploads\/2023\/08\/budapeste-gezilecek-yerler-150x100.jpg 150w, https:\/\/blog.turkishairlines.com\/wp-content\/uploads\/2023\/08\/budapeste-gezilecek-yerler-768x512.jpg 768w, https:\/\/blog.turkishairlines.com\/wp-content\/uploads\/2023\/08\/budapeste-gezilecek-yerler-696x464.jpg 696w\" sizes=\"auto, (max-width: 784px) 100vw, 784px\" \/><figcaption class=\"wp-element-caption\">Budape\u015fte, Macaristan. <\/figcaption><\/figure>\n\n\n\n<p>Budape\u015fte tarihine g\u00f6z att\u0131ktan sonra yava\u015f yava\u015f \u015fehrin en pop\u00fcler ve tarihi noktalar\u0131na do\u011fru ilerleyebiliriz. Ke\u015ffetmek isteyene \u00e7ok \u015fey vadeden bu kent, Buda ve Pe\u015fte\u2019den gelen karakteristik yap\u0131s\u0131yla yepyeni deneyimler sunuyor.&nbsp;<\/p>\n\n\n\n<p>Genel olarak bahsetmek gerekirse Buda i\u00e7in kentin tarihi merkezi, Pe\u015fte ise e\u011flence hayat\u0131n\u0131n bulundu\u011fu b\u00f6lge diyebilriz. Bu bilgileri cebimize koyup Budape\u015fte gezilecek yerlere beraber g\u00f6z atal\u0131m:&nbsp;<\/p>\n\n\n\n<h3 class=\"wp-block-heading\"><strong>Buda Kalesi<\/strong><\/h3>\n\n\n\n<figure class=\"wp-block-image size-full\"><img loading=\"lazy\" decoding=\"async\" width=\"784\" height=\"523\" src=\"https:\/\/blog.turkishairlines.com\/wp-content\/uploads\/2023\/08\/buda-kalesi.jpg\" alt=\"Buda Kalesi\" class=\"wp-image-40139\" srcset=\"https:\/\/blog.turkishairlines.com\/wp-content\/uploads\/2023\/08\/buda-kalesi.jpg 784w, https:\/\/blog.turkishairlines.com\/wp-content\/uploads\/2023\/08\/buda-kalesi-300x200.jpg 300w, https:\/\/blog.turkishairlines.com\/wp-content\/uploads\/2023\/08\/buda-kalesi-150x100.jpg 150w, https:\/\/blog.turkishairlines.com\/wp-content\/uploads\/2023\/08\/buda-kalesi-768x512.jpg 768w, https:\/\/blog.turkishairlines.com\/wp-content\/uploads\/2023\/08\/buda-kalesi-696x464.jpg 696w\" sizes=\"auto, (max-width: 784px) 100vw, 784px\" \/><figcaption class=\"wp-element-caption\">Buda Kalesi, Budape\u015fte. <\/figcaption><\/figure>\n\n\n\n<p>\u00d6ncelikle \u015funu s\u00f6yleyelim ki Budape\u015fte\u2019de gezilecek yerler \u00e7ok \u00e7ok fazla. Dolay\u0131s\u0131yla biz bu yerler aras\u0131ndan size bir se\u00e7ki haz\u0131rlad\u0131k. \u0130lk dura\u011f\u0131m\u0131z ise Buda Kalesi. K\u00f6kenleri 13.y\u00fczy\u0131la dayanan Buda Kalesi ve \u00e7evresi paket ta\u015fl\u0131 sokaklar\u0131, enfes mimarilerisiyle yo\u011fun turist \u00e7eken bir b\u00f6lge. UNESCO D\u00fcnya Miras\u0131 Listesi\u2019nde yer alan Buda Kalesi; Budape\u015fte Tarih M\u00fczesi, Macaristan Ulusal Galerisi ve Matthias \u00c7e\u015fmesi gibi \u015fehrin \u00f6nemli noktalar\u0131na da ev sahipli\u011fi yap\u0131yor.&nbsp;<\/p>\n\n\n\n<h3 class=\"wp-block-heading\"><strong>Macaristan Parlamento Binas\u0131<\/strong><\/h3>\n\n\n\n<p>Kentin Pe\u015fte taraf\u0131nda yer alan Macaristan Parlamento Binas\u0131\u2019n\u0131 da g\u00f6rkemli mimarisiyle Budape\u015fte gezilecek yerler listesine al\u0131nmas\u0131 gereken yap\u0131lardan. D\u0131\u015f\u0131 kadar i\u00e7 mimarisinin de etkileyici oldu\u011fu bilinen binada rehberli turlara kat\u0131larak tarihi bir gezinti yapabilirsiniz.&nbsp;<\/p>\n\n\n\n<h3 class=\"wp-block-heading\"><strong>Kahramanlar Meydan\u0131<\/strong><\/h3>\n\n\n\n<figure class=\"wp-block-image size-full\"><img loading=\"lazy\" decoding=\"async\" width=\"784\" height=\"523\" src=\"https:\/\/blog.turkishairlines.com\/wp-content\/uploads\/2023\/08\/kahramanlar-meydani.jpg\" alt=\"Kahramanlar Meydan\u0131\n\" class=\"wp-image-40141\" srcset=\"https:\/\/blog.turkishairlines.com\/wp-content\/uploads\/2023\/08\/kahramanlar-meydani.jpg 784w, https:\/\/blog.turkishairlines.com\/wp-content\/uploads\/2023\/08\/kahramanlar-meydani-300x200.jpg 300w, https:\/\/blog.turkishairlines.com\/wp-content\/uploads\/2023\/08\/kahramanlar-meydani-150x100.jpg 150w, https:\/\/blog.turkishairlines.com\/wp-content\/uploads\/2023\/08\/kahramanlar-meydani-768x512.jpg 768w, https:\/\/blog.turkishairlines.com\/wp-content\/uploads\/2023\/08\/kahramanlar-meydani-696x464.jpg 696w\" sizes=\"auto, (max-width: 784px) 100vw, 784px\" \/><figcaption class=\"wp-element-caption\">Kahramanlar Meydan\u0131, Budape\u015fte. <\/figcaption><\/figure>\n\n\n\n<p>Budape\u015fte tarihi yerler aras\u0131nda s\u0131radaki dura\u011f\u0131m\u0131z Kahramanlar Meydan\u0131. Macar tarihi a\u00e7\u0131s\u0131ndan olduk\u00e7a \u00f6nemli bir yere sahip olan meydanda, sava\u015f kahramanlar\u0131n\u0131n ve liderlerin heykellerini g\u00f6rebilirsiniz. UNESCO D\u00fcnya Miras\u0131 Listesi\u2019nde bulunan Kahramanlar Meydan\u0131\u2019n\u0131 ziyaret ettikten sonra hemen kar\u015f\u0131s\u0131nda bulunan Budape\u015fte G\u00fczel Sanatlar M\u00fczesi\u2019ne ge\u00e7ebilirsiniz.&nbsp;<\/p>\n\n\n\n<h3 class=\"wp-block-heading\"><strong>Budape\u015fte G\u00fczel Sanatlar M\u00fczesi<\/strong><\/h3>\n\n\n\n<p>Budape\u015fte\u2019de gezilecek yerler listesinde ba\u015f s\u0131ralarda olan Budape\u015fte G\u00fczel Sanatlar M\u00fczesi, pek \u00e7ok sanatseverin ziyaret etti\u011fi \u00f6nemli bir nokta. Bu m\u00fczeyi ziyaret etti\u011finizde Goya, El Greco ve Rembrandt gibi b\u00fcy\u00fck sanat\u00e7\u0131lar\u0131n eserlerini ve \u00e7ok zengin bir arkeolojik eser koleksiyonunu g\u00f6rebilirsiniz.&nbsp;<\/p>\n\n\n\n<h3 class=\"wp-block-heading\"><strong>Gellert Tepesi&nbsp;<\/strong><\/h3>\n\n\n\n<figure class=\"wp-block-image size-full\"><img loading=\"lazy\" decoding=\"async\" width=\"784\" height=\"523\" src=\"https:\/\/blog.turkishairlines.com\/wp-content\/uploads\/2023\/08\/gellert-tepesi.jpg\" alt=\"Gellert Tepesi\" class=\"wp-image-40143\" srcset=\"https:\/\/blog.turkishairlines.com\/wp-content\/uploads\/2023\/08\/gellert-tepesi.jpg 784w, https:\/\/blog.turkishairlines.com\/wp-content\/uploads\/2023\/08\/gellert-tepesi-300x200.jpg 300w, https:\/\/blog.turkishairlines.com\/wp-content\/uploads\/2023\/08\/gellert-tepesi-150x100.jpg 150w, https:\/\/blog.turkishairlines.com\/wp-content\/uploads\/2023\/08\/gellert-tepesi-768x512.jpg 768w, https:\/\/blog.turkishairlines.com\/wp-content\/uploads\/2023\/08\/gellert-tepesi-696x464.jpg 696w\" sizes=\"auto, (max-width: 784px) 100vw, 784px\" \/><figcaption class=\"wp-element-caption\">Gellert Tepesi\u2019ndeki \u00d6zg\u00fcrl\u00fck An\u0131t\u0131. <\/figcaption><\/figure>\n\n\n\n<p>Tuna Nehri\u2019nin yan\u0131 ba\u015f\u0131ndaki Gellert Tepesi, \u015fehrin panoramik g\u00f6r\u00fcnt\u00fcs\u00fcn\u00fc g\u00f6zler \u00f6n\u00fcne seren nefis bir adres. Budape\u015fte\u2019de gezilecek yerler i\u00e7inde bulunan Gellert Tepesi\u2019nde \u00d6zg\u00fcrl\u00fck An\u0131t\u0131\u2019n\u0131 g\u00f6rebilir, Budape\u015fte\u2019yi en g\u00fczel haliyle foto\u011fraflayabilirsiniz.&nbsp;<\/p>\n\n\n\n<h3 class=\"wp-block-heading\"><strong>Bal\u0131k\u00e7\u0131 Tabyas\u0131<\/strong><\/h3>\n\n\n\n<p>\u015eimdiki dura\u011f\u0131m\u0131z \u015fehrin sevilen, en \u00fcnl\u00fc adreslerinden biri olan Bal\u0131k\u00e7\u0131 Tabyas\u0131! Buda taraf\u0131n\u0131n en \u00e7ok ilgi g\u00f6ren noktalar\u0131ndan olan bu kale, enfes bir Tuna nehri ve \u015fehir manzaras\u0131na da sahip bir pencere gibi. Estetik g\u00f6r\u00fcnt\u00fcs\u00fcyle dikkat \u00e7eken tabyan\u0131n bir di\u011fer \u00f6nemi ise \u00fclkeyi kuran yedi kavmi temsil eden yedi kuleye sahip olmas\u0131. Geceleri \u0131\u015f\u0131kland\u0131rmas\u0131yla da masals\u0131 g\u00f6r\u00fcn\u00fcme sahip olan Bal\u0131k\u00e7\u0131 Tabyas\u0131\u2019na f\u00fcnik\u00fclerle rahatl\u0131kla ula\u015fabilirsiniz.&nbsp;<\/p>\n\n\n\n<h3 class=\"wp-block-heading\"><strong>Memento Park\u0131<\/strong><\/h3>\n\n\n\n<p>A\u00e7\u0131k hava m\u00fczesi olarak da kabul edilen Memento Park\u0131, \u015fehrin farkl\u0131 yerlerindeki sosyalist rejimi temsil eden heykellerin bir araya topland\u0131\u011f\u0131 de\u011ferli bir nokta. Heykellerin anlam\u0131n\u0131 ve tarihi hik\u00e2yelerini \u00f6\u011frenmek i\u00e7in park\u0131n i\u00e7inde verilen tur hizmetinden yararlanabilirsiniz. \u015eehrin d\u0131\u015f\u0131nda bulunan Memento Park\u0131\u2019na \u00f6zel ara\u00e7la ya da toplu ta\u015f\u0131mayla ula\u015fmak m\u00fcmk\u00fcn.&nbsp;<\/p>\n\n\n\n<h3 class=\"wp-block-heading\"><strong>Aziz Stefan Bazilikas\u0131<\/strong><\/h3>\n\n\n\n<figure class=\"wp-block-image size-full\"><img loading=\"lazy\" decoding=\"async\" width=\"784\" height=\"523\" src=\"https:\/\/blog.turkishairlines.com\/wp-content\/uploads\/2023\/08\/aziz-stefan-bazilikasi.jpg\" alt=\"Aziz Stefan Bazilikas\u0131\" class=\"wp-image-40145\" srcset=\"https:\/\/blog.turkishairlines.com\/wp-content\/uploads\/2023\/08\/aziz-stefan-bazilikasi.jpg 784w, https:\/\/blog.turkishairlines.com\/wp-content\/uploads\/2023\/08\/aziz-stefan-bazilikasi-300x200.jpg 300w, https:\/\/blog.turkishairlines.com\/wp-content\/uploads\/2023\/08\/aziz-stefan-bazilikasi-150x100.jpg 150w, https:\/\/blog.turkishairlines.com\/wp-content\/uploads\/2023\/08\/aziz-stefan-bazilikasi-768x512.jpg 768w, https:\/\/blog.turkishairlines.com\/wp-content\/uploads\/2023\/08\/aziz-stefan-bazilikasi-696x464.jpg 696w\" sizes=\"auto, (max-width: 784px) 100vw, 784px\" \/><figcaption class=\"wp-element-caption\">Aziz Stefan Bazilikas\u0131, Budape\u015fte.<\/figcaption><\/figure>\n\n\n\n<p>Budape\u015fte gezilecek yerler listesini tamamlamaya devam ediyoruz. Yeni adresimiz kentin en b\u00fcy\u00fck ve en g\u00f6steri\u015fli kilisesi olan Aziz Stefan Bazilikas\u0131. Aziz Stefan Meydan\u0131\u2019ndan yer alan kilise, neo-klasik mimari tarz\u0131 ve e\u015fsiz bir manzaraya sahip kubbesiyle g\u00f6renlerin ilgisini \u00e7ekiyor. Yap\u0131m s\u00fcrecinin \u00e7ok uzun s\u00fcrd\u00fc\u011f\u00fc bilinen kilise, Budape\u015fte\u2019de mutlaka gezilip g\u00f6r\u00fclmesi gereken adreslerden biri.&nbsp;<\/p>\n\n\n\n<h3 class=\"wp-block-heading\"><strong>Margaret Adas\u0131<\/strong><\/h3>\n\n\n\n<p>Budape\u015fte\u2019yi ortadan ikiye b\u00f6len Tuna Nehri\u2019nin \u00fczerinde yer alan Margaret Adas\u0131, Orta \u00c7a\u011f d\u00f6neminden kalan manast\u0131r kal\u0131nt\u0131lar\u0131 ve do\u011fas\u0131yla \u00fcnl\u00fc. \u015eehrin kalabal\u0131kl\u0131\u011f\u0131ndan bunalanlar i\u00e7in ideal bir ka\u00e7\u0131\u015f noktas\u0131 olan Margaret Adas\u0131, spor yapmak ya da kafa dinlemek isteyenler taraf\u0131ndan s\u0131kl\u0131kla ziyaret ediliyor. Hafta sonlar\u0131 fazlas\u0131yla kalabal\u0131k olan aday\u0131 zaman\u0131n\u0131z varsa hafta i\u00e7i g\u00f6rmenizi tavsiye ediyoruz. Burada uzun do\u011fa y\u00fcr\u00fcy\u00fc\u015fleri yapabilir ve Budape\u015fte\u2019nin farkl\u0131 bir y\u00fcz\u00fcne \u015fahit olabilirsiniz.&nbsp;<\/p>\n\n\n\n<h3 class=\"wp-block-heading\"><strong>Szechenyi Termal Hamam\u0131<\/strong><\/h3>\n\n\n\n<figure class=\"wp-block-image size-full\"><img loading=\"lazy\" decoding=\"async\" width=\"784\" height=\"523\" src=\"https:\/\/blog.turkishairlines.com\/wp-content\/uploads\/2023\/08\/szechenyi-termal-hamami.jpg\" alt=\"Szechenyi Termal Hamam\" class=\"wp-image-40147\" srcset=\"https:\/\/blog.turkishairlines.com\/wp-content\/uploads\/2023\/08\/szechenyi-termal-hamami.jpg 784w, https:\/\/blog.turkishairlines.com\/wp-content\/uploads\/2023\/08\/szechenyi-termal-hamami-300x200.jpg 300w, https:\/\/blog.turkishairlines.com\/wp-content\/uploads\/2023\/08\/szechenyi-termal-hamami-150x100.jpg 150w, https:\/\/blog.turkishairlines.com\/wp-content\/uploads\/2023\/08\/szechenyi-termal-hamami-768x512.jpg 768w, https:\/\/blog.turkishairlines.com\/wp-content\/uploads\/2023\/08\/szechenyi-termal-hamami-696x464.jpg 696w\" sizes=\"auto, (max-width: 784px) 100vw, 784px\" \/><figcaption class=\"wp-element-caption\">Szechenyi Kapl\u0131calar\u0131, Budape\u015fte. <\/figcaption><\/figure>\n\n\n\n<p>Budape\u015fte gezilecek yerler listesine alman\u0131z gereken bir di\u011fer rota ise Szechenyi Kapl\u0131calar\u0131. Budape\u015fte\u2019nin en b\u00fcy\u00fck kapl\u0131calar\u0131ndan olan b\u00f6lge, zengin su kaynaklar\u0131yla fazlas\u0131yla \u00fcnl\u00fc. Macar k\u00fclt\u00fcr\u00fcnde \u00f6nemli bir yere sahip olan kapl\u0131calar, Budape\u015fte \u015eehir Park\u0131\u2019nda bulunuyor. Yeni barok mimari tarz\u0131ndaki binalar\u0131 ve korint heykelleriyle olduk\u00e7a etkileyici bir deneyim sunan kapl\u0131cada on be\u015f kapal\u0131, \u00fc\u00e7 adet de a\u00e7\u0131k termal havuz yer al\u0131yor. Budape\u015fte\u2019ye gelmi\u015fken kapl\u0131ca keyfini burada ya\u015faman\u0131z\u0131 \u00f6neriyoruz.&nbsp;<\/p>\n\n\n\n<h3 class=\"wp-block-heading\"><strong>Tuna Nehri k\u0131y\u0131s\u0131<\/strong><\/h3>\n\n\n\n<figure class=\"wp-block-image size-full\"><img loading=\"lazy\" decoding=\"async\" width=\"784\" height=\"523\" src=\"https:\/\/blog.turkishairlines.com\/wp-content\/uploads\/2023\/08\/tuna-nehri-kiyisi.jpg\" alt=\"Tuna Nehri k\u0131y\u0131s\u0131\" class=\"wp-image-40149\" srcset=\"https:\/\/blog.turkishairlines.com\/wp-content\/uploads\/2023\/08\/tuna-nehri-kiyisi.jpg 784w, https:\/\/blog.turkishairlines.com\/wp-content\/uploads\/2023\/08\/tuna-nehri-kiyisi-300x200.jpg 300w, https:\/\/blog.turkishairlines.com\/wp-content\/uploads\/2023\/08\/tuna-nehri-kiyisi-150x100.jpg 150w, https:\/\/blog.turkishairlines.com\/wp-content\/uploads\/2023\/08\/tuna-nehri-kiyisi-768x512.jpg 768w, https:\/\/blog.turkishairlines.com\/wp-content\/uploads\/2023\/08\/tuna-nehri-kiyisi-696x464.jpg 696w\" sizes=\"auto, (max-width: 784px) 100vw, 784px\" \/><figcaption class=\"wp-element-caption\">Tuna Nehri K\u0131y\u0131s\u0131 ve Zincir K\u00f6pr\u00fc.<\/figcaption><\/figure>\n\n\n\n<p>Tuna Nehri k\u0131y\u0131s\u0131 i\u00e7in Budape\u015fte\u2019nin g\u00f6r\u00fclmeye de\u011fer en keyifli noktas\u0131 desek yalan s\u00f6ylememi\u015f oluruz. Nehrin her iki k\u0131y\u0131s\u0131nda yapaca\u011f\u0131n\u0131z uzun y\u00fcr\u00fcy\u00fc\u015flere vaktinizi ay\u0131r\u0131n deriz. Zira 2. D\u00fcnya Sava\u015f\u0131 d\u00f6nemini anmak i\u00e7in yap\u0131lan ayakkab\u0131 fig\u00fcrleri, K\u00fc\u00e7\u00fck Prenses Heykeli, Zincir K\u00f6pr\u00fc ve Elizabeth (Erzsebet) K\u00f6pr\u00fcs\u00fc burada bulunuyor. Ayr\u0131ca dilerseniz Tuna Nehri tekne turlar\u0131na da kat\u0131labilirsiniz.&nbsp;<\/p>\n\n\n\n<hr class=\"wp-block-separator has-text-color has-alpha-channel-opacity has-background is-style-wide\" style=\"background-color:#ebebeb;color:#ebebeb\"\/>\n\n\n\n<div class=\"wp-block-qi-blocks-info-box qodef-block-container qodef-block-c682bd5b\"><div class=\"qi-block-info-box qodef-block qodef-m\"><div class=\"qodef-m-content\"><h4 class=\"qodef-m-title\">Budape\u015fte&#8217;de Nerede Kal\u0131n\u0131r?<\/h4><p class=\"qodef-m-text\">E\u011flence hayat\u0131n\u0131n merkezi olan Pe\u015fte taraf\u0131, sakin bir konaklama i\u00e7in Buda Kale B\u00f6lgesi, ekonomik bir se\u00e7enek olarak Terezvaros ve turistik merkezlere yak\u0131nl\u0131\u011f\u0131yla Jozsefvaros b\u00f6lgesi tercih edilebilir.<\/p><\/div><a class=\"qodef-m-link\"><\/a><\/div><\/div>\n\n\n\n<hr class=\"wp-block-separator has-text-color has-alpha-channel-opacity has-background is-style-wide\" style=\"background-color:#ebebeb;color:#ebebeb\"\/>\n\n\n\n<div class=\"wp-block-qi-blocks-info-box qodef-block-container qodef-block-2e84dd82\"><div class=\"qi-block-info-box qodef-block qodef-m\"><div class=\"qodef-m-content\"><h4 class=\"qodef-m-title\">Budape\u015fte&#8217;de Ne Yenir?<\/h4><p class=\"qodef-m-text\">Me\u015fhur Gula\u015f, g\u00f6zleme benzeri Palacsinta, tas kebab\u0131 P\u00f6rk\u00f6lt, kremal\u0131 Dobos torte, So\u011fuk kiraz \u00e7orbas\u0131, hamur k\u0131zartmas\u0131 Langos, Macar sosisi ve salam\u0131.<\/p><\/div><a class=\"qodef-m-link\"><\/a><\/div><\/div>\n\n\n\n<hr class=\"wp-block-separator has-text-color has-alpha-channel-opacity has-background is-style-wide\" style=\"background-color:#ebebeb;color:#ebebeb\"\/>\n\n\n\n<div class=\"wp-block-qi-blocks-info-box qodef-block-container qodef-block-53ccb95e\"><div class=\"qi-block-info-box qodef-block qodef-m\"><div class=\"qodef-m-content\"><h4 class=\"qodef-m-title\">Budape\u015fte&#8217;de Neresi Gezilir?<\/h4><p class=\"qodef-m-text\">Tarihi Buda Kalesi, g\u00f6rkemli Macaristan Parlamento Binas\u0131, Kahramanlar Meydan\u0131, Budape\u015fte G\u00fczel Sanatlar M\u00fczesi, manzaras\u0131yla Gellert Tepesi ve Bal\u0131k\u00e7\u0131 Tabyas\u0131, Memento Park\u0131, Aziz Stefan Bazilikas\u0131, Margaret Adas\u0131, Szechenyi Termal Hamam\u0131 ve Tuna Nehri k\u0131y\u0131s\u0131.<\/p><\/div><a class=\"qodef-m-link\"><\/a><\/div><\/div>\n\n\n\n<hr class=\"wp-block-separator has-text-color has-alpha-channel-opacity has-background is-style-wide\" style=\"background-color:#ebebeb;color:#ebebeb\"\/>\n\n\n\n<h2 class=\"wp-block-heading\"><strong>Budape\u015fte\u2019de ne yenir?<\/strong><\/h2>\n\n\n\n<figure class=\"wp-block-image size-full\"><img loading=\"lazy\" decoding=\"async\" width=\"784\" height=\"523\" src=\"https:\/\/blog.turkishairlines.com\/wp-content\/uploads\/2023\/08\/macar-yemekleri.jpg\" alt=\"Langos\" class=\"wp-image-40151\" srcset=\"https:\/\/blog.turkishairlines.com\/wp-content\/uploads\/2023\/08\/macar-yemekleri.jpg 784w, https:\/\/blog.turkishairlines.com\/wp-content\/uploads\/2023\/08\/macar-yemekleri-300x200.jpg 300w, https:\/\/blog.turkishairlines.com\/wp-content\/uploads\/2023\/08\/macar-yemekleri-150x100.jpg 150w, https:\/\/blog.turkishairlines.com\/wp-content\/uploads\/2023\/08\/macar-yemekleri-768x512.jpg 768w, https:\/\/blog.turkishairlines.com\/wp-content\/uploads\/2023\/08\/macar-yemekleri-696x464.jpg 696w\" sizes=\"auto, (max-width: 784px) 100vw, 784px\" \/><figcaption class=\"wp-element-caption\">Macar mutfa\u011f\u0131n\u0131n \u00fcnl\u00fc yeme\u011fi langos.<\/figcaption><\/figure>\n\n\n\n<p>Seyahatlerinin merkezine gastronomiyi alanlar\u0131n en sevdi\u011fi k\u0131sma geldik. Budape\u015fte\u2019ye gitmeden \u00f6nce \u201cNe yesek?\u201d diye d\u00fc\u015f\u00fcn\u00fcyorsan\u0131z Macar mutfa\u011f\u0131nda tatman\u0131z gereken en \u00f6zel lezzetleri sizin i\u00e7in s\u0131ralayaca\u011f\u0131z. Orta Avrupa mutfa\u011f\u0131n\u0131n karakteristik \u00f6zelliklerini ta\u015f\u0131yan Macar lezzetleri i\u00e7in peynir, s\u00fct ve et a\u011f\u0131rl\u0131kl\u0131 diyebiliriz. Ayr\u0131ca k\u0131rm\u0131z\u0131 biber de bu mutfak i\u00e7in olduk\u00e7a \u00f6nemli bir malzeme. \u015eimdi zengin se\u00e7enekler sunan bu mutfa\u011f\u0131n en g\u00fczel lezzetlerine g\u00f6z atabilirsiniz:&nbsp;<\/p>\n\n\n\n<ul class=\"wp-block-list\">\n<li>Gula\u015f<\/li>\n\n\n\n<li>Palacsinta (G\u00f6zleme)<\/li>\n\n\n\n<li>P\u00f6rk\u00f6lt (Tas kebab\u0131)<\/li>\n\n\n\n<li>Dobos torte (Kremal\u0131 pasta)<\/li>\n\n\n\n<li>So\u011fuk kiraz \u00e7orbas\u0131<\/li>\n\n\n\n<li>Langos (Hamur k\u0131zartma)<\/li>\n\n\n\n<li>Macar sosisi ve salam\u0131<\/li>\n<\/ul>\n\n\n\n<hr class=\"wp-block-separator has-text-color has-alpha-channel-opacity has-background is-style-wide\" style=\"background-color:#ebebeb;color:#ebebeb\"\/>\n\n\n\n<h2 class=\"wp-block-heading\"><strong>\u00d6nemli Budape\u015fte notlar\u0131<\/strong><\/h2>\n\n\n\n<figure class=\"wp-block-image size-full\"><img loading=\"lazy\" decoding=\"async\" width=\"784\" height=\"523\" src=\"https:\/\/blog.turkishairlines.com\/wp-content\/uploads\/2023\/08\/budapeste-ulasim.jpg\" alt=\"Budape\u015fte f\u00fcnik\u00fcler\" class=\"wp-image-40153\" srcset=\"https:\/\/blog.turkishairlines.com\/wp-content\/uploads\/2023\/08\/budapeste-ulasim.jpg 784w, https:\/\/blog.turkishairlines.com\/wp-content\/uploads\/2023\/08\/budapeste-ulasim-300x200.jpg 300w, https:\/\/blog.turkishairlines.com\/wp-content\/uploads\/2023\/08\/budapeste-ulasim-150x100.jpg 150w, https:\/\/blog.turkishairlines.com\/wp-content\/uploads\/2023\/08\/budapeste-ulasim-768x512.jpg 768w, https:\/\/blog.turkishairlines.com\/wp-content\/uploads\/2023\/08\/budapeste-ulasim-696x464.jpg 696w\" sizes=\"auto, (max-width: 784px) 100vw, 784px\" \/><figcaption class=\"wp-element-caption\">Budape\u015fte\u2019de Gellert Tepesi\u2019ne \u00e7\u0131kan f\u00fcnik\u00fcler hatt\u0131. <\/figcaption><\/figure>\n\n\n\n<p><a href=\"https:\/\/www.turkishairlines.com\/tr-int\/ucak-bileti\/budapeste-ucak-bileti\/?utm_source=tkblog&amp;utm_medium=referral&amp;utm_campaign=tkblogpostbookaticket\" data-type=\"URL\" data-id=\"https:\/\/www.turkishairlines.com\/tr-int\/ucak-bileti\/budapeste-ucak-bileti\/?utm_source=tkblog&amp;utm_medium=referral&amp;utm_campaign=tkblogpostbookaticket\" target=\"_blank\" rel=\"noreferrer noopener\">Budape\u015fte u\u00e7ak biletiniz<\/a> haz\u0131rsa \u015fehirle ilgili di\u011fer \u00f6nemli detaylar\u0131 bu k\u0131s\u0131mda veriyoruz. \u015eehir hayat\u0131n\u0131n daima canl\u0131l\u0131\u011f\u0131n\u0131 korudu\u011fu bu \u015fehirde konaklama ve ula\u015f\u0131mla ilgili ipu\u00e7lar\u0131n\u0131 a\u015fa\u011f\u0131da g\u00f6rebilirsiniz.&nbsp;<\/p>\n\n\n\n<h3 class=\"wp-block-heading\"><strong>Budape\u015fte\u2019de nerede kal\u0131n\u0131r?<\/strong><\/h3>\n\n\n\n<p>Budape\u015fte \u00e7ok fazla turist a\u011f\u0131rlad\u0131\u011f\u0131 i\u00e7in fazlas\u0131yla konaklama se\u00e7ene\u011fine sahip. L\u00fcks otellerden pansiyon ve hostellere kadar pek \u00e7ok se\u00e7ene\u011fin bulundu\u011fu Budape\u015fte\u2019de e\u011flence hayat\u0131n\u0131n merkezi olan Pe\u015fte taraf\u0131nda konaklaman\u0131z\u0131 \u00f6neririz. Buran\u0131n yan\u0131 s\u0131ra daha sakin bir konaklama i\u00e7in Buda Kale B\u00f6lgesi, ekonomik bir se\u00e7enek olarak Terezvaros taraf\u0131, turistik merkezlere yak\u0131nl\u0131\u011f\u0131yla da Jozsefvaros b\u00f6lgesi tercih edilebilir. Ayr\u0131ca bu s\u00fcreci kolayla\u015ft\u0131rmak i\u00e7in u\u00e7ak bileti ve otel rezervasyonunu tek kanaldan yapabilece\u011finiz <a href=\"https:\/\/www.turkishairlinesholidays.com\/tr-tr?utm_source=thyblog&amp;utm_medium=referral\" target=\"_blank\" data-type=\"URL\" data-id=\"https:\/\/www.turkishairlinesholidays.com\/tr-tr?utm_source=thyblog&amp;utm_medium=referral\" rel=\"noreferrer noopener nofollow\">Turkish Airlines Holidays<\/a> tatil paketlerine bakman\u0131z\u0131 tavsiye ediyoruz.&nbsp;<\/p>\n\n\n\n<h3 class=\"wp-block-heading\"><strong>Budape\u015fte\u2019de ula\u015f\u0131m nas\u0131l?<\/strong><\/h3>\n\n\n\n<p>Budape\u015fte ula\u015f\u0131m a\u00e7\u0131s\u0131ndan son derece kolay ve pratik bir kent. Metro, tramvay, otob\u00fcs, vapur, f\u00fcnik\u00fcler ve teleferik hatlar\u0131yla gitmek istedi\u011finiz her noktaya toplu ta\u015f\u0131mayla ula\u015fman\u0131z\u0131 sa\u011fl\u0131yor. Uzun s\u00fcreli ula\u015f\u0131m kart\u0131 alarak t\u00fcm toplu ta\u015f\u0131ma ara\u00e7lar\u0131n\u0131 ekonomik olarak kullanabilirsiniz.&nbsp;<\/p>\n\n\n\n<h3 class=\"wp-block-heading\"><strong>Budape\u015fte Ferenc Liszt Havaliman\u0131\u2019ndan \u015fehir merkezine ula\u015f\u0131m<\/strong><\/h3>\n\n\n\n<p>Budape\u015fte\u2019de toplam \u00fc\u00e7 tane havaliman\u0131 olmas\u0131na ra\u011fmen turistler taraf\u0131ndan Budape\u015fte Ferenc Liszt Havaliman\u0131 kullan\u0131l\u0131yor. Havaliman\u0131, \u015fehir merkezine yakla\u015f\u0131k 20 km mesafede bulunuyor. Havaliman\u0131ndan \u015fehir merkezine ula\u015fmak i\u00e7in havaliman\u0131 otob\u00fcslerini, 7\/24 hizmet veren taksileri ya da \u00f6zel transfer se\u00e7ene\u011fini kullanabilirsiniz.&nbsp;<\/p>\n\n\n\n<p><em>Keyifli seyahatler dileriz!<\/em><\/p>\n","protected":false},"excerpt":{"rendered":"<p>Ba\u015fl\u0131yoruz: K\u0131saca Budape\u015fte tarihi Budape\u015fte gezilecek yerleri ziyaret etmeden \u00f6nce kentin tarihine g\u00f6z atal\u0131m. Zira kenti gezerken \u00e7ok fazla tarihi yap\u0131 ve nokta g\u00f6receksiniz. \u015eimdi bu noktalar\u0131 daha bir anlamland\u0131rmak ve seyahatten daha \u00e7ok keyif alman\u0131z i\u00e7in Budape\u015fte tarihine k\u0131saca g\u00f6z ataca\u011f\u0131z.&nbsp; Avrupa\u2019n\u0131n ortas\u0131nda yer alan Budape\u015fte, Tuna Nehri\u2019nin iki k\u0131y\u0131s\u0131ndaki Buda ve Pe\u015fte b\u00f6lgelerinden [&hellip;]<\/p>\n","protected":false},"author":53,"featured_media":40155,"comment_status":"closed","ping_status":"closed","sticky":false,"template":"","format":"standard","meta":{"footnotes":""},"categories":[1106,611,648,591,574],"tags":[],"class_list":{"0":"post-40134","1":"post","2":"type-post","3":"status-publish","4":"format-standard","5":"has-post-thumbnail","7":"category-1-sehir-3-gun","8":"category-avrupa","9":"category-budapeste-gezi-rehberi","10":"category-sehir-tatili","11":"category-seyahat-ve-tatil-fikirleri"},"_links":{"self":[{"href":"https:\/\/blog.turkishairlines.com\/tr\/wp-json\/wp\/v2\/posts\/40134","targetHints":{"allow":["GET"]}}],"collection":[{"href":"https:\/\/blog.turkishairlines.com\/tr\/wp-json\/wp\/v2\/posts"}],"about":[{"href":"https:\/\/blog.turkishairlines.com\/tr\/wp-json\/wp\/v2\/types\/post"}],"author":[{"embeddable":true,"href":"https:\/\/blog.turkishairlines.com\/tr\/wp-json\/wp\/v2\/users\/53"}],"replies":[{"embeddable":true,"href":"https:\/\/blog.turkishairlines.com\/tr\/wp-json\/wp\/v2\/comments?post=40134"}],"version-history":[{"count":4,"href":"https:\/\/blog.turkishairlines.com\/tr\/wp-json\/wp\/v2\/posts\/40134\/revisions"}],"predecessor-version":[{"id":60287,"href":"https:\/\/blog.turkishairlines.com\/tr\/wp-json\/wp\/v2\/posts\/40134\/revisions\/60287"}],"wp:featuredmedia":[{"embeddable":true,"href":"https:\/\/blog.turkishairlines.com\/tr\/wp-json\/wp\/v2\/media\/40155"}],"wp:attachment":[{"href":"https:\/\/blog.turkishairlines.com\/tr\/wp-json\/wp\/v2\/media?parent=40134"}],"wp:term":[{"taxonomy":"category","embeddable":true,"href":"https:\/\/blog.turkishairlines.com\/tr\/wp-json\/wp\/v2\/categories?post=40134"},{"taxonomy":"post_tag","embeddable":true,"href":"https:\/\/blog.turkishairlines.com\/tr\/wp-json\/wp\/v2\/tags?post=40134"}],"curies":[{"name":"wp","href":"https:\/\/api.w.org\/{rel}","templated":true}]}}