{"id":40944,"date":"2026-03-26T10:18:04","date_gmt":"2026-03-26T07:18:04","guid":{"rendered":"https:\/\/blog.turkishairlines.com\/?p=40944"},"modified":"2026-04-01T10:30:32","modified_gmt":"2026-04-01T07:30:32","slug":"bir-zaman-yolculugu-cumalikizik-koyu","status":"publish","type":"post","link":"https:\/\/blog.turkishairlines.com\/tr\/bir-zaman-yolculugu-cumalikizik-koyu\/","title":{"rendered":"Bir zaman yolculu\u011fu: Cumal\u0131k\u0131z\u0131k K\u00f6y\u00fc"},"content":{"rendered":"\n<hr class=\"wp-block-separator has-text-color has-alpha-channel-opacity has-background is-style-wide\" style=\"background-color:#ebebeb;color:#ebebeb\"\/>\n\n\n\n<h2 class=\"wp-block-heading\"><strong>Cumal\u0131k\u0131z\u0131k hik\u00e2yesi ve tarihi<\/strong><\/h2>\n\n\n\n<figure class=\"wp-block-image size-full\"><img loading=\"lazy\" decoding=\"async\" width=\"784\" height=\"523\" src=\"https:\/\/blog.turkishairlines.com\/wp-content\/uploads\/2023\/10\/cumalikizik-tarihi-evleri-.jpg\" alt=\"cumalikizik tarihi evleri\" class=\"wp-image-40945\" srcset=\"https:\/\/blog.turkishairlines.com\/wp-content\/uploads\/2023\/10\/cumalikizik-tarihi-evleri-.jpg 784w, https:\/\/blog.turkishairlines.com\/wp-content\/uploads\/2023\/10\/cumalikizik-tarihi-evleri--300x200.jpg 300w, https:\/\/blog.turkishairlines.com\/wp-content\/uploads\/2023\/10\/cumalikizik-tarihi-evleri--150x100.jpg 150w, https:\/\/blog.turkishairlines.com\/wp-content\/uploads\/2023\/10\/cumalikizik-tarihi-evleri--768x512.jpg 768w, https:\/\/blog.turkishairlines.com\/wp-content\/uploads\/2023\/10\/cumalikizik-tarihi-evleri--696x464.jpg 696w\" sizes=\"auto, (max-width: 784px) 100vw, 784px\" \/><figcaption class=\"wp-element-caption\">Cumal\u0131k\u0131z\u0131k K\u00f6y\u00fc\u2019nde tarihi evler, geleneksel Osmanl\u0131 mimarisini yans\u0131t\u0131yor.<\/figcaption><\/figure>\n\n\n\n<p>Bursa&#8217;n\u0131n Y\u0131ld\u0131r\u0131m il\u00e7esinde yer alan Cumal\u0131k\u0131z\u0131k\u2019\u0131n tarihi 700 y\u0131l \u00f6ncesine dayan\u0131yor. Osmanl\u0131 \u0130mparatorlu\u011fu\u2019nun kurulu\u015f y\u0131llar\u0131na tan\u0131kl\u0131k eden bu tarihi k\u00f6y, 1300\u2019l\u00fc y\u0131llarda O\u011fuzlar\u0131n K\u0131z\u0131k boyu taraf\u0131ndan kurulmu\u015f.&nbsp;<\/p>\n\n\n\n<p>\u0130mparatorlu\u011fun erken d\u00f6nem sivil mimari \u00f6rneklerinin bulundu\u011fu k\u00f6y, o d\u00f6nemde b\u00f6lgede kurulan yedi k\u0131z\u0131k k\u00f6y\u00fcnden biriymi\u015f. \u201cK\u0131z\u0131k\u201d s\u00f6zc\u00fc\u011f\u00fcn\u00fcn, da\u011f eteklerine kurulan k\u00f6yler i\u00e7in kullan\u0131ld\u0131\u011f\u0131 biliniyor. Bu k\u00f6ylerden g\u00fcn\u00fcm\u00fcze de\u011fin ula\u015fanlar ise Cumal\u0131k\u0131z\u0131k, Derek\u0131z\u0131k, Hamaml\u0131k\u0131z\u0131k, Fidyek\u0131z\u0131k ve De\u011firmenlik\u0131z\u0131k k\u00f6yleri olmu\u015f.<\/p>\n\n\n\n<p>Orijinal dokusu olduk\u00e7a iyi korunmu\u015f olan Cumal\u0131k\u0131z\u0131k, rivayete g\u00f6re o d\u00f6nemde k\u0131z\u0131k k\u00f6ylerindeki halk\u0131n cuma namaz\u0131 i\u00e7in topland\u0131\u011f\u0131 yer olmas\u0131 neticesinde bu ismi alm\u0131\u015f.&nbsp;<\/p>\n\n\n\n<p>K\u00f6y\u00fcn bu e\u015fsiz dokusu, onu d\u00fcnya \u00e7ap\u0131nda bir de\u011fer haline getiriyor. E\u011fer T\u00fcrkiye\u2019nin bu prestijli listedeki di\u011fer b\u00fcy\u00fcleyici duraklar\u0131n\u0131 da merak ediyorsan\u0131z,<a href=\"https:\/\/blog.turkishairlines.com\/tr\/unesco-miras-listesine-giren-eserler\/\" target=\"_blank\" rel=\"noreferrer noopener\"> UNESCO D\u00fcnya Miras\u0131 Listesi\u2019ne giren eserler<\/a> yaz\u0131m\u0131za mutlaka g\u00f6z atman\u0131z\u0131 \u00f6neririz.<\/p>\n\n\n\n<hr class=\"wp-block-separator has-text-color has-alpha-channel-opacity has-background is-style-wide\" style=\"background-color:#ebebeb;color:#ebebeb\"\/>\n\n\n\n<h2 class=\"wp-block-heading\"><strong>Cumal\u0131k\u0131z\u0131k nerededir?<\/strong><\/h2>\n\n\n\n<figure class=\"wp-block-image size-full\"><img loading=\"lazy\" decoding=\"async\" width=\"784\" height=\"523\" src=\"https:\/\/blog.turkishairlines.com\/wp-content\/uploads\/2023\/10\/cumalikizik-gezilecek-yerler-dukkanlar.jpg\" alt=\"cumalikizik gezilecek dukkanlar\n\" class=\"wp-image-40947\" srcset=\"https:\/\/blog.turkishairlines.com\/wp-content\/uploads\/2023\/10\/cumalikizik-gezilecek-yerler-dukkanlar.jpg 784w, https:\/\/blog.turkishairlines.com\/wp-content\/uploads\/2023\/10\/cumalikizik-gezilecek-yerler-dukkanlar-300x200.jpg 300w, https:\/\/blog.turkishairlines.com\/wp-content\/uploads\/2023\/10\/cumalikizik-gezilecek-yerler-dukkanlar-150x100.jpg 150w, https:\/\/blog.turkishairlines.com\/wp-content\/uploads\/2023\/10\/cumalikizik-gezilecek-yerler-dukkanlar-768x512.jpg 768w, https:\/\/blog.turkishairlines.com\/wp-content\/uploads\/2023\/10\/cumalikizik-gezilecek-yerler-dukkanlar-696x464.jpg 696w\" sizes=\"auto, (max-width: 784px) 100vw, 784px\" \/><figcaption class=\"wp-element-caption\">Cumal\u0131k\u0131z\u0131k\u2019taki d\u00fckkanlardan ev yap\u0131m\u0131 geleneksel \u00fcr\u00fcnler al\u0131nabilir. <\/figcaption><\/figure>\n\n\n\n<p>Cumal\u0131k\u0131z\u0131k K\u00f6y\u00fc Bursa\u2019n\u0131n Y\u0131ld\u0131r\u0131m il\u00e7esinde yer al\u0131yor. K\u00f6y Uluda\u011f\u2019\u0131n kuzey eteklerinde, Bursa kent merkezine yakla\u015f\u0131k 10 km mesafede bulunuyor.&nbsp;<\/p>\n\n\n\n<h3 class=\"wp-block-heading\"><strong>Cumal\u0131k\u0131z\u0131k\u2019a nas\u0131l gidilir?<\/strong><\/h3>\n\n\n\n<p>\u0130stanbul\u2019dan geliyorsan\u0131z deniz havas\u0131 almak en g\u00fczel se\u00e7eneklerin ba\u015f\u0131nda geliyor. Yenikap\u0131 veya Kad\u0131k\u00f6y\u2019den kalkan \u0130DO veya BUDO feribotlar\u0131yla Mudanya\u2019ya ula\u015ft\u0131ktan sonra, Bursa metrosu (BursaRay) ile Cumal\u0131k\u0131z\u0131k-De\u011firmen\u00f6n\u00fc istasyonuna kadar gelebilirsiniz. Buradan kap\u0131 \u00f6n\u00fcnde bekleyen minib\u00fcslerle sadece 10 dakikada k\u00f6y\u00fcn merkezine varmak m\u00fcmk\u00fcn.<\/p>\n\n\n\n<p>Kendi arac\u0131n\u0131zla yola \u00e7\u0131kmak isterseniz, Osmangazi K\u00f6pr\u00fcs\u00fc \u00fczerinden yakla\u015f\u0131k 155 km\u2019lik bir yol sizi bekliyor. Trafik durumuna g\u00f6re 1.5 ile 2 saat aras\u0131nda s\u00fcren bu yolculu\u011fun sonunda, k\u00f6y giri\u015findeki d\u00fczenli otopark alanlar\u0131na arac\u0131n\u0131z\u0131 b\u0131rakabilirsiniz. Ancak unutmay\u0131n; \u00f6zellikle hafta sonlar\u0131 yer bulmak i\u00e7in sabah\u0131n erken saatlerinde orada olmak gerekebiliyor. \u015eehir merkezinden gelecek misafirler i\u00e7in de minib\u00fcsler yakla\u015f\u0131k 20 dakikada sizi do\u011frudan tarihi meydana ula\u015ft\u0131r\u0131yor.<\/p>\n\n\n\n<hr class=\"wp-block-separator has-text-color has-alpha-channel-opacity has-background is-style-wide\" style=\"background-color:#ebebeb;color:#ebebeb\"\/>\n\n\n\n<h2 class=\"wp-block-heading\"><strong>Cumal\u0131k\u0131z\u0131k K\u00f6y\u00fc gezilecek yerler<\/strong><\/h2>\n\n\n\n<figure class=\"wp-block-image size-full\"><img loading=\"lazy\" decoding=\"async\" width=\"784\" height=\"523\" src=\"https:\/\/blog.turkishairlines.com\/wp-content\/uploads\/2023\/10\/cumalikizik-koyu-meydani-.jpg\" alt=\"cumalikizik koyu meydan\u0131\n\" class=\"wp-image-40949\" srcset=\"https:\/\/blog.turkishairlines.com\/wp-content\/uploads\/2023\/10\/cumalikizik-koyu-meydani-.jpg 784w, https:\/\/blog.turkishairlines.com\/wp-content\/uploads\/2023\/10\/cumalikizik-koyu-meydani--300x200.jpg 300w, https:\/\/blog.turkishairlines.com\/wp-content\/uploads\/2023\/10\/cumalikizik-koyu-meydani--150x100.jpg 150w, https:\/\/blog.turkishairlines.com\/wp-content\/uploads\/2023\/10\/cumalikizik-koyu-meydani--768x512.jpg 768w, https:\/\/blog.turkishairlines.com\/wp-content\/uploads\/2023\/10\/cumalikizik-koyu-meydani--696x464.jpg 696w\" sizes=\"auto, (max-width: 784px) 100vw, 784px\" \/><figcaption class=\"wp-element-caption\">Cumal\u0131k\u0131z\u0131k k\u00f6y meydan\u0131.\n<\/figcaption><\/figure>\n\n\n\n<h3 class=\"wp-block-heading\"><strong>Tarihi Cumal\u0131k\u0131z\u0131k Evleri<\/strong><\/h3>\n\n\n\n<p>Tarihi Cumal\u0131k\u0131z\u0131k evleri, \u201cCumal\u0131k\u0131z\u0131k neden me\u015fhur?\u201d sorusunun yan\u0131tlar\u0131ndan yaln\u0131zca biri. K\u00f6y\u00fcn sembollerinden olan bu \u00e7o\u011fu cumbal\u0131 evleri gezerken kendinizi bir zaman yolculu\u011funda hissetmeniz m\u00fcmk\u00fcn.&nbsp;<\/p>\n\n\n\n<h3 class=\"wp-block-heading\"><strong>Cumal\u0131k\u0131z\u0131k Cami<\/strong><\/h3>\n\n\n\n<p>K\u00f6y meydan\u0131nda bulunan ve Cumal\u0131k\u0131z\u0131k&#8217;\u0131n en eski yap\u0131lar\u0131ndan biri olan Cumal\u0131k\u0131z\u0131k Cami, 1396 y\u0131l\u0131nda in\u015fa edilmi\u015f. Caminin tek \u015ferefeli minaresinin Osmanl\u0131 mimarisinin en g\u00fczel \u00f6rneklerinden biri oldu\u011funu s\u00f6yleyebiliriz. Cami, Cumal\u0131k\u0131z\u0131k\u2019ta gezilecek yerler aras\u0131nda \u00f6ne \u00e7\u0131k\u0131yor<\/p>\n\n\n\n<h3 class=\"wp-block-heading\"><strong>Cumal\u0131k\u0131z\u0131k Hamam\u0131<\/strong><\/h3>\n\n\n\n<p>15. y\u00fczy\u0131lda in\u015fa edilen Cumal\u0131k\u0131z\u0131k Hamam\u0131, tipik bir Osmanl\u0131 hamam\u0131. Moloz ta\u015ftan edilen tarihi hamam, Cumal\u0131k\u0131z\u0131k Cami ile birlikte k\u00f6y meydan\u0131nda yer al\u0131yor.&nbsp;&nbsp;<\/p>\n\n\n\n<h3 class=\"wp-block-heading\"><strong>Cumal\u0131k\u0131z\u0131k Etnografya M\u00fczesi<\/strong><\/h3>\n\n\n\n<p>Cumal\u0131k\u0131z\u0131k Etnografya M\u00fczesi, geleneksel Osmanl\u0131 k\u00f6y ya\u015fam\u0131n\u0131n \u00f6zelliklerini ba\u015far\u0131l\u0131 bir bi\u00e7imde yans\u0131t\u0131yor. M\u00fczede Osmanl\u0131 d\u00f6neminden kalma k\u0131yafetler, ev e\u015fyalar\u0131, mutfak gere\u00e7leri ve el sanatlar\u0131 \u00fcr\u00fcnleri sergileniyor. Cumal\u0131k\u0131z\u0131k Etnografya M\u00fczesi pazartesi g\u00fcnleri hari\u00e7 haftan\u0131n alt\u0131 g\u00fcn\u00fc ziyaret edilebilir.&nbsp;<\/p>\n\n\n\n<h3 class=\"wp-block-heading\"><strong>K\u00fcpeli Ev<\/strong><\/h3>\n\n\n\n<p>17. y\u00fczy\u0131lda in\u015fa edilen K\u00fcpeli Ev, Cumal\u0131k\u0131z\u0131k&#8217;\u0131n en \u00f6nemli tarihi yap\u0131lar\u0131ndan biri olmas\u0131n\u0131n yan\u0131nda k\u00f6y\u00fcn en eski evi. 14 nesildir kullan\u0131lan K\u00fcpeli Ev, ku\u015fkusuz Cumak\u0131z\u0131k\u2019ta gezilecek yerler aras\u0131nda ilk s\u0131ralarda.&nbsp;<\/p>\n\n\n\n<h3 class=\"wp-block-heading\"><strong>Saitabat \u015eelalesi<\/strong><\/h3>\n\n\n\n<p>Cumal\u0131k\u0131z\u0131k K\u00f6y\u00fc\u2019ne gitmi\u015fken k\u00f6ye 15 km mesafede bir do\u011fa harikas\u0131 olan Saitabat \u015eelalesi\u2019ni de g\u00f6rebilirsiniz; zira yakla\u015f\u0131k 20 metre y\u00fckseklikten d\u00f6k\u00fclen \u015felale, g\u00f6z al\u0131c\u0131 g\u00f6r\u00fcnt\u00fcler olu\u015fturuyor. Saitabat \u015eelalesi\u2019ne Cumal\u0131k\u0131z\u0131k K\u00f6y\u00fc\u2019nden kalkan minib\u00fcslerle ula\u015f\u0131labiliyor.&nbsp;<\/p>\n\n\n\n<h3 class=\"wp-block-heading\"><strong>Cumal\u0131k\u0131z\u0131k\u2019ta al\u0131\u015fveri\u015f<\/strong><\/h3>\n\n\n\n<p>Cumal\u0131k\u0131z\u0131k K\u00f6y\u00fc\u2019nde el yap\u0131m\u0131 e\u015fyalar ve ev yap\u0131m\u0131 g\u0131dalar olduk\u00e7a reva\u00e7ta. Sabundan el \u00f6rg\u00fcs\u00fc i\u015flere, tur\u015fudan kahvalt\u0131l\u0131klara pek \u00e7ok otantik \u00fcr\u00fcn\u00fc k\u00f6y\u00fcn giri\u015findeki pazar yerinden ve \u00e7e\u015fitli d\u00fckkanlardan sat\u0131n alabilirsiniz.&nbsp;<\/p>\n\n\n\n<hr class=\"wp-block-separator has-text-color has-alpha-channel-opacity has-background is-style-wide\" style=\"background-color:#ebebeb;color:#ebebeb\"\/>\n\n\n\n<h2 class=\"wp-block-heading\"><strong>Cumal\u0131k\u0131z\u0131k\u2019ta ne yenir?<\/strong><\/h2>\n\n\n\n<figure class=\"wp-block-image size-full\"><img loading=\"lazy\" decoding=\"async\" width=\"784\" height=\"523\" src=\"https:\/\/blog.turkishairlines.com\/wp-content\/uploads\/2023\/10\/cumalikizik-serpme-kahvalti-.jpg\" alt=\"cumal\u0131k\u0131z\u0131k serpme kahvalt\u0131\" class=\"wp-image-40951\" srcset=\"https:\/\/blog.turkishairlines.com\/wp-content\/uploads\/2023\/10\/cumalikizik-serpme-kahvalti-.jpg 784w, https:\/\/blog.turkishairlines.com\/wp-content\/uploads\/2023\/10\/cumalikizik-serpme-kahvalti--300x200.jpg 300w, https:\/\/blog.turkishairlines.com\/wp-content\/uploads\/2023\/10\/cumalikizik-serpme-kahvalti--150x100.jpg 150w, https:\/\/blog.turkishairlines.com\/wp-content\/uploads\/2023\/10\/cumalikizik-serpme-kahvalti--768x512.jpg 768w, https:\/\/blog.turkishairlines.com\/wp-content\/uploads\/2023\/10\/cumalikizik-serpme-kahvalti--696x464.jpg 696w\" sizes=\"auto, (max-width: 784px) 100vw, 784px\" \/><figcaption class=\"wp-element-caption\">Cumal\u0131k\u0131z\u0131k\u2019ta serpme kahvalt\u0131 olduk\u00e7a me\u015fhur. <\/figcaption><\/figure>\n\n\n\n<p>E\u011fer Cumal\u0131k\u0131z\u0131k\u2019a gelip de o me\u015fhur serpme kahvalt\u0131y\u0131 yapmazsan\u0131z, geziniz eksik kalm\u0131\u015f say\u0131l\u0131r. Masaya gelen ev yap\u0131m\u0131 re\u00e7eller, \u00f6zellikle de ahududu re\u00e7eli, taze k\u00f6y ekme\u011fi ve s\u0131cac\u0131k g\u00f6zlemeler sizi mest edecek. Hafta sonlar\u0131 \u00e7ok kalabal\u0131k oldu\u011fu i\u00e7in kahvalt\u0131 plan\u0131n\u0131z\u0131 sabah 09:00 civar\u0131na yapman\u0131z, huzurlu bir sofra i\u00e7in en iyi tercih. D\u00f6n\u00fc\u015f yoluna ge\u00e7meden \u00f6nce k\u00f6y pazar\u0131ndan ev yap\u0131m\u0131 tarhana, eri\u015fte ve me\u015fhur ahududu \u015furubundan almay\u0131 unutmay\u0131n; bu lezzetleri evinize ta\u015f\u0131mak geziyi \u00e7ok daha unutulmaz k\u0131labilir.<\/p>\n\n\n\n<hr class=\"wp-block-separator has-text-color has-alpha-channel-opacity has-background is-style-wide\" style=\"background-color:#ebebeb;color:#ebebeb\"\/>\n\n\n\n<h2 class=\"wp-block-heading\"><strong>Cumal\u0131k\u0131z\u0131k gezisi ipu\u00e7lar\u0131<\/strong><\/h2>\n\n\n\n<p>Cumal\u0131k\u0131z\u0131k gezisinin tad\u0131n\u0131 tam anlam\u0131yla \u00e7\u0131karmak i\u00e7in dikkat edilmesi gereken birka\u00e7 k\u00fc\u00e7\u00fck detay var. \u00d6ncelikle sokaklar orijinal &#8220;arnavut kald\u0131r\u0131m\u0131&#8221; ta\u015flarla kapl\u0131 oldu\u011fu i\u00e7in topuklu ayakkab\u0131lar\u0131 evde b\u0131rak\u0131p en rahat spor ayakkab\u0131lar\u0131n\u0131z\u0131 giymeniz \u00e7ok \u00f6nemli. Foto\u011fraf merakl\u0131lar\u0131 i\u00e7in en b\u00fcy\u00fcleyici \u0131\u015f\u0131k sabah\u0131n ilk saatlerinde veya g\u00fcn bat\u0131m\u0131 \u00f6ncesindeki &#8220;alt\u0131n saat&#8221; diliminde yakalan\u0131yor. En \u00f6nemlisi ise buran\u0131n ya\u015fayan bir k\u00f6y oldu\u011funu unutmamak gerekiyor. \u0130nsanlar\u0131n h\u00e2l\u00e2 bu tarihi evlerde ya\u015fad\u0131\u011f\u0131n\u0131 bilerek, avlulara girerken izin istemek ve yerel hayata sayg\u0131 g\u00f6stermek bu masals\u0131 atmosferi koruman\u0131n en g\u00fczel yolu.<\/p>\n","protected":false},"excerpt":{"rendered":"<p>Cumal\u0131k\u0131z\u0131k hik\u00e2yesi ve tarihi Bursa&#8217;n\u0131n Y\u0131ld\u0131r\u0131m il\u00e7esinde yer alan Cumal\u0131k\u0131z\u0131k\u2019\u0131n tarihi 700 y\u0131l \u00f6ncesine dayan\u0131yor. Osmanl\u0131 \u0130mparatorlu\u011fu\u2019nun kurulu\u015f y\u0131llar\u0131na tan\u0131kl\u0131k eden bu tarihi k\u00f6y, 1300\u2019l\u00fc y\u0131llarda O\u011fuzlar\u0131n K\u0131z\u0131k boyu taraf\u0131ndan kurulmu\u015f.&nbsp; \u0130mparatorlu\u011fun erken d\u00f6nem sivil mimari \u00f6rneklerinin bulundu\u011fu k\u00f6y, o d\u00f6nemde b\u00f6lgede kurulan yedi k\u0131z\u0131k k\u00f6y\u00fcnden biriymi\u015f. \u201cK\u0131z\u0131k\u201d s\u00f6zc\u00fc\u011f\u00fcn\u00fcn, da\u011f eteklerine kurulan k\u00f6yler i\u00e7in kullan\u0131ld\u0131\u011f\u0131 [&hellip;]<\/p>\n","protected":false},"author":53,"featured_media":40953,"comment_status":"closed","ping_status":"closed","sticky":false,"template":"","format":"standard","meta":{"footnotes":""},"categories":[919,574,580,1160,495],"tags":[],"class_list":{"0":"post-40944","1":"post","2":"type-post","3":"status-publish","4":"format-standard","5":"has-post-thumbnail","7":"category-bursa-gezi-rehberi","8":"category-seyahat-ve-tatil-fikirleri","9":"category-gezilecek-tarihi-yerler-ve-rotalar","10":"category-turkiye","11":"category-yerler"},"_links":{"self":[{"href":"https:\/\/blog.turkishairlines.com\/tr\/wp-json\/wp\/v2\/posts\/40944","targetHints":{"allow":["GET"]}}],"collection":[{"href":"https:\/\/blog.turkishairlines.com\/tr\/wp-json\/wp\/v2\/posts"}],"about":[{"href":"https:\/\/blog.turkishairlines.com\/tr\/wp-json\/wp\/v2\/types\/post"}],"author":[{"embeddable":true,"href":"https:\/\/blog.turkishairlines.com\/tr\/wp-json\/wp\/v2\/users\/53"}],"replies":[{"embeddable":true,"href":"https:\/\/blog.turkishairlines.com\/tr\/wp-json\/wp\/v2\/comments?post=40944"}],"version-history":[{"count":7,"href":"https:\/\/blog.turkishairlines.com\/tr\/wp-json\/wp\/v2\/posts\/40944\/revisions"}],"predecessor-version":[{"id":60730,"href":"https:\/\/blog.turkishairlines.com\/tr\/wp-json\/wp\/v2\/posts\/40944\/revisions\/60730"}],"wp:featuredmedia":[{"embeddable":true,"href":"https:\/\/blog.turkishairlines.com\/tr\/wp-json\/wp\/v2\/media\/40953"}],"wp:attachment":[{"href":"https:\/\/blog.turkishairlines.com\/tr\/wp-json\/wp\/v2\/media?parent=40944"}],"wp:term":[{"taxonomy":"category","embeddable":true,"href":"https:\/\/blog.turkishairlines.com\/tr\/wp-json\/wp\/v2\/categories?post=40944"},{"taxonomy":"post_tag","embeddable":true,"href":"https:\/\/blog.turkishairlines.com\/tr\/wp-json\/wp\/v2\/tags?post=40944"}],"curies":[{"name":"wp","href":"https:\/\/api.w.org\/{rel}","templated":true}]}}