{"id":41698,"date":"2024-01-19T10:19:38","date_gmt":"2024-01-19T07:19:38","guid":{"rendered":"https:\/\/blog.turkishairlines.com\/?p=41698"},"modified":"2024-01-19T10:20:31","modified_gmt":"2024-01-19T07:20:31","slug":"benzersiz-bir-cosku-esliginde-avrupanin-en-guzel-noel-pazarlari","status":"publish","type":"post","link":"https:\/\/blog.turkishairlines.com\/tr\/benzersiz-bir-cosku-esliginde-avrupanin-en-guzel-noel-pazarlari\/","title":{"rendered":"Benzersiz bir co\u015fku e\u015fli\u011finde Avrupa&#8217;n\u0131n en g\u00fczel Noel pazarlar\u0131"},"content":{"rendered":"\n<hr class=\"wp-block-separator has-text-color has-alpha-channel-opacity has-background is-style-wide\" style=\"background-color:#ebebeb;color:#ebebeb\"\/>\n\n\n\n<h2 class=\"wp-block-heading\"><strong>Noel pazarlar\u0131 hakk\u0131nda birka\u00e7 not<\/strong><\/h2>\n\n\n\n<figure class=\"wp-block-image size-full is-resized\"><img loading=\"lazy\" decoding=\"async\" src=\"https:\/\/blog.turkishairlines.com\/wp-content\/uploads\/2024\/01\/noel-pazarlari-alisveris.jpg\" alt=\"Noel pazar\u0131\n\" class=\"wp-image-41699\" width=\"784\" height=\"523\" srcset=\"https:\/\/blog.turkishairlines.com\/wp-content\/uploads\/2024\/01\/noel-pazarlari-alisveris.jpg 784w, https:\/\/blog.turkishairlines.com\/wp-content\/uploads\/2024\/01\/noel-pazarlari-alisveris-300x200.jpg 300w, https:\/\/blog.turkishairlines.com\/wp-content\/uploads\/2024\/01\/noel-pazarlari-alisveris-150x100.jpg 150w, https:\/\/blog.turkishairlines.com\/wp-content\/uploads\/2024\/01\/noel-pazarlari-alisveris-768x512.jpg 768w, https:\/\/blog.turkishairlines.com\/wp-content\/uploads\/2024\/01\/noel-pazarlari-alisveris-696x464.jpg 696w\" sizes=\"auto, (max-width: 784px) 100vw, 784px\" \/><figcaption class=\"wp-element-caption\">Noel pazar\u0131nda \u015fekerleme sat\u0131n alan kad\u0131n.\n<\/figcaption><\/figure>\n\n\n\n<ul class=\"wp-block-list\">\n<li>Noel pazarlar\u0131n\u0131n \u00f6nc\u00fcs\u00fc, 1298 y\u0131l\u0131nda Viyana\u2019da aral\u0131k ay\u0131nda kurulan pazar olarak biliniyor.&nbsp;<\/li>\n\n\n\n<li>Almanya\u2019da ise Noel pazarlar\u0131n\u0131n tarihi 1384 y\u0131l\u0131na dayan\u0131yor. Bautzen\u2019de kurulan pazar, ba\u015fta sadece et sat\u0131\u015f\u0131 yapsa da sonraki d\u00f6nemlerde ikramlar ve s\u00fcslemeler a\u00e7\u0131s\u0131ndan geli\u015fiyor.&nbsp;<\/li>\n\n\n\n<li>Noel pazarlar\u0131, 16.y\u00fczy\u0131lda daha pop\u00fcler hale geliyor. Bu pazarlar\u0131n daha \u015fenlikli olup g\u00fcn\u00fcm\u00fczdeki haline benzemesi de bu d\u00f6neme tekab\u00fcl ediyor.&nbsp;<\/li>\n\n\n\n<li>Noel pazarlar\u0131, Avrupa\u2019da 23-24 Kas\u0131m civar\u0131nda kurulmaya ba\u015flan\u0131yor ve genellikle 24 Aral\u0131k ya da ocak ay\u0131 ba\u015f\u0131na kadar a\u00e7\u0131k kal\u0131yor.<\/li>\n<\/ul>\n\n\n\n<h3 class=\"wp-block-heading\"><strong>Noel pazarlar\u0131nda neler yap\u0131l\u0131r?<\/strong><\/h3>\n\n\n\n<p>Minik minik k\u0131rm\u0131z\u0131 kul\u00fcbelerin, dev y\u0131lba\u015f\u0131 a\u011fa\u00e7lar\u0131n\u0131n ve rengarenk \u0131\u015f\u0131klar\u0131n bulundu\u011fu Noel pazarlar\u0131, Aral\u0131k ay\u0131nda turistleri ve yerel halk\u0131 Avrupa\u2019n\u0131n \u00fcnl\u00fc meydanlar\u0131nda bir araya getiriyor. Yeni y\u0131l co\u015fkusuyla meydanlarda bulu\u015fan kalabal\u0131k, Noel pazarlar\u0131nda al\u0131\u015fveri\u015f yap\u0131yor. \u00dclkelerin k\u00fclt\u00fcrlerine g\u00f6re sat\u0131lan hediyelik e\u015fyalar, Noel ruhunu yans\u0131tan objeler, nostaljik atl\u0131 kar\u0131ncalar ve yerel lezzetlerle s\u00fcslenen tezgahlar, herkesi e\u011flenceli bir gezintiye davet ediyor. Noel pazarlar\u0131n\u0131 ziyaret etti\u011finizde sevdiklerinize birbirinden g\u00fczel hediyeler alabilir, yepyeni lezzetler tadabilir ve bol bol foto\u011fraf \u00e7ekebilirsiniz!&nbsp;<\/p>\n\n\n\n<p>\u0130\u015fte lapa lapa ya\u011fan kar e\u015fli\u011finde Almanya\u2019dan Fransa\u2019ya, \u0130talya\u2019dan Danimarka\u2019ya kadar Avrupa\u2019n\u0131n en iyi Noel pazarlar\u0131:&nbsp;<\/p>\n\n\n\n<hr class=\"wp-block-separator has-text-color has-alpha-channel-opacity has-background is-style-wide\" style=\"background-color:#ebebeb;color:#ebebeb\"\/>\n\n\n\n<h2 class=\"wp-block-heading\"><strong>Strazburg, Fransa<\/strong><\/h2>\n\n\n\n<p>Noel pazarlar\u0131 turumuza Strazburg\u2019dan ba\u015fl\u0131yoruz! Avrupa\u2019n\u0131n en eski Noel pazarlar\u0131na ev sahipli\u011fi yapan \u015fehirde bu pazarlar, Christkindelsmarik ismiyle an\u0131l\u0131yor. 1570 y\u0131l\u0131ndan beri farkl\u0131 noktalara kurulan ve Strazburg\u2019u \u0131\u015f\u0131l \u0131\u015f\u0131l bir co\u015fkuyla bulu\u015fturan Noel pazarlar\u0131 bu \u015fehirde ger\u00e7ekten bir ba\u015fka g\u00fczel. Ayr\u0131ca Strazburg\u2019da \u015fehir merkezindeki bir\u00e7ok nokta ara\u00e7 trafi\u011fine kapal\u0131 oldu\u011fu i\u00e7in farkl\u0131 Noel pazarlar\u0131n\u0131 y\u00fcr\u00fcyerek rahatl\u0131kla ke\u015ffedebilir; birbirinden sevimli hediyelik e\u015fyalar alarak ve k\u0131\u015fa \u00f6zg\u00fc lezzetler deneyerek tezgahlar\u0131n aras\u0131nda dola\u015f\u0131p o masals\u0131 atmosferin tad\u0131n\u0131 \u00e7\u0131karabilirsiniz.&nbsp;<\/p>\n\n\n\n<hr class=\"wp-block-separator has-text-color has-alpha-channel-opacity has-background is-style-wide\" style=\"background-color:#ebebeb;color:#ebebeb\"\/>\n\n\n\n<h2 class=\"wp-block-heading\"><strong>Prag, \u00c7ek Cumhuriyeti<\/strong><\/h2>\n\n\n\n<figure class=\"wp-block-image size-full\"><img loading=\"lazy\" decoding=\"async\" width=\"784\" height=\"523\" src=\"https:\/\/blog.turkishairlines.com\/wp-content\/uploads\/2024\/01\/prag-noel-pazari.jpg\" alt=\"Prag Noel pazar\u0131\n\" class=\"wp-image-41701\" srcset=\"https:\/\/blog.turkishairlines.com\/wp-content\/uploads\/2024\/01\/prag-noel-pazari.jpg 784w, https:\/\/blog.turkishairlines.com\/wp-content\/uploads\/2024\/01\/prag-noel-pazari-300x200.jpg 300w, https:\/\/blog.turkishairlines.com\/wp-content\/uploads\/2024\/01\/prag-noel-pazari-150x100.jpg 150w, https:\/\/blog.turkishairlines.com\/wp-content\/uploads\/2024\/01\/prag-noel-pazari-768x512.jpg 768w, https:\/\/blog.turkishairlines.com\/wp-content\/uploads\/2024\/01\/prag-noel-pazari-696x464.jpg 696w\" sizes=\"auto, (max-width: 784px) 100vw, 784px\" \/><figcaption class=\"wp-element-caption\">Prag Noel pazar\u0131nda sat\u0131lan zencefilli kurabiye.<\/figcaption><\/figure>\n\n\n\n<p>Avrupa\u2019daki Noel pazarlar\u0131 ke\u015ffimize Prag\u2019dan devam ediyoruz. Prag\u2019\u0131n Eski \u015eehir taraf\u0131ndaki tarihi kent meydan\u0131nda kurulan Noel pazar\u0131 \u015fehrin gotik karakterine renk kat\u0131yor. \u00d6zenle s\u00fcslenmi\u015f devasa \u00e7am a\u011fac\u0131 ve&nbsp; Prag\u2019\u0131n \u00fcnl\u00fc kuklalar\u0131 ba\u015fta olmak \u00fczere farkl\u0131 e\u015fyalar\u0131n sat\u0131ld\u0131\u011f\u0131 stantlar \u015fehre apayr\u0131 bir hava kat\u0131yor. \u00c7ek Cumhuriyeti\u2019nin zaman yolculu\u011funa \u00e7\u0131karan g\u00fczel ba\u015fkentini bu d\u00f6nemde mutlaka g\u00f6rmenizi tavsiye ediyoruz. Hele bir de pamuk gibi kar ya\u011f\u0131yorsa \u015fehrin me\u015fhur tatl\u0131s\u0131 trdelnik ve Noel \u015fark\u0131lar\u0131 e\u015fli\u011finde gezintiye \u00e7\u0131kmak e\u015fsiz bir keyif ya\u015fatacakt\u0131r. <a href=\"https:\/\/blog.turkishairlines.com\/tr\/1-sehir-3-gun-prag\/\">Prag<\/a>, yeni y\u0131l ruhunu ya\u015famak i\u00e7in ideal bir rota!<\/p>\n\n\n\n<hr class=\"wp-block-separator has-text-color has-alpha-channel-opacity has-background is-style-wide\" style=\"background-color:#ebebeb;color:#ebebeb\"\/>\n\n\n\n<h2 class=\"wp-block-heading\"><strong>Br\u00fcksel, Bel\u00e7ika<\/strong><\/h2>\n\n\n\n<p>Avrupa\u2019n\u0131n en iyi Noel pazarlar\u0131ndan biri de Bel\u00e7ika\u2019n\u0131n ba\u015fkenti Br\u00fcksel\u2019de kuruluyor. 15.y\u00fczy\u0131ldan kalan Grand Place, Noel al\u0131\u015fveri\u015finin merkezi olarak kabul ediliyor. Le Marche de Noel olarak da bilinen pazar, \u0131\u015f\u0131lt\u0131l\u0131 ve g\u00f6rkemli \u00e7am a\u011fac\u0131, hediyelik e\u015fya ve \u00e7e\u015fitli yiyecekler satan k\u00fc\u00e7\u00fck kul\u00fcbeleriyle g\u00f6z kama\u015ft\u0131r\u0131yor. Br\u00fcksel\u2019deki Noel pazar\u0131n\u0131n tad\u0131n\u0131 \u00e7\u0131kard\u0131ktan sonra sokaklar\u0131 ke\u015ffedebilir; waffle ve \u00e7ikolata gibi Bel\u00e7ika lezzetlerinin tad\u0131na bakabilirsiniz.&nbsp;<\/p>\n\n\n\n<hr class=\"wp-block-separator has-text-color has-alpha-channel-opacity has-background is-style-wide\" style=\"background-color:#ebebeb;color:#ebebeb\"\/>\n\n\n\n<h2 class=\"wp-block-heading\"><strong>Paris, Fransa<\/strong><\/h2>\n\n\n\n<p>Romantizmin ve gastronominin kalbi olan Paris, Avrupa\u2019n\u0131n en iyi Noel pazarlar\u0131na da ev sahipli\u011fi yap\u0131yor. \u015eehrin bir\u00e7ok noktas\u0131nda \u015fahit olaca\u011f\u0131n\u0131z yeni y\u0131l co\u015fkusuyla beraber tezgahlar\u0131n aras\u0131nda gezinerek d\u00fcnyaca \u00fcnl\u00fc Frans\u0131z peynirlerini, tatl\u0131lar\u0131n\u0131 tadabilir, diledi\u011finiz gibi al\u0131\u015fveri\u015f yapabilirsiniz. \u00d6zellikle Paris\u2019in La Defense b\u00f6lgesinde kurulan Noel pazar\u0131 olduk\u00e7a pop\u00fcler. G\u00fcnd\u00fcz\u00fc ayr\u0131 gecesi ayr\u0131 g\u00fczel Paris\u2019te Noel ruhunu tam anlam\u0131yla hissedebilirsiniz.&nbsp;<\/p>\n\n\n\n<hr class=\"wp-block-separator has-text-color has-alpha-channel-opacity has-background is-style-wide\" style=\"background-color:#ebebeb;color:#ebebeb\"\/>\n\n\n\n<h2 class=\"wp-block-heading\"><strong>Viyana, Avusturya<\/strong><\/h2>\n\n\n\n<figure class=\"wp-block-image size-full\"><img loading=\"lazy\" decoding=\"async\" width=\"784\" height=\"523\" src=\"https:\/\/blog.turkishairlines.com\/wp-content\/uploads\/2024\/01\/viyana-noel-pazari.jpg\" alt=\"Viyana Noel pazar\u0131\" class=\"wp-image-41703\" srcset=\"https:\/\/blog.turkishairlines.com\/wp-content\/uploads\/2024\/01\/viyana-noel-pazari.jpg 784w, https:\/\/blog.turkishairlines.com\/wp-content\/uploads\/2024\/01\/viyana-noel-pazari-300x200.jpg 300w, https:\/\/blog.turkishairlines.com\/wp-content\/uploads\/2024\/01\/viyana-noel-pazari-150x100.jpg 150w, https:\/\/blog.turkishairlines.com\/wp-content\/uploads\/2024\/01\/viyana-noel-pazari-768x512.jpg 768w, https:\/\/blog.turkishairlines.com\/wp-content\/uploads\/2024\/01\/viyana-noel-pazari-696x464.jpg 696w\" sizes=\"auto, (max-width: 784px) 100vw, 784px\" \/><figcaption class=\"wp-element-caption\">Viyana\u2019da kurulan Noel pazar\u0131 s\u00fcslemeleri.\n<\/figcaption><\/figure>\n\n\n\n<p>Viyana, Avrupa\u2019da Noel\u2019in en co\u015fkulu kutland\u0131\u011f\u0131 \u015fehirlerden biri. 1200\u2019l\u00fc y\u0131llardan bu yana s\u00fcren bir gelenekle pazarlar\u0131n\u0131 kuran Viyana\u2019da \u00fcnl\u00fc noel pazarlar\u0131 belediye binas\u0131n\u0131n \u00f6n\u00fcnde kurulan Rathausplatz, Spittelberg, Wiener Christkindmarkt ve Altwiener Christkindmarkt. Buralarda tasar\u0131m \u00fcr\u00fcnleri, el yap\u0131m\u0131 bir\u00e7ok aksesuar ve giysi bulabilirsiniz. Noel \u015fark\u0131lar\u0131 e\u015fli\u011finde Viyana\u2019n\u0131n tarihi sokaklar\u0131nda y\u00fcr\u00fcmek size unutamayaca\u011f\u0131n\u0131z bir his ya\u015fatacak.&nbsp;<\/p>\n\n\n\n<hr class=\"wp-block-separator has-text-color has-alpha-channel-opacity has-background is-style-wide\" style=\"background-color:#ebebeb;color:#ebebeb\"\/>\n\n\n\n<h2 class=\"wp-block-heading\"><strong>Berlin, Almanya<\/strong><\/h2>\n\n\n\n<figure class=\"wp-block-image size-full\"><img loading=\"lazy\" decoding=\"async\" width=\"784\" height=\"523\" src=\"https:\/\/blog.turkishairlines.com\/wp-content\/uploads\/2024\/01\/berlin-noel-pazari.jpg\" alt=\"Berlin Noel pazar\u0131\n\" class=\"wp-image-41705\" srcset=\"https:\/\/blog.turkishairlines.com\/wp-content\/uploads\/2024\/01\/berlin-noel-pazari.jpg 784w, https:\/\/blog.turkishairlines.com\/wp-content\/uploads\/2024\/01\/berlin-noel-pazari-300x200.jpg 300w, https:\/\/blog.turkishairlines.com\/wp-content\/uploads\/2024\/01\/berlin-noel-pazari-150x100.jpg 150w, https:\/\/blog.turkishairlines.com\/wp-content\/uploads\/2024\/01\/berlin-noel-pazari-768x512.jpg 768w, https:\/\/blog.turkishairlines.com\/wp-content\/uploads\/2024\/01\/berlin-noel-pazari-696x464.jpg 696w\" sizes=\"auto, (max-width: 784px) 100vw, 784px\" \/><figcaption class=\"wp-element-caption\">Noel pazar\u0131, Berlin.<\/figcaption><\/figure>\n\n\n\n<p>S\u0131radaki rotam\u0131z Almanya! \u00d6zellikle Kas\u0131m sonu ve Aral\u0131k ay\u0131 itibar\u0131yla kurulan Noel pazarlar\u0131 ba\u015fkent Berlin\u2019i s\u00fcsl\u00fcyor. Berlin\u2019in Noel pazarlar\u0131, zencefilli kurabiye kokular\u0131, buz pateni yapanlar ve hediyelik e\u015fyalarla insana yeni y\u0131l co\u015fkusunu derinden hissettiriyor. \u015eehirdeki en me\u015fhur pazar ise Alexanderplatz\u2019da kuruluyor!<\/p>\n\n\n\n<hr class=\"wp-block-separator has-text-color has-alpha-channel-opacity has-background is-style-wide\" style=\"background-color:#ebebeb;color:#ebebeb\"\/>\n\n\n\n<h2 class=\"wp-block-heading\"><strong>Kopenhag, Danimarka<\/strong><\/h2>\n\n\n\n<p>Danimarka\u2019n\u0131n ba\u015fkenti Kopenhag, g\u00fczelli\u011fiyle dillere destan bir kuzey \u015fehri.Avrupa\u2019da Noel pazarlar\u0131 turumuza e\u015flik eden Kopenhag\u2019da, \u015fehrin en bilinen noktalar\u0131ndan biri olan Tivoli Park\u0131\u2019nda Kas\u0131m ay\u0131yla birlikte Noel haz\u0131rl\u0131klar\u0131na ba\u015flan\u0131yor. B\u00fcy\u00fck bir \u00f6zenle kurulan Noel pazar\u0131n\u0131n peyzaj\u0131 ve \u0131\u015f\u0131kland\u0131rmas\u0131, Nordik k\u00fclt\u00fcr\u00fcn\u00fcn dinamikleriyle birle\u015fince ortaya unutulmaz bir manzara \u00e7\u0131k\u0131yor.&nbsp;<\/p>\n\n\n\n<hr class=\"wp-block-separator has-text-color has-alpha-channel-opacity has-background is-style-wide\" style=\"background-color:#ebebeb;color:#ebebeb\"\/>\n\n\n\n<h2 class=\"wp-block-heading\"><strong>Zagreb, H\u0131rvatistan<\/strong><\/h2>\n\n\n\n<figure class=\"wp-block-image size-full\"><img loading=\"lazy\" decoding=\"async\" width=\"784\" height=\"523\" src=\"https:\/\/blog.turkishairlines.com\/wp-content\/uploads\/2024\/01\/zagreb-noel-pazari.jpg\" alt=\"Zagreb Noel pazar\u0131\n\" class=\"wp-image-41707\" srcset=\"https:\/\/blog.turkishairlines.com\/wp-content\/uploads\/2024\/01\/zagreb-noel-pazari.jpg 784w, https:\/\/blog.turkishairlines.com\/wp-content\/uploads\/2024\/01\/zagreb-noel-pazari-300x200.jpg 300w, https:\/\/blog.turkishairlines.com\/wp-content\/uploads\/2024\/01\/zagreb-noel-pazari-150x100.jpg 150w, https:\/\/blog.turkishairlines.com\/wp-content\/uploads\/2024\/01\/zagreb-noel-pazari-768x512.jpg 768w, https:\/\/blog.turkishairlines.com\/wp-content\/uploads\/2024\/01\/zagreb-noel-pazari-696x464.jpg 696w\" sizes=\"auto, (max-width: 784px) 100vw, 784px\" \/><figcaption class=\"wp-element-caption\">Zagreb\u2019de kurulan Noel pazar\u0131.\n<\/figcaption><\/figure>\n\n\n\n<p>Avrupa\u2019n\u0131n gittik\u00e7e pop\u00fclerle\u015fen \u015fehri Zagreb Noel pazarlar\u0131na ayr\u0131 bir \u00f6nem veriyor. Zagreb Noel pazar\u0131, 2016\u2019dan sonra \u00fcst \u00fcste&nbsp; \u00fc\u00e7 kere Avrupa\u2019n\u0131n en iyi Noel pazar\u0131 se\u00e7iliyor.&nbsp;<\/p>\n\n\n\n<p>Zagreb\u2019de Noel pazarlar\u0131 \u015fehrin farkl\u0131 yerlerinde kuruluyor. T\u00fcm kenti yeni y\u0131l ruhuyla saran Noel pazarlar\u0131n\u0131n en \u00fcnl\u00fcs\u00fc ise \u015fehrin ana meydan\u0131 olan Trg Bana Jelacica\u2019da. Zagreb\u2019deki Noel pazarlar\u0131n\u0131 ziyaret etti\u011finizde buz pateni g\u00f6sterilerini izleyebilir, hediyelik e\u015fya sat\u0131n alabilir, y\u00f6resel yemeklerin tad\u0131na bakabilirsiniz.&nbsp;<\/p>\n\n\n\n<hr class=\"wp-block-separator has-text-color has-alpha-channel-opacity has-background is-style-wide\" style=\"background-color:#ebebeb;color:#ebebeb\"\/>\n\n\n\n<h2 class=\"wp-block-heading\"><strong>Napoli, \u0130talya<\/strong><\/h2>\n\n\n\n<p>\u015eimdiki rotam\u0131z ise Akdeniz! \u00d6zellikle gurme lezzetlerin ba\u015frolde oldu\u011fu Napoli Noel pazarlar\u0131nda; pizzan\u0131n ve nefis at\u0131\u015ft\u0131rmal\u0131klar\u0131n keyfini \u00e7\u0131kar\u0131n. Burada yeni y\u0131l ruhu e\u015fli\u011finde pizza ba\u015fta olmak \u00fczere tad\u0131 damakta kalan t\u00fcm \u0130talyan lezzetlerine doyabilirsiniz!<\/p>\n\n\n\n<hr class=\"wp-block-separator has-text-color has-alpha-channel-opacity has-background is-style-wide\" style=\"background-color:#ebebeb;color:#ebebeb\"\/>\n\n\n\n<h2 class=\"wp-block-heading\"><strong>Amsterdam, Hollanda<\/strong><\/h2>\n\n\n\n<figure class=\"wp-block-image size-full\"><img loading=\"lazy\" decoding=\"async\" width=\"784\" height=\"523\" src=\"https:\/\/blog.turkishairlines.com\/wp-content\/uploads\/2024\/01\/amsterdam-noel-pazari.jpg\" alt=\"Amsterdam Noel pazar\u0131\n\" class=\"wp-image-41709\" srcset=\"https:\/\/blog.turkishairlines.com\/wp-content\/uploads\/2024\/01\/amsterdam-noel-pazari.jpg 784w, https:\/\/blog.turkishairlines.com\/wp-content\/uploads\/2024\/01\/amsterdam-noel-pazari-300x200.jpg 300w, https:\/\/blog.turkishairlines.com\/wp-content\/uploads\/2024\/01\/amsterdam-noel-pazari-150x100.jpg 150w, https:\/\/blog.turkishairlines.com\/wp-content\/uploads\/2024\/01\/amsterdam-noel-pazari-768x512.jpg 768w, https:\/\/blog.turkishairlines.com\/wp-content\/uploads\/2024\/01\/amsterdam-noel-pazari-696x464.jpg 696w\" sizes=\"auto, (max-width: 784px) 100vw, 784px\" \/><figcaption class=\"wp-element-caption\">Dam Meydan\u0131, Amsterdam. <\/figcaption><\/figure>\n\n\n\n<p>Amsterdam Avrupa\u2019n\u0131n en e\u011flenceli \u015fehirlerinden biri. Hal b\u00f6yle olunca Noel pazarlar\u0131 da bu \u015fehirde bir ba\u015fka g\u00fczel oluyor. Museumplein buz pistinin etraf\u0131na yerle\u015ftirilen tezgahlar, birbirinden e\u011flenceli etkinlikler \u015fehrin dinamik ruhuna co\u015fku kat\u0131yor. Burada, Hollanda\u2019n\u0131n me\u015fhur tahta ayakkab\u0131lar\u0131ndan sat\u0131n alabilir, \u00fclkenin farkl\u0131 b\u00f6lgelerinden gelen leziz peynirleri deneyebilirsiniz. Avrupa\u2019n\u0131n en iyi Noel pazarlar\u0131na ev sahipli\u011fi yapan <a href=\"https:\/\/blog.turkishairlines.com\/tr\/kuzeyin-venedik-i-amsterdam\/\">Amsterdam<\/a>\u2019\u0131 yeni y\u0131l d\u00f6neminde ziyaret etmek, ger\u00e7ekten \u00e7ok iyi bir fikir!<\/p>\n\n\n\n<hr class=\"wp-block-separator has-text-color has-alpha-channel-opacity has-background is-style-wide\" style=\"background-color:#ebebeb;color:#ebebeb\"\/>\n\n\n\n<h2 class=\"wp-block-heading\"><strong>Budape\u015fte, Macaristan<\/strong><\/h2>\n\n\n\n<p>Avrupa\u2019daki en iyi Noel pazarlar\u0131 turumuza Macaristan\u2019\u0131n ba\u015fkenti Budape\u015fte ile devam ediyoruz. Rengarenk sokaklar\u0131 ve daima canl\u0131 gece hayat\u0131yla \u00fcnl\u00fc Budape\u015fte\u2019ye Noel ruhu ger\u00e7ekten \u00e7ok yak\u0131\u015f\u0131yor. Buda ve Pe\u015fte b\u00f6lgelerinde ayr\u0131 ayr\u0131 kurulan Noel pazarlar\u0131nda; gula\u015f, langos gibi yerel lezzetlerin tad\u0131n\u0131 \u00e7\u0131karabilirsiniz. \u00dclkelerin k\u00fclt\u00fcr\u00fcn\u00fc anlamak i\u00e7in en e\u011flenceli yerler olan Noel pazarlar\u0131n\u0131n Budape\u015fte dura\u011f\u0131nda canl\u0131 m\u00fczik, kukla g\u00f6sterileri ve geleneksel danslar da sizi bekliyor!<\/p>\n\n\n\n<hr class=\"wp-block-separator has-text-color has-alpha-channel-opacity has-background is-style-wide\" style=\"background-color:#ebebeb;color:#ebebeb\"\/>\n\n\n\n<h2 class=\"wp-block-heading\"><strong>Tallinn, Estonya<\/strong><\/h2>\n\n\n\n<figure class=\"wp-block-image size-full\"><img loading=\"lazy\" decoding=\"async\" width=\"784\" height=\"523\" src=\"https:\/\/blog.turkishairlines.com\/wp-content\/uploads\/2024\/01\/tallinn-noel-pazari.jpg\" alt=\"Tallinn Noel pazar\u0131\n\" class=\"wp-image-41711\" srcset=\"https:\/\/blog.turkishairlines.com\/wp-content\/uploads\/2024\/01\/tallinn-noel-pazari.jpg 784w, https:\/\/blog.turkishairlines.com\/wp-content\/uploads\/2024\/01\/tallinn-noel-pazari-300x200.jpg 300w, https:\/\/blog.turkishairlines.com\/wp-content\/uploads\/2024\/01\/tallinn-noel-pazari-150x100.jpg 150w, https:\/\/blog.turkishairlines.com\/wp-content\/uploads\/2024\/01\/tallinn-noel-pazari-768x512.jpg 768w, https:\/\/blog.turkishairlines.com\/wp-content\/uploads\/2024\/01\/tallinn-noel-pazari-696x464.jpg 696w\" sizes=\"auto, (max-width: 784px) 100vw, 784px\" \/><figcaption class=\"wp-element-caption\">Tallinn\u2019de kurulan Noel pazar\u0131.\n<\/figcaption><\/figure>\n\n\n\n<p>Estonya\u2019n\u0131n ba\u015fkenti Tallin\u2019de kurulan Noel pazar\u0131, Balt\u0131k k\u00fclt\u00fcr\u00fcn\u00fc ve yeni y\u0131l ruhunu en iyi \u015fekilde bulu\u015fturuyor. Yerel yemekler, b\u00fcy\u00fcleyici \u0131\u015f\u0131klar, tekstil \u00fcr\u00fcnleri Tallinn Noel pazarlar\u0131nda sat\u0131l\u0131yor. \u00d6zellikle lahana kavurmas\u0131 ve patates k\u0131zartmas\u0131 hem turistler hem de yerli halk taraf\u0131ndan tercih ediliyor. Yakla\u015f\u0131k iki ay boyunca s\u00fcren Tallinn Noel pazar\u0131, 2019 y\u0131l\u0131nda Avrupa\u2019n\u0131n en iyi Noel pazar\u0131 \u00f6d\u00fcl\u00fcn\u00fcn de sahibi olmu\u015f.&nbsp;<\/p>\n\n\n\n<hr class=\"wp-block-separator has-text-color has-alpha-channel-opacity has-background is-style-wide\" style=\"background-color:#ebebeb;color:#ebebeb\"\/>\n\n\n\n<h2 class=\"wp-block-heading\"><strong>Basel, \u0130svi\u00e7re<\/strong><\/h2>\n\n\n\n<p>\u0130svi\u00e7re\u2019nin g\u00fczel \u015fehri Basel de Noel pazarlar\u0131n\u0131n co\u015fkuyla kuruldu\u011fu yerlerden. Ortas\u0131ndan Ren Nehri ge\u00e7en \u015fehirde, belediye binas\u0131n\u0131n \u00f6n\u00fcnde \u0131\u015f\u0131l \u0131\u015f\u0131l bir Noel pazar\u0131 kuruluyor. Basel\u2019de Noel al\u0131\u015fveri\u015fi yapabilece\u011finiz en g\u00fczel pazarlar ise Barf\u00fcsserplatz ve M\u00fcnsterplatz meydanlar\u0131nda kuruluyor. Bu meydanlarda al\u0131\u015fveri\u015f yapt\u0131ktan sonra \u015fehrin tarihi noktalar\u0131n\u0131 gezebilir ve keyifli bir ke\u015ffe ba\u015flayabilirsiniz. Ayr\u0131ca Basel\u2019de nefis zencefilli \u00e7\u00f6re\u011fin tad\u0131na bakmay\u0131 da unutmay\u0131n.&nbsp;<\/p>\n\n\n\n<hr class=\"wp-block-separator has-text-color has-alpha-channel-opacity has-background is-style-wide\" style=\"background-color:#ebebeb;color:#ebebeb\"\/>\n\n\n\n<h2 class=\"wp-block-heading\"><strong><strong>M\u00fcnih, Almanya<\/strong><\/strong><\/h2>\n\n\n\n<p>Almanya\u2019n\u0131n Noel pazarlar\u0131 konusunda \u00e7ok ba\u015far\u0131l\u0131 oldu\u011fundan bahsetmi\u015ftik. Bir ba\u015fka Alman \u015fehri M\u00fcnih de bu durumu kan\u0131tl\u0131yor. M\u00fcnih\u2019in me\u015fhur meydan\u0131 olan Marienplatz\u2019da kurulan Noel pazar\u0131, \u00fcr\u00fcn \u00e7e\u015fitlili\u011fi ve canl\u0131l\u0131\u011f\u0131yla g\u00f6z kama\u015ft\u0131r\u0131yor. Bunun d\u0131\u015f\u0131nda \u015fehrin di\u011fer Noel pazarlar\u0131n\u0131 da ke\u015ffetmenizi \u00f6neririz.&nbsp;<\/p>\n\n\n\n<p><em>Keyifli seyahatler dileriz!<\/em><\/p>\n","protected":false},"excerpt":{"rendered":"<p>Noel pazarlar\u0131 hakk\u0131nda birka\u00e7 not Noel pazarlar\u0131nda neler yap\u0131l\u0131r? Minik minik k\u0131rm\u0131z\u0131 kul\u00fcbelerin, dev y\u0131lba\u015f\u0131 a\u011fa\u00e7lar\u0131n\u0131n ve rengarenk \u0131\u015f\u0131klar\u0131n bulundu\u011fu Noel pazarlar\u0131, Aral\u0131k ay\u0131nda turistleri ve yerel halk\u0131 Avrupa\u2019n\u0131n \u00fcnl\u00fc meydanlar\u0131nda bir araya getiriyor. Yeni y\u0131l co\u015fkusuyla meydanlarda bulu\u015fan kalabal\u0131k, Noel pazarlar\u0131nda al\u0131\u015fveri\u015f yap\u0131yor. \u00dclkelerin k\u00fclt\u00fcrlerine g\u00f6re sat\u0131lan hediyelik e\u015fyalar, Noel ruhunu yans\u0131tan objeler, nostaljik [&hellip;]<\/p>\n","protected":false},"author":53,"featured_media":41713,"comment_status":"closed","ping_status":"closed","sticky":false,"template":"","format":"standard","meta":{"footnotes":""},"categories":[611,591,574],"tags":[],"class_list":{"0":"post-41698","1":"post","2":"type-post","3":"status-publish","4":"format-standard","5":"has-post-thumbnail","7":"category-avrupa","8":"category-sehir-tatili","9":"category-seyahat-ve-tatil-fikirleri"},"_links":{"self":[{"href":"https:\/\/blog.turkishairlines.com\/tr\/wp-json\/wp\/v2\/posts\/41698","targetHints":{"allow":["GET"]}}],"collection":[{"href":"https:\/\/blog.turkishairlines.com\/tr\/wp-json\/wp\/v2\/posts"}],"about":[{"href":"https:\/\/blog.turkishairlines.com\/tr\/wp-json\/wp\/v2\/types\/post"}],"author":[{"embeddable":true,"href":"https:\/\/blog.turkishairlines.com\/tr\/wp-json\/wp\/v2\/users\/53"}],"replies":[{"embeddable":true,"href":"https:\/\/blog.turkishairlines.com\/tr\/wp-json\/wp\/v2\/comments?post=41698"}],"version-history":[{"count":3,"href":"https:\/\/blog.turkishairlines.com\/tr\/wp-json\/wp\/v2\/posts\/41698\/revisions"}],"predecessor-version":[{"id":41717,"href":"https:\/\/blog.turkishairlines.com\/tr\/wp-json\/wp\/v2\/posts\/41698\/revisions\/41717"}],"wp:featuredmedia":[{"embeddable":true,"href":"https:\/\/blog.turkishairlines.com\/tr\/wp-json\/wp\/v2\/media\/41713"}],"wp:attachment":[{"href":"https:\/\/blog.turkishairlines.com\/tr\/wp-json\/wp\/v2\/media?parent=41698"}],"wp:term":[{"taxonomy":"category","embeddable":true,"href":"https:\/\/blog.turkishairlines.com\/tr\/wp-json\/wp\/v2\/categories?post=41698"},{"taxonomy":"post_tag","embeddable":true,"href":"https:\/\/blog.turkishairlines.com\/tr\/wp-json\/wp\/v2\/tags?post=41698"}],"curies":[{"name":"wp","href":"https:\/\/api.w.org\/{rel}","templated":true}]}}