{"id":42182,"date":"2024-04-04T15:35:01","date_gmt":"2024-04-04T12:35:01","guid":{"rendered":"https:\/\/blog.turkishairlines.com\/?p=42182"},"modified":"2025-08-21T15:06:58","modified_gmt":"2025-08-21T12:06:58","slug":"ihtisamiyla-buyuleyen-cin-seddi-ve-tarihi","status":"publish","type":"post","link":"https:\/\/blog.turkishairlines.com\/tr\/ihtisamiyla-buyuleyen-cin-seddi-ve-tarihi\/","title":{"rendered":"\u0130hti\u015fam\u0131yla b\u00fcy\u00fcleyen \u00c7in Seddi ve tarihi"},"content":{"rendered":"\n<hr class=\"wp-block-separator has-text-color has-alpha-channel-opacity has-background is-style-wide\" style=\"background-color:#ebebeb;color:#ebebeb\"\/>\n\n\n\n<h2 class=\"wp-block-heading\"><strong>\u00c7in Seddi nedir?<\/strong><\/h2>\n\n\n\n<figure class=\"wp-block-image size-full\"><img loading=\"lazy\" decoding=\"async\" width=\"784\" height=\"523\" src=\"https:\/\/blog.turkishairlines.com\/wp-content\/uploads\/2024\/04\/cin-seddi-nedir.jpg\" alt=\"cin seddi nedir\" class=\"wp-image-42183\" srcset=\"https:\/\/blog.turkishairlines.com\/wp-content\/uploads\/2024\/04\/cin-seddi-nedir.jpg 784w, https:\/\/blog.turkishairlines.com\/wp-content\/uploads\/2024\/04\/cin-seddi-nedir-300x200.jpg 300w, https:\/\/blog.turkishairlines.com\/wp-content\/uploads\/2024\/04\/cin-seddi-nedir-150x100.jpg 150w, https:\/\/blog.turkishairlines.com\/wp-content\/uploads\/2024\/04\/cin-seddi-nedir-768x512.jpg 768w, https:\/\/blog.turkishairlines.com\/wp-content\/uploads\/2024\/04\/cin-seddi-nedir-696x464.jpg 696w\" sizes=\"auto, (max-width: 784px) 100vw, 784px\" \/><figcaption class=\"wp-element-caption\">\u00c7in&#8217;in kuzey s\u0131n\u0131r\u0131n\u0131 g\u00fc\u00e7lendirmek amac\u0131yla in\u015fa edilen \u00c7in Seddi, tarih boyunca \u00c7inliler ile farkl\u0131 halklar\u0131n sava\u015flar\u0131na sahne olmu\u015f ikonik bir yap\u0131. <\/figcaption><\/figure>\n\n\n\n<p>Dillere destan \u00c7in Seddi, yap\u0131l\u0131\u015f amac\u0131 itibar\u0131yla asl\u0131nda sadece bir \u201cs\u0131n\u0131r duvar\u0131\u201d. \u00c7in&#8217;in kuzey s\u0131n\u0131r\u0131n\u0131 g\u00fc\u00e7lendirmek amac\u0131yla in\u015fa edilen bu duvar, d\u00fcnya tarihi boyunca \u00c7inliler ile birbirinden farkl\u0131 pek \u00e7ok halk\u0131n sava\u015flar\u0131na sahne olmu\u015f. Qin Hanedanl\u0131\u011f\u0131 d\u00f6neminde Xiongnu&#8217;larla, Song Hanedanl\u0131\u011f\u0131 d\u00f6neminde Khitanlarla ve Ming Hanedanl\u0131\u011f\u0131 d\u00f6neminde Mo\u011follarla yap\u0131lan pek \u00e7ok sava\u015f ve \u00e7at\u0131\u015fma, \u00c7in Seddi\u2019nin yak\u0131nlar\u0131nda ger\u00e7ekle\u015fmi\u015f.&nbsp;<\/p>\n\n\n\n<h3 class=\"wp-block-heading\"><strong>\u00c7in Seddi ne kadar eski?<\/strong><\/h3>\n\n\n\n<p>Tarih\u00e7ilere sorarsan\u0131z \u201c\u0130lkbahar ve Sonbahar D\u00f6nemi\u201d olarak an\u0131lan M.\u00d6. 770-476 y\u0131llar\u0131 aras\u0131nda ve \u201cSava\u015fan Devletler D\u00f6nemi\u201d olarak an\u0131lan M.\u00d6. 475-221\u2019de in\u015fa edilen savunma duvarlar\u0131, sonradan \u00c7in Seddi olarak an\u0131lacak devasa yap\u0131n\u0131n ilk b\u00f6l\u00fcmleriydi. Buna g\u00f6re \u00c7in Seddi tarihinin 3.000 y\u0131l kadar geriye dayand\u0131\u011f\u0131n\u0131 s\u00f6ylemek yanl\u0131\u015f olmaz.&nbsp;<\/p>\n\n\n\n<h3 class=\"wp-block-heading\"><strong>\u00c7in Seddi uzunlu\u011fu<\/strong><\/h3>\n\n\n\n<p>\u00c7in Seddi&#8217;nin \u015fimdiye kadar in\u015fa edilen t\u00fcm b\u00f6l\u00fcmlerinin toplam uzunlu\u011funa bakt\u0131\u011f\u0131m\u0131zda, yakla\u015f\u0131k 13,171 mili yani 21,196 kilometre oldu\u011funu g\u00f6r\u00fcyoruz. Duvar\u0131n Ming Hanedan\u0131 d\u00f6neminde in\u015fa edilen en iyi korunmu\u015f b\u00f6l\u00fcm\u00fc ise yakla\u015f\u0131k 8,850 kilometre uzunlu\u011funda.<\/p>\n\n\n\n<h3 class=\"wp-block-heading\"><strong>Bir mit: \u00c7in Seddi uzaydan g\u00f6r\u00fcn\u00fcyor mu?<\/strong><\/h3>\n\n\n\n<p>\u00c7in Seddi\u2019nin uzaydan g\u00f6r\u00fclebilen bir yap\u0131 oldu\u011fu s\u00f6ylentisi bir mitten ibaret. Astronotlar \u00c7in Seddi\u2019nin Ay\u2019dan \u00e7\u0131plak g\u00f6zle g\u00f6r\u00fclemeyecek oldu\u011funu a\u00e7\u0131k\u00e7a s\u00f6yl\u00fcyorlar. \u00d6te yandan \u00c7in Seddi\u2019nin kimi zaman yap\u0131n\u0131n rengi nedeniyle d\u00fc\u015f\u00fck y\u00f6r\u00fcngeden ve Uluslararas\u0131 Uzay \u0130stasyonu\u2019ndan g\u00f6r\u00fclebildi\u011fini not edelim.<\/p>\n\n\n\n<hr class=\"wp-block-separator has-text-color has-alpha-channel-opacity has-background is-style-wide\" style=\"background-color:#ebebeb;color:#ebebeb\"\/>\n\n\n\n<h2 class=\"wp-block-heading\"><strong>\u00c7in Seddi\u2019nin tarihi<\/strong><\/h2>\n\n\n\n<figure class=\"wp-block-image size-full\"><img loading=\"lazy\" decoding=\"async\" width=\"784\" height=\"523\" src=\"https:\/\/blog.turkishairlines.com\/wp-content\/uploads\/2024\/04\/cin-seddi-hikayesi.jpg\" alt=\"cin seddi hikayesi\n\" class=\"wp-image-42185\" srcset=\"https:\/\/blog.turkishairlines.com\/wp-content\/uploads\/2024\/04\/cin-seddi-hikayesi.jpg 784w, https:\/\/blog.turkishairlines.com\/wp-content\/uploads\/2024\/04\/cin-seddi-hikayesi-300x200.jpg 300w, https:\/\/blog.turkishairlines.com\/wp-content\/uploads\/2024\/04\/cin-seddi-hikayesi-150x100.jpg 150w, https:\/\/blog.turkishairlines.com\/wp-content\/uploads\/2024\/04\/cin-seddi-hikayesi-768x512.jpg 768w, https:\/\/blog.turkishairlines.com\/wp-content\/uploads\/2024\/04\/cin-seddi-hikayesi-696x464.jpg 696w\" sizes=\"auto, (max-width: 784px) 100vw, 784px\" \/><figcaption class=\"wp-element-caption\">\u00c7in Seddi&#8217;nin in\u015fas\u0131na dair ilk izler, M.\u00d6. 7. y\u00fczy\u0131la kadar uzan\u0131yor.\n<\/figcaption><\/figure>\n\n\n\n<p>\u00c7in Seddi&#8217;nin in\u015fa s\u00fcrecine dair ilk izler, M.\u00d6. 7. y\u00fczy\u0131la kadar uzan\u0131yor. Fakat as\u0131l in\u015fa s\u00fcreci, M.\u00d6. 3. y\u00fczy\u0131l\u0131n sonlar\u0131na do\u011fru, Qin Hanedan\u0131 d\u00f6neminde ger\u00e7ekle\u015fmi\u015f. Ayr\u0131ca Qin Shi Huang\u2019\u0131n \u00c7in Seddi&#8217;nin \u00e7e\u015fitli k\u0131s\u0131mlar\u0131n\u0131 birle\u015ftirerek geni\u015fletti\u011fi de biliniyor.<\/p>\n\n\n\n<p>Bug\u00fcnk\u00fc \u00c7in Seddi&#8217;nin b\u00fcy\u00fck k\u0131sm\u0131 ise Ming Hanedan\u0131 d\u00f6neminde in\u015fa edilmi\u015f. Ming h\u00fck\u00fcmeti, kuzey s\u0131n\u0131rlar\u0131n\u0131 savunmak ve g\u00f6\u00e7ebe kabilelerin sald\u0131r\u0131lar\u0131na kar\u015f\u0131 koymak amac\u0131yla yap\u0131y\u0131 onarm\u0131\u015f ve geni\u015fletmi\u015f. Ming Hanedan\u0131&#8217;n\u0131n \u00e7\u00f6k\u00fc\u015f\u00fcnden sonraki d\u00f6nemde \u00c7in Seddi epey y\u0131pranm\u0131\u015ft\u0131 ve bak\u0131ma ihtiya\u00e7 duyuyordu. Qing Hanedan\u0131 d\u00f6neminde (1644-1912) ve sonras\u0131nda, baz\u0131 b\u00f6l\u00fcmler onar\u0131ld\u0131. Ancak, genel olarak bak\u0131ms\u0131zl\u0131k ve do\u011fal erozyon, \u00c7in Seddi\u2019nin pek \u00e7ok k\u0131sm\u0131n\u0131n harabeye d\u00f6nmesine yol a\u00e7t\u0131.<\/p>\n\n\n\n<h3 class=\"wp-block-heading\"><strong>\u00c7in Seddi\u2019nin yap\u0131m\u0131 s\u0131ras\u0131nda hayat\u0131n\u0131 kaybedenler<\/strong><\/h3>\n\n\n\n<p>\u201c\u00c7in Seddi\u2019nin yap\u0131m\u0131 s\u0131ras\u0131nda ka\u00e7 ki\u015fi hayat\u0131n\u0131 kaybetti?\u201d sorusuna kesin bir yan\u0131t vermek g\u00fc\u00e7. Zira \u00c7in Seddi\u2019nin in\u015fas\u0131 y\u00fczy\u0131llar boyunca devam etti ve bu s\u00fcre zarf\u0131nda b\u00f6lge, pek \u00e7ok farkl\u0131 hanedanl\u0131k taraf\u0131ndan y\u00f6netildi. Bu nedenle, \u00f6len i\u015f\u00e7ilerin say\u0131s\u0131na dair tutarl\u0131 kay\u0131tlar bulunmuyor. \u00d6te yandan farkl\u0131 tarih\u00e7ilere g\u00f6re, \u00c7in Seddi\u2019nin yap\u0131m\u0131 s\u0131ras\u0131nda birka\u00e7 milyon ki\u015fi hayat\u0131n\u0131 kaybetti.&nbsp;<\/p>\n\n\n\n<h3 class=\"wp-block-heading\"><strong>20. yy.\u2019dan bug\u00fcne<\/strong><\/h3>\n\n\n\n<p>\u00c7in Seddi, 20. y\u00fczy\u0131l boyunca iyi bak\u0131ld\u0131 ve zaman i\u00e7inde bir cazibe merkezi haline geldi. G\u00fcn\u00fcm\u00fczde \u00c7in Seddi\u2019nin turistlerin ak\u0131n etti\u011fi pek \u00e7ok noktas\u0131 bulunuyor. H\u00fck\u00fcmetler bu tarihi yap\u0131y\u0131 korumak i\u00e7in \u00e7abalamaya devam ediyor. \u00c7in Seddi\u2019ni g\u00f6rmek sizinde hayalleriniz aras\u0131ndaysa T\u00fcrk Hava Yollar\u0131\u2019n\u0131n d\u00fcnyan\u0131n en eski ba\u015fkentlerinden Pekin\u2019e direkt u\u00e7u\u015flar\u0131 bulundu\u011funu unutmay\u0131n ve hemen bir <a href=\"https:\/\/www.turkishairlines.com\/tr-tr\/ucak-bileti\/pekin-ucak-bileti\/?utm_source=tkblog&amp;utm_medium=referral&amp;utm_campaign=tkblogpostbookaticket\" target=\"_blank\" data-type=\"URL\" data-id=\"https:\/\/www.turkishairlines.com\/tr-tr\/ucak-bileti\/pekin-ucak-bileti\/?utm_source=tkblog&amp;utm_medium=referral&amp;utm_campaign=tkblogpostbookaticket\" rel=\"noreferrer noopener\">Pekin u\u00e7ak bileti<\/a> al\u0131n.&nbsp;<\/p>\n\n\n\n<hr class=\"wp-block-separator has-text-color has-alpha-channel-opacity has-background is-style-wide\" style=\"background-color:#ebebeb;color:#ebebeb\"\/>\n\n\n\n<h2 class=\"wp-block-heading\"><strong>\u00c7in Seddi\u2019nin hangi b\u00f6l\u00fcmleri turistlere a\u00e7\u0131k?<\/strong><\/h2>\n\n\n\n<p>\u00c7in Seddi&#8217;nin ziyarete a\u00e7\u0131k olan b\u00f6l\u00fcmleri ba\u015fkent Pekin civar\u0131nda bulunuyor. Turistik bak\u0131mdan en pop\u00fcler b\u00f6l\u00fcmlerin Mutianyu, Badaling ve Jinshanling oldu\u011funu s\u00f6yleyebiliriz. \u00c7in Seddi tarihini \u00f6\u011frenmek, mimari \u00f6zelliklerini yak\u0131ndan g\u00f6rmek ve benzersiz manzaras\u0131n\u0131 deneyimlemek i\u00e7in bu \u00fc\u00e7 noktay\u0131 tercih edebilirsiniz.&nbsp;&nbsp;<\/p>\n\n\n\n<h3 class=\"wp-block-heading\"><strong>Badaling<\/strong><\/h3>\n\n\n\n<p>Badaling \u00c7in Seddi&#8217;nin en pop\u00fcler ve en \u00e7ok ziyaret edilen b\u00f6l\u00fcmlerinden biri. Pekin&#8217;in kuzeybat\u0131s\u0131nda yer alan ve yo\u011fun turist trafi\u011fine sahip Badaling\u2019in ilgi g\u00f6rme nedeni kolay ula\u015f\u0131labilen bir noktada bulunmas\u0131 ve iyi korunmu\u015f olmas\u0131.<\/p>\n\n\n\n<h3 class=\"wp-block-heading\"><strong>Mutianyu<\/strong><\/h3>\n\n\n\n<p>Mutianyu\u2019nun Badaling&#8217;e g\u00f6re daha az kalabal\u0131k oldu\u011fu s\u00f6ylenebilir. Ancak buras\u0131 da \u00c7in Seddi\u2019nin pop\u00fcler noktalar\u0131ndan. Pekin&#8217;in kuzeydo\u011fusunda yer alan ve g\u00f6rece daha do\u011fal bir manzara sunan Mutianyu\u2019ya teleferik veya di\u011fer ara\u00e7larla kolayl\u0131kla ula\u015f\u0131labiliyor.<\/p>\n\n\n\n<h3 class=\"wp-block-heading\"><strong>Jinshanling<\/strong><\/h3>\n\n\n\n<p>Jinshanling b\u00f6lgesi do\u011fal g\u00fczelli\u011fi ile \u00f6ne \u00e7\u0131k\u0131yor. Pekin&#8217;in do\u011fusunda yer alan Jinshanling, sahip oldu\u011fu y\u00fcr\u00fcy\u00fc\u015f rotalar\u0131 ile trekking i\u00e7in ideal bir b\u00f6lge. Jinshanling ayn\u0131 zamanda foto\u011fraf\u00e7\u0131lar aras\u0131nda da olduk\u00e7a pop\u00fcler; zira el de\u011fmemi\u015f manzaras\u0131 bir harika!<\/p>\n\n\n\n<h3 class=\"wp-block-heading\"><strong>Simatai<\/strong><\/h3>\n\n\n\n<p>Simatai, Jinshanling&#8217;e yak\u0131n bir konumda bulunuyor. \u00c7in Seddi&#8217;nin otantik haliyle korunmu\u015f bir b\u00f6l\u00fcm\u00fcn\u00fc g\u00f6rmek isteyen ziyaret\u00e7iler i\u00e7in Simatai ideal. Ancak burada turistlere y\u00f6nelik tesislerin di\u011fer noktalara k\u0131yasla s\u0131n\u0131rl\u0131 oldu\u011funu hat\u0131rlatal\u0131m.&nbsp;<\/p>\n","protected":false},"excerpt":{"rendered":"<p>\u00c7in Seddi nedir? Dillere destan \u00c7in Seddi, yap\u0131l\u0131\u015f amac\u0131 itibar\u0131yla asl\u0131nda sadece bir \u201cs\u0131n\u0131r duvar\u0131\u201d. \u00c7in&#8217;in kuzey s\u0131n\u0131r\u0131n\u0131 g\u00fc\u00e7lendirmek amac\u0131yla in\u015fa edilen bu duvar, d\u00fcnya tarihi boyunca \u00c7inliler ile birbirinden farkl\u0131 pek \u00e7ok halk\u0131n sava\u015flar\u0131na sahne olmu\u015f. Qin Hanedanl\u0131\u011f\u0131 d\u00f6neminde Xiongnu&#8217;larla, Song Hanedanl\u0131\u011f\u0131 d\u00f6neminde Khitanlarla ve Ming Hanedanl\u0131\u011f\u0131 d\u00f6neminde Mo\u011follarla yap\u0131lan pek \u00e7ok sava\u015f ve [&hellip;]<\/p>\n","protected":false},"author":53,"featured_media":42187,"comment_status":"closed","ping_status":"closed","sticky":false,"template":"","format":"standard","meta":{"footnotes":""},"categories":[522,574,580],"tags":[],"class_list":{"0":"post-42182","1":"post","2":"type-post","3":"status-publish","4":"format-standard","5":"has-post-thumbnail","7":"category-cin","8":"category-seyahat-ve-tatil-fikirleri","9":"category-gezilecek-tarihi-yerler-ve-rotalar"},"_links":{"self":[{"href":"https:\/\/blog.turkishairlines.com\/tr\/wp-json\/wp\/v2\/posts\/42182","targetHints":{"allow":["GET"]}}],"collection":[{"href":"https:\/\/blog.turkishairlines.com\/tr\/wp-json\/wp\/v2\/posts"}],"about":[{"href":"https:\/\/blog.turkishairlines.com\/tr\/wp-json\/wp\/v2\/types\/post"}],"author":[{"embeddable":true,"href":"https:\/\/blog.turkishairlines.com\/tr\/wp-json\/wp\/v2\/users\/53"}],"replies":[{"embeddable":true,"href":"https:\/\/blog.turkishairlines.com\/tr\/wp-json\/wp\/v2\/comments?post=42182"}],"version-history":[{"count":2,"href":"https:\/\/blog.turkishairlines.com\/tr\/wp-json\/wp\/v2\/posts\/42182\/revisions"}],"predecessor-version":[{"id":46122,"href":"https:\/\/blog.turkishairlines.com\/tr\/wp-json\/wp\/v2\/posts\/42182\/revisions\/46122"}],"wp:featuredmedia":[{"embeddable":true,"href":"https:\/\/blog.turkishairlines.com\/tr\/wp-json\/wp\/v2\/media\/42187"}],"wp:attachment":[{"href":"https:\/\/blog.turkishairlines.com\/tr\/wp-json\/wp\/v2\/media?parent=42182"}],"wp:term":[{"taxonomy":"category","embeddable":true,"href":"https:\/\/blog.turkishairlines.com\/tr\/wp-json\/wp\/v2\/categories?post=42182"},{"taxonomy":"post_tag","embeddable":true,"href":"https:\/\/blog.turkishairlines.com\/tr\/wp-json\/wp\/v2\/tags?post=42182"}],"curies":[{"name":"wp","href":"https:\/\/api.w.org\/{rel}","templated":true}]}}