{"id":5993,"date":"2020-02-14T09:50:01","date_gmt":"2020-02-14T06:50:01","guid":{"rendered":"https:\/\/blog.turkishairlines.com\/?p=5993"},"modified":"2022-08-07T19:12:12","modified_gmt":"2022-08-07T16:12:12","slug":"saraybosna-dan-mostar-a","status":"publish","type":"post","link":"https:\/\/blog.turkishairlines.com\/tr\/saraybosna-dan-mostar-a\/","title":{"rendered":"Saraybosna\u2019dan Mostar\u2019a"},"content":{"rendered":"\n<hr class=\"wp-block-separator has-text-color has-alpha-channel-opacity has-background is-style-wide\" style=\"background-color:#ebebeb;color:#ebebeb\"\/>\n\n\n\n<p>Bosna Hersek Bo\u015fnaklar, H\u0131rvatlar ve S\u0131rplar olmak \u00fczere3 farkl\u0131 etnik gruba ev sahipli\u011fi yapar, do\u011fal olarak da \u00fclkede 3 farkl\u0131 dil konu\u015fulur. Kom\u015fular\u0131 S\u0131rbistan, H\u0131rvatistan ve Karada\u011f\u2019d\u0131r. Ayr\u0131ca 21km\u2019lik k\u0131sa bir sahil \u015feridi ile de olsa Adriyatik Denizi\u2019ne ba\u011flant\u0131s\u0131 bulunur.<\/p>\n\n\n\n<p>Bosna Hersek\u2019te seyahat etmek kolayd\u0131r. \u00dclke y\u00fcz\u00f6l\u00e7\u00fcm\u00fc olarak k\u00fc\u00e7\u00fck, \u015fehirleraras\u0131 mesafeler birbirine yak\u0131n, hayat di\u011fer Avrupa \u00fclkeleri ile k\u0131yasland\u0131\u011f\u0131nda ucuzdur. \u00dclkede \u00f6zellikle T\u00fcrk turistlere b\u00fcy\u00fck de\u011fer verilir; inan\u0131lmaz h\u00fcrmet ve izzet-i ikram g\u00f6sterilir. Bosna Hersek k\u0131\u015f aylar\u0131nda k\u0131\u015f turizmi, bahar ve yaz aylar\u0131nda da g\u00fczel do\u011fas\u0131, tarih ve k\u00fclt\u00fcr zenginli\u011fi ile ziyaret\u00e7ilerini kendisine \u00e7eker.<\/p>\n\n\n\n<p>Bosna Hersek T\u00fcrk vatanda\u015flar\u0131ndan vize istememektedir, sadece ge\u00e7erli bir pasaportunuzun olmas\u0131 yeterlidir. T\u00fcrk Hava Yollar\u0131\u2019n\u0131n ba\u015fkent Saraybosna\u2019ya her g\u00fcn d\u00fczenli seferleri bulunur. \u0130stanbul\u2019dan Saraybosna\u2019ya 1sa 50dk gibi k\u0131sa bir s\u00fcre i\u00e7inde ula\u015fabilirsiniz. Havaalan\u0131ndan 6km mesafedeki \u015fehir merkezine gitmek de olduk\u00e7a kolayd\u0131r; taksi veya tramvaya binebilirsiniz. Tramvay Avrupa\u2019n\u0131n ilk tramvay\u0131d\u0131r, deneyimlemek g\u00fczel olacakt\u0131r.<\/p>\n\n\n\n<figure class=\"wp-block-image\"><img decoding=\"async\" src=\"https:\/\/blog.turkishairlines.com\/wp-content\/uploads\/2020\/02\/iStock-1062765172-1024x765.jpg\" alt=\"This image has an empty alt attribute; its file name is iStock-1062765172-1024x765.jpg\"\/><\/figure>\n\n\n\n<p>Bosna Hersek\u2019te yemek a\u00e7\u0131s\u0131ndan hi\u00e7 s\u0131k\u0131nt\u0131 \u00e7ekmeyece\u011finizi garanti edebilirim. Yemekleri T\u00fcrk damak tad\u0131na \u00e7ok yak\u0131nd\u0131r. En me\u015fhur yemekleri&nbsp;<em>Cevapi<\/em>\u2019dir&nbsp;(Cevapcici de denir); bizim Tekirda\u011f k\u00f6ftemize benzer. Metal bir tabakta, ya\u011flanm\u0131\u015f pide aras\u0131nda sunulur. Porsiyonlar b\u00fcy\u00fck ve doyurucudur. Ayr\u0131ca&nbsp;<em>Bo\u015fnak B\u00f6re\u011fi<\/em>&nbsp;\u00e7ok me\u015fhurdur. Peynir, patates, \u0131spanak, k\u0131yma gibi her \u00e7e\u015fit i\u00e7erikle yap\u0131l\u0131r; \u00f6zellikle kahvalt\u0131 i\u00e7in idealdir. Her \u00e7e\u015fit b\u00f6re\u011fe ba\u015fka bir isim vermi\u015flerdir ama Bo\u015fnaklar az \u00e7ok T\u00fcrk\u00e7e bildi\u011fi i\u00e7in sipari\u015fte sorun ya\u015famazs\u0131n\u0131z. Bosna Hersek\u2019te olduk\u00e7a makul fiyatlara karn\u0131n\u0131z\u0131 doyurabilirsiniz. Ayr\u0131ca&nbsp;<em>Bey \u00c7orbas\u0131<\/em>&nbsp;da tadabilece\u011finiz lezzetlerdendir. Ak\u015fam\u00fcstleri kafelerde&nbsp;<em>Bo\u015fnak Kahvesi<\/em>&nbsp;i\u00e7ebilirsiniz; sunumu olduk\u00e7a g\u00fczeldir, yan\u0131nda lokum ve suyla bak\u0131r bir tepside ikram edilir. Bak\u0131r i\u015flemecili\u011fi Bosna\u2019da zaten yayg\u0131n bir sanat t\u00fcr\u00fcd\u00fcr.<\/p>\n\n\n\n<p>Bosna Hersek\u2019te \u00f6ncelikle ba\u015fkent&nbsp;Saraybosna\u2019n\u0131n g\u00f6r\u00fclmesi gerekir. Saraybosna\u2019daki binalarda hala kur\u015funlar\u0131n, hava toplar\u0131n\u0131n izleri bulunmaktad\u0131r. \u0130ki tam g\u00fcn bu g\u00fczel \u015fehri ke\u015ffetmeniz i\u00e7in yeterli bir s\u00fcre olacakt\u0131r. Hem Avrupa\u2019n\u0131n kalbinde olu\u015fu, hem de bar\u0131nd\u0131rd\u0131\u011f\u0131 Osmanl\u0131 izleriyle Saraybosna ziyaret\u00e7ilerin her zaman ho\u015fnut kald\u0131\u011f\u0131 bir \u015fehirdir.<\/p>\n\n\n\n<p>Saraybosna\u2019da gezilecek, g\u00f6r\u00fclecek bir\u00e7ok yer bulunur. Bunlardan bir tanesi&nbsp;Umut T\u00fcneli\u2019dir. 1992-1995 y\u0131llar\u0131 aras\u0131ndaki i\u00e7 sava\u015f d\u00f6neminde Bosna Hersek\u2019in d\u00fcnyayla tek ba\u011flant\u0131s\u0131 olan bu t\u00fcnelin \u015fu an 20 metrelik bir k\u0131sm\u0131 ziyarete a\u00e7\u0131kt\u0131r. Onun d\u0131\u015f\u0131nda&nbsp;Latin K\u00f6pr\u00fcs\u00fc&nbsp;de g\u00f6r\u00fclebilecek yerler aras\u0131ndad\u0131r. Birinci D\u00fcnya Sava\u015f\u0131\u2019n\u0131n \u00e7\u0131kmas\u0131na sebep olan olay burada ger\u00e7ekle\u015fmi\u015f, Avusturya-Macaristan Veliahd\u0131 Ferdinand ve e\u015fi Sophia bu k\u00f6pr\u00fcn\u00fcn yan\u0131nda \u00f6ld\u00fcr\u00fclm\u00fc\u015ft\u00fcr. K\u00f6pr\u00fcn\u00fcn hemen yan\u0131nda bu olaya istinaden bir m\u00fcze bulunmaktad\u0131r. Bosna Hersek\u2019in ilk cumhurba\u015fkan\u0131 merhum Alija \u0130zzetbegovi\u00e7\u2019in mezar\u0131n\u0131n da bulundu\u011fu&nbsp;\u015eehitlik, Osmanl\u0131 d\u00f6neminden kalma&nbsp;Ba\u015f\u00e7ar\u015f\u0131,&nbsp;Gazi H\u00fcsrev Bey Camii,&nbsp;Sultan Camii&nbsp;ve&nbsp;Bedesten&nbsp;ziyaret edebilece\u011finiz yerlendendir.&nbsp;Ferhadiye Caddesi&nbsp;de kentin modern y\u00fcz\u00fcn\u00fc yans\u0131t\u0131r.<\/p>\n\n\n\n<figure class=\"wp-block-image size-large td-caption-align-https:\/\/blog.turkishairlines.com\/wp-content\/uploads\/2020\/03\/UmutTuneli-Saraybosna-iStock-583973836.jpg\"><img loading=\"lazy\" decoding=\"async\" width=\"1024\" height=\"683\" src=\"https:\/\/blog.turkishairlines.com\/wp-content\/uploads\/2020\/03\/UmutTuneli-Saraybosna-iStock-583973836-1024x683.jpg\" alt=\"\" class=\"wp-image-12679\" srcset=\"https:\/\/blog.turkishairlines.com\/wp-content\/uploads\/2020\/03\/UmutTuneli-Saraybosna-iStock-583973836-1024x683.jpg 1024w, https:\/\/blog.turkishairlines.com\/wp-content\/uploads\/2020\/03\/UmutTuneli-Saraybosna-iStock-583973836-300x200.jpg 300w, https:\/\/blog.turkishairlines.com\/wp-content\/uploads\/2020\/03\/UmutTuneli-Saraybosna-iStock-583973836-768x512.jpg 768w, https:\/\/blog.turkishairlines.com\/wp-content\/uploads\/2020\/03\/UmutTuneli-Saraybosna-iStock-583973836-696x464.jpg 696w, https:\/\/blog.turkishairlines.com\/wp-content\/uploads\/2020\/03\/UmutTuneli-Saraybosna-iStock-583973836-1068x712.jpg 1068w, https:\/\/blog.turkishairlines.com\/wp-content\/uploads\/2020\/03\/UmutTuneli-Saraybosna-iStock-583973836-630x420.jpg 630w, https:\/\/blog.turkishairlines.com\/wp-content\/uploads\/2020\/03\/UmutTuneli-Saraybosna-iStock-583973836-600x400.jpg 600w, https:\/\/blog.turkishairlines.com\/wp-content\/uploads\/2020\/03\/UmutTuneli-Saraybosna-iStock-583973836.jpg 1254w\" sizes=\"auto, (max-width: 1024px) 100vw, 1024px\" \/><\/figure>\n\n\n\n<p>Bosna Hersek\u2019te g\u00f6r\u00fclmesi gereken bir di\u011fer \u015fehir de&nbsp;Mostar\u2019d\u0131r. UNESCO\u2019nun koruma alt\u0131na ald\u0131\u011f\u0131 kentte Osmanl\u0131 etkisi hemen hissedilir. Mostar; tarihi evleri, camileri, konaklar\u0131, y\u0131k\u0131ld\u0131ktan sonra tekrar in\u015fa edilen Mostar K\u00f6pr\u00fcs\u00fc ile haf\u0131zalarda yer eder.<\/p>\n\n\n\n<p>Neretva Nehri\u2019nin z\u00fcmr\u00fct ye\u015fili sular\u0131 \u00fczerine kurulan&nbsp;Mostar K\u00f6pr\u00fcs\u00fc, Osmanl\u0131 d\u00f6neminde, Mimar Sinan\u2019\u0131n \u00f6\u011frencisi Mimar Hayreddin taraf\u0131ndan yap\u0131lan, 21m y\u00fcksekli\u011finde bir k\u00f6pr\u00fcd\u00fcr. Bosna Sava\u015f\u0131 s\u0131ras\u0131nda bir H\u0131rvat top\u00e7usu taraf\u0131ndan y\u0131k\u0131lm\u0131\u015ft\u0131r; y\u0131k\u0131lan k\u00f6pr\u00fcn\u00fcn yerine \u00f6nce \u0130ngilizler taraf\u0131ndan ge\u00e7ici bir demir k\u00f6pr\u00fc in\u015fa edilmi\u015f, y\u0131llar sonra da aralar\u0131nda T\u00fcrkiye\u2019nin de bulundu\u011fu \u00fclkelerin resmi makamlar\u0131 bir araya gelerek k\u00f6pr\u00fcs\u00fcn\u00fcn asl\u0131na uygun \u015fekilde yeniden yap\u0131lmas\u0131 i\u00e7in destek vermi\u015ftir. Macar dalg\u0131\u00e7lar y\u0131k\u0131lan k\u00f6pr\u00fcn\u00fcn ta\u015flar\u0131n\u0131 sular alt\u0131ndan \u00e7\u0131karm\u0131\u015f, ancak ta\u015flar y\u0131prand\u0131\u011f\u0131 i\u00e7in yeniden kullan\u0131lamam\u0131\u015ft\u0131r. K\u00f6pr\u00fcn\u00fcn ta\u015flar\u0131n\u0131 temin etmek i\u00e7in ta\u015f oca\u011f\u0131 tekrar a\u00e7\u0131lm\u0131\u015ft\u0131r. Asl\u0131na uygun olarak yeniden in\u015fa edilen k\u00f6pr\u00fc 2003 y\u0131l\u0131nda a\u00e7\u0131lm\u0131\u015f ve 2005 y\u0131l\u0131nda da UNESCO D\u00fcnya K\u00fclt\u00fcr Miras\u0131 Listesi\u2019ne al\u0131nm\u0131\u015ft\u0131r. K\u00f6pr\u00fcn\u00fcn \u00fcst\u00fcnde 99 tane ta\u015f y\u00fckselti vard\u0131r. Bunlar\u0131n Allah\u2019\u0131n 99 ismine i\u015faret etti\u011fi s\u00f6ylenir.<\/p>\n\n\n\n<p>Eski zamanlarda ni\u015fanl\u0131 erkekler, ni\u015fanl\u0131lar\u0131na cesaretlerini g\u00f6stermek i\u00e7in Mostar K\u00f6pr\u00fcs\u00fc\u2019nden atlarlarm\u0131\u015f. Bug\u00fcn bu gelenek turistik bir g\u00f6steriye d\u00f6n\u00fc\u015fm\u00fc\u015f durumdad\u0131r; 25 Euro verirseniz bu g\u00f6steriyi izleyebilirsiniz. K\u00f6pr\u00fcn\u00fcn \u00fczerinde y\u00fcr\u00fcmek \u00e7ok zor oldu\u011fundan, kaymamak i\u00e7in mutlaka uygun bir ayakkab\u0131 giyerek gitmenizi \u00f6neririm.<\/p>\n\n\n\n<p>Saraybosna-Mostar aras\u0131nda g\u00fcn i\u00e7inde bir\u00e7ok otob\u00fcs seferi d\u00fczenlenir; otob\u00fcsle 2.5 saatte, ara\u00e7 kiralarsan\u0131z daha k\u0131sa s\u00fcrede Saraybosna\u2019dan Mostar\u2019a ge\u00e7ebilirsiniz.<\/p>\n\n\n\n<figure class=\"wp-block-image\"><img decoding=\"async\" src=\"https:\/\/blog.turkishairlines.com\/wp-content\/uploads\/2020\/02\/iStock-505275064-1024x683.jpg\" alt=\"This image has an empty alt attribute; its file name is iStock-505275064-1024x683.jpg\"\/><\/figure>\n\n\n\n<p>Yolunuz \u00fcst\u00fcnde kalacak&nbsp;Konjic&nbsp;de g\u00f6r\u00fclmesi gereken yerlerdendir. Neretva Nehri \u00fczerinde kurulan bu \u015firin kasaba, Osmanl\u0131 eseri olan&nbsp;Konjic K\u00f6pr\u00fcs\u00fc&nbsp;ve do\u011fal g\u00fczelli\u011fi ile dikkat \u00e7eker. Yetkili mercilerden izin alabilirseniz kimyasal silahlardan korunmak amac\u0131yla Tito\u2019nun yapt\u0131rd\u0131\u011f\u0131 s\u0131\u011f\u0131na\u011f\u0131 ziyaret edebilirsiniz. Ayr\u0131ca Alman Nazi ordular\u0131 ile Yugoslavya\u2019n\u0131n eski lideri Tito\u2019nun partizan birlikleri aras\u0131nda \u00e7\u0131kan sava\u015f\u0131n izleri de hala burada g\u00f6r\u00fclmektedir. Demiryolu havaya u\u00e7urulmu\u015f haliyle hala korunmakta ve ziyaret\u00e7ilerini beklemektedir.<\/p>\n\n\n\n<p>Bosna\u2019da g\u00f6r\u00fclebilecek bir ba\u015fka yer&nbsp;Travnik\u2019tir. Osmanl\u0131\u2019ya 70 kadar vezir verdi\u011fi i\u00e7in \u201cVezirler \u015eehri\u201d olarak an\u0131l\u0131r. Kahvesi ve \u00e7a\u011flayanlar\u0131yla g\u00f6r\u00fclmeyi hak eden bir yerdir.<\/p>\n\n\n\n<p>G\u00f6r\u00fclebilecek bir ba\u015fka yer de&nbsp;Ahmi\u00e7&nbsp;K\u00f6y\u00fc&nbsp;ve&nbsp;Srebrenica\u2019d\u0131r. Buralar sava\u015f d\u00f6nemi \u00e7ok ciddi kay\u0131plar\u0131n verildi\u011fi yerlerdir. \u00d6zellikle katliam\u0131n y\u0131l d\u00f6n\u00fcm\u00fcnde gidilirse d\u00fcnyan\u0131n her yerinden gelen vekiller, b\u00fcrokratlar ile merasimler izlenebilir.<\/p>\n\n\n\n<p>Bosna Hersek\u2019te deniz tatili yapmak isterseniz tek se\u00e7ene\u011finiz&nbsp;Neum&nbsp;b\u00f6lgesidir. Neum\u2019a gidebilmek i\u00e7in H\u0131rvatistan\u2019a giri\u015f \u00e7\u0131k\u0131\u015f yapman\u0131z gerekir, \u00e7\u00fcnk\u00fc Neum\u2019la Bosna Hersek aras\u0131nda H\u0131rvatistan topraklar\u0131 bulunur. H\u0131rvatistan\u2019a g\u00f6re fiyatlar daha makuld\u00fcr.<\/p>\n\n\n\n<p><br><\/p>\n","protected":false},"excerpt":{"rendered":"<p>Bosna Hersek Bo\u015fnaklar, H\u0131rvatlar ve S\u0131rplar olmak \u00fczere3 farkl\u0131 etnik gruba ev sahipli\u011fi yapar, do\u011fal olarak da \u00fclkede 3 farkl\u0131 dil konu\u015fulur. Kom\u015fular\u0131 S\u0131rbistan, H\u0131rvatistan ve Karada\u011f\u2019d\u0131r. Ayr\u0131ca 21km\u2019lik k\u0131sa bir sahil \u015feridi ile de olsa Adriyatik Denizi\u2019ne ba\u011flant\u0131s\u0131 bulunur. Bosna Hersek\u2019te seyahat etmek kolayd\u0131r. \u00dclke y\u00fcz\u00f6l\u00e7\u00fcm\u00fc olarak k\u00fc\u00e7\u00fck, \u015fehirleraras\u0131 mesafeler birbirine yak\u0131n, hayat di\u011fer [&hellip;]<\/p>\n","protected":false},"author":40,"featured_media":5987,"comment_status":"closed","ping_status":"closed","sticky":false,"template":"","format":"standard","meta":{"footnotes":""},"categories":[541,611,617,618,495],"tags":[],"class_list":{"0":"post-5993","1":"post","2":"type-post","3":"status-publish","4":"format-standard","5":"has-post-thumbnail","7":"category-ailemizden","8":"category-avrupa","9":"category-bosna-hersek","10":"category-saraybosna-gezi-rehberi","11":"category-yerler"},"_links":{"self":[{"href":"https:\/\/blog.turkishairlines.com\/tr\/wp-json\/wp\/v2\/posts\/5993","targetHints":{"allow":["GET"]}}],"collection":[{"href":"https:\/\/blog.turkishairlines.com\/tr\/wp-json\/wp\/v2\/posts"}],"about":[{"href":"https:\/\/blog.turkishairlines.com\/tr\/wp-json\/wp\/v2\/types\/post"}],"author":[{"embeddable":true,"href":"https:\/\/blog.turkishairlines.com\/tr\/wp-json\/wp\/v2\/users\/40"}],"replies":[{"embeddable":true,"href":"https:\/\/blog.turkishairlines.com\/tr\/wp-json\/wp\/v2\/comments?post=5993"}],"version-history":[{"count":0,"href":"https:\/\/blog.turkishairlines.com\/tr\/wp-json\/wp\/v2\/posts\/5993\/revisions"}],"wp:featuredmedia":[{"embeddable":true,"href":"https:\/\/blog.turkishairlines.com\/tr\/wp-json\/wp\/v2\/media\/5987"}],"wp:attachment":[{"href":"https:\/\/blog.turkishairlines.com\/tr\/wp-json\/wp\/v2\/media?parent=5993"}],"wp:term":[{"taxonomy":"category","embeddable":true,"href":"https:\/\/blog.turkishairlines.com\/tr\/wp-json\/wp\/v2\/categories?post=5993"},{"taxonomy":"post_tag","embeddable":true,"href":"https:\/\/blog.turkishairlines.com\/tr\/wp-json\/wp\/v2\/tags?post=5993"}],"curies":[{"name":"wp","href":"https:\/\/api.w.org\/{rel}","templated":true}]}}