{"id":62236,"date":"2026-04-27T13:49:12","date_gmt":"2026-04-27T10:49:12","guid":{"rendered":"https:\/\/blog.turkishairlines.com\/?p=62236"},"modified":"2026-04-27T13:49:16","modified_gmt":"2026-04-27T10:49:16","slug":"diyarbakir-kalesi-ve-hevsel-bahceleri-gezi-rehberi","status":"publish","type":"post","link":"https:\/\/blog.turkishairlines.com\/tr\/diyarbakir-kalesi-ve-hevsel-bahceleri-gezi-rehberi\/","title":{"rendered":"Kadim surlardan z\u00fcmr\u00fct bah\u00e7elere: Diyarbak\u0131r Kalesi ve Hevsel Bah\u00e7eleri"},"content":{"rendered":"\n<hr class=\"wp-block-separator has-text-color has-alpha-channel-opacity has-background is-style-wide\" style=\"background-color:#ebebeb;color:#ebebeb\"\/>\n\n\n\n<h2 class=\"wp-block-heading\"><strong>On bin y\u0131ll\u0131k bir ya\u015fam \u00f6yk\u00fcs\u00fc: \u0130\u00e7kale ve Amida H\u00f6y\u00fck<\/strong><\/h2>\n\n\n\n<p>Diyarbak\u0131r Kalesi ve Hevsel Bah\u00e7eleri hakk\u0131nda bilgi almak i\u00e7in \u00f6nce buraya ad\u0131m atal\u0131m: Diyarbak\u0131r\u2019\u0131n tarihsel \u00e7ekirde\u011fi olan \u0130\u00e7kale\u2019deki Amida H\u00f6y\u00fck, b\u00f6lgenin ne kadar kadim bir ge\u00e7mi\u015fe sahip oldu\u011funu kan\u0131tl\u0131yor. Arkeolojik kaz\u0131lar, bu h\u00f6y\u00fc\u011f\u00fcn yakla\u015f\u0131k on bin y\u0131ld\u0131r kesintisiz bir yerle\u015fime ev sahipli\u011fi yapt\u0131\u011f\u0131n\u0131 g\u00f6steriyor. B\u00f6lgedeki bilinen en eski savunma yap\u0131lar\u0131 milattan \u00f6nce d\u00f6rd\u00fcnc\u00fc binli y\u0131llarda Hurriler taraf\u0131ndan in\u015fa ediliyor. Nitekim yak\u0131n zamanda &#8220;Alay Meydan\u0131&#8221; b\u00f6lgesinde toprak alt\u0131ndan \u00e7\u0131kar\u0131lan Hurrilere ait sur kal\u0131nt\u0131s\u0131, \u015fehrin bilinen en eski savunma duvar\u0131 olarak tarihe ge\u00e7iyor.<\/p>\n\n\n\n<p>G\u00fcn\u00fcm\u00fczde t\u00fcm ihti\u015fam\u0131yla ayakta duran surlar\u0131n temelleri ise Roma \u0130mparatoru II. Konstantinus d\u00f6neminde at\u0131l\u0131yor. Roma ve Bizans egemenli\u011finin ard\u0131ndan Emevi, Abbasi, Mervani, Sel\u00e7uklu, Artuklu, Akkoyunlu, Safevi ve Osmanl\u0131 gibi birbirinden g\u00fc\u00e7l\u00fc medeniyetler \u015fehri y\u00f6netiyor. Her medeniyet surlara kendi \u00fcslubunu ve kitabelerini ekleyerek bu yap\u0131y\u0131 bir a\u00e7\u0131k hava m\u00fczesine d\u00f6n\u00fc\u015ft\u00fcr\u00fcyor. \u00d6rne\u011fin \u0130\u00e7kale\u2019deki kaz\u0131larda g\u00fcn y\u00fcz\u00fcne \u00e7\u0131kar\u0131lan Artuklu H\u00fck\u00fcmdar\u0131 Melik Salih Nas\u0131reddin Mahmud\u2019a ait saray\u0131n temelleri ve renkli cam mozaikleri, d\u00f6nemin incelikli sanat anlay\u0131\u015f\u0131n\u0131 harika bir \u015fekilde yans\u0131t\u0131yor.<\/p>\n\n\n\n<hr class=\"wp-block-separator has-text-color has-alpha-channel-opacity has-background is-style-wide\" style=\"background-color:#ebebeb;color:#ebebeb\"\/>\n\n\n\n<h2 class=\"wp-block-heading\"><strong>G\u00f6rkemli bir savunma hatt\u0131: Diyarbak\u0131r \u0130\u00e7kale M\u00fcze Kompleksi<\/strong><\/h2>\n\n\n\n<figure class=\"wp-block-image size-large td-caption-align-https:\/\/blog.turkishairlines.com\/wp-content\/uploads\/2020\/02\/iStock-924032386.jpg\"><img loading=\"lazy\" decoding=\"async\" width=\"1024\" height=\"576\" src=\"https:\/\/blog.turkishairlines.com\/wp-content\/uploads\/2026\/04\/diyarbakir-ickale-muze-kompleksi-1024x576.jpg\" alt=\"Diyarbak\u0131r \u015fehir sil\u00fcetinin ve antik kale surlar\u0131n\u0131n g\u00fcn bat\u0131m\u0131nda havadan g\u00f6r\u00fcn\u00fcm\u00fc\" class=\"wp-image-62244\" srcset=\"https:\/\/blog.turkishairlines.com\/wp-content\/uploads\/2026\/04\/diyarbakir-ickale-muze-kompleksi-1024x576.jpg 1024w, https:\/\/blog.turkishairlines.com\/wp-content\/uploads\/2026\/04\/diyarbakir-ickale-muze-kompleksi-300x169.jpg 300w, https:\/\/blog.turkishairlines.com\/wp-content\/uploads\/2026\/04\/diyarbakir-ickale-muze-kompleksi-150x84.jpg 150w, https:\/\/blog.turkishairlines.com\/wp-content\/uploads\/2026\/04\/diyarbakir-ickale-muze-kompleksi-768x432.jpg 768w, https:\/\/blog.turkishairlines.com\/wp-content\/uploads\/2026\/04\/diyarbakir-ickale-muze-kompleksi-746x420.jpg 746w, https:\/\/blog.turkishairlines.com\/wp-content\/uploads\/2026\/04\/diyarbakir-ickale-muze-kompleksi-696x392.jpg 696w, https:\/\/blog.turkishairlines.com\/wp-content\/uploads\/2026\/04\/diyarbakir-ickale-muze-kompleksi-1068x601.jpg 1068w, https:\/\/blog.turkishairlines.com\/wp-content\/uploads\/2026\/04\/diyarbakir-ickale-muze-kompleksi.jpg 1084w\" sizes=\"auto, (max-width: 1024px) 100vw, 1024px\" \/><figcaption class=\"wp-element-caption\">Diyarbak\u0131r \u015fehir sil\u00fcetinin ve antik kale surlar\u0131n\u0131n g\u00fcn bat\u0131m\u0131nda havadan g\u00f6r\u00fcn\u00fcm\u00fc<\/figcaption><\/figure>\n\n\n\n<p>Yakla\u015f\u0131k 5800 metreye ula\u015fan surlar\u0131yla Diyarbak\u0131r \u0130\u00e7kale M\u00fcze Kompleksi ihti\u015faml\u0131 bir yap\u0131. Buras\u0131 Roma, Sasani ve Do\u011fu Roma \u0130mparatorlu\u011fu\u2019ndan Osmanl\u0131\u2019ya kadar uzanan bir d\u00f6nemde \u00f6nemini daima koruyor. \u0130\u00e7 kale ve d\u0131\u015f kale olarak iki b\u00f6l\u00fcm gibi d\u00fc\u015f\u00fcnebilece\u011finiz bu tarihi yap\u0131, 7 bin y\u0131ll\u0131k surlara sahip. Bu surlarda yer alan 4 kap\u0131s\u0131 sayesinde d\u00fcnyan\u0131n en g\u00f6rkemli savunma hatlar\u0131ndan ve g\u00fcvenlik noktalar\u0131ndan biri kabul ediliyor. Diyarbak\u0131r Kalesi\u2019nde toplam 82 bur\u00e7 var ve hepsi de in\u015fa edildikleri d\u00f6nemden izler ta\u015f\u0131yor. Benusen, Yedi Karde\u015f, Nur, Ke\u00e7i, Sel\u00e7uklu gibi bur\u00e7lar bunlardan baz\u0131lar\u0131. Ayr\u0131ca kalenin \u201cDa\u011f Kap\u0131\u201d veya \u201cHarput Kap\u0131 Burcu\u201d olarak isimlendirilen b\u00f6l\u00fcm\u00fc Turizm B\u00fcrosu ve Devlet G\u00fczel Sanatlar Galerisi olarak faaliyet g\u00f6steriyor. B\u00fcy\u00fck k\u0131sm\u0131 g\u00fcn\u00fcm\u00fcze kadar ayakta kalmay\u0131 ba\u015fard\u0131\u011f\u0131 i\u00e7in b\u00f6lgeye gitmi\u015fken buray\u0131 mutlaka g\u00f6rmelisiniz.<\/p>\n\n\n\n<p>\u015eehri daha kapsaml\u0131 ke\u015ffetmek i\u00e7in <a href=\"https:\/\/blog.turkishairlines.com\/tr\/nesi-meshur-diyarbakir\/\" target=\"_blank\" rel=\"noreferrer noopener\">Nesi me\u015fhur: Diyarbak\u0131r<\/a> blog yaz\u0131m\u0131za da g\u00f6z atabilirsiniz.<\/p>\n\n\n\n<hr class=\"wp-block-separator has-text-color has-alpha-channel-opacity has-background is-style-wide\" style=\"background-color:#ebebeb;color:#ebebeb\"\/>\n\n\n\n<h2 class=\"wp-block-heading\"><strong>Siyah bazalt\u0131n ihti\u015fam\u0131: Diyarbak\u0131r Surlar\u0131n\u0131n mimari \u00f6zellikleri<\/strong><\/h2>\n\n\n\n<figure class=\"wp-block-image size-large td-caption-align-https:\/\/blog.turkishairlines.com\/wp-content\/uploads\/2020\/02\/iStock-924032386.jpg\"><img loading=\"lazy\" decoding=\"async\" width=\"1024\" height=\"782\" src=\"https:\/\/blog.turkishairlines.com\/wp-content\/uploads\/2026\/04\/diyarbakir-tarihi-surlari-1024x782.jpg\" alt=\"Diyarbak\u0131r surlar\u0131n\u0131n en g\u00f6rkemli yap\u0131lar\u0131ndan biri olan, \u00fczerindeki kitabeler ve kabartmalarla \u00f6ne \u00e7\u0131kan tarihi bur\u00e7\" class=\"wp-image-62246\" srcset=\"https:\/\/blog.turkishairlines.com\/wp-content\/uploads\/2026\/04\/diyarbakir-tarihi-surlari-1024x782.jpg 1024w, https:\/\/blog.turkishairlines.com\/wp-content\/uploads\/2026\/04\/diyarbakir-tarihi-surlari-300x229.jpg 300w, https:\/\/blog.turkishairlines.com\/wp-content\/uploads\/2026\/04\/diyarbakir-tarihi-surlari-150x115.jpg 150w, https:\/\/blog.turkishairlines.com\/wp-content\/uploads\/2026\/04\/diyarbakir-tarihi-surlari-768x587.jpg 768w, https:\/\/blog.turkishairlines.com\/wp-content\/uploads\/2026\/04\/diyarbakir-tarihi-surlari-550x420.jpg 550w, https:\/\/blog.turkishairlines.com\/wp-content\/uploads\/2026\/04\/diyarbakir-tarihi-surlari-80x60.jpg 80w, https:\/\/blog.turkishairlines.com\/wp-content\/uploads\/2026\/04\/diyarbakir-tarihi-surlari-696x532.jpg 696w, https:\/\/blog.turkishairlines.com\/wp-content\/uploads\/2026\/04\/diyarbakir-tarihi-surlari-1068x816.jpg 1068w, https:\/\/blog.turkishairlines.com\/wp-content\/uploads\/2026\/04\/diyarbakir-tarihi-surlari.jpg 1084w\" sizes=\"auto, (max-width: 1024px) 100vw, 1024px\" \/><figcaption class=\"wp-element-caption\">Diyarbak\u0131r surlar\u0131n\u0131n en g\u00f6rkemli yap\u0131lar\u0131ndan biri olan, \u00fczerindeki kitabeler ve kabartmalarla \u00f6ne \u00e7\u0131kan tarihi bur\u00e7<\/figcaption><\/figure>\n\n\n\n<p>Diyarbak\u0131r surlar\u0131, y\u00f6reye \u00f6zg\u00fc siyah bazalt ta\u015f\u0131n\u0131n ustal\u0131kla i\u015flenmesiyle olu\u015fturulmu\u015f muazzam bir m\u00fchendislik harikas\u0131. 10 ila 12 metre y\u00fcksekli\u011fe ve 3 ila 5 metre geni\u015fli\u011fe ula\u015fan, ku\u015fbak\u0131\u015f\u0131 bak\u0131ld\u0131\u011f\u0131nda bir kalkan bal\u0131\u011f\u0131n\u0131 and\u0131ran bu 5,8 kilometrelik devasa yap\u0131, kentin kalbi olan \u0130\u00e7kale\u2019yi de sar\u0131yor.<\/p>\n\n\n\n<p>Surlar\u0131n in\u015fas\u0131nda, alt k\u0131s\u0131mlarda k\u0131rma ta\u015flar kullan\u0131l\u0131rken \u00fcst k\u0131s\u0131mlarda b\u00fcy\u00fck ve d\u00fczg\u00fcn kesme ta\u015flar tercih edilmi\u015f. Bu detay, yap\u0131n\u0131n erken d\u00f6nemlerde bile ne kadar ileri bir m\u00fchendislik bilgisiyle in\u015fa edildi\u011fini g\u00f6steriyor. Duvarlar boyunca Da\u011f, Urfa, Mardin ve Yeni Kap\u0131 olmak \u00fczere d\u00f6rt ana kap\u0131 bulunuyor. Tarihi ticaret yollar\u0131n\u0131 kontrol eden bu kap\u0131lar, hem savunma hem de g\u00f6zetleme amac\u0131yla in\u015fa edilmi\u015f muazzam bur\u00e7larla destekleniyor. Surlar\u0131 \u00e2deta bir tarih kitab\u0131na \u00e7eviren 63 farkl\u0131 yaz\u0131t ise, bu g\u00f6rkemli yap\u0131y\u0131 in\u015fa eden ve onaran h\u00fck\u00fcmdarlar\u0131n isimlerini g\u00fcn\u00fcm\u00fcze kadar ta\u015f\u0131yor.<\/p>\n\n\n\n<hr class=\"wp-block-separator has-text-color has-alpha-channel-opacity has-background is-style-wide\" style=\"background-color:#ebebeb;color:#ebebeb\"\/>\n\n\n\n<h2 class=\"wp-block-heading\"><strong>\u015eehrin akci\u011feri ve g\u0131da deposu: Hevsel Bah\u00e7eleri<\/strong><\/h2>\n\n\n\n<figure class=\"wp-block-image size-large td-caption-align-https:\/\/blog.turkishairlines.com\/wp-content\/uploads\/2020\/02\/iStock-924032386.jpg\"><img loading=\"lazy\" decoding=\"async\" width=\"1024\" height=\"684\" src=\"https:\/\/blog.turkishairlines.com\/wp-content\/uploads\/2026\/04\/diyarbakir-keci-burcu-ve-hevsel-bahceleri-1024x684.jpg\" alt=\"Diyarbak\u0131r'\u0131n simgesi Ke\u00e7i Burcu'nun tarihi dokusu ile vadi boyunca uzanan yemye\u015fil Hevsel Bah\u00e7eleri\" class=\"wp-image-62248\" srcset=\"https:\/\/blog.turkishairlines.com\/wp-content\/uploads\/2026\/04\/diyarbakir-keci-burcu-ve-hevsel-bahceleri-1024x684.jpg 1024w, https:\/\/blog.turkishairlines.com\/wp-content\/uploads\/2026\/04\/diyarbakir-keci-burcu-ve-hevsel-bahceleri-300x200.jpg 300w, https:\/\/blog.turkishairlines.com\/wp-content\/uploads\/2026\/04\/diyarbakir-keci-burcu-ve-hevsel-bahceleri-150x100.jpg 150w, https:\/\/blog.turkishairlines.com\/wp-content\/uploads\/2026\/04\/diyarbakir-keci-burcu-ve-hevsel-bahceleri-768x513.jpg 768w, https:\/\/blog.turkishairlines.com\/wp-content\/uploads\/2026\/04\/diyarbakir-keci-burcu-ve-hevsel-bahceleri-629x420.jpg 629w, https:\/\/blog.turkishairlines.com\/wp-content\/uploads\/2026\/04\/diyarbakir-keci-burcu-ve-hevsel-bahceleri-696x465.jpg 696w, https:\/\/blog.turkishairlines.com\/wp-content\/uploads\/2026\/04\/diyarbakir-keci-burcu-ve-hevsel-bahceleri-1068x713.jpg 1068w, https:\/\/blog.turkishairlines.com\/wp-content\/uploads\/2026\/04\/diyarbakir-keci-burcu-ve-hevsel-bahceleri.jpg 1084w\" sizes=\"auto, (max-width: 1024px) 100vw, 1024px\" \/><figcaption class=\"wp-element-caption\">Diyarbak\u0131r&#8217;\u0131n simgesi Ke\u00e7i Burcu&#8217;nun tarihi dokusu ile vadi boyunca uzanan yemye\u015fil Hevsel Bah\u00e7eleri<\/figcaption><\/figure>\n\n\n\n<p>Hevsel Bah\u00e7eleri, Diyarbak\u0131r Kalesi ile Dicle Nehri vadisi aras\u0131nda uzanan yakla\u015f\u0131k 700 hektarl\u0131k bir ya\u015fam kayna\u011f\u0131. Neolitik \u00c7a\u011f&#8217;dan bu yana Dicle&#8217;nin sular\u0131yla hayat bulan bu bereketli topraklarda bu\u011fday, arpa, pamuk, \u00fcz\u00fcm, karpuz ve kavun gibi pek \u00e7ok \u00fcr\u00fcn yeti\u015ftiriliyor. Hevsel, yaln\u0131zca bir tar\u0131m alan\u0131 de\u011fil; ayn\u0131 zamanda Diyarbak\u0131r&#8217;\u0131n akci\u011feri ve binlerce y\u0131ll\u0131k g\u0131da deposu olma \u00f6zelli\u011fini de ta\u015f\u0131yor. Hevsel Bah\u00e7eleri ne zaman yap\u0131ld\u0131, derseniz 8.000 ila 9.000 y\u0131ll\u0131k bir ge\u00e7mi\u015fe sahip buras\u0131.<\/p>\n\n\n\n<p>Surlarla kenti \u00e7evreleyen peyzaj\u0131n ayr\u0131lmaz bir par\u00e7as\u0131 olan bah\u00e7eler, Dicle Nehri boyunca uzanarak kentin sert ta\u015f dokusuna yumu\u015fak ve renkli bir tezat olu\u015fturuyor. Hevsel Bah\u00e7eleri&#8217;ni sulayan Anzele kayna\u011f\u0131 ve Dicle \u00fczerindeki On G\u00f6zl\u00fc K\u00f6pr\u00fc, b\u00f6lgenin tarihsel ve ekolojik b\u00fct\u00fcnl\u00fc\u011f\u00fcn\u00fc simgeleyen yap\u0131lar aras\u0131nda yer al\u0131yor. UNESCO, bu uyumu g\u00f6z \u00f6n\u00fcnde bulundurarak Hevsel Bah\u00e7eleri&#8217;ni Diyarbak\u0131r surlar\u0131 ile birlikte b\u00f6l\u00fcnmez bir k\u00fclt\u00fcrel peyzaj olarak tescilledi. T\u00fcrkiye&#8217;nin<a href=\"https:\/\/blog.turkishairlines.com\/tr\/unesco-miras-listesine-giren-eserler\/\" target=\"_blank\" rel=\"noreferrer noopener\"> UNESCO D\u00fcnya Miras\u0131 Listesi&#8217;nde yer alan di\u011fer eserlerini<\/a> blogda inceleyebilirsiniz.<\/p>\n\n\n\n<hr class=\"wp-block-separator has-text-color has-alpha-channel-opacity has-background is-style-wide\" style=\"background-color:#ebebeb;color:#ebebeb\"\/>\n\n\n\n    <div class=\"thy-widget-all \" adult=\"1\" child=\"0\" baby=\"0\" widget-num=\"730387\">\n        <div class=\"thy-widget-top\">\n            <div class=\"thy-widget-logo\">\n                <svg xmlns=\"http:\/\/www.w3.org\/2000\/svg\" xmlns:xlink=\"http:\/\/www.w3.org\/1999\/xlink\" width=\"49\"\n                    height=\"49.003\" viewBox=\"0 0 49 49.003\">\n                    <defs>\n                        <clipPath id=\"clip-thy-logo\">\n                            <rect id=\"Rectangle_9\" data-name=\"Rectangle 9\" width=\"49\" height=\"49.003\" fill=\"none\">\n                            <\/rect>\n                        <\/clipPath>\n                    <\/defs>\n                    <g id=\"Group_5\" data-name=\"Group 5\" clip-path=\"url(#clip-thy-logo)\">\n                        <path id=\"Path_16\" data-name=\"Path 16\"\n                            d=\"M27.063.134A24.507,24.507,0,1,1,24.491,0a25.722,25.722,0,0,1,2.572.134M28.326,47.29A23.11,23.11,0,1,0,13.683,4.078c11.1,3.762,17.06,9.484,17.473,15.344.2,3.62-1.479,6.237-3.69,8.369l15.688-1.1c.443-.03.583.486.046.641L5.782,38.065A23.079,23.079,0,0,0,28.326,47.29M18.032,25.037c2.053-7.71-.288-15.791-5.888-20.073A23.114,23.114,0,0,0,4.962,36.847c5.961-1.661,11.205-4.8,13.07-11.81\"\n                            transform=\"translate(0 0)\" fill=\"#fff\"><\/path>\n                        <path id=\"Path_17\" data-name=\"Path 17\"\n                            d=\"M46.359,19.744A23.111,23.111,0,0,1,4.854,37.135L42.272,26.406c.537-.155.4-.671-.046-.641l-15.688,1.1c2.211-2.135,3.893-4.749,3.69-8.369C29.815,12.632,23.851,6.91,12.755,3.148a23.1,23.1,0,0,1,33.6,16.6M.779,27.4a23.005,23.005,0,0,0,3.252,8.518c5.964-1.661,11.208-4.8,13.073-11.81,2.053-7.71-.288-15.791-5.888-20.073A23.11,23.11,0,0,0,.779,27.4\"\n                            transform=\"translate(0.928 0.93)\" fill=\"#bd061b\"><\/path>\n                    <\/g>\n                <\/svg>\n            <\/div>\n            <div>\n                <div class=\"thy-widget-title\">D\u00fcnya daha b\u00fcy\u00fck. Ke\u015ffet.<\/div>\n            <\/div>\n        <\/div>\n        <hr color=\"#F4F6F8\" style=\"margin:0px;\">\n        <div class=\"thy-widget-radio-buttons\">\n            <label class=\"thy-radiobutton\">Gidi\u015f D\u00f6n\u00fc\u015f\n                <input type=\"radio\" id=\"thy-trip\" class=\"thy-road\" name=\"thy-road-730387\" value=\"thy-trip\" checked>\n                <span class=\"thy-checkmark\"><\/span>\n            <\/label>\n            <label class=\"thy-radiobutton\">Tek y\u00f6n\n                <input type=\"radio\" id=\"thy-oneway\" class=\"thy-road\" name=\"thy-road-730387\" value=\"thy-oneway\">\n                <span class=\"thy-checkmark\"><\/span>\n            <\/label>\n        <\/div>\n        <div class=\"thy-widget-inputs\">\n            <div class=\"thy-input-form\">\n                <div style=\"margin-right: 10px;\" class=\"thy-first-field\">\n                    <div class=\"thy-field\">\n                        <input class=\"thy-input thy-field-from\" type=\"text\" name=\"thy-field-from\" value=\"\"\n                            autocomplete=\"off\" required>\n                        <label for=\"thy-field-from\" title=\"Nereden?\"><\/label>\n                        <div class=\"thy-field-from-popup\">\n                            <input class=\"thy-input-popup thy-field-from-popup-input\" type=\"text\" name=\"thy-field-from-open\" data=\"\"\n                                 autocomplete=\"off\" required>\n                            <label title=\"Nereden?\"><\/label>\n                            <hr class=\"thy-popup-line\">\n                            <div class=\"thy-popup-airports\">\n                                <span>Havaliman\u0131<\/span>\n                                <div class=\"thy-popup-airport-list\">\n                                    <!-- \n                                    <div class=\"thy-popup-airport-row\">\n                                        <svg xmlns=\"http:\/\/www.w3.org\/2000\/svg\" width=\"24\" height=\"12.383\"\n                                            viewBox=\"0 0 24 12.383\">\n                                            <g id=\"black\" transform=\"translate(0 -6.33)\">\n                                                <path id=\"Path_83\" data-name=\"Path 83\"\n                                                    d=\"M21.4,10.01H6.09L1,6.33H0l1.9,4.19a4.18,4.18,0,0,0,3.7,2.453H21.4c1.19,0,2.6-.62,2.6-1.38,0-.78-1.41-1.582-2.6-1.582Zm-13.03,8.7h1l6-4.55H11.89a2.19,2.19,0,0,0-2,1.25l-1.52,3.3Z\"\n                                                    fill=\"#232b38\" \/>\n                                            <\/g>\n                                        <\/svg>\n                                        <div class=\"thy-popup-airport-names\">\n                                            <span class=\"thy-popup-airport-location\">New York, Amerika Birle\u015fik\n                                                Devletleri<\/span>\n                                            <span class=\"thy-popup-airport-name\">John F. Kennedy Uluslararas\u0131\n                                                Havaliman\u0131, JFK<\/span>\n                                        <\/div>\n                                    <\/div>\n                                    <hr>\n                                    <div class=\"thy-popup-airport-row\">\n                                        <svg xmlns=\"http:\/\/www.w3.org\/2000\/svg\" width=\"24\" height=\"12.383\"\n                                            viewBox=\"0 0 24 12.383\">\n                                            <g id=\"black\" transform=\"translate(0 -6.33)\">\n                                                <path id=\"Path_83\" data-name=\"Path 83\"\n                                                    d=\"M21.4,10.01H6.09L1,6.33H0l1.9,4.19a4.18,4.18,0,0,0,3.7,2.453H21.4c1.19,0,2.6-.62,2.6-1.38,0-.78-1.41-1.582-2.6-1.582Zm-13.03,8.7h1l6-4.55H11.89a2.19,2.19,0,0,0-2,1.25l-1.52,3.3Z\"\n                                                    fill=\"#232b38\" \/>\n                                            <\/g>\n                                        <\/svg>\n                                        <div class=\"thy-popup-airport-names\">\n                                            <span class=\"thy-popup-airport-location\">Sapporo, Japonya<\/span>\n                                            <span class=\"thy-popup-airport-name\">New Chitose Havaliman\u0131, CTS<\/span>\n                                        <\/div>\n                                    <\/div>\n                                    <hr>\n                                    <div class=\"thy-popup-airport-row\">\n                                        <svg xmlns=\"http:\/\/www.w3.org\/2000\/svg\" width=\"24\" height=\"12.383\"\n                                            viewBox=\"0 0 24 12.383\">\n                                            <g id=\"black\" transform=\"translate(0 -6.33)\">\n                                                <path id=\"Path_83\" data-name=\"Path 83\"\n                                                    d=\"M21.4,10.01H6.09L1,6.33H0l1.9,4.19a4.18,4.18,0,0,0,3.7,2.453H21.4c1.19,0,2.6-.62,2.6-1.38,0-.78-1.41-1.582-2.6-1.582Zm-13.03,8.7h1l6-4.55H11.89a2.19,2.19,0,0,0-2,1.25l-1.52,3.3Z\"\n                                                    fill=\"#232b38\" \/>\n                                            <\/g>\n                                        <\/svg>\n                                        <div class=\"thy-popup-airport-names\">\n                                            <span class=\"thy-popup-airport-location\">Buenos Aires, Arjantin<\/span>\n                                            <span class=\"thy-popup-airport-name\">Jorge Newbery Havaliman\u0131, AEP<\/span>\n                                        <\/div>\n                                    <\/div>\n                                    <hr>\n                                    <a class=\"thy-all-airports\" href=\"\">T\u00fcm U\u00e7u\u015f Noktalar\u0131n\u0131 G\u00f6r<\/a>\n                                    -->\n                                <\/div>\n                            <\/div>\n                        <\/div>\n\n                    <\/div>\n                <\/div>\n                <button class=\"thy-widget-change-locations\">\n                    <svg xmlns=\"http:\/\/www.w3.org\/2000\/svg\" width=\"33\" height=\"33\" viewBox=\"0 0 33 33\">\n                        <g id=\"change-boxed\" transform=\"translate(0.5 0.5)\">\n                            <path id=\"Path_44\" data-name=\"Path 44\" d=\"M16,0A16,16,0,1,1,0,16,16,16,0,0,1,16,0Z\"\n                                fill=\"#fff\" stroke=\"#647280\" stroke-width=\"1\"><\/path>\n                            <g id=\"Group_42\" data-name=\"Group 42\" transform=\"translate(4 4)\">\n                                <circle id=\"Ellipse_2\" data-name=\"Ellipse 2\" cx=\"12.5\" cy=\"12.5\" r=\"12.5\"\n                                    transform=\"translate(-0.5 -0.5)\" fill=\"#fff\"><\/circle>\n                                <g id=\"Group_41\" data-name=\"Group 41\" transform=\"translate(7 5)\">\n                                    <path id=\"Path_42\" data-name=\"Path 42\"\n                                        d=\"M5,1.91V0L2.5,2.545,5,5.091V3.18A3.8,3.8,0,0,1,8.75,7a4.159,4.159,0,0,1-.438,1.782l.938.954A5.757,5.757,0,0,0,10,7,5.06,5.06,0,0,0,5,1.91Zm0,8.908A3.8,3.8,0,0,1,1.25,7a4.159,4.159,0,0,1,.438-1.782L.75,4.264A5.757,5.757,0,0,0,0,7a5.06,5.06,0,0,0,5,5.09V14l2.5-2.545L5,8.909v1.91Z\"\n                                        fill=\"#647280\"><\/path>\n                                    <g id=\"Group_40\" data-name=\"Group 40\">\n                                        <path id=\"Path_43\" data-name=\"Path 43\" d=\"M-7-5H17V19H-7Z\" fill=\"none\"\n                                            fill-rule=\"evenodd\"><\/path>\n                                    <\/g>\n                                <\/g>\n                            <\/g>\n                        <\/g>\n                    <\/svg>\n\n                <\/button>\n                <div class=\"thy-second-field\">\n                    <div class=\"thy-field\">\n                        <input class=\"thy-input thy-field-to\" type=\"text\" name=\"thy-field-from\" autocomplete=\"off\"  value=\"\"\n                            required>\n                        <label for=\"thy-field-to\" title=\"Nereye?\"><\/label>\n                        <div class=\"thy-field-from-popup\">\n                            <input class=\"thy-input-popup thy-field-to-popup-input\" type=\"text\" name=\"thy-field-to-open\" data=\"\"\n                                 autocomplete=\"off\" required>\n                            <label for=\"thy-field-to-popup\" title=\"Nereye?\"><\/label>\n                            <hr class=\"thy-popup-line\">\n                            <div class=\"thy-popup-airports\">\n                                <span>Havaliman\u0131<\/span>\n                                <div class=\"thy-popup-airport-list\">\n                                    <!-- \n                                    <div class=\"thy-popup-airport-row\">\n                                        <svg xmlns=\"http:\/\/www.w3.org\/2000\/svg\" width=\"24\" height=\"12.383\"\n                                            viewBox=\"0 0 24 12.383\">\n                                            <g id=\"black\" transform=\"translate(0 -6.33)\">\n                                                <path id=\"Path_83\" data-name=\"Path 83\"\n                                                    d=\"M21.4,10.01H6.09L1,6.33H0l1.9,4.19a4.18,4.18,0,0,0,3.7,2.453H21.4c1.19,0,2.6-.62,2.6-1.38,0-.78-1.41-1.582-2.6-1.582Zm-13.03,8.7h1l6-4.55H11.89a2.19,2.19,0,0,0-2,1.25l-1.52,3.3Z\"\n                                                    fill=\"#232b38\" \/>\n                                            <\/g>\n                                        <\/svg>\n                                        <div class=\"thy-popup-airport-names\">\n                                            <span class=\"thy-popup-airport-location\">New York, Amerika Birle\u015fik\n                                                Devletleri<\/span>\n                                            <span class=\"thy-popup-airport-name\">John F. Kennedy Uluslararas\u0131\n                                                Havaliman\u0131, JFK<\/span>\n                                        <\/div>\n                                    <\/div>\n                                    <hr>\n                                    <div class=\"thy-popup-airport-row\">\n                                        <svg xmlns=\"http:\/\/www.w3.org\/2000\/svg\" width=\"24\" height=\"12.383\"\n                                            viewBox=\"0 0 24 12.383\">\n                                            <g id=\"black\" transform=\"translate(0 -6.33)\">\n                                                <path id=\"Path_83\" data-name=\"Path 83\"\n                                                    d=\"M21.4,10.01H6.09L1,6.33H0l1.9,4.19a4.18,4.18,0,0,0,3.7,2.453H21.4c1.19,0,2.6-.62,2.6-1.38,0-.78-1.41-1.582-2.6-1.582Zm-13.03,8.7h1l6-4.55H11.89a2.19,2.19,0,0,0-2,1.25l-1.52,3.3Z\"\n                                                    fill=\"#232b38\" \/>\n                                            <\/g>\n                                        <\/svg>\n                                        <div class=\"thy-popup-airport-names\">\n                                            <span class=\"thy-popup-airport-location\">Sapporo, Japonya<\/span>\n                                            <span class=\"thy-popup-airport-name\">New Chitose Havaliman\u0131, CTS<\/span>\n                                        <\/div>\n                                    <\/div>\n                                    <hr>\n                                    <div class=\"thy-popup-airport-row\">\n                                        <svg xmlns=\"http:\/\/www.w3.org\/2000\/svg\" width=\"24\" height=\"12.383\"\n                                            viewBox=\"0 0 24 12.383\">\n                                            <g id=\"black\" transform=\"translate(0 -6.33)\">\n                                                <path id=\"Path_83\" data-name=\"Path 83\"\n                                                    d=\"M21.4,10.01H6.09L1,6.33H0l1.9,4.19a4.18,4.18,0,0,0,3.7,2.453H21.4c1.19,0,2.6-.62,2.6-1.38,0-.78-1.41-1.582-2.6-1.582Zm-13.03,8.7h1l6-4.55H11.89a2.19,2.19,0,0,0-2,1.25l-1.52,3.3Z\"\n                                                    fill=\"#232b38\" \/>\n                                            <\/g>\n                                        <\/svg>\n                                        <div class=\"thy-popup-airport-names\">\n                                            <span class=\"thy-popup-airport-location\">Buenos Aires, Arjantin<\/span>\n                                            <span class=\"thy-popup-airport-name\">Jorge Newbery Havaliman\u0131, AEP<\/span>\n                                        <\/div>\n                                    <\/div>\n                                    <hr>\n                                    <a class=\"thy-all-airports\" href=\"\">T\u00fcm U\u00e7u\u015f Noktalar\u0131n\u0131 G\u00f6r<\/a>\n                                    -->\n                                <\/div>\n                            <\/div>\n                        <\/div>\n                    <\/div>\n                <\/div>\n            <\/div>\n\n            <div class=\"thy-widget-trip\">\n                <div class=\"thy-input-date \">\n                    <input type=\"text\" name=\"thy-field-trip-date\" id=\"thy-field-trip-date-676786\" autocomplete=\"off\" value=\"\" required inputmode=\"none\">\n                    <div class=\"thy-date-field-cover\" style=\"\">\n                        <div class=\"thy-date-field-first\">\n                            <div>Gidi\u015f<\/div>\n                            <div class=\"thy-date-calendar\"><\/div>\n                            <div class=\"thy-date-day\"><\/div>\n                        <\/div>\n                        <div class=\"thy-date-field-last\" style=\"\">\n                            <div>D\u00f6n\u00fc\u015f<\/div>\n                            <div class=\"thy-date-calendar\"><\/div>\n                            <div class=\"thy-date-day\"><\/div>\n                        <\/div>\n                    <\/div>\n                    <label for=\"thy-field-trip-date\" title=\"Tarih\"><\/label>\n                    <span class=\"thy-trip-date-focus\"><\/span>\n                    <div style=\"position: absolute;left: 15px;top: 22px;\">\n                        <svg xmlns=\"http:\/\/www.w3.org\/2000\/svg\" width=\"20\" height=\"20\" viewBox=\"0 0 20 20\">\n                            <path id=\"booking-calendar-icon-gray\"\n                                d=\"M18,3a2,2,0,0,1,2,2V18a2,2,0,0,1-2,2H2a2,2,0,0,1-2-2V5A2,2,0,0,1,2,3H4V5H5V0H7V3h7V5h1V0h2V3Zm0,15L18,7H2V18ZM4,9H7v3H4ZM9,9h7v2H9Z\"\n                                fill=\"#647280\" \/>\n                        <\/svg>\n                    <\/div>\n                    <div class=\"thy-trip-date-select\">\n                        <div class=\"thy-trip-date-select-top\">\n                            <p class=\"thy-date-select-title thy-date-select-title-enter\">Giri\u015f Tarihi Se\u00e7iniz<\/p>\n                            <p class=\"thy-date-select-title thy-date-select-title-out\">D\u00f6n\u00fc\u015f Tarihi Se\u00e7iniz<\/p>\n                            <!--\n                            <div class=\"thy-date-select-checkboxes thy-hide-m\">\n                                <div>\n                                    <input type=\"checkbox\" name=\"thy-trip-flexible\" id=\"thy-trip-flexible\">\n                                    <label for=\"thy-trip-flexible\">Gidi\u015f-D\u00f6n\u00fc\u015f \u0130\u00e7in Esnek Tarihler<\/label>\n                                <\/div>\n                                <div>\n                                    <input type=\"checkbox\" name=\"thy-trip-direct\" id=\"thy-trip-direct\">\n                                    <label for=\"thy-trip-direct\">Sadece direkt u\u00e7u\u015flar\u0131 g\u00f6ster<\/label>\n                                <\/div>\n                            <\/div>\n                            -->\n                        <\/div>\n                        <hr>\n                        <div  class=\"thy-trip-date-modal\"><\/div>\n                    <\/div>\n                <\/div>\n            <\/div>\n            <div>\n                <div class=\"thy-field thy-field-passengers\"> \n                    <input type=\"text\" name=\"thy-field-passengers\" class=\"thy-field-passengers-input\" autocomplete=\"off\" value=\"1 Yolcu\" required inputmode=\"none\">\n                    <label for=\"thy-field-passengers\" title=\"Yolcular\"><\/label>\n                    <span class=\"thy-passengers-focus\"><\/span>\n\n                    <div class=\"thy-passengers-window\">\n                        <div class=\"thy-passengers-title\">\n                            <span>Kabin T\u00fcr\u00fc<\/span>\n                        <\/div>\n                        <div class=\"thy-passengers-cabins\">\n                            <label class=\"thy-economy-class thy-radiobutton-cabin-type thy-selectable\">\n                            Ekonomi Kabini\n                                <input type=\"radio\" id=\"thy-economy-type\" name=\"thy-passenger-type-730387\"\n                                    value=\"thy-economy-class\" checked>\n                                <span class=\"thy-checkmark-cabin-type\"><\/span>\n                            <\/label>\n                            <label class=\"thy-business-class thy-radiobutton-cabin-type thy-selectable\">\n                            Business Kabini\n                                <input type=\"radio\" id=\"thy-business-type\" name=\"thy-passenger-type-730387\"\n                                    value=\"thy-business-class\">\n                                <span class=\"thy-checkmark-cabin-type\"><\/span>\n                            <\/label>\n                        <\/div>\n                        <div class=\"thy-passenger-numbers\">\n                            <div class=\"thy-passenger-number-title\">Yolcu Say\u0131s\u0131<\/div>\n                            <div class=\"thy-passenger-list thy-adult-passenger\">\n                                <div class=\"thy-passenger-info\">\n                                    <div class=\"thy-passenger-text\">\n                                        <div>Yeti\u015fkin Yolcu<\/div>\n                                        <div class=\"thy-passenger-text-hint\">12 + Ya\u015f<\/div>\n                                    <\/div>\n                                <\/div>\n                                <div class=\"thy-passenger-buttons \">\n                                    <button class=\"thy-passengers-minus-btn\"><\/button>\n                                    <div class=\"thy-passenger-number\">1<\/div>\n                                    <button class=\"thy-passengers-plus-btn\"><\/button>\n                                <\/div>\n                            <\/div>\n                            <hr class=\"thy-passenger-hr\">\n                            <div class=\"thy-passenger-list thy-child-passenger\">\n                            <div class=\"thy-passenger-info\">\n                                <div class=\"thy-passenger-text\">\n                                    <div>\u00c7ocuk Yolcu<\/div>\n                                    <div class=\"thy-passenger-text-hint\">2 - 12 Ya\u015f<\/div>\n                                <\/div>\n                            <\/div>\n                            <div class=\"thy-passenger-buttons \">\n                                <button class=\"thy-passengers-minus-btn\"><\/button>\n                                <div class=\"thy-passenger-number\">0<\/div>\n                                <button class=\"thy-passengers-plus-btn\"><\/button>\n                            <\/div>\n                        <\/div>\n\n                            <hr class=\"thy-passenger-hr\">\n                            <div class=\"thy-passenger-list thy-baby-passenger\">\n                                <div class=\"thy-passenger-info\">\n                                    <div class=\"thy-passenger-text\">\n                                        <div>Bebek Yolcu<\/div>\n                                        <div class=\"thy-passenger-text-hint\">0 - 2 Ya\u015f<\/div>\n                                    <\/div>\n                                <\/div>\n                                <div class=\"thy-passenger-buttons \">\n                                    <button class=\"thy-passengers-minus-btn\"><\/button>\n                                    <div class=\"thy-passenger-number\">0<\/div>\n                                    <button class=\"thy-passengers-plus-btn\"><\/button>\n                                <\/div>\n                            <\/div>\n                            <!--\n                            <hr class=\"thy-passenger-hr\">\n                            <div class=\"thy-passenger-list thy-disabled-passenger\">\n                                <div class=\"thy-passenger-info\">\n                                    <div class=\"thy-passenger-text\">\n                                        <div>Engelli<\/div>\n                                    <\/div>\n                                <\/div>\n                                <div class=\"thy-passenger-buttons \">\n                                    <button class=\"thy-passengers-minus-btn\"><\/button>\n                                    <div class=\"thy-passenger-number\">0<\/div>\n                                    <button class=\"thy-passengers-plus-btn\"><\/button>\n                                <\/div>\n                            <\/div>\n                            <hr class=\"thy-passenger-hr\">\n                            <div class=\"thy-passenger-list thy-student-passenger\">\n                                <div class=\"thy-passenger-info\">\n                                    <div class=\"thy-passenger-text\">\n                                        <div>\u00d6\u011frenci<\/div>\n                                    <\/div>\n                                <\/div>\n                                <div class=\"thy-passenger-buttons thy-student-passenger\">\n                                    <button class=\"thy-passengers-minus-btn\"><\/button>\n                                    <div class=\"thy-passenger-number\">0<\/div>\n                                    <button class=\"thy-passengers-plus-btn\"><\/button>\n                                <\/div>\n                            <\/div>\n                            <hr class=\"thy-passenger-hr\">\n                            <div class=\"thy-other-passenger-type\">\n                                <div class=\"thy-other-passenger-type-text\">Di\u011fer Yolcu Tipleri<\/div>\n                                <div>\n                                    <svg xmlns=\"http:\/\/www.w3.org\/2000\/svg\" width=\"11.166\" height=\"6.585\"\n                                        viewBox=\"0 0 11.166 6.585\">\n                                        <path id=\"chevron-lower-grey\"\n                                            d=\"M17.582,9.583a1,1,0,0,0-1.41,0l-3.88,3.88-3.88-3.88A1,1,0,0,0,7,10.993l4.59,4.59a1,1,0,0,0,1.41,0l4.59-4.59A1,1,0,0,0,17.582,9.583Z\"\n                                            transform=\"translate(-6.71 -9.291)\" fill=\"#ef2636\" \/>\n                                    <\/svg>\n                                <\/div>\n                            <\/div>\n                            -->\n                            <div class=\"passenger-buttons\">                                \n                                <button class=\"btn btn-sm btn-primary\" type=\"button\">Tamam<\/button> \n                            <\/div>\n                            <\/div>\n\n                    <\/div>\n                <\/div>\n            <\/div>\n\n            <div>\n                <input type=\"hidden\" name=\"departure_date\" id=\"departure_date\" value=\"\">\n                <input type=\"hidden\" name=\"return_date\" id=\"return_date\" value=\"\">\n                <button class=\"thy-form-btn search_fly\" type=\"submit\" id=\"search_fly\">\n                U\u00e7u\u015f Ara\n                    <svg xmlns=\"http:\/\/www.w3.org\/2000\/svg\" xmlns:xlink=\"http:\/\/www.w3.org\/1999\/xlink\" width=\"19\"\n                        height=\"19\" viewBox=\"0 0 19 19\">\n                        <defs>\n                            <clipPath id=\"thy-right-arrow\">\n                                <path id=\"Path_46\" data-name=\"Path 46\"\n                                    d=\"M0-10.7v2.4H14.408L7.8-1.7,9.5,0,19-9.5,9.5-19,7.8-17.3l6.6,6.6Z\"\n                                    fill=\"rgba(255,255,255,0.99)\" \/>\n                            <\/clipPath>\n                        <\/defs>\n                        <g id=\"Group_43\" data-name=\"Group 43\" transform=\"translate(0 19)\"\n                            clip-path=\"url(#thy-right-arrow)\">\n                            <path id=\"Path_45\" data-name=\"Path 45\" d=\"M-5,5H24V-24H-5Z\" fill=\"rgba(255,255,255,0.99)\" \/>\n                        <\/g>\n                    <\/svg>\n\n\n                <\/button>\n            <\/div>\n        <\/div>\n\n    <\/div>\n    \n\n\n\n<hr class=\"wp-block-separator has-text-color has-alpha-channel-opacity has-background is-style-wide\" style=\"background-color:#ebebeb;color:#ebebeb\"\/>\n\n\n\n<h2 class=\"wp-block-heading\"><strong>B\u00f6lgedeki arkeolojik buluntular ve y\u00fczy\u0131llar\u0131 ayd\u0131nlatan ke\u015fifler<\/strong><\/h2>\n\n\n\n<p>\u0130\u00e7kale ve Hevsel Bah\u00e7eleri \u00e7evresindeki kaz\u0131 \u00e7al\u0131\u015fmalar\u0131, Diyarbak\u0131r&#8217;\u0131n \u00e7ok katmanl\u0131 tarihini g\u00fcn y\u00fcz\u00fcne \u00e7\u0131kar\u0131yor. Dicle \u00dcniversitesince 2018&#8217;de yeniden ba\u015flat\u0131lan Amida H\u00f6y\u00fck kaz\u0131lar\u0131, \u015fehrin bilinen yerle\u015fim tarihini k\u00f6kl\u00fc bi\u00e7imde de\u011fi\u015ftirmeye aday bulgular ortaya koyuyor. \u00d6nceleri M\u00d6 3500&#8217;lere tarihlenen yerle\u015fim izleri, son sezonlarda yap\u0131lan \u00e7al\u0131\u015fmalarla 10 bin y\u0131l \u00f6ncesine kadar uzan\u0131yor. Bu veriler, Amida H\u00f6y\u00fck&#8217;\u00fc Filistin&#8217;deki Eriha&#8217;n\u0131n ard\u0131ndan d\u00fcnyada kesintisiz yerle\u015fimin s\u00fcrd\u00fc\u011f\u00fc ikinci en eski kent olma \u00f6zelli\u011fine ta\u015f\u0131yor ve h\u00f6y\u00fc\u011f\u00fc G\u00f6beklitepe, K\u00f6rtik Tepe ve Hasankeyf gibi G\u00fcneydo\u011fu Anadolu&#8217;nun \u00f6nc\u00fcl yerle\u015fimleri aras\u0131ndaki kritik halkalardan biri h\u00e2line getiriyor.<\/p>\n\n\n\n<h3 class=\"wp-block-heading\"><strong>Amida H\u00f6y\u00fck&#8217;teki Artuklu Saray\u0131 ve el-Cezer\u00ee miras\u0131<\/strong><\/h3>\n\n\n\n<p>Amida H\u00f6y\u00fck&#8217;\u00fcn kalbinde yer alan Artuklu Saray\u0131, \u0130slam bilim tarihinin \u00f6nemli mek\u00e2nlar\u0131ndan biri. 12. y\u00fczy\u0131lda bu sarayda ya\u015fayan ve \u00e7al\u0131\u015fan Eb\u00fc&#8217;l-\u0130z \u0130smail bin er-Rezz\u00e2z el-Cezer\u00ee, &#8220;Kit\u00e2b\u00fc&#8217;l-C\u00e2mi'&#8221; adl\u0131 eserinde aktard\u0131\u011f\u0131 otomatik makineler, su saatleri ve programlanabilir mekanizmalar ile sibernetik ve otomasyonun temellerini atm\u0131\u015f. Bug\u00fcnk\u00fc krank milinin prototipini geli\u015ftiren el-Cezer\u00ee&#8217;nin d\u00fcnyada ilk \u00f6rnekleri say\u0131lan robotlar\u0131, bu saray\u0131n divanhanelerinde hizmet vermi\u015f.<\/p>\n\n\n\n<p>Kaz\u0131larda ortaya \u00e7\u0131kar\u0131lan saray\u0131n d\u00f6rt eyvanl\u0131 divanhanesi, kabul salonu, hamam\u0131 ve odalar\u0131, d\u00f6nemin sanat anlay\u0131\u015f\u0131n\u0131 yans\u0131t\u0131yor. Sarayda tespit edilen \u0131s\u0131tma sistemi, d\u00fcnyadaki en erken tarihli kalorifer sistemlerinden biri olarak tarihe ge\u00e7mi\u015f. Roma d\u00f6nemine ait temiz ve at\u0131k su kanallar\u0131, Artuklu d\u00f6nemine ait ikinci bir kalorifer sistemi ve saray\u0131n gizli ka\u00e7\u0131\u015f t\u00fcneli de kaz\u0131larda belgelenen ke\u015fifler aras\u0131nda.<\/p>\n\n\n\n<p>Bu kadim \u015fehre ve b\u00f6lgeye seyahat etmek i\u00e7in <a href=\"https:\/\/www.turkishairlines.com\/tr-tr\/ucak-bileti\/diyarbakir-ucak-bileti\/\" target=\"_blank\" rel=\"noreferrer noopener\">Diyarbak\u0131r u\u00e7ak bileti<\/a> sayfam\u0131zdan gezinizi planlay\u0131n.<\/p>\n\n\n\n<h3 class=\"wp-block-heading\"><strong>Tabaka tabaka medeniyetler ve \u00f6ne \u00e7\u0131kan buluntular<\/strong><\/h3>\n\n\n\n<p>Amida H\u00f6y\u00fck&#8217;\u00fc \u00f6zel k\u0131lan en \u00e7arp\u0131c\u0131 \u00f6zelliklerden biri, tek bir kaz\u0131 alan\u0131nda Hurri-Mitanniler, Urartular, Asurlular, Medler, Persler, Romal\u0131lar, Sasaniler, Bizansl\u0131lar, Emeviler, Abbasiler, Mervaniler, Sel\u00e7uklular, Artuklular, Eyyubiler, Akkoyunlular, Safeviler ve Osmanl\u0131lar gibi onlarca medeniyetin izlerinin i\u00e7 i\u00e7e ge\u00e7mi\u015f olmas\u0131. Kaz\u0131larda bug\u00fcne kadar 1800 y\u0131ll\u0131k su kanallar\u0131, 1700 y\u0131ll\u0131k Ge\u00e7 Roma d\u00f6nemine ait mezar odalar\u0131, 800 y\u0131ll\u0131k Artuklu mermer i\u015f\u00e7ili\u011fi ve I. D\u00fcnya Sava\u015f\u0131&#8217;ndan kalma el bombalar\u0131 gibi farkl\u0131 d\u00f6nemlere ait buluntular belgelendi. Saraykap\u0131 ile bat\u0131 surlar\u0131 aras\u0131nda uzanan antik Kral Yolu&#8217;nun ortaya \u00e7\u0131kar\u0131lmas\u0131 ise b\u00f6lgenin Antik \u00c7a\u011f&#8217;daki ticari ve askeri \u00f6nemine yeni bir pencere a\u00e7t\u0131.<\/p>\n\n\n\n<p>Alay Meydan\u0131 b\u00f6lgesinde toprak alt\u0131ndan \u00e7\u0131kar\u0131lan ve Hurrilere atfedilen sur kal\u0131nt\u0131s\u0131, Diyarbak\u0131r&#8217;\u0131n bilinen en eski savunma duvar\u0131 olma \u00f6zelli\u011fi ta\u015f\u0131yor; b\u00f6lgedeki kentsel savunma gelene\u011finin M\u00d6 d\u00f6rd\u00fcnc\u00fc binli y\u0131llara kadar uzand\u0131\u011f\u0131n\u0131 belgeliyor. Son sezonlarda Halaf D\u00f6nemi&#8217;ne (M\u00d6 6. binli y\u0131llar) ait bir tolos yap\u0131 ile 2024 sezonunda bulunan, M\u00d6 3400-3100 aras\u0131na tarihlenen baklava dilimi geometrik s\u00fcslemeli silindirik m\u00fch\u00fcr de dikkat \u00e7ekici. Bu t\u00fcr m\u00fch\u00fcrler genellikle belgelerin, \u00e7uvallar\u0131n ve \u00e7\u00f6mleklerin a\u011f\u0131zlar\u0131n\u0131n m\u00fch\u00fcrlenmesinde kullan\u0131ld\u0131\u011f\u0131 i\u00e7in b\u00f6lgedeki idari \u00f6rg\u00fctlenmenin en eski kan\u0131tlar\u0131ndan biri olarak kabul ediliyor.<\/p>\n\n\n\n<h3 class=\"wp-block-heading\"><strong>Dicle k\u0131y\u0131s\u0131ndaki m\u00fchendislik miras\u0131: On G\u00f6zl\u00fc K\u00f6pr\u00fc<\/strong><\/h3>\n\n\n\n<figure class=\"wp-block-image size-large td-caption-align-https:\/\/blog.turkishairlines.com\/wp-content\/uploads\/2020\/02\/iStock-924032386.jpg\"><img loading=\"lazy\" decoding=\"async\" width=\"1024\" height=\"768\" src=\"https:\/\/blog.turkishairlines.com\/wp-content\/uploads\/2026\/04\/diyarbakir-on-gozlu-kopru-dicle-nehri-1024x768.jpg\" alt=\"Dicle Nehri \u00fczerindeki tarihi On G\u00f6zl\u00fc K\u00f6pr\u00fc'n\u00fcn kemerli yap\u0131s\u0131 ve su \u00fczerindeki yans\u0131malar\u0131\" class=\"wp-image-62250\" srcset=\"https:\/\/blog.turkishairlines.com\/wp-content\/uploads\/2026\/04\/diyarbakir-on-gozlu-kopru-dicle-nehri-1024x768.jpg 1024w, https:\/\/blog.turkishairlines.com\/wp-content\/uploads\/2026\/04\/diyarbakir-on-gozlu-kopru-dicle-nehri-300x225.jpg 300w, https:\/\/blog.turkishairlines.com\/wp-content\/uploads\/2026\/04\/diyarbakir-on-gozlu-kopru-dicle-nehri-150x113.jpg 150w, https:\/\/blog.turkishairlines.com\/wp-content\/uploads\/2026\/04\/diyarbakir-on-gozlu-kopru-dicle-nehri-768x576.jpg 768w, https:\/\/blog.turkishairlines.com\/wp-content\/uploads\/2026\/04\/diyarbakir-on-gozlu-kopru-dicle-nehri-560x420.jpg 560w, https:\/\/blog.turkishairlines.com\/wp-content\/uploads\/2026\/04\/diyarbakir-on-gozlu-kopru-dicle-nehri-80x60.jpg 80w, https:\/\/blog.turkishairlines.com\/wp-content\/uploads\/2026\/04\/diyarbakir-on-gozlu-kopru-dicle-nehri-696x522.jpg 696w, https:\/\/blog.turkishairlines.com\/wp-content\/uploads\/2026\/04\/diyarbakir-on-gozlu-kopru-dicle-nehri-1068x801.jpg 1068w, https:\/\/blog.turkishairlines.com\/wp-content\/uploads\/2026\/04\/diyarbakir-on-gozlu-kopru-dicle-nehri.jpg 1084w\" sizes=\"auto, (max-width: 1024px) 100vw, 1024px\" \/><figcaption class=\"wp-element-caption\">Dicle Nehri \u00fczerindeki tarihi On G\u00f6zl\u00fc K\u00f6pr\u00fc&#8217;n\u00fcn kemerli yap\u0131s\u0131 ve su \u00fczerindeki yans\u0131malar\u0131<\/figcaption><\/figure>\n\n\n\n<p>Dicle \u00fczerinde uzanan On G\u00f6zl\u00fc K\u00f6pr\u00fc, b\u00f6lgenin m\u00fchendislik gelene\u011finin \u00f6rneklerinden biri. On G\u00f6zl\u00fc K\u00f6pr\u00fc kimin eseri diye bakt\u0131\u011f\u0131m\u0131zda, k\u00f6pr\u00fcn\u00fcn g\u00fcney cephesinde yer alan kufi kitabeye g\u00f6re 1065-1067 y\u0131llar\u0131nda Mervano\u011flu Niz\u00e2m\u00fcddevle Nasr&#8217;\u0131n buyru\u011fuyla mimar Ubeyd o\u011flu Yusuf taraf\u0131ndan in\u015fa edilmi\u015f. Ancak ara\u015ft\u0131rmac\u0131lar\u0131n \u00f6nemli bir k\u0131sm\u0131 bu kitabenin bir onar\u0131m yaz\u0131t\u0131 oldu\u011funu, k\u00f6pr\u00fcn\u00fcn as\u0131l temellerinin \u00e7ok daha eski tarihlere, hatta 6. y\u00fczy\u0131lda I. Anastasius d\u00f6nemine kadar uzand\u0131\u011f\u0131n\u0131 \u00f6ne s\u00fcr\u00fcyor. Baz\u0131 kaynaklar 742 y\u0131l\u0131nda Emevi Halifesi Hi\u015fam bin Abd\u00fclmelik zaman\u0131nda ba\u015flat\u0131lan onar\u0131mdan s\u00f6z ederken, Frans\u0131z mimar ve arkeolog Albert Gabriel ile M. van Berchem, yap\u0131n\u0131n \u0130slam \u00f6ncesi d\u00f6nemden kald\u0131\u011f\u0131n\u0131 savunuyor.<\/p>\n\n\n\n<p>Siyah bazalt kesme ta\u015flarla in\u015fa edilen 172 metre uzunlu\u011fundaki k\u00f6pr\u00fcn\u00fcn on sivri kemeri Dicle&#8217;nin iki yakas\u0131n\u0131 birle\u015ftiriyor. Kitabenin sonunda yer alan ve a\u011fz\u0131 a\u00e7\u0131k, dili d\u0131\u015far\u0131da bir aslan kabartmas\u0131, Artuklu ve Sel\u00e7uklu mimari gelene\u011finin izlerini ta\u015f\u0131yor; benzer \u00f6rneklerine Diyarbak\u0131r surlar\u0131n\u0131n Urfa ve Mardin kap\u0131lar\u0131nda da rastlan\u0131yor. On G\u00f6zl\u00fc K\u00f6pr\u00fc, 2007-2010 y\u0131llar\u0131 aras\u0131nda restore edildi ve tarih\u00ee dokusunu korumas\u0131 amac\u0131yla ara\u00e7 trafi\u011fine kapat\u0131larak yak\u0131n\u0131na Mervani K\u00f6pr\u00fcs\u00fc in\u015fa edildi.<\/p>\n\n\n\n<h3 class=\"wp-block-heading\"><strong>Ziyaret\u00e7iler i\u00e7in arkeolojik ke\u015fif rotas\u0131: Diyarbak\u0131r Arkeoloji M\u00fczesi<\/strong><\/h3>\n\n\n\n<figure class=\"wp-block-image size-large td-caption-align-https:\/\/blog.turkishairlines.com\/wp-content\/uploads\/2020\/02\/iStock-924032386.jpg\"><img loading=\"lazy\" decoding=\"async\" width=\"1024\" height=\"683\" src=\"https:\/\/blog.turkishairlines.com\/wp-content\/uploads\/2026\/04\/diyarbakir-arkeoloji-muzesi-dis-cephe-1024x683.jpg\" alt=\"Diyarbak\u0131r \u0130\u00e7kale yerle\u015fkesi i\u00e7erisinde yer alan, kesme bazalt ta\u015f\u0131ndan in\u015fa edilmi\u015f iki katl\u0131 Diyarbak\u0131r Arkeoloji M\u00fczesi binas\u0131\" class=\"wp-image-62252\" srcset=\"https:\/\/blog.turkishairlines.com\/wp-content\/uploads\/2026\/04\/diyarbakir-arkeoloji-muzesi-dis-cephe-1024x683.jpg 1024w, https:\/\/blog.turkishairlines.com\/wp-content\/uploads\/2026\/04\/diyarbakir-arkeoloji-muzesi-dis-cephe-300x200.jpg 300w, https:\/\/blog.turkishairlines.com\/wp-content\/uploads\/2026\/04\/diyarbakir-arkeoloji-muzesi-dis-cephe-150x100.jpg 150w, https:\/\/blog.turkishairlines.com\/wp-content\/uploads\/2026\/04\/diyarbakir-arkeoloji-muzesi-dis-cephe-768x512.jpg 768w, https:\/\/blog.turkishairlines.com\/wp-content\/uploads\/2026\/04\/diyarbakir-arkeoloji-muzesi-dis-cephe-630x420.jpg 630w, https:\/\/blog.turkishairlines.com\/wp-content\/uploads\/2026\/04\/diyarbakir-arkeoloji-muzesi-dis-cephe-696x464.jpg 696w, https:\/\/blog.turkishairlines.com\/wp-content\/uploads\/2026\/04\/diyarbakir-arkeoloji-muzesi-dis-cephe-1068x712.jpg 1068w, https:\/\/blog.turkishairlines.com\/wp-content\/uploads\/2026\/04\/diyarbakir-arkeoloji-muzesi-dis-cephe.jpg 1084w\" sizes=\"auto, (max-width: 1024px) 100vw, 1024px\" \/><figcaption class=\"wp-element-caption\">Diyarbak\u0131r \u0130\u00e7kale yerle\u015fkesi i\u00e7erisinde yer alan, kesme bazalt ta\u015f\u0131ndan in\u015fa edilmi\u015f iki katl\u0131 Diyarbak\u0131r Arkeoloji M\u00fczesi binas\u0131<\/figcaption><\/figure>\n\n\n\n<p>Amida H\u00f6y\u00fck ve \u0130\u00e7kale b\u00f6lgesinde y\u00fcr\u00fct\u00fclen kaz\u0131 \u00e7al\u0131\u015fmalar\u0131, aktif olarak s\u00fcrd\u00fcr\u00fclmesine ra\u011fmen b\u00fcy\u00fck \u00f6l\u00e7\u00fcde ziyarete a\u00e7\u0131k durumda. \u0130\u00e7kale M\u00fcze Kompleksi i\u00e7inde yer alan Diyarbak\u0131r Arkeoloji M\u00fczesi, b\u00f6lgeden \u00e7\u0131kar\u0131lan buluntular\u0131n b\u00fcy\u00fck bir b\u00f6l\u00fcm\u00fcn\u00fc kronolojik sergileme mant\u0131\u011f\u0131yla sunuyor. M\u00fczenin Adliye A binas\u0131nda yer alan sergi salonlar\u0131nda K\u00f6rtik Tepe, \u00c7ay\u00f6n\u00fc, Hakemi Use, Kenan Tepe, Salat Tepe, M\u00fcsl\u00fcman Tepe, H\u0131rbemerdon Tepe, Ziyaret Tepe ve \u0130\u00e7kale kaz\u0131lar\u0131ndan elde edilen on binlerce eser kronolojik d\u00fczende sergileniyor. Ziyaret\u00e7iler, sadece birka\u00e7 y\u00fcz metrelik bir y\u00fcr\u00fcy\u00fc\u015fle h\u00f6y\u00fck kaz\u0131 alan\u0131ndan m\u00fczeye ge\u00e7erek binlerce y\u0131ll\u0131k bir zaman yolculu\u011funu tek bir gezide tamamlayabiliyor.<\/p>\n\n\n\n<ul class=\"wp-block-list\">\n<li><strong>Diyarbak\u0131r Arkeoloji M\u00fczesi ziyaret saatleri<\/strong>: 1 Nisan &#8211; 1 Ekim tarihleri aras\u0131nda pazartesi hari\u00e7 her g\u00fcn 8.30 &#8211; 19.00 saatleri aras\u0131nda a\u00e7\u0131k. 1 Ekim-1 Nisan tarihleri aras\u0131nda pazartesi hari\u00e7 her g\u00fcn 8.30 &#8211; 17.00 saatleri aras\u0131nda a\u00e7\u0131k.<\/li>\n\n\n\n<li><strong>Diyarbak\u0131r Arkeoloji M\u00fczesi a\u00e7\u0131k adresi: <\/strong>Cevat Pa\u015fa Mahallesi, Hz. S\u00fcleyman Caddesi, No:43 \u0130\u00e7kale<\/li>\n\n\n\n<li><strong>Diyarbak\u0131r Arkeoloji M\u00fczesi ileti\u015fim numaras\u0131: <\/strong>0412 224 6740 \/ 0412 224 4275<\/li>\n\n\n\n<li><strong>Diyarbak\u0131r Arkeoloji M\u00fczesi M\u00fczeKart: <\/strong>T.C. vatanda\u015flar\u0131 i\u00e7in M\u00fczekart ge\u00e7erli.<\/li>\n<\/ul>\n\n\n\n<h3 class=\"wp-block-heading\"><strong>Diyarbak\u0131r Kalesi ve Hevsel Bah\u00e7eleri ve UNESCO<\/strong><\/h3>\n\n\n\n<p>Diyarbak\u0131r Kalesi ve Hevsel Bah\u00e7eleri; Diyarbak\u0131r Surlar\u0131 ve Hevsel Bah\u00e7eleri olmak \u00fczere iki ana bile\u015fenden olu\u015fuyor. Diyarbak\u0131r Kalesi ve Hevsel Bah\u00e7eleri K\u00fclt\u00fcrel Peyzaj Alan\u0131 ise 2015 y\u0131l\u0131nda Almanya\u2019n\u0131n Bonn kentinde ger\u00e7ekle\u015fen 39. UNESCO D\u00fcnya Miras\u0131 Komitesi Toplant\u0131s\u0131\u2019nda, T\u00fcrkiye\u2019nin 14. miras alan\u0131 olarak UNESCO D\u00fcnya Miras\u0131 Listesi\u2019ne girmi\u015ftir.<\/p>\n\n\n\n<hr class=\"wp-block-separator has-text-color has-alpha-channel-opacity has-background is-style-wide\" style=\"background-color:#ebebeb;color:#ebebeb\"\/>\n\n\n\n<h2 class=\"wp-block-heading\"><strong>S\u0131k\u00e7a sorulan sorular<\/strong><\/h2>\n\n\n\n<h3 class=\"wp-block-heading\"><strong>Diyarbak\u0131r Kalesi ve Hevsel Bah\u00e7eleri nerede bulunuyor?<\/strong><\/h3>\n\n\n\n<p>Diyarbak\u0131r Kalesi ve surlar\u0131, \u015fehrin tarihi \u00e7ekirde\u011fi olan Sur il\u00e7esinde yer al\u0131yor. Hevsel Bah\u00e7eleri ise surlar\u0131n g\u00fcneydo\u011fusunda, Dicle Nehri vadisi boyunca uzan\u0131yor ve Ke\u00e7i Burcu ile Mardin Kap\u0131 taraf\u0131ndan g\u00f6r\u00fclebilir bir konumda bulunuyor.<\/p>\n\n\n\n<h3 class=\"wp-block-heading\"><strong>Diyarbak\u0131r Kalesi ve Hevsel Bah\u00e7eleri\u2019ne nas\u0131l gidilir?<\/strong><\/h3>\n\n\n\n<p>\u015eehir merkezinden Sur il\u00e7esine ula\u015f\u0131m olduk\u00e7a kolay: Diyarbak\u0131r B\u00fcy\u00fck\u015fehir Belediyesi&#8217;ne ait otob\u00fcsler, \u00f6zel halk otob\u00fcsleri (mor ve sar\u0131 hatlar) ve mavi minib\u00fcslerle Da\u011fkap\u0131 Meydan\u0131&#8217;na birka\u00e7 dakika i\u00e7inde varabilirsiniz. Toplu ta\u015f\u0131mada Diyarkart ak\u0131ll\u0131 bilet sistemi kullan\u0131l\u0131yor ve Da\u011fkap\u0131, Ofis ve Otogar duraklar\u0131ndaki dolum gi\u015felerinden temin edilebiliyor. Havaliman\u0131ndan \u015fehir merkezine ise belediyenin havaliman\u0131 servisleri veya Z2 ve Z3 kodlu otob\u00fcslerle yakla\u015f\u0131k 20 dakikada ula\u015fabilirsiniz. Kendi arac\u0131yla gelenler i\u00e7in Sur giri\u015flerinde otopark alanlar\u0131 bulunuyor.<\/p>\n\n\n\n<h3 class=\"wp-block-heading\"><strong>Diyarbak\u0131r surlar\u0131na giri\u015f \u00fccretli mi?<\/strong><\/h3>\n\n\n\n<p>Hay\u0131r, Diyarbak\u0131r surlar\u0131n\u0131n halka a\u00e7\u0131k b\u00f6lgelerini ziyaret etmek tamamen \u00fccretsizdir. Surlar\u0131n \u00fczerinde y\u00fcr\u00fcyebilece\u011finiz b\u00f6l\u00fcmler, ana kap\u0131lar (Da\u011f Kap\u0131, Urfa Kap\u0131, Mardin Kap\u0131, Yeni Kap\u0131), Ke\u00e7i Burcu ve On G\u00f6zl\u00fc K\u00f6pr\u00fc gibi a\u00e7\u0131k hava alanlar\u0131na giri\u015f i\u00e7in herhangi bir \u00fccret \u00f6demiyorsunuz. Yaln\u0131zca \u0130\u00e7kale i\u00e7indeki Diyarbak\u0131r Arkeoloji M\u00fczesi ve di\u011fer m\u00fcze kompleksi binalar\u0131 i\u00e7in m\u00fcze bileti veya M\u00fczekart gerekiyor.<\/p>\n\n\n\n<h3 class=\"wp-block-heading\"><strong>Diyarbak\u0131r Arkeoloji<\/strong> <strong>M\u00fczesi&#8217;nin ziyaret saatleri nedir?<\/strong><\/h3>\n\n\n\n<p>\u0130\u00e7kale\u2019deki Diyarbak\u0131r Arkeoloji M\u00fczesi, 1 Nisan &#8211; 1 Ekim tarihleri aras\u0131nda pazartesi hari\u00e7 her g\u00fcn 8.30 &#8211; 19.00 saatleri aras\u0131nda a\u00e7\u0131kt\u0131r. 1 Ekim-1 Nisan tarihleri aras\u0131nda pazartesi hari\u00e7 her g\u00fcn 8.30 &#8211; 17.00 saatleri aras\u0131nda a\u00e7\u0131kt\u0131r.<\/p>\n\n\n\n<h3 class=\"wp-block-heading\"><strong>Diyarbak\u0131r Arkeoloji<\/strong> <strong>M\u00fczesi giri\u015f \u00fccreti ne kadar ve M\u00fczeKart ge\u00e7iyor mu?<\/strong><\/h3>\n\n\n\n<p>M\u00fczeye giri\u015f M\u00fczeKart sahipleri i\u00e7in \u00fccretsizdir. 65 ya\u015f \u00fcst\u00fc T.C. vatanda\u015flar\u0131 ve 18 ya\u015f alt\u0131 ziyaret\u00e7iler de \u00fccretsiz giri\u015f hakk\u0131ndan yararlanabiliyor. G\u00fcncel bilet fiyatlar\u0131 ve ge\u00e7ici kapan\u0131\u015flar i\u00e7in ziyaret \u00f6ncesi K\u00fclt\u00fcr ve Turizm Bakanl\u0131\u011f\u0131&#8217;n\u0131n resmi sayfas\u0131n\u0131 kontrol etmenizi \u00f6neririz.<\/p>\n\n\n\n<h3 class=\"wp-block-heading\"><strong>Hevsel Bah\u00e7eleri&#8217;ni gezmek i\u00e7in \u00f6zel bir izne ihtiya\u00e7 var m\u0131?<\/strong><\/h3>\n\n\n\n<p>Hevsel Bah\u00e7eleri, aktif tar\u0131m yap\u0131lan bereketli bir alan olmas\u0131na ra\u011fmen ziyaret\u00e7ilere a\u00e7\u0131kt\u0131r. Bah\u00e7elere en iyi bak\u0131\u015f a\u00e7\u0131s\u0131 Ke\u00e7i Burcu ve Mardin Kap\u0131 \u00fczerinden elde ediliyor; buradaki seyir noktalar\u0131ndan t\u00fcm vadiyi izleyebiliyorsunuz. Vadi i\u00e7ine inmek ve y\u00fcr\u00fcy\u00fc\u015f yapmak da m\u00fcmk\u00fcn; ancak \u00fcretici alanlar\u0131na sayg\u0131l\u0131 davranmak, tar\u0131m yap\u0131lan parsellere girmemek ve do\u011fal ya\u015fam\u0131 rahats\u0131z etmemek gerekiyor. UNESCO D\u00fcnya Miras\u0131 alan\u0131 olarak korunan bu b\u00f6lgede \u00f6zel koruma kurallar\u0131 uygulan\u0131yor.<\/p>\n\n\n\n<h3 class=\"wp-block-heading\"><strong>Diyarbak\u0131r Kalesi ve Hevsel Bah\u00e7eleri&#8217;ni ziyaret etmek i\u00e7in en ideal mevsim hangisi?<\/strong><\/h3>\n\n\n\n<p>\u0130deal ziyaret d\u00f6nemi, ilkbahar ve sonbahar aylar\u0131na denk geliyor. Bu aylarda hava s\u0131cakl\u0131klar\u0131 g\u00fcn i\u00e7inde konforlu seviyelerde kal\u0131yor. Hevsel Bah\u00e7eleri ise ilkbaharda yemye\u015fil bir \u00f6rt\u00fcye b\u00fcr\u00fcn\u00fcyor, sonbaharda alt\u0131n sar\u0131s\u0131 tonlar\u0131yla b\u00fcy\u00fcl\u00fcyor. Yaz aylar\u0131nda Diyarbak\u0131r&#8217;da s\u0131cakl\u0131klar 40 dereceye kadar \u00e7\u0131kabildi\u011fi i\u00e7in uzun s\u00fcreli a\u00e7\u0131k hava gezileri zorlay\u0131c\u0131 olabiliyor; bu d\u00f6nemde erken sabah veya ak\u015fam\u00fcst\u00fc saatlerini tercih etmek gerekiyor. K\u0131\u015f aylar\u0131 ise sakin bir atmosfer sunuyor ancak ya\u011f\u0131\u015fl\u0131 g\u00fcnlere haz\u0131rl\u0131kl\u0131 olmak \u00f6nemli.<\/p>\n\n\n\n<h3 class=\"wp-block-heading\"><strong>Diyarbak\u0131r surlar\u0131n\u0131 gezmek ne kadar zaman al\u0131yor? Bir g\u00fcnde tamamlan\u0131r m\u0131?<\/strong><\/h3>\n\n\n\n<p>Diyarbak\u0131r surlar\u0131n\u0131n toplam\u0131 yakla\u015f\u0131k 5,8 kilometre uzunlu\u011funda ve d\u00fcnyan\u0131n en iyi korunmu\u015f kesintisiz \u015fehir surlar\u0131ndan biri olarak kabul ediliyor. Surlar\u0131n tamam\u0131n\u0131 ve \u0130\u00e7kale&#8217;yi aceleye getirmeden gezmek, \u0130\u00e7kale M\u00fcze Kompleksi dahil yakla\u015f\u0131k 4 ila 6 saat s\u00fcr\u00fcyor. Suri\u00e7i&#8217;ndeki tarihi camileri, hanlar\u0131 ve \u00e7ar\u015f\u0131lar\u0131 da ekledi\u011finizde bir tam g\u00fcn ay\u0131rman\u0131z gerekiyor. Hevsel Bah\u00e7eleri ve On G\u00f6zl\u00fc K\u00f6pr\u00fc ziyareti i\u00e7in ayr\u0131ca 2 ila 3 saat planlamak ideal. Diyarbak\u0131r&#8217;\u0131 kapsaml\u0131 ke\u015ffetmek isteyen ziyaret\u00e7iler i\u00e7in iki g\u00fcnl\u00fck bir program olduk\u00e7a uygun bir s\u00fcre sa\u011fl\u0131yor.<\/p>\n\n\n\n<h3 class=\"wp-block-heading\"><strong>Diyarbak\u0131r surlar\u0131nda foto\u011fraf \u00e7ekmek i\u00e7in en g\u00fczel noktalar nereler?<\/strong><\/h3>\n\n\n\n<p>Diyarbak\u0131r surlar\u0131n\u0131n siyah bazalt dokusunu en etkileyici \u015fekilde yakalayabilece\u011finiz birka\u00e7 \u00f6zel nokta var. Ke\u00e7i Burcu, hem surlar\u0131 hem Hevsel Bah\u00e7eleri&#8217;ni hem de Dicle Nehri&#8217;ni ayn\u0131 karede birle\u015ftirmek i\u00e7in ideal bir seyir teras\u0131. Mardin Kap\u0131 \u00e7evresinden \u00e7ekilen panoramalar, vadinin ye\u015filine a\u00e7\u0131lan muhte\u015fem geni\u015f a\u00e7\u0131 foto\u011fraflar veriyor. On G\u00f6zl\u00fc K\u00f6pr\u00fc, \u00f6zellikle g\u00fcn bat\u0131m\u0131nda alt\u0131n \u0131\u015f\u0131kla surlar\u0131 yans\u0131tan Dicle Nehri ile birlikte efsanevi bir kompozisyon sunuyor. Ulu Cami ve Hasan Pa\u015fa Han\u0131 \u00e7evresindeki dar sokaklar ise Suri\u00e7i&#8217;nin otantik dokusunu yakalamak i\u00e7in harika. G\u00fcn do\u011fumu ve g\u00fcn bat\u0131m\u0131 saatleri, bazalt ta\u015f\u0131n\u0131n k\u0131rm\u0131z\u0131ms\u0131 tonlarla par\u0131ldad\u0131\u011f\u0131 anlar i\u00e7in bi\u00e7ilmi\u015f kaftan.<\/p>\n\n\n\n<h3 class=\"wp-block-heading\"><strong>\u00c7ocuklu aileler i\u00e7in Diyarbak\u0131r Kalesi gezisi uygun mu?<\/strong><\/h3>\n\n\n\n<p>Evet, kale ve surlar \u00e7ocuklu aileler i\u00e7in keyifli bir deneyim sunuyor; ancak baz\u0131 noktalarda surlar\u0131n \u00fcst y\u00fcr\u00fcy\u00fc\u015f yollar\u0131nda korkuluksuz k\u0131s\u0131mlar olabilir. \u0130\u00e7kale b\u00f6lgesindeki m\u00fcze kompleksi, geni\u015f bah\u00e7esi ve farkl\u0131 sergi alanlar\u0131yla \u00e7ocuklar\u0131n ilgisini \u00e7ekebiliyor. Hevsel Bah\u00e7eleri \u00e7evresindeki y\u00fcr\u00fcy\u00fc\u015f yollar\u0131 ise aileler i\u00e7in rahat bir ortam sa\u011fl\u0131yor. K\u00fc\u00e7\u00fck \u00e7ocuklar\u0131 olan aileler i\u00e7in bebek arabas\u0131 yerine s\u0131rt ta\u015f\u0131y\u0131c\u0131 tercih etmek, dar ve ta\u015fl\u0131 sokaklarda daha pratik bir \u00e7\u00f6z\u00fcm oluyor.<\/p>\n\n\n\n<h3 class=\"wp-block-heading\"><strong>Diyarbak\u0131r&#8217;a \u00f6zg\u00fc hangi lezzetleri denemeli?<\/strong><\/h3>\n\n\n\n<p>Suri\u00e7i&#8217;ndeki tarihi \u00e7ar\u015f\u0131lar\u0131 gezerken Diyarbak\u0131r mutfa\u011f\u0131n\u0131n klasiklerini tatmak gezilerin vazge\u00e7ilmez bir par\u00e7as\u0131. Ci\u011fer kebab\u0131, \u015fehrin simgesi say\u0131lan bir lezzet; \u00f6zellikle Da\u011f Kap\u0131 \u00e7evresindeki restoranlarda tad\u0131labiliyor. Kaburga dolmas\u0131, meftune, i\u00e7li k\u00f6fte, lebeniye \u00e7orbas\u0131 ve semb\u00fcsek gibi y\u00f6resel tatlar da mutlaka denenmeli. Tatl\u0131 severler i\u00e7in k\u00fcnefe ve burma kaday\u0131f bulunuyor.<\/p>\n\n\n\n<h3 class=\"wp-block-heading\"><strong>Surlar\u0131n \u00fczerinde y\u00fcr\u00fcmek g\u00fcvenli mi?<\/strong><\/h3>\n\n\n\n<p>Evet, surlar\u0131n b\u00fcy\u00fck bir k\u0131sm\u0131 ziyaret\u00e7ilere a\u00e7\u0131k ve y\u00fcr\u00fcy\u00fc\u015f i\u00e7in uygun konumda. Ancak sur \u00fcst\u00fc yollar, yer yer dar, d\u00fczensiz ta\u015f zeminlere ve korkuluksuz kenarlara sahip oldu\u011fu i\u00e7in dikkatli ad\u0131m atmak gerekiyor. Ya\u011f\u0131\u015fl\u0131 havalarda bazalt ta\u015flar\u0131 kayganla\u015fabildi\u011fi i\u00e7in \u00f6zellikle k\u0131\u015f aylar\u0131nda kaymaz tabanl\u0131 ayakkab\u0131 tercih etmek \u00f6nem ta\u015f\u0131yor. Baz\u0131 bur\u00e7 ve kap\u0131 b\u00f6l\u00fcmleri restorasyon nedeniyle d\u00f6nemsel olarak kapal\u0131 olabiliyor; ziyaret \u00f6ncesi g\u00fcncel durumu Diyarbak\u0131r B\u00fcy\u00fck\u015fehir Belediyesi veya \u0130l K\u00fclt\u00fcr ve Turizm M\u00fcd\u00fcrl\u00fc\u011f\u00fc kaynaklar\u0131ndan teyit etmek faydal\u0131 oluyor.<\/p>\n\n\n\n<h3 class=\"wp-block-heading\"><strong>Diyarbak\u0131r Kalesi neden UNESCO D\u00fcnya Miras\u0131 Listesi&#8217;nde yer al\u0131yor?<\/strong><\/h3>\n\n\n\n<p>Diyarbak\u0131r Kalesi ve Hevsel Bah\u00e7eleri K\u00fclt\u00fcrel Peyzaj\u0131, 2015 y\u0131l\u0131nda UNESCO D\u00fcnya Miras\u0131 Listesi&#8217;ne eklendi. Bu tescilin temel nedeni, alan\u0131n Hellenistik, Roma, Sasani, Bizans, \u0130slam ve Osmanl\u0131 d\u00f6nemlerine ait kesintisiz bir tarihsel katmanlanma sunmas\u0131 ve surlar\u0131n bu medeniyetlerin her birinin izlerini ta\u015f\u0131mas\u0131. Surlar\u0131n mimari b\u00fct\u00fcnl\u00fc\u011f\u00fc, 63 kitabesiyle benzersiz bir epigrafik ar\u015fiv olu\u015fturmas\u0131 ve Hevsel Bah\u00e7eleri&#8217;nin binlerce y\u0131ld\u0131r s\u00fcregelen tar\u0131m gelene\u011fini ya\u015fatmas\u0131, alan\u0131n evrensel de\u011ferini peki\u015ftiriyor. UNESCO bu b\u00f6lgeyi, birbirini tamamlayan iki unsurun b\u00f6l\u00fcnmez bir k\u00fclt\u00fcrel peyzaj olarak tescilledi.<\/p>\n\n\n\n<h3 class=\"wp-block-heading\"><strong>Gezi s\u0131ras\u0131nda nelere dikkat etmeliyim?<\/strong><\/h3>\n\n\n\n<p>Konforlu ve kaymaz tabanl\u0131 y\u00fcr\u00fcy\u00fc\u015f ayakkab\u0131s\u0131, Suri\u00e7i&#8217;nin tarihi ta\u015f sokaklar\u0131 i\u00e7in en \u00f6nemli haz\u0131rl\u0131k. Yaz aylar\u0131nda \u015fapka, g\u00fcne\u015f g\u00f6zl\u00fc\u011f\u00fc, g\u00fcne\u015f kremi ve yeterli miktarda su mutlaka \u00e7antada bulunmal\u0131. K\u0131\u015f aylar\u0131nda r\u00fczgar ge\u00e7irmeyen bir mont i\u015fe yarar \u00e7\u00fcnk\u00fc sur \u00fcst\u00fcnde hava daha sert hissedilebiliyor. Cuma namaz\u0131 saatlerinde tarihi camilerin \u00e7evresinde yo\u011funluk artabildi\u011fi i\u00e7in ziyaret plan\u0131n\u0131z\u0131 buna g\u00f6re ayarlamak pratik olabilir. Son olarak, yerel rehberlerle gezmek; \u00f6zellikle sur kitabelerinin ve \u0130\u00e7kale kaz\u0131 alanlar\u0131n\u0131n hik\u00e2yelerini dinlemek i\u00e7in iyi bir se\u00e7enek sunabilir.<\/p>\n","protected":false},"excerpt":{"rendered":"<p>On bin y\u0131ll\u0131k bir ya\u015fam \u00f6yk\u00fcs\u00fc: \u0130\u00e7kale ve Amida H\u00f6y\u00fck Diyarbak\u0131r Kalesi ve Hevsel Bah\u00e7eleri hakk\u0131nda bilgi almak i\u00e7in \u00f6nce buraya ad\u0131m atal\u0131m: Diyarbak\u0131r\u2019\u0131n tarihsel \u00e7ekirde\u011fi olan \u0130\u00e7kale\u2019deki Amida H\u00f6y\u00fck, b\u00f6lgenin ne kadar kadim bir ge\u00e7mi\u015fe sahip oldu\u011funu kan\u0131tl\u0131yor. Arkeolojik kaz\u0131lar, bu h\u00f6y\u00fc\u011f\u00fcn yakla\u015f\u0131k on bin y\u0131ld\u0131r kesintisiz bir yerle\u015fime ev sahipli\u011fi yapt\u0131\u011f\u0131n\u0131 g\u00f6steriyor. B\u00f6lgedeki [&hellip;]<\/p>\n","protected":false},"author":53,"featured_media":62241,"comment_status":"closed","ping_status":"closed","sticky":false,"template":"","format":"standard","meta":{"footnotes":""},"categories":[1068,574,580,1160,495],"tags":[],"class_list":{"0":"post-62236","1":"post","2":"type-post","3":"status-publish","4":"format-standard","5":"has-post-thumbnail","7":"category-diyarbakir-gezi-rehberi","8":"category-seyahat-ve-tatil-fikirleri","9":"category-gezilecek-tarihi-yerler-ve-rotalar","10":"category-turkiye","11":"category-yerler"},"_links":{"self":[{"href":"https:\/\/blog.turkishairlines.com\/tr\/wp-json\/wp\/v2\/posts\/62236","targetHints":{"allow":["GET"]}}],"collection":[{"href":"https:\/\/blog.turkishairlines.com\/tr\/wp-json\/wp\/v2\/posts"}],"about":[{"href":"https:\/\/blog.turkishairlines.com\/tr\/wp-json\/wp\/v2\/types\/post"}],"author":[{"embeddable":true,"href":"https:\/\/blog.turkishairlines.com\/tr\/wp-json\/wp\/v2\/users\/53"}],"replies":[{"embeddable":true,"href":"https:\/\/blog.turkishairlines.com\/tr\/wp-json\/wp\/v2\/comments?post=62236"}],"version-history":[{"count":4,"href":"https:\/\/blog.turkishairlines.com\/tr\/wp-json\/wp\/v2\/posts\/62236\/revisions"}],"predecessor-version":[{"id":62254,"href":"https:\/\/blog.turkishairlines.com\/tr\/wp-json\/wp\/v2\/posts\/62236\/revisions\/62254"}],"wp:featuredmedia":[{"embeddable":true,"href":"https:\/\/blog.turkishairlines.com\/tr\/wp-json\/wp\/v2\/media\/62241"}],"wp:attachment":[{"href":"https:\/\/blog.turkishairlines.com\/tr\/wp-json\/wp\/v2\/media?parent=62236"}],"wp:term":[{"taxonomy":"category","embeddable":true,"href":"https:\/\/blog.turkishairlines.com\/tr\/wp-json\/wp\/v2\/categories?post=62236"},{"taxonomy":"post_tag","embeddable":true,"href":"https:\/\/blog.turkishairlines.com\/tr\/wp-json\/wp\/v2\/tags?post=62236"}],"curies":[{"name":"wp","href":"https:\/\/api.w.org\/{rel}","templated":true}]}}