{"id":62444,"date":"2026-05-01T10:00:00","date_gmt":"2026-05-01T07:00:00","guid":{"rendered":"https:\/\/blog.turkishairlines.com\/?p=62444"},"modified":"2026-04-30T15:16:43","modified_gmt":"2026-04-30T12:16:43","slug":"panoramik-tren-rotalari","status":"publish","type":"post","link":"https:\/\/blog.turkishairlines.com\/tr\/panoramik-tren-rotalari\/","title":{"rendered":"D\u00fcnyan\u0131n en dikkat \u00e7ekici panoramik tren rotalar\u0131"},"content":{"rendered":"\n<hr class=\"wp-block-separator has-text-color has-alpha-channel-opacity has-background is-style-wide\" style=\"background-color:#ebebeb;color:#ebebeb\"\/>\n\n\n\n<h2 class=\"wp-block-heading\"><strong>Avrupa&#8217;n\u0131n en dikkat \u00e7ekici panoramik tren rotalar\u0131<\/strong><\/h2>\n\n\n\n<p>Avrupa&#8217;n\u0131n panoramik tren rotalar\u0131, k\u0131tan\u0131n co\u011frafi \u00e7e\u015fitlili\u011fini tek bir yolculu\u011fa s\u0131\u011fd\u0131rma becerisiyle \u00f6ne \u00e7\u0131k\u0131yor. \u0130svi\u00e7re Alpleri&#8217;nden zirvelere, Avusturya Tirol&#8217;\u00fcn\u00fcn dar ge\u00e7itlerinden Karada\u011f&#8217;\u0131n derin kanyonlar\u0131na uzanan bu hatlar, ula\u015f\u0131m arac\u0131 olman\u0131n \u00e7ok \u00f6tesine ge\u00e7erek ba\u015fl\u0131 ba\u015f\u0131na bir seyahat amac\u0131 h\u00e2line geliyor. Kimi rotalar y\u00fcz y\u0131l\u0131 a\u015fk\u0131n m\u00fchendislik miras\u0131yla UNESCO D\u00fcnya Miras\u0131 Listesi&#8217;nde yer al\u0131yor, kimileri ise tavan\u0131 camla kapl\u0131 modern panoramik vagonlarla yenilenmi\u015f hizmetler sunuyor. Ortak nokta, h\u0131z yerine manzaran\u0131n \u00f6ncelendi\u011fi bir yolculuk anlay\u0131\u015f\u0131. \u0130ster 2.000 metrenin \u00fczerindeki da\u011f ge\u00e7itlerinden, ister Adriyatik k\u0131y\u0131s\u0131na inen viyad\u00fcklerden ge\u00e7sin, her bir rota kendi co\u011frafyas\u0131n\u0131n ve tarihinin farkl\u0131 bir katman\u0131n\u0131 okuyor. A\u015fa\u011f\u0131da Avrupa&#8217;n\u0131n en dikkat \u00e7ekici panoramik tren g\u00fczerg\u00e2hlar\u0131n\u0131 bir araya getirdik.<\/p>\n\n\n\n<h3 class=\"wp-block-heading\"><strong>Glacier Express: \u0130svi\u00e7re Alplerinde klasik panoramik yolculuk<a href=\"https:\/\/www.gettyimages.com\/detail\/photo\/switzerland-canton-of-uri-lake-oberalpsee-and-royalty-free-image\/545880417?phrase=oberalp%20pass%20glacier%20express&amp;searchscope=image%2Cfilm&amp;adppopup=true\" rel=\"nofollow noopener\" target=\"_blank\"><\/a><\/strong><\/h3>\n\n\n\n<figure class=\"wp-block-image size-large td-caption-align-https:\/\/blog.turkishairlines.com\/wp-content\/uploads\/2020\/02\/iStock-924032386.jpg\"><img loading=\"lazy\" decoding=\"async\" width=\"1024\" height=\"683\" src=\"https:\/\/blog.turkishairlines.com\/wp-content\/uploads\/2026\/04\/alp-daglari-tren-yolu-manzarasi-1024x683.jpg\" alt=\"Karl\u0131 da\u011f yama\u00e7lar\u0131n\u0131n \u00f6n\u00fcnde ilerleyen k\u0131rm\u0131z\u0131 bir yolcu treni, k\u0131y\u0131s\u0131nda bulundu\u011fu g\u00f6l\u00fcn yans\u0131mas\u0131yla birlikte\" class=\"wp-image-62453\" srcset=\"https:\/\/blog.turkishairlines.com\/wp-content\/uploads\/2026\/04\/alp-daglari-tren-yolu-manzarasi-1024x683.jpg 1024w, https:\/\/blog.turkishairlines.com\/wp-content\/uploads\/2026\/04\/alp-daglari-tren-yolu-manzarasi-300x200.jpg 300w, https:\/\/blog.turkishairlines.com\/wp-content\/uploads\/2026\/04\/alp-daglari-tren-yolu-manzarasi-150x100.jpg 150w, https:\/\/blog.turkishairlines.com\/wp-content\/uploads\/2026\/04\/alp-daglari-tren-yolu-manzarasi-768x512.jpg 768w, https:\/\/blog.turkishairlines.com\/wp-content\/uploads\/2026\/04\/alp-daglari-tren-yolu-manzarasi-630x420.jpg 630w, https:\/\/blog.turkishairlines.com\/wp-content\/uploads\/2026\/04\/alp-daglari-tren-yolu-manzarasi-696x464.jpg 696w, https:\/\/blog.turkishairlines.com\/wp-content\/uploads\/2026\/04\/alp-daglari-tren-yolu-manzarasi-1068x712.jpg 1068w, https:\/\/blog.turkishairlines.com\/wp-content\/uploads\/2026\/04\/alp-daglari-tren-yolu-manzarasi.jpg 1084w\" sizes=\"auto, (max-width: 1024px) 100vw, 1024px\" \/><figcaption class=\"wp-element-caption\">Karl\u0131 da\u011f yama\u00e7lar\u0131n\u0131n \u00f6n\u00fcnde ilerleyen k\u0131rm\u0131z\u0131 bir yolcu treni, k\u0131y\u0131s\u0131nda bulundu\u011fu g\u00f6l\u00fcn yans\u0131mas\u0131yla birlikte<\/figcaption><\/figure>\n\n\n\n<p>Avrupa, panoramik tren turizminin en k\u00f6kl\u00fc \u00f6rneklerini sunuyor. Avrupa tren rotalar\u0131 i\u00e7inde \u00f6ne \u00e7\u0131kan \u0130svi\u00e7re ise da\u011f zirvelerini, vadileri ve buzullar\u0131 birbirine ba\u011fl\u0131yor. Zermatt ve St. Moritz aras\u0131nda seyahat eden Glacier Express, yakla\u015f\u0131k 291 k\u00f6pr\u00fc ve 91 t\u00fcnelden ge\u00e7erek yakla\u015f\u0131k 8 saatte 291 kilometrelik yolu kat ediyor. &#8220;D\u00fcnyan\u0131n en yava\u015f ekspres treni&#8221; olarak tan\u0131t\u0131lan bu hat, 1930&#8217;dan bu yana hizmet veriyor. Panoramik vagonlar\u0131n tavan camlar\u0131 sayesinde Oberalp ge\u00e7idinin 2.033 metrelik y\u00fcksekli\u011fi ve Rhine Gorge olarak bilinen &#8220;\u0130svi\u00e7re&#8217;nin B\u00fcy\u00fck Kanyonu&#8221; rahat\u00e7a izlenebiliyor. Servis edilen \u00f6\u011fle yeme\u011finde b\u00f6lgesel \u00fcr\u00fcnler \u00f6ne \u00e7\u0131k\u0131yor. Excellence Class ise tek s\u0131ral\u0131 pencere kenar\u0131 d\u00fczeniyle daha ayr\u0131cal\u0131kl\u0131 bir deneyim sunuyor. \u0130svi\u00e7re&#8217;nin e\u015fsiz da\u011f rotalar\u0131n\u0131 ke\u015ffetmek i\u00e7in<a href=\"https:\/\/www.turkishairlines.com\/tr\/uygun-isvicre-ucak-bileti\" target=\"_blank\" rel=\"noreferrer noopener\"> \u0130svi\u00e7re u\u00e7ak biletlerini<\/a> inceleyebilirsiniz.<\/p>\n\n\n\n<h3 class=\"wp-block-heading\"><strong>Bernina Express: \u0130svi\u00e7re&#8217;den \u0130talya&#8217;ya UNESCO tescilli rota<a href=\"https:\/\/www.gettyimages.com\/detail\/photo\/bernina-express-train-on-landwasser-viaduct-in-royalty-free-image\/1291893873?phrase=landwasser%20viaduct%20bernina&amp;adppopup=true\" rel=\"nofollow noopener\" target=\"_blank\"><\/a><\/strong><\/h3>\n\n\n\n<figure class=\"wp-block-image size-large td-caption-align-https:\/\/blog.turkishairlines.com\/wp-content\/uploads\/2020\/02\/iStock-924032386.jpg\"><img loading=\"lazy\" decoding=\"async\" width=\"1024\" height=\"682\" src=\"https:\/\/blog.turkishairlines.com\/wp-content\/uploads\/2026\/04\/isvicre-alpleri-landwasser-viyaduku-1024x682.jpg\" alt=\"Karlar ile kapl\u0131 dik yama\u00e7lar aras\u0131nda, y\u00fcksek kemerli ta\u015f bir viyad\u00fck \u00fczerinden ge\u00e7mekte olan k\u0131rm\u0131z\u0131 renkli yolcu treni\" class=\"wp-image-62455\" srcset=\"https:\/\/blog.turkishairlines.com\/wp-content\/uploads\/2026\/04\/isvicre-alpleri-landwasser-viyaduku-1024x682.jpg 1024w, https:\/\/blog.turkishairlines.com\/wp-content\/uploads\/2026\/04\/isvicre-alpleri-landwasser-viyaduku-300x200.jpg 300w, https:\/\/blog.turkishairlines.com\/wp-content\/uploads\/2026\/04\/isvicre-alpleri-landwasser-viyaduku-150x100.jpg 150w, https:\/\/blog.turkishairlines.com\/wp-content\/uploads\/2026\/04\/isvicre-alpleri-landwasser-viyaduku-768x512.jpg 768w, https:\/\/blog.turkishairlines.com\/wp-content\/uploads\/2026\/04\/isvicre-alpleri-landwasser-viyaduku-631x420.jpg 631w, https:\/\/blog.turkishairlines.com\/wp-content\/uploads\/2026\/04\/isvicre-alpleri-landwasser-viyaduku-696x464.jpg 696w, https:\/\/blog.turkishairlines.com\/wp-content\/uploads\/2026\/04\/isvicre-alpleri-landwasser-viyaduku-1068x711.jpg 1068w, https:\/\/blog.turkishairlines.com\/wp-content\/uploads\/2026\/04\/isvicre-alpleri-landwasser-viyaduku.jpg 1084w\" sizes=\"auto, (max-width: 1024px) 100vw, 1024px\" \/><figcaption class=\"wp-element-caption\">Karlar ile kapl\u0131 dik yama\u00e7lar aras\u0131nda, y\u00fcksek kemerli ta\u015f bir viyad\u00fck \u00fczerinden ge\u00e7mekte olan k\u0131rm\u0131z\u0131 renkli yolcu treni<\/figcaption><\/figure>\n\n\n\n<p>\u0130svi\u00e7re&#8217;nin bir di\u011fer \u00f6ne \u00e7\u0131kan rotas\u0131 Bernina Express, Chur&#8217;dan \u0130talyan s\u0131n\u0131r\u0131ndaki Tirano&#8217;ya uzanan hatta hizmet veriyor. UNESCO D\u00fcnya Miras\u0131 Listesi&#8217;ndeki Albula ve Bernina hatlar\u0131, 2.253 metre rak\u0131ma \u00e7\u0131karak Alpler&#8217;in en y\u00fcksek ge\u00e7i\u015f noktalar\u0131ndan birini olu\u015fturuyor. Bu sayede kuzeydeki karl\u0131 co\u011frafyadan g\u00fcneydeki \u0131l\u0131man \u0130talyan iklimine yakla\u015f\u0131k 4 saat i\u00e7inde ge\u00e7i\u015f yap\u0131l\u0131yor. Cam tavanl\u0131 vagonlar d\u0131\u015f\u0131nda, ayn\u0131 hatta i\u015fleyen RhB b\u00f6lgesel trenleri de iyi bir alternatif. Bu yerel trenlerin a\u00e7\u0131labilen pencereleri, yans\u0131mas\u0131z foto\u011fraf \u00e7ekme imk\u00e2n\u0131 veriyor ve bileti panoramik vagonlara g\u00f6re daha uygun fiyatl\u0131 oluyor. \u00d6zellikle Landwasser Viyad\u00fc\u011f\u00fc&#8217;n\u00fcn 65 metrelik ta\u015f kemerlerinin \u00fczerinden ge\u00e7i\u015f, demiryolu foto\u011fraf\u00e7\u0131lar\u0131n\u0131n en \u00e7ok tercih etti\u011fi karelerden biri olarak biliniyor.<\/p>\n\n\n\n<h3 class=\"wp-block-heading\"><strong>Mittenwald Demiryolu: Almanya&#8217;dan Avusturya&#8217;ya k\u0131sa da\u011f rotas\u0131<a href=\"https:\/\/www.gettyimages.com\/detail\/photo\/scharnitz-tirol-austria-train-passing-by-the-royalty-free-image\/1320775858?phrase=karwendelbahn%20mittenwald&amp;adppopup=true\" rel=\"nofollow noopener\" target=\"_blank\"><\/a><\/strong><\/h3>\n\n\n\n<figure class=\"wp-block-image size-large td-caption-align-https:\/\/blog.turkishairlines.com\/wp-content\/uploads\/2020\/02\/iStock-924032386.jpg\"><img loading=\"lazy\" decoding=\"async\" width=\"1024\" height=\"683\" src=\"https:\/\/blog.turkishairlines.com\/wp-content\/uploads\/2026\/04\/karwendel-dagi-manzarali-yol-1024x683.jpg\" alt=\"Bavyera, Almanya'daki Karwendel da\u011flar\u0131na uzanan patika ve tren raylar\u0131\" class=\"wp-image-62457\" srcset=\"https:\/\/blog.turkishairlines.com\/wp-content\/uploads\/2026\/04\/karwendel-dagi-manzarali-yol-1024x683.jpg 1024w, https:\/\/blog.turkishairlines.com\/wp-content\/uploads\/2026\/04\/karwendel-dagi-manzarali-yol-300x200.jpg 300w, https:\/\/blog.turkishairlines.com\/wp-content\/uploads\/2026\/04\/karwendel-dagi-manzarali-yol-150x100.jpg 150w, https:\/\/blog.turkishairlines.com\/wp-content\/uploads\/2026\/04\/karwendel-dagi-manzarali-yol-768x512.jpg 768w, https:\/\/blog.turkishairlines.com\/wp-content\/uploads\/2026\/04\/karwendel-dagi-manzarali-yol-630x420.jpg 630w, https:\/\/blog.turkishairlines.com\/wp-content\/uploads\/2026\/04\/karwendel-dagi-manzarali-yol-696x464.jpg 696w, https:\/\/blog.turkishairlines.com\/wp-content\/uploads\/2026\/04\/karwendel-dagi-manzarali-yol-1068x712.jpg 1068w, https:\/\/blog.turkishairlines.com\/wp-content\/uploads\/2026\/04\/karwendel-dagi-manzarali-yol.jpg 1084w\" sizes=\"auto, (max-width: 1024px) 100vw, 1024px\" \/><figcaption class=\"wp-element-caption\">Bavyera, Almanya&#8217;daki Karwendel da\u011flar\u0131na uzanan patika ve tren raylar\u0131<\/figcaption><\/figure>\n\n\n\n<p>Karwendelbahn olarak da bilinen Mittenwald Demiryolu, Almanya&#8217;n\u0131n Bavyera b\u00f6lgesindeki Garmisch-Partenkirchen ile Avusturya&#8217;n\u0131n Tirol eyaletindeki Innsbruck&#8217;u 1912&#8217;den bu yana birbirine ba\u011fl\u0131yor. 1910 ile 1912 aras\u0131nda in\u015fa edilen hat, Orta Avrupa&#8217;n\u0131n y\u00fcksek gerilim alternatif ak\u0131mla i\u015fletilen ilk elektrikli demiryollar\u0131ndan biri olarak demiryolu tarihinde \u00f6zel bir yere sahip. Yakla\u015f\u0131k 58 kilometrelik g\u00fczerg\u00e2h, Wetterstein ve Karwendel s\u0131rada\u011flar\u0131 aras\u0131nda k\u0131vr\u0131larak Seefeld platosundaki 1.184 metrelik en y\u00fcksek noktas\u0131na ula\u015f\u0131yor; yolculuk yakla\u015f\u0131k 2 saat 50 dakika s\u00fcr\u00fcyor. Schlossbach deresi \u00fczerindeki 66 metrelik demir kemerli viyad\u00fck ve Martinswand kayal\u0131\u011f\u0131n\u0131 takip eden t\u00fcneller dizisi rotan\u0131n en dikkat \u00e7ekici m\u00fchendislik unsurlar\u0131 aras\u0131nda yer al\u0131yor. Y\u0131l boyunca saatlik \u00d6BB ve DB Regio b\u00f6lgesel seferleri \u00e7al\u0131\u015f\u0131yor; k\u0131\u015f aylar\u0131nda ise Berlin ve M\u00fcnih \u00fczerinden Innsbruck&#8217;a uzanan ICE seferleriyle Seefeld in Tirol istasyonu Avrupa&#8217;n\u0131n en y\u00fcksek ICE dura\u011f\u0131 say\u0131l\u0131yor. Mittenwald&#8217;da keman yap\u0131m\u0131n\u0131n \u00fc\u00e7 y\u00fcz y\u0131ldan eskiye uzanan gelene\u011fi ve L\u00fcftlmalerei ad\u0131 verilen cephe resimleri, mola i\u00e7in hatt\u0131 ikiye b\u00f6lmek isteyenlere k\u00fclt\u00fcrel bir gerek\u00e7e sunuyor. Bavyera Alpleri ve Tirol vadileri aras\u0131ndaki bu k\u0131sa rotay\u0131 ke\u015ffetmek i\u00e7in <a href=\"https:\/\/www.turkishairlines.com\/tr-tr\/ucak-bileti\/munih-ucak-bileti\/\" target=\"_blank\" rel=\"noreferrer noopener\">M\u00fcnih u\u00e7ak biletlerini<\/a> de\u011ferlendirebilirsiniz.<\/p>\n\n\n\n<h3 class=\"wp-block-heading\"><strong>Belgrad-Bar Demiryolu: Balkanlar&#8217;da da\u011flar, vadiler ve viyad\u00fckler<a href=\"https:\/\/www.gettyimages.com\/detail\/photo\/mala-rijeka-viaduct-in-montenegro-near-podgorica-royalty-free-image\/1456789012?phrase=mala%20rijeka%20viaduct&amp;adppopup=true\" rel=\"nofollow noopener\" target=\"_blank\"><\/a><\/strong><\/h3>\n\n\n\n<figure class=\"wp-block-image size-large td-caption-align-https:\/\/blog.turkishairlines.com\/wp-content\/uploads\/2020\/02\/iStock-924032386.jpg\"><img loading=\"lazy\" decoding=\"async\" width=\"1024\" height=\"683\" src=\"https:\/\/blog.turkishairlines.com\/wp-content\/uploads\/2026\/04\/mala-rijeka-viyadugu-1024x683.jpg\" alt=\"Karada\u011f'daki Mala Rijeka Viyad\u00fck\u00fc'n\u00fcn derin vadi \u00fczerindeki beton kemer yap\u0131s\u0131 ve demiryolu hatt\u0131\" class=\"wp-image-62459\" srcset=\"https:\/\/blog.turkishairlines.com\/wp-content\/uploads\/2026\/04\/mala-rijeka-viyadugu-1024x683.jpg 1024w, https:\/\/blog.turkishairlines.com\/wp-content\/uploads\/2026\/04\/mala-rijeka-viyadugu-300x200.jpg 300w, https:\/\/blog.turkishairlines.com\/wp-content\/uploads\/2026\/04\/mala-rijeka-viyadugu-150x100.jpg 150w, https:\/\/blog.turkishairlines.com\/wp-content\/uploads\/2026\/04\/mala-rijeka-viyadugu-768x512.jpg 768w, https:\/\/blog.turkishairlines.com\/wp-content\/uploads\/2026\/04\/mala-rijeka-viyadugu-630x420.jpg 630w, https:\/\/blog.turkishairlines.com\/wp-content\/uploads\/2026\/04\/mala-rijeka-viyadugu-696x464.jpg 696w, https:\/\/blog.turkishairlines.com\/wp-content\/uploads\/2026\/04\/mala-rijeka-viyadugu-1068x712.jpg 1068w, https:\/\/blog.turkishairlines.com\/wp-content\/uploads\/2026\/04\/mala-rijeka-viyadugu.jpg 1084w\" sizes=\"auto, (max-width: 1024px) 100vw, 1024px\" \/><figcaption class=\"wp-element-caption\">Karada\u011f&#8217;daki Mala Rijeka Viyad\u00fck\u00fc&#8217;n\u00fcn derin vadi \u00fczerindeki beton kemer yap\u0131s\u0131 ve demiryolu hatt\u0131<\/figcaption><\/figure>\n\n\n\n<p>S\u0131rbistan&#8217;\u0131n ba\u015fkenti Belgrad&#8217;\u0131 Karada\u011f&#8217;\u0131n Adriyatik k\u0131y\u0131s\u0131ndaki Bar liman\u0131na ba\u011flayan 476 kilometrelik bu hat, 25 y\u0131ll\u0131k in\u015faat\u0131n ard\u0131ndan 1976&#8217;da tamamland\u0131. Eski Yugoslavya&#8217;n\u0131n \u0130kinci D\u00fcnya Sava\u015f\u0131 sonras\u0131ndaki en kapsaml\u0131 altyap\u0131 projesi olarak an\u0131lan rota, Dinar Alpleri&#8217;ni a\u015farken 254 t\u00fcnelden ve 435 k\u00f6pr\u00fcden ge\u00e7iyor; t\u00fcnellerin toplam uzunlu\u011fu yakla\u015f\u0131k 114 kilometreyi buluyor, yani yolculu\u011fun yakla\u015f\u0131k d\u00f6rtte biri t\u00fcnel i\u00e7inde ge\u00e7iyor. Hatt\u0131n en y\u00fcksek noktas\u0131 Karada\u011f&#8217;daki Kola\u0161in yak\u0131nlar\u0131nda 1.032 metrede yer al\u0131yor. Rotan\u0131n simgesi haline gelmi\u015f Mala Rijeka Viyad\u00fc\u011f\u00fc, Podgorica&#8217;n\u0131n yakla\u015f\u0131k 20 kilometre kuzeyinde 498 metrelik uzunlu\u011fu ve vadi taban\u0131ndan 198 metre y\u00fcksekli\u011fiyle 1973&#8217;ten 2001&#8217;e kadar d\u00fcnyan\u0131n en y\u00fcksek demiryolu k\u00f6pr\u00fcs\u00fc unvan\u0131n\u0131 ta\u015f\u0131d\u0131. T\u00fcm yolculuk yakla\u015f\u0131k 11 saat s\u00fcr\u00fcyor; en etkileyici manzara b\u00f6l\u00fcmleri Bijelo Polje ile Bar aras\u0131ndaki Karada\u011f kesiminde, \u00f6zellikle Skadar G\u00f6l\u00fc k\u0131y\u0131s\u0131 ve son t\u00fcnel niteli\u011findeki 6,17 kilometrelik Sozina t\u00fcneli \u00e7evresinde yo\u011funla\u015f\u0131yor. 2024&#8217;ten bu yana S\u0131rbistan ve Karada\u011f demiryolu \u015firketleri g\u00fcnd\u00fcz seferlerinde modern, klimal\u0131 vagonlar kullan\u0131yor; gece servisi olan Lov\u0107en treninde ise ku\u015fetli ve yatakl\u0131 kabin se\u00e7enekleri bulunuyor. Belgrad&#8217;dan ba\u015flay\u0131p Adriyatik&#8217;e inen bu rotan\u0131n kalk\u0131\u015f noktas\u0131na ula\u015fmak i\u00e7in <a href=\"https:\/\/www.turkishairlines.com\/tr-tr\/ucak-bileti\/belgrad-ucak-bileti\/\" target=\"_blank\" rel=\"noreferrer noopener\">Belgrad u\u00e7ak biletlerini<\/a> inceleyebilirsiniz.<\/p>\n\n\n\n<h3 class=\"wp-block-heading\"><strong>Rhine Valley Line: Almanya&#8217;da Ren Nehri boyunca tren yolculu\u011fu<a href=\"https:\/\/www.gettyimages.com\/detail\/photo\/marksburg-castle-rhine-valley-with-train-royalty-free-image\/1234567890?phrase=rhine%20valley%20train%20castle&amp;adppopup=true\" rel=\"nofollow noopener\" target=\"_blank\"><\/a><\/strong><\/h3>\n\n\n\n<figure class=\"wp-block-image size-large td-caption-align-https:\/\/blog.turkishairlines.com\/wp-content\/uploads\/2020\/02\/iStock-924032386.jpg\"><img loading=\"lazy\" decoding=\"async\" width=\"1024\" height=\"683\" src=\"https:\/\/blog.turkishairlines.com\/wp-content\/uploads\/2026\/04\/ren-vadisi-yuk-treni-1024x683.jpg\" alt=\"Sonbahar renklerine b\u00fcr\u00fcnm\u00fc\u015f kayal\u0131k yama\u00e7 \u00f6n\u00fcnden ge\u00e7en y\u00fck treni ve nehir manzaras\u0131\" class=\"wp-image-62461\" srcset=\"https:\/\/blog.turkishairlines.com\/wp-content\/uploads\/2026\/04\/ren-vadisi-yuk-treni-1024x683.jpg 1024w, https:\/\/blog.turkishairlines.com\/wp-content\/uploads\/2026\/04\/ren-vadisi-yuk-treni-300x200.jpg 300w, https:\/\/blog.turkishairlines.com\/wp-content\/uploads\/2026\/04\/ren-vadisi-yuk-treni-150x100.jpg 150w, https:\/\/blog.turkishairlines.com\/wp-content\/uploads\/2026\/04\/ren-vadisi-yuk-treni-768x512.jpg 768w, https:\/\/blog.turkishairlines.com\/wp-content\/uploads\/2026\/04\/ren-vadisi-yuk-treni-630x420.jpg 630w, https:\/\/blog.turkishairlines.com\/wp-content\/uploads\/2026\/04\/ren-vadisi-yuk-treni-696x464.jpg 696w, https:\/\/blog.turkishairlines.com\/wp-content\/uploads\/2026\/04\/ren-vadisi-yuk-treni-1068x712.jpg 1068w, https:\/\/blog.turkishairlines.com\/wp-content\/uploads\/2026\/04\/ren-vadisi-yuk-treni.jpg 1084w\" sizes=\"auto, (max-width: 1024px) 100vw, 1024px\" \/><figcaption class=\"wp-element-caption\">Sonbahar renklerine b\u00fcr\u00fcnm\u00fc\u015f kayal\u0131k yama\u00e7 \u00f6n\u00fcnden ge\u00e7en y\u00fck treni ve nehir manzaras\u0131<\/figcaption><\/figure>\n\n\n\n<p>Linke Rheinstrecke ad\u0131yla bilinen Sol Ren Hatt\u0131, K\u00f6ln&#8217;den Bonn ve Koblenz \u00fczerinden Mainz&#8217;a uzanan 185 kilometrelik elektrikli bir ana hat olarak 1859&#8217;da bug\u00fcnk\u00fc g\u00fczerg\u00e2h\u0131nda tamamland\u0131. Hatt\u0131n en g\u00f6zde b\u00f6l\u00fcm\u00fc, 2002&#8217;de UNESCO D\u00fcnya Miras\u0131 Listesi&#8217;ne al\u0131nan Yukar\u0131 Orta Ren Vadisi&#8217;nin Koblenz ile Bingen aras\u0131ndaki 65 kilometrelik kesimi. Bu k\u0131sa parkurda Marksburg, Stahleck, Katz, Maus kaleleri ile bir nehir adas\u0131nda konumlanan 14. y\u00fczy\u0131ldan kalma Pfalzgrafenstein g\u00fcmr\u00fck \u015fatosu dahil 40&#8217;tan fazla orta\u00e7a\u011f kalesi bulunuyor. Sankt Goarshausen yak\u0131n\u0131ndaki 132 metrelik Loreley kayal\u0131\u011f\u0131, nehrin en dar ve en derin noktas\u0131n\u0131 i\u015faret ediyor; rivayete g\u00f6re buradaki bir su perisinin \u015fark\u0131s\u0131 denizcileri kayal\u0131klara \u00e7ekmi\u015f. K\u00f6ln-Frankfurt aras\u0131ndaki y\u00fcksek h\u0131zl\u0131 hatt\u0131n 2002&#8217;de a\u00e7\u0131lmas\u0131ndan sonra uzun mesafe trafi\u011finin \u00f6nemli k\u0131sm\u0131 bu rotadan ayr\u0131lm\u0131\u015f olsa da, hat h\u00e2l\u00e2 saatlik ICE, IC ve b\u00f6lgesel sefer yo\u011funlu\u011funu koruyor. En iyi nehir ve kale manzaras\u0131 i\u00e7in g\u00fcneye giderken solda, kuzeye giderken sa\u011fda oturmak \u00f6neriliyor; d\u00fc\u015f\u00fck b\u00fct\u00e7eli ve esnek bir alternatif olarak Rheinland-Pfalz Ticket bir g\u00fcnl\u00fck s\u0131n\u0131rs\u0131z b\u00f6lgesel seyahat imk\u00e2n\u0131 tan\u0131yor. Bingen, Boppard ve R\u00fcdesheim gibi k\u00fc\u00e7\u00fck kasabalar, Drosselgasse benzeri dar sokaklar\u0131 ve nehir k\u0131y\u0131s\u0131 ba\u011f evleriyle yolculu\u011fa k\u00fclt\u00fcrel bir derinlik kat\u0131yor. Ren Vadisi&#8217;nin kalelerle bezeli k\u0131y\u0131s\u0131n\u0131 trenle ke\u015ffetmek i\u00e7in <a href=\"https:\/\/www.turkishairlines.com\/tr-tr\/ucak-bileti\/frankfurt-ucak-bileti\/\" target=\"_blank\" rel=\"noreferrer noopener\">Frankfurt u\u00e7ak biletlerini<\/a> inceleyebilirsiniz.<\/p>\n\n\n\n<hr class=\"wp-block-separator has-text-color has-alpha-channel-opacity has-background is-style-wide\" style=\"background-color:#ebebeb;color:#ebebeb\"\/>\n\n\n\n<h2 class=\"wp-block-heading\"><strong>\u0130skandinavya&#8217;n\u0131n panoramik tren rotalar\u0131<\/strong><\/h2>\n\n\n\n<figure class=\"wp-block-image size-large td-caption-align-https:\/\/blog.turkishairlines.com\/wp-content\/uploads\/2020\/02\/iStock-924032386.jpg\"><img loading=\"lazy\" decoding=\"async\" width=\"1024\" height=\"576\" src=\"https:\/\/blog.turkishairlines.com\/wp-content\/uploads\/2026\/04\/flamsbana-tren-rotasi-dogal-peyzaj-1024x576.jpg\" alt=\"Norve\u00e7\u2019in Flamsbana tren rotas\u0131nda, ye\u015fil bir vadi ve da\u011f yama\u00e7lar\u0131 boyunca ilerleyen trenin penceresinden g\u00f6r\u00fcnen do\u011fal manzara\" class=\"wp-image-62463\" srcset=\"https:\/\/blog.turkishairlines.com\/wp-content\/uploads\/2026\/04\/flamsbana-tren-rotasi-dogal-peyzaj-1024x576.jpg 1024w, https:\/\/blog.turkishairlines.com\/wp-content\/uploads\/2026\/04\/flamsbana-tren-rotasi-dogal-peyzaj-300x169.jpg 300w, https:\/\/blog.turkishairlines.com\/wp-content\/uploads\/2026\/04\/flamsbana-tren-rotasi-dogal-peyzaj-150x84.jpg 150w, https:\/\/blog.turkishairlines.com\/wp-content\/uploads\/2026\/04\/flamsbana-tren-rotasi-dogal-peyzaj-768x432.jpg 768w, https:\/\/blog.turkishairlines.com\/wp-content\/uploads\/2026\/04\/flamsbana-tren-rotasi-dogal-peyzaj-746x420.jpg 746w, https:\/\/blog.turkishairlines.com\/wp-content\/uploads\/2026\/04\/flamsbana-tren-rotasi-dogal-peyzaj-696x392.jpg 696w, https:\/\/blog.turkishairlines.com\/wp-content\/uploads\/2026\/04\/flamsbana-tren-rotasi-dogal-peyzaj-1068x601.jpg 1068w, https:\/\/blog.turkishairlines.com\/wp-content\/uploads\/2026\/04\/flamsbana-tren-rotasi-dogal-peyzaj.jpg 1084w\" sizes=\"auto, (max-width: 1024px) 100vw, 1024px\" \/><figcaption class=\"wp-element-caption\">Norve\u00e7\u2019in Flamsbana tren rotas\u0131nda, ye\u015fil bir vadi ve da\u011f yama\u00e7lar\u0131 boyunca ilerleyen trenin penceresinden g\u00f6r\u00fcnen do\u011fal manzara<\/figcaption><\/figure>\n\n\n\n<p>Kuzey Avrupa&#8217;n\u0131n fiyortlar\u0131n\u0131 i\u00e7 kesimlerdeki y\u00fcksek platolara ba\u011flayan Fl\u00e5m Demiryolu (Fl\u00e5msbana), d\u00fcnyan\u0131n en dik standart a\u00e7\u0131kl\u0131kl\u0131 demiryollar\u0131ndan biri olarak biliniyor. 20 kilometrelik hat boyunca tren, yakla\u015f\u0131k 866 metrelik bir y\u00fckseklik fark\u0131n\u0131 kat ediyor ve bu rampan\u0131n baz\u0131 b\u00f6l\u00fcmlerinde e\u011fim y\u00fczde 5,5&#8217;e ula\u015f\u0131yor. Ah\u015fap kaplamal\u0131 vagonlar\u0131n i\u00e7 tasar\u0131m\u0131, hatt\u0131n 1940&#8217;ta tamamland\u0131\u011f\u0131 d\u00f6neme sad\u0131k kal\u0131narak yenileniyor. G\u00fczerg\u00e2htaki 20 t\u00fcnelin 18&#8217;i, g\u00fcvenlik gere\u011fi i\u015f\u00e7iler taraf\u0131ndan elde kaz\u0131lm\u0131\u015f durumda ve bu y\u00fczden hat tamamlanana kadar 20 y\u0131ldan fazla s\u00fcre ge\u00e7mi\u015f.<\/p>\n\n\n\n<p>Yolculu\u011fun \u00f6ne \u00e7\u0131kan noktalar\u0131ndan biri, Kjosfossen \u015eelalesi&#8217;nde verilen k\u0131sa mola. \u015eelalenin 225 metreden d\u00fc\u015fen suyu e\u015fli\u011finde, yerel folklordan ilham alan Huldra karakterini canland\u0131ran bir dans\u00e7\u0131 sahne al\u0131yor; bu g\u00f6steri \u00f6zellikle yaz aylar\u0131nda programa ekleniyor. K\u0131\u015f aylar\u0131nda kar \u00f6rt\u00fcs\u00fc alt\u0131ndaki fiyort manzaras\u0131 daha sakin bir atmosfer sunsa da, baz\u0131 ara istasyonlar\u0131n yo\u011fun kar ya\u011f\u0131\u015f\u0131 nedeniyle kapanabilece\u011fini unutmamak gerekiyor. Fl\u00e5m&#8217;a ula\u015fmak i\u00e7in Bergen \u00fczerinden feribot ba\u011flant\u0131s\u0131 veya Myrdal&#8217;dan tren aktarmas\u0131 yapmak en yayg\u0131n tercih.<\/p>\n\n\n\n<hr class=\"wp-block-separator has-text-color has-alpha-channel-opacity has-background is-style-wide\" style=\"background-color:#ebebeb;color:#ebebeb\"\/>\n\n\n\n<h2 class=\"wp-block-heading\"><strong>Oslo ile Bergen aras\u0131nda Kuzey Avrupa&#8217;n\u0131n en y\u00fcksek hatt\u0131<\/strong><\/h2>\n\n\n\n<figure class=\"wp-block-image size-large td-caption-align-https:\/\/blog.turkishairlines.com\/wp-content\/uploads\/2020\/02\/iStock-924032386.jpg\"><img loading=\"lazy\" decoding=\"async\" width=\"1024\" height=\"683\" src=\"https:\/\/blog.turkishairlines.com\/wp-content\/uploads\/2026\/04\/norvec-oslo-bergen-tren-rotasi-manzara-1024x683.jpg\" alt=\"Oslo-Bergen tren rotas\u0131ndan g\u00f6r\u00fcnen ye\u015fil yama\u00e7l\u0131 da\u011flar\" class=\"wp-image-62465\" srcset=\"https:\/\/blog.turkishairlines.com\/wp-content\/uploads\/2026\/04\/norvec-oslo-bergen-tren-rotasi-manzara-1024x683.jpg 1024w, https:\/\/blog.turkishairlines.com\/wp-content\/uploads\/2026\/04\/norvec-oslo-bergen-tren-rotasi-manzara-300x200.jpg 300w, https:\/\/blog.turkishairlines.com\/wp-content\/uploads\/2026\/04\/norvec-oslo-bergen-tren-rotasi-manzara-150x100.jpg 150w, https:\/\/blog.turkishairlines.com\/wp-content\/uploads\/2026\/04\/norvec-oslo-bergen-tren-rotasi-manzara-768x512.jpg 768w, https:\/\/blog.turkishairlines.com\/wp-content\/uploads\/2026\/04\/norvec-oslo-bergen-tren-rotasi-manzara-630x420.jpg 630w, https:\/\/blog.turkishairlines.com\/wp-content\/uploads\/2026\/04\/norvec-oslo-bergen-tren-rotasi-manzara-696x464.jpg 696w, https:\/\/blog.turkishairlines.com\/wp-content\/uploads\/2026\/04\/norvec-oslo-bergen-tren-rotasi-manzara-1068x712.jpg 1068w, https:\/\/blog.turkishairlines.com\/wp-content\/uploads\/2026\/04\/norvec-oslo-bergen-tren-rotasi-manzara.jpg 1084w\" sizes=\"auto, (max-width: 1024px) 100vw, 1024px\" \/><figcaption class=\"wp-element-caption\">Oslo-Bergen tren rotas\u0131ndan g\u00f6r\u00fcnen ye\u015fil yama\u00e7l\u0131 da\u011flar<\/figcaption><\/figure>\n\n\n\n<p>Fl\u00e5m Demiryolu&#8217;nun ba\u011fland\u0131\u011f\u0131 ana hat olan Bergensbanen, Oslo ile Bergen&#8217;i birbirine ba\u011flayan yakla\u015f\u0131k 471 kilometrelik tek hatl\u0131 g\u00fczerg\u00e2h\u0131yla Kuzey Avrupa&#8217;n\u0131n en y\u00fcksek ana demiryolu hatt\u0131 olarak biliniyor. 1909&#8217;da tamamlanan ve yakla\u015f\u0131k 15 y\u0131l s\u00fcren in\u015faat s\u00fcrecinde 182 t\u00fcnel a\u00e7\u0131lan hat, kurulu\u015fundan bu yana \u00fclkenin iki b\u00fcy\u00fck \u015fehri aras\u0131ndaki y\u0131l boyu a\u00e7\u0131k kara ula\u015f\u0131m\u0131 olarak i\u015flev g\u00f6r\u00fcyor. Yolculuk g\u00fcn\u00fcn trenine ba\u011fl\u0131 olarak 6,5 ile 7,5 saat aras\u0131nda s\u00fcr\u00fcyor ve hatt\u0131n en y\u00fcksek noktas\u0131, 10,3 kilometrelik Finse T\u00fcneli&#8217;nin i\u00e7indeki 1.237 metreye ula\u015f\u0131yor.<\/p>\n\n\n\n<p>G\u00fczerg\u00e2h\u0131n dramatik b\u00f6l\u00fcm\u00fc, Geilo ile Voss aras\u0131nda Hardangervidda platosunu kat etti\u011fi kesim. Buras\u0131 Kuzey Avrupa&#8217;n\u0131n en b\u00fcy\u00fck da\u011f platosu olarak kabul ediliyor ve Norve\u00e7&#8217;in en kalabal\u0131k yaban ren geyi\u011fi pop\u00fclasyonuna ev sahipli\u011fi yap\u0131yor. Hardangervidda rotas\u0131n\u0131n en iyi manzaras\u0131n\u0131 yakalamak i\u00e7in yolcular\u0131n Oslo y\u00f6n\u00fcnden geldiklerinde solda, Bergen&#8217;den hareket ettiklerinde sa\u011fda oturmas\u0131 \u00f6neriliyor. Finse \u0130stasyonu ise tren a\u011f\u0131n\u0131n en y\u00fcksek dura\u011f\u0131 olma \u00f6zelli\u011fiyle k\u0131\u015f aylar\u0131nda kayak\u00e7\u0131lar\u0131n, yaz aylar\u0131nda ise Hardangerj\u00f8kulen buzulu y\u00f6n\u00fcne y\u00fcr\u00fcy\u00fc\u015f yapmak isteyenlerin ba\u015flang\u0131\u00e7 noktas\u0131 olarak kullan\u0131l\u0131yor. Hat, Vy taraf\u0131ndan g\u00fcnde d\u00f6rt ila be\u015f do\u011frudan seferle i\u015fletiliyor; pazar ile cuma aras\u0131 ayr\u0131ca yatakl\u0131 bir gece treni de mevcut. Bergensbanen \u00fczerinde yolculuk yapmak ve Fl\u00e5m ba\u011flant\u0131s\u0131n\u0131 kullanmak i\u00e7in <a href=\"https:\/\/www.turkishairlines.com\/tr\/uygun-norvec-ucak-bileti\" target=\"_blank\" rel=\"noreferrer noopener\">Norve\u00e7 u\u00e7ak biletlerini<\/a> inceleyebilirsiniz.<\/p>\n\n\n\n<hr class=\"wp-block-separator has-text-color has-alpha-channel-opacity has-background is-style-wide\" style=\"background-color:#ebebeb;color:#ebebeb\"\/>\n\n\n\n<h2 class=\"wp-block-heading\"><strong>Kuzey Amerika&#8217;n\u0131n panoramik tren rotalar\u0131<\/strong><\/h2>\n\n\n\n<figure class=\"wp-block-image size-large td-caption-align-https:\/\/blog.turkishairlines.com\/wp-content\/uploads\/2020\/02\/iStock-924032386.jpg\"><img loading=\"lazy\" decoding=\"async\" width=\"1024\" height=\"683\" src=\"https:\/\/blog.turkishairlines.com\/wp-content\/uploads\/2026\/04\/rocky-mountaineer-treni-orman-ici-guzergah-1024x683.jpg\" alt=\"Kanada'da ormanl\u0131k alan i\u00e7erisinde ilerleyen Rocky Mountaineer treni\" class=\"wp-image-62467\" srcset=\"https:\/\/blog.turkishairlines.com\/wp-content\/uploads\/2026\/04\/rocky-mountaineer-treni-orman-ici-guzergah-1024x683.jpg 1024w, https:\/\/blog.turkishairlines.com\/wp-content\/uploads\/2026\/04\/rocky-mountaineer-treni-orman-ici-guzergah-300x200.jpg 300w, https:\/\/blog.turkishairlines.com\/wp-content\/uploads\/2026\/04\/rocky-mountaineer-treni-orman-ici-guzergah-150x100.jpg 150w, https:\/\/blog.turkishairlines.com\/wp-content\/uploads\/2026\/04\/rocky-mountaineer-treni-orman-ici-guzergah-768x512.jpg 768w, https:\/\/blog.turkishairlines.com\/wp-content\/uploads\/2026\/04\/rocky-mountaineer-treni-orman-ici-guzergah-630x420.jpg 630w, https:\/\/blog.turkishairlines.com\/wp-content\/uploads\/2026\/04\/rocky-mountaineer-treni-orman-ici-guzergah-696x464.jpg 696w, https:\/\/blog.turkishairlines.com\/wp-content\/uploads\/2026\/04\/rocky-mountaineer-treni-orman-ici-guzergah-1068x712.jpg 1068w, https:\/\/blog.turkishairlines.com\/wp-content\/uploads\/2026\/04\/rocky-mountaineer-treni-orman-ici-guzergah.jpg 1084w\" sizes=\"auto, (max-width: 1024px) 100vw, 1024px\" \/><figcaption class=\"wp-element-caption\">Kanada&#8217;da ormanl\u0131k alan i\u00e7erisinde ilerleyen Rocky Mountaineer treni<\/figcaption><\/figure>\n\n\n\n<p>Kanada&#8217;n\u0131n bat\u0131 k\u0131y\u0131s\u0131ndaki ormanlar\u0131, kanyonlar\u0131 ve Rocky Da\u011flar\u0131&#8217;n\u0131 kat eden Rocky Mountaineer, &#8220;yaln\u0131zca g\u00fcnd\u00fcz seyahati&#8221; prensibiyle \u00e7al\u0131\u015f\u0131yor. Yani tren geceleri yol alm\u0131yor; yolcular her ak\u015fam g\u00fczerg\u00e2h \u00fczerindeki otellerde konakl\u0131yor ve ertesi sabah yolculuk kald\u0131\u011f\u0131 yerden devam ediyor. Bu yakla\u015f\u0131m, 1990&#8217;da hizmete giren \u015firketin manzara odakl\u0131 bir pazarlama stratejisinin par\u00e7as\u0131 olarak ba\u015flam\u0131\u015f.<\/p>\n\n\n\n<p>GoldLeaf s\u0131n\u0131f\u0131 vagonlar\u0131 \u00e7ift katl\u0131 olup \u00fcst katta cam kubbeli oturma alan\u0131, alt katta ise k\u0131taya \u00f6zg\u00fc malzemelerle haz\u0131rlanan men\u00fclerin sunuldu\u011fu yemek b\u00f6l\u00fcm\u00fc yer al\u0131yor. Alternatif olarak tercih edilen SilverLeaf s\u0131n\u0131f\u0131 da panoramik pencereli tek katl\u0131 bir d\u00fczen sunuyor ve yemekler oturma alan\u0131nda servis ediliyor. En pop\u00fcler g\u00fczerg\u00e2h olan &#8220;First Passage to the West&#8221;, Vancouver&#8217;dan Banff&#8217;e uzan\u0131yor ve iki g\u00fcn s\u00fcr\u00fcyor; bu hat boyunca Hell&#8217;s Gate ad\u0131 verilen Fraser Nehri&#8217;nin darald\u0131\u011f\u0131 b\u00f6lge ile Kicking Horse ge\u00e7idi g\u00f6r\u00fcl\u00fcyor. Ayn\u0131 \u015firketin Jasper ve Whistler&#8217;a uzanan rotalar\u0131 da bulunuyor. Rezervasyonlar\u0131n genellikle 6 ila 12 ay \u00f6nceden yap\u0131lmas\u0131 \u00f6neriliyor; sezon may\u0131s ile ekim aylar\u0131 aras\u0131nda a\u00e7\u0131k kal\u0131yor. Rocky Mountaineer&#8217;\u0131n ba\u015flang\u0131\u00e7 noktas\u0131 Vancouver&#8217;a ula\u015fmak i\u00e7in <a href=\"https:\/\/www.turkishairlines.com\/tr\/uygun-kanada-ucak-bileti\" target=\"_blank\" rel=\"noreferrer noopener\">Kanada u\u00e7ak biletlerine<\/a> g\u00f6z atabilirsiniz.<\/p>\n\n\n\n<hr class=\"wp-block-separator has-text-color has-alpha-channel-opacity has-background is-style-wide\" style=\"background-color:#ebebeb;color:#ebebeb\"\/>\n\n\n\n    <div class=\"thy-widget-all \" adult=\"1\" child=\"0\" baby=\"0\" widget-num=\"1051098\">\n        <div class=\"thy-widget-top\">\n            <div class=\"thy-widget-logo\">\n                <svg xmlns=\"http:\/\/www.w3.org\/2000\/svg\" xmlns:xlink=\"http:\/\/www.w3.org\/1999\/xlink\" width=\"49\"\n                    height=\"49.003\" viewBox=\"0 0 49 49.003\">\n                    <defs>\n                        <clipPath id=\"clip-thy-logo\">\n                            <rect id=\"Rectangle_9\" data-name=\"Rectangle 9\" width=\"49\" height=\"49.003\" fill=\"none\">\n                            <\/rect>\n                        <\/clipPath>\n                    <\/defs>\n                    <g id=\"Group_5\" data-name=\"Group 5\" clip-path=\"url(#clip-thy-logo)\">\n                        <path id=\"Path_16\" data-name=\"Path 16\"\n                            d=\"M27.063.134A24.507,24.507,0,1,1,24.491,0a25.722,25.722,0,0,1,2.572.134M28.326,47.29A23.11,23.11,0,1,0,13.683,4.078c11.1,3.762,17.06,9.484,17.473,15.344.2,3.62-1.479,6.237-3.69,8.369l15.688-1.1c.443-.03.583.486.046.641L5.782,38.065A23.079,23.079,0,0,0,28.326,47.29M18.032,25.037c2.053-7.71-.288-15.791-5.888-20.073A23.114,23.114,0,0,0,4.962,36.847c5.961-1.661,11.205-4.8,13.07-11.81\"\n                            transform=\"translate(0 0)\" fill=\"#fff\"><\/path>\n                        <path id=\"Path_17\" data-name=\"Path 17\"\n                            d=\"M46.359,19.744A23.111,23.111,0,0,1,4.854,37.135L42.272,26.406c.537-.155.4-.671-.046-.641l-15.688,1.1c2.211-2.135,3.893-4.749,3.69-8.369C29.815,12.632,23.851,6.91,12.755,3.148a23.1,23.1,0,0,1,33.6,16.6M.779,27.4a23.005,23.005,0,0,0,3.252,8.518c5.964-1.661,11.208-4.8,13.073-11.81,2.053-7.71-.288-15.791-5.888-20.073A23.11,23.11,0,0,0,.779,27.4\"\n                            transform=\"translate(0.928 0.93)\" fill=\"#bd061b\"><\/path>\n                    <\/g>\n                <\/svg>\n            <\/div>\n            <div>\n                <div class=\"thy-widget-title\">D\u00fcnya daha b\u00fcy\u00fck. Ke\u015ffet.<\/div>\n            <\/div>\n        <\/div>\n        <hr color=\"#F4F6F8\" style=\"margin:0px;\">\n        <div class=\"thy-widget-radio-buttons\">\n            <label class=\"thy-radiobutton\">Gidi\u015f D\u00f6n\u00fc\u015f\n                <input type=\"radio\" id=\"thy-trip\" class=\"thy-road\" name=\"thy-road-1051098\" value=\"thy-trip\" checked>\n                <span class=\"thy-checkmark\"><\/span>\n            <\/label>\n            <label class=\"thy-radiobutton\">Tek y\u00f6n\n                <input type=\"radio\" id=\"thy-oneway\" class=\"thy-road\" name=\"thy-road-1051098\" value=\"thy-oneway\">\n                <span class=\"thy-checkmark\"><\/span>\n            <\/label>\n        <\/div>\n        <div class=\"thy-widget-inputs\">\n            <div class=\"thy-input-form\">\n                <div style=\"margin-right: 10px;\" class=\"thy-first-field\">\n                    <div class=\"thy-field\">\n                        <input class=\"thy-input thy-field-from\" type=\"text\" name=\"thy-field-from\" value=\"\"\n                            autocomplete=\"off\" required>\n                        <label for=\"thy-field-from\" title=\"Nereden?\"><\/label>\n                        <div class=\"thy-field-from-popup\">\n                            <input class=\"thy-input-popup thy-field-from-popup-input\" type=\"text\" name=\"thy-field-from-open\" data=\"\"\n                                 autocomplete=\"off\" required>\n                            <label title=\"Nereden?\"><\/label>\n                            <hr class=\"thy-popup-line\">\n                            <div class=\"thy-popup-airports\">\n                                <span>Havaliman\u0131<\/span>\n                                <div class=\"thy-popup-airport-list\">\n                                    <!-- \n                                    <div class=\"thy-popup-airport-row\">\n                                        <svg xmlns=\"http:\/\/www.w3.org\/2000\/svg\" width=\"24\" height=\"12.383\"\n                                            viewBox=\"0 0 24 12.383\">\n                                            <g id=\"black\" transform=\"translate(0 -6.33)\">\n                                                <path id=\"Path_83\" data-name=\"Path 83\"\n                                                    d=\"M21.4,10.01H6.09L1,6.33H0l1.9,4.19a4.18,4.18,0,0,0,3.7,2.453H21.4c1.19,0,2.6-.62,2.6-1.38,0-.78-1.41-1.582-2.6-1.582Zm-13.03,8.7h1l6-4.55H11.89a2.19,2.19,0,0,0-2,1.25l-1.52,3.3Z\"\n                                                    fill=\"#232b38\" \/>\n                                            <\/g>\n                                        <\/svg>\n                                        <div class=\"thy-popup-airport-names\">\n                                            <span class=\"thy-popup-airport-location\">New York, Amerika Birle\u015fik\n                                                Devletleri<\/span>\n                                            <span class=\"thy-popup-airport-name\">John F. Kennedy Uluslararas\u0131\n                                                Havaliman\u0131, JFK<\/span>\n                                        <\/div>\n                                    <\/div>\n                                    <hr>\n                                    <div class=\"thy-popup-airport-row\">\n                                        <svg xmlns=\"http:\/\/www.w3.org\/2000\/svg\" width=\"24\" height=\"12.383\"\n                                            viewBox=\"0 0 24 12.383\">\n                                            <g id=\"black\" transform=\"translate(0 -6.33)\">\n                                                <path id=\"Path_83\" data-name=\"Path 83\"\n                                                    d=\"M21.4,10.01H6.09L1,6.33H0l1.9,4.19a4.18,4.18,0,0,0,3.7,2.453H21.4c1.19,0,2.6-.62,2.6-1.38,0-.78-1.41-1.582-2.6-1.582Zm-13.03,8.7h1l6-4.55H11.89a2.19,2.19,0,0,0-2,1.25l-1.52,3.3Z\"\n                                                    fill=\"#232b38\" \/>\n                                            <\/g>\n                                        <\/svg>\n                                        <div class=\"thy-popup-airport-names\">\n                                            <span class=\"thy-popup-airport-location\">Sapporo, Japonya<\/span>\n                                            <span class=\"thy-popup-airport-name\">New Chitose Havaliman\u0131, CTS<\/span>\n                                        <\/div>\n                                    <\/div>\n                                    <hr>\n                                    <div class=\"thy-popup-airport-row\">\n                                        <svg xmlns=\"http:\/\/www.w3.org\/2000\/svg\" width=\"24\" height=\"12.383\"\n                                            viewBox=\"0 0 24 12.383\">\n                                            <g id=\"black\" transform=\"translate(0 -6.33)\">\n                                                <path id=\"Path_83\" data-name=\"Path 83\"\n                                                    d=\"M21.4,10.01H6.09L1,6.33H0l1.9,4.19a4.18,4.18,0,0,0,3.7,2.453H21.4c1.19,0,2.6-.62,2.6-1.38,0-.78-1.41-1.582-2.6-1.582Zm-13.03,8.7h1l6-4.55H11.89a2.19,2.19,0,0,0-2,1.25l-1.52,3.3Z\"\n                                                    fill=\"#232b38\" \/>\n                                            <\/g>\n                                        <\/svg>\n                                        <div class=\"thy-popup-airport-names\">\n                                            <span class=\"thy-popup-airport-location\">Buenos Aires, Arjantin<\/span>\n                                            <span class=\"thy-popup-airport-name\">Jorge Newbery Havaliman\u0131, AEP<\/span>\n                                        <\/div>\n                                    <\/div>\n                                    <hr>\n                                    <a class=\"thy-all-airports\" href=\"\">T\u00fcm U\u00e7u\u015f Noktalar\u0131n\u0131 G\u00f6r<\/a>\n                                    -->\n                                <\/div>\n                            <\/div>\n                        <\/div>\n\n                    <\/div>\n                <\/div>\n                <button class=\"thy-widget-change-locations\">\n                    <svg xmlns=\"http:\/\/www.w3.org\/2000\/svg\" width=\"33\" height=\"33\" viewBox=\"0 0 33 33\">\n                        <g id=\"change-boxed\" transform=\"translate(0.5 0.5)\">\n                            <path id=\"Path_44\" data-name=\"Path 44\" d=\"M16,0A16,16,0,1,1,0,16,16,16,0,0,1,16,0Z\"\n                                fill=\"#fff\" stroke=\"#647280\" stroke-width=\"1\"><\/path>\n                            <g id=\"Group_42\" data-name=\"Group 42\" transform=\"translate(4 4)\">\n                                <circle id=\"Ellipse_2\" data-name=\"Ellipse 2\" cx=\"12.5\" cy=\"12.5\" r=\"12.5\"\n                                    transform=\"translate(-0.5 -0.5)\" fill=\"#fff\"><\/circle>\n                                <g id=\"Group_41\" data-name=\"Group 41\" transform=\"translate(7 5)\">\n                                    <path id=\"Path_42\" data-name=\"Path 42\"\n                                        d=\"M5,1.91V0L2.5,2.545,5,5.091V3.18A3.8,3.8,0,0,1,8.75,7a4.159,4.159,0,0,1-.438,1.782l.938.954A5.757,5.757,0,0,0,10,7,5.06,5.06,0,0,0,5,1.91Zm0,8.908A3.8,3.8,0,0,1,1.25,7a4.159,4.159,0,0,1,.438-1.782L.75,4.264A5.757,5.757,0,0,0,0,7a5.06,5.06,0,0,0,5,5.09V14l2.5-2.545L5,8.909v1.91Z\"\n                                        fill=\"#647280\"><\/path>\n                                    <g id=\"Group_40\" data-name=\"Group 40\">\n                                        <path id=\"Path_43\" data-name=\"Path 43\" d=\"M-7-5H17V19H-7Z\" fill=\"none\"\n                                            fill-rule=\"evenodd\"><\/path>\n                                    <\/g>\n                                <\/g>\n                            <\/g>\n                        <\/g>\n                    <\/svg>\n\n                <\/button>\n                <div class=\"thy-second-field\">\n                    <div class=\"thy-field\">\n                        <input class=\"thy-input thy-field-to\" type=\"text\" name=\"thy-field-from\" autocomplete=\"off\"  value=\"\"\n                            required>\n                        <label for=\"thy-field-to\" title=\"Nereye?\"><\/label>\n                        <div class=\"thy-field-from-popup\">\n                            <input class=\"thy-input-popup thy-field-to-popup-input\" type=\"text\" name=\"thy-field-to-open\" data=\"\"\n                                 autocomplete=\"off\" required>\n                            <label for=\"thy-field-to-popup\" title=\"Nereye?\"><\/label>\n                            <hr class=\"thy-popup-line\">\n                            <div class=\"thy-popup-airports\">\n                                <span>Havaliman\u0131<\/span>\n                                <div class=\"thy-popup-airport-list\">\n                                    <!-- \n                                    <div class=\"thy-popup-airport-row\">\n                                        <svg xmlns=\"http:\/\/www.w3.org\/2000\/svg\" width=\"24\" height=\"12.383\"\n                                            viewBox=\"0 0 24 12.383\">\n                                            <g id=\"black\" transform=\"translate(0 -6.33)\">\n                                                <path id=\"Path_83\" data-name=\"Path 83\"\n                                                    d=\"M21.4,10.01H6.09L1,6.33H0l1.9,4.19a4.18,4.18,0,0,0,3.7,2.453H21.4c1.19,0,2.6-.62,2.6-1.38,0-.78-1.41-1.582-2.6-1.582Zm-13.03,8.7h1l6-4.55H11.89a2.19,2.19,0,0,0-2,1.25l-1.52,3.3Z\"\n                                                    fill=\"#232b38\" \/>\n                                            <\/g>\n                                        <\/svg>\n                                        <div class=\"thy-popup-airport-names\">\n                                            <span class=\"thy-popup-airport-location\">New York, Amerika Birle\u015fik\n                                                Devletleri<\/span>\n                                            <span class=\"thy-popup-airport-name\">John F. Kennedy Uluslararas\u0131\n                                                Havaliman\u0131, JFK<\/span>\n                                        <\/div>\n                                    <\/div>\n                                    <hr>\n                                    <div class=\"thy-popup-airport-row\">\n                                        <svg xmlns=\"http:\/\/www.w3.org\/2000\/svg\" width=\"24\" height=\"12.383\"\n                                            viewBox=\"0 0 24 12.383\">\n                                            <g id=\"black\" transform=\"translate(0 -6.33)\">\n                                                <path id=\"Path_83\" data-name=\"Path 83\"\n                                                    d=\"M21.4,10.01H6.09L1,6.33H0l1.9,4.19a4.18,4.18,0,0,0,3.7,2.453H21.4c1.19,0,2.6-.62,2.6-1.38,0-.78-1.41-1.582-2.6-1.582Zm-13.03,8.7h1l6-4.55H11.89a2.19,2.19,0,0,0-2,1.25l-1.52,3.3Z\"\n                                                    fill=\"#232b38\" \/>\n                                            <\/g>\n                                        <\/svg>\n                                        <div class=\"thy-popup-airport-names\">\n                                            <span class=\"thy-popup-airport-location\">Sapporo, Japonya<\/span>\n                                            <span class=\"thy-popup-airport-name\">New Chitose Havaliman\u0131, CTS<\/span>\n                                        <\/div>\n                                    <\/div>\n                                    <hr>\n                                    <div class=\"thy-popup-airport-row\">\n                                        <svg xmlns=\"http:\/\/www.w3.org\/2000\/svg\" width=\"24\" height=\"12.383\"\n                                            viewBox=\"0 0 24 12.383\">\n                                            <g id=\"black\" transform=\"translate(0 -6.33)\">\n                                                <path id=\"Path_83\" data-name=\"Path 83\"\n                                                    d=\"M21.4,10.01H6.09L1,6.33H0l1.9,4.19a4.18,4.18,0,0,0,3.7,2.453H21.4c1.19,0,2.6-.62,2.6-1.38,0-.78-1.41-1.582-2.6-1.582Zm-13.03,8.7h1l6-4.55H11.89a2.19,2.19,0,0,0-2,1.25l-1.52,3.3Z\"\n                                                    fill=\"#232b38\" \/>\n                                            <\/g>\n                                        <\/svg>\n                                        <div class=\"thy-popup-airport-names\">\n                                            <span class=\"thy-popup-airport-location\">Buenos Aires, Arjantin<\/span>\n                                            <span class=\"thy-popup-airport-name\">Jorge Newbery Havaliman\u0131, AEP<\/span>\n                                        <\/div>\n                                    <\/div>\n                                    <hr>\n                                    <a class=\"thy-all-airports\" href=\"\">T\u00fcm U\u00e7u\u015f Noktalar\u0131n\u0131 G\u00f6r<\/a>\n                                    -->\n                                <\/div>\n                            <\/div>\n                        <\/div>\n                    <\/div>\n                <\/div>\n            <\/div>\n\n            <div class=\"thy-widget-trip\">\n                <div class=\"thy-input-date \">\n                    <input type=\"text\" name=\"thy-field-trip-date\" id=\"thy-field-trip-date-838309\" autocomplete=\"off\" value=\"\" required inputmode=\"none\">\n                    <div class=\"thy-date-field-cover\" style=\"\">\n                        <div class=\"thy-date-field-first\">\n                            <div>Gidi\u015f<\/div>\n                            <div class=\"thy-date-calendar\"><\/div>\n                            <div class=\"thy-date-day\"><\/div>\n                        <\/div>\n                        <div class=\"thy-date-field-last\" style=\"\">\n                            <div>D\u00f6n\u00fc\u015f<\/div>\n                            <div class=\"thy-date-calendar\"><\/div>\n                            <div class=\"thy-date-day\"><\/div>\n                        <\/div>\n                    <\/div>\n                    <label for=\"thy-field-trip-date\" title=\"Tarih\"><\/label>\n                    <span class=\"thy-trip-date-focus\"><\/span>\n                    <div style=\"position: absolute;left: 15px;top: 22px;\">\n                        <svg xmlns=\"http:\/\/www.w3.org\/2000\/svg\" width=\"20\" height=\"20\" viewBox=\"0 0 20 20\">\n                            <path id=\"booking-calendar-icon-gray\"\n                                d=\"M18,3a2,2,0,0,1,2,2V18a2,2,0,0,1-2,2H2a2,2,0,0,1-2-2V5A2,2,0,0,1,2,3H4V5H5V0H7V3h7V5h1V0h2V3Zm0,15L18,7H2V18ZM4,9H7v3H4ZM9,9h7v2H9Z\"\n                                fill=\"#647280\" \/>\n                        <\/svg>\n                    <\/div>\n                    <div class=\"thy-trip-date-select\">\n                        <div class=\"thy-trip-date-select-top\">\n                            <p class=\"thy-date-select-title thy-date-select-title-enter\">Giri\u015f Tarihi Se\u00e7iniz<\/p>\n                            <p class=\"thy-date-select-title thy-date-select-title-out\">D\u00f6n\u00fc\u015f Tarihi Se\u00e7iniz<\/p>\n                            <!--\n                            <div class=\"thy-date-select-checkboxes thy-hide-m\">\n                                <div>\n                                    <input type=\"checkbox\" name=\"thy-trip-flexible\" id=\"thy-trip-flexible\">\n                                    <label for=\"thy-trip-flexible\">Gidi\u015f-D\u00f6n\u00fc\u015f \u0130\u00e7in Esnek Tarihler<\/label>\n                                <\/div>\n                                <div>\n                                    <input type=\"checkbox\" name=\"thy-trip-direct\" id=\"thy-trip-direct\">\n                                    <label for=\"thy-trip-direct\">Sadece direkt u\u00e7u\u015flar\u0131 g\u00f6ster<\/label>\n                                <\/div>\n                            <\/div>\n                            -->\n                        <\/div>\n                        <hr>\n                        <div  class=\"thy-trip-date-modal\"><\/div>\n                    <\/div>\n                <\/div>\n            <\/div>\n            <div>\n                <div class=\"thy-field thy-field-passengers\"> \n                    <input type=\"text\" name=\"thy-field-passengers\" class=\"thy-field-passengers-input\" autocomplete=\"off\" value=\"1 Yolcu\" required inputmode=\"none\">\n                    <label for=\"thy-field-passengers\" title=\"Yolcular\"><\/label>\n                    <span class=\"thy-passengers-focus\"><\/span>\n\n                    <div class=\"thy-passengers-window\">\n                        <div class=\"thy-passengers-title\">\n                            <span>Kabin T\u00fcr\u00fc<\/span>\n                        <\/div>\n                        <div class=\"thy-passengers-cabins\">\n                            <label class=\"thy-economy-class thy-radiobutton-cabin-type thy-selectable\">\n                            Ekonomi Kabini\n                                <input type=\"radio\" id=\"thy-economy-type\" name=\"thy-passenger-type-1051098\"\n                                    value=\"thy-economy-class\" checked>\n                                <span class=\"thy-checkmark-cabin-type\"><\/span>\n                            <\/label>\n                            <label class=\"thy-business-class thy-radiobutton-cabin-type thy-selectable\">\n                            Business Kabini\n                                <input type=\"radio\" id=\"thy-business-type\" name=\"thy-passenger-type-1051098\"\n                                    value=\"thy-business-class\">\n                                <span class=\"thy-checkmark-cabin-type\"><\/span>\n                            <\/label>\n                        <\/div>\n                        <div class=\"thy-passenger-numbers\">\n                            <div class=\"thy-passenger-number-title\">Yolcu Say\u0131s\u0131<\/div>\n                            <div class=\"thy-passenger-list thy-adult-passenger\">\n                                <div class=\"thy-passenger-info\">\n                                    <div class=\"thy-passenger-text\">\n                                        <div>Yeti\u015fkin Yolcu<\/div>\n                                        <div class=\"thy-passenger-text-hint\">12 + Ya\u015f<\/div>\n                                    <\/div>\n                                <\/div>\n                                <div class=\"thy-passenger-buttons \">\n                                    <button class=\"thy-passengers-minus-btn\"><\/button>\n                                    <div class=\"thy-passenger-number\">1<\/div>\n                                    <button class=\"thy-passengers-plus-btn\"><\/button>\n                                <\/div>\n                            <\/div>\n                            <hr class=\"thy-passenger-hr\">\n                            <div class=\"thy-passenger-list thy-child-passenger\">\n                            <div class=\"thy-passenger-info\">\n                                <div class=\"thy-passenger-text\">\n                                    <div>\u00c7ocuk Yolcu<\/div>\n                                    <div class=\"thy-passenger-text-hint\">2 - 12 Ya\u015f<\/div>\n                                <\/div>\n                            <\/div>\n                            <div class=\"thy-passenger-buttons \">\n                                <button class=\"thy-passengers-minus-btn\"><\/button>\n                                <div class=\"thy-passenger-number\">0<\/div>\n                                <button class=\"thy-passengers-plus-btn\"><\/button>\n                            <\/div>\n                        <\/div>\n\n                            <hr class=\"thy-passenger-hr\">\n                            <div class=\"thy-passenger-list thy-baby-passenger\">\n                                <div class=\"thy-passenger-info\">\n                                    <div class=\"thy-passenger-text\">\n                                        <div>Bebek Yolcu<\/div>\n                                        <div class=\"thy-passenger-text-hint\">0 - 2 Ya\u015f<\/div>\n                                    <\/div>\n                                <\/div>\n                                <div class=\"thy-passenger-buttons \">\n                                    <button class=\"thy-passengers-minus-btn\"><\/button>\n                                    <div class=\"thy-passenger-number\">0<\/div>\n                                    <button class=\"thy-passengers-plus-btn\"><\/button>\n                                <\/div>\n                            <\/div>\n                            <!--\n                            <hr class=\"thy-passenger-hr\">\n                            <div class=\"thy-passenger-list thy-disabled-passenger\">\n                                <div class=\"thy-passenger-info\">\n                                    <div class=\"thy-passenger-text\">\n                                        <div>Engelli<\/div>\n                                    <\/div>\n                                <\/div>\n                                <div class=\"thy-passenger-buttons \">\n                                    <button class=\"thy-passengers-minus-btn\"><\/button>\n                                    <div class=\"thy-passenger-number\">0<\/div>\n                                    <button class=\"thy-passengers-plus-btn\"><\/button>\n                                <\/div>\n                            <\/div>\n                            <hr class=\"thy-passenger-hr\">\n                            <div class=\"thy-passenger-list thy-student-passenger\">\n                                <div class=\"thy-passenger-info\">\n                                    <div class=\"thy-passenger-text\">\n                                        <div>\u00d6\u011frenci<\/div>\n                                    <\/div>\n                                <\/div>\n                                <div class=\"thy-passenger-buttons thy-student-passenger\">\n                                    <button class=\"thy-passengers-minus-btn\"><\/button>\n                                    <div class=\"thy-passenger-number\">0<\/div>\n                                    <button class=\"thy-passengers-plus-btn\"><\/button>\n                                <\/div>\n                            <\/div>\n                            <hr class=\"thy-passenger-hr\">\n                            <div class=\"thy-other-passenger-type\">\n                                <div class=\"thy-other-passenger-type-text\">Di\u011fer Yolcu Tipleri<\/div>\n                                <div>\n                                    <svg xmlns=\"http:\/\/www.w3.org\/2000\/svg\" width=\"11.166\" height=\"6.585\"\n                                        viewBox=\"0 0 11.166 6.585\">\n                                        <path id=\"chevron-lower-grey\"\n                                            d=\"M17.582,9.583a1,1,0,0,0-1.41,0l-3.88,3.88-3.88-3.88A1,1,0,0,0,7,10.993l4.59,4.59a1,1,0,0,0,1.41,0l4.59-4.59A1,1,0,0,0,17.582,9.583Z\"\n                                            transform=\"translate(-6.71 -9.291)\" fill=\"#ef2636\" \/>\n                                    <\/svg>\n                                <\/div>\n                            <\/div>\n                            -->\n                            <div class=\"passenger-buttons\">                                \n                                <button class=\"btn btn-sm btn-primary\" type=\"button\">Tamam<\/button> \n                            <\/div>\n                            <\/div>\n\n                    <\/div>\n                <\/div>\n            <\/div>\n\n            <div>\n                <input type=\"hidden\" name=\"departure_date\" id=\"departure_date\" value=\"\">\n                <input type=\"hidden\" name=\"return_date\" id=\"return_date\" value=\"\">\n                <button class=\"thy-form-btn search_fly\" type=\"submit\" id=\"search_fly\">\n                U\u00e7u\u015f Ara\n                    <svg xmlns=\"http:\/\/www.w3.org\/2000\/svg\" xmlns:xlink=\"http:\/\/www.w3.org\/1999\/xlink\" width=\"19\"\n                        height=\"19\" viewBox=\"0 0 19 19\">\n                        <defs>\n                            <clipPath id=\"thy-right-arrow\">\n                                <path id=\"Path_46\" data-name=\"Path 46\"\n                                    d=\"M0-10.7v2.4H14.408L7.8-1.7,9.5,0,19-9.5,9.5-19,7.8-17.3l6.6,6.6Z\"\n                                    fill=\"rgba(255,255,255,0.99)\" \/>\n                            <\/clipPath>\n                        <\/defs>\n                        <g id=\"Group_43\" data-name=\"Group 43\" transform=\"translate(0 19)\"\n                            clip-path=\"url(#thy-right-arrow)\">\n                            <path id=\"Path_45\" data-name=\"Path 45\" d=\"M-5,5H24V-24H-5Z\" fill=\"rgba(255,255,255,0.99)\" \/>\n                        <\/g>\n                    <\/svg>\n\n\n                <\/button>\n            <\/div>\n        <\/div>\n\n    <\/div>\n    \n\n\n\n<hr class=\"wp-block-separator has-text-color has-alpha-channel-opacity has-background is-style-wide\" style=\"background-color:#ebebeb;color:#ebebeb\"\/>\n\n\n\n<h2 class=\"wp-block-heading\"><strong>\u0130sko\u00e7ya&#8217;n\u0131n sinematik demiryolu miras\u0131<\/strong><\/h2>\n\n\n\n<figure class=\"wp-block-image size-large td-caption-align-https:\/\/blog.turkishairlines.com\/wp-content\/uploads\/2020\/02\/iStock-924032386.jpg\"><img loading=\"lazy\" decoding=\"async\" width=\"1024\" height=\"683\" src=\"https:\/\/blog.turkishairlines.com\/wp-content\/uploads\/2026\/04\/glenfinnan-viaduku-buharli-tren-1024x683.jpg\" alt=\"Tarihi Glenfinnan Viyad\u00fc\u011f\u00fc \u00fczerinden ge\u00e7en, arkas\u0131nda yo\u011fun duman izi b\u0131rakan nostaljik buharl\u0131 tren\" class=\"wp-image-62469\" srcset=\"https:\/\/blog.turkishairlines.com\/wp-content\/uploads\/2026\/04\/glenfinnan-viaduku-buharli-tren-1024x683.jpg 1024w, https:\/\/blog.turkishairlines.com\/wp-content\/uploads\/2026\/04\/glenfinnan-viaduku-buharli-tren-300x200.jpg 300w, https:\/\/blog.turkishairlines.com\/wp-content\/uploads\/2026\/04\/glenfinnan-viaduku-buharli-tren-150x100.jpg 150w, https:\/\/blog.turkishairlines.com\/wp-content\/uploads\/2026\/04\/glenfinnan-viaduku-buharli-tren-768x512.jpg 768w, https:\/\/blog.turkishairlines.com\/wp-content\/uploads\/2026\/04\/glenfinnan-viaduku-buharli-tren-630x420.jpg 630w, https:\/\/blog.turkishairlines.com\/wp-content\/uploads\/2026\/04\/glenfinnan-viaduku-buharli-tren-696x464.jpg 696w, https:\/\/blog.turkishairlines.com\/wp-content\/uploads\/2026\/04\/glenfinnan-viaduku-buharli-tren-1068x712.jpg 1068w, https:\/\/blog.turkishairlines.com\/wp-content\/uploads\/2026\/04\/glenfinnan-viaduku-buharli-tren.jpg 1084w\" sizes=\"auto, (max-width: 1024px) 100vw, 1024px\" \/><figcaption class=\"wp-element-caption\">Tarihi Glenfinnan Viyad\u00fc\u011f\u00fc \u00fczerinden ge\u00e7en, arkas\u0131nda yo\u011fun duman izi b\u0131rakan nostaljik buharl\u0131 tren<\/figcaption><\/figure>\n\n\n\n<p>Fort William ile Mallaig aras\u0131nda i\u015fleyen Jacobite Buharl\u0131 Treni, 1901&#8217;de a\u00e7\u0131lan West Highland Line&#8217;\u0131n bir b\u00f6l\u00fcm\u00fcn\u00fc kullan\u0131yor. Hat, Harry Potter film serisinde Hogwarts Ekspresi&#8217;nin \u00e7ekildi\u011fi g\u00fczerg\u00e2h oldu\u011fu i\u00e7in tan\u0131n\u0131rl\u0131\u011f\u0131n\u0131 art\u0131rd\u0131. Tren, Birle\u015fik Krall\u0131k&#8217;\u0131n en y\u00fcksek da\u011f\u0131 Ben Nevis&#8217;in eteklerinden ba\u015flay\u0131p 135 kilometrelik yolu yakla\u015f\u0131k iki saatte tamaml\u0131yor.<\/p>\n\n\n\n<p>G\u00fczerg\u00e2htaki en bilinen yap\u0131, 1897-1901 y\u0131llar\u0131 aras\u0131nda beton d\u00f6k\u00fcm tekni\u011fiyle in\u015fa edilen Glenfinnan Viyad\u00fc\u011f\u00fc. 21 kemerli ve 30 metre y\u00fcksekli\u011findeki viyad\u00fck, d\u00f6nemin en b\u00fcy\u00fck beton yap\u0131lar\u0131ndan biri olarak kabul ediliyor. Yolculuk s\u0131ras\u0131nda Shiel ve Eilt g\u00f6llerinin k\u0131y\u0131s\u0131ndan ge\u00e7iliyor; Mallaig&#8217;e var\u0131ld\u0131\u011f\u0131nda Skye Adas\u0131&#8217;na feribotla ba\u011flant\u0131 kurmak m\u00fcmk\u00fcn. Trenin K1 ve Black 5 s\u0131n\u0131f\u0131 buharl\u0131 lokomotifleri, 1930-1950 d\u00f6neminden kalma ara\u00e7lar\u0131n restore edilmesiyle \u00e7al\u0131\u015ft\u0131r\u0131l\u0131yor.<\/p>\n\n\n\n<p>Jacobite Buharl\u0131 Treni&#8217;nin ba\u015flang\u0131\u00e7 noktas\u0131 Fort William&#8217;a ula\u015fmak i\u00e7in <a href=\"https:\/\/www.turkishairlines.com\/tr-tr\/ucak-bileti\/edinburgh-ucak-bileti\/\" target=\"_blank\" rel=\"noreferrer noopener\">Edinburgh u\u00e7ak bileti<\/a> sat\u0131n alabilirsiniz.<\/p>\n\n\n\n<hr class=\"wp-block-separator has-text-color has-alpha-channel-opacity has-background is-style-wide\" style=\"background-color:#ebebeb;color:#ebebeb\"\/>\n\n\n\n<h2 class=\"wp-block-heading\"><strong>Peru\u2019nun panoramik tren rotalar\u0131<\/strong><\/h2>\n\n\n\n<figure class=\"wp-block-image size-large td-caption-align-https:\/\/blog.turkishairlines.com\/wp-content\/uploads\/2020\/02\/iStock-924032386.jpg\"><img loading=\"lazy\" decoding=\"async\" width=\"1024\" height=\"683\" src=\"https:\/\/blog.turkishairlines.com\/wp-content\/uploads\/2026\/04\/and-daglari-trenden-manzara-1024x683.jpg\" alt=\"Andean Explorer treninin penceresinden g\u00f6r\u00fcnen And Da\u011flar\u0131'n\u0131n y\u00fcksek zirveleri\" class=\"wp-image-62471\" srcset=\"https:\/\/blog.turkishairlines.com\/wp-content\/uploads\/2026\/04\/and-daglari-trenden-manzara-1024x683.jpg 1024w, https:\/\/blog.turkishairlines.com\/wp-content\/uploads\/2026\/04\/and-daglari-trenden-manzara-300x200.jpg 300w, https:\/\/blog.turkishairlines.com\/wp-content\/uploads\/2026\/04\/and-daglari-trenden-manzara-150x100.jpg 150w, https:\/\/blog.turkishairlines.com\/wp-content\/uploads\/2026\/04\/and-daglari-trenden-manzara-768x512.jpg 768w, https:\/\/blog.turkishairlines.com\/wp-content\/uploads\/2026\/04\/and-daglari-trenden-manzara-630x420.jpg 630w, https:\/\/blog.turkishairlines.com\/wp-content\/uploads\/2026\/04\/and-daglari-trenden-manzara-696x464.jpg 696w, https:\/\/blog.turkishairlines.com\/wp-content\/uploads\/2026\/04\/and-daglari-trenden-manzara-1068x712.jpg 1068w, https:\/\/blog.turkishairlines.com\/wp-content\/uploads\/2026\/04\/and-daglari-trenden-manzara.jpg 1084w\" sizes=\"auto, (max-width: 1024px) 100vw, 1024px\" \/><figcaption class=\"wp-element-caption\">Andean Explorer treninin penceresinden g\u00f6r\u00fcnen And Da\u011flar\u0131&#8217;n\u0131n y\u00fcksek zirveleri<\/figcaption><\/figure>\n\n\n\n<p>G\u00fcney Amerika&#8217;n\u0131n en y\u00fcksek irtifadaki demiryolu rotalar\u0131ndan biri olan Belmond Andean Explorer, Peru&#8217;daki Cusco, Puno ve Arequipa \u015fehirlerini birbirine ba\u011fl\u0131yor. 2017&#8217;de hizmete giren tren, k\u0131tan\u0131n ilk l\u00fcks yatakl\u0131 yolcu treni olarak kay\u0131tlara ge\u00e7ti. G\u00fczerg\u00e2h\u0131n en y\u00fcksek noktas\u0131 La Raya ge\u00e7idi, 4.500 metrelik rak\u0131m\u0131yla tren yolculu\u011funun fiziksel olarak hissedilebildi\u011fi bir b\u00f6l\u00fcm; bu nedenle kabinlerde talep \u00fczerine oksijen sistemi devreye al\u0131n\u0131yor.<\/p>\n\n\n\n<p>Tren 35 kabini ve 68 yolcu kapasitesiyle i\u015fletiliyor; vagonlar\u0131n i\u00e7 tasar\u0131m\u0131nda alpaka y\u00fcn\u00fc, geleneksel Peru dokuma kuma\u015flar\u0131 ve ah\u015fap kullan\u0131l\u0131yor. Men\u00fcde kinoa, trucha ve alpaka eti gibi yerel \u00fcr\u00fcnler \u00f6ne \u00e7\u0131k\u0131yor. Rotan\u0131n tamam\u0131 (Cusco-Puno-Arequipa) 2 gece 3 g\u00fcn s\u00fcr\u00fcyor; k\u0131sa versiyonu olan Cusco-Puno tek gece olarak yap\u0131labiliyor. G\u00fczerg\u00e2h boyunca Titicaca G\u00f6l\u00fc&#8217;n\u00fcn Uros y\u00fczen adalar\u0131na tekne turu ve Sumbay Ma\u011faralar\u0131&#8217;ndaki 8.000 y\u0131ll\u0131k kaya resimleri programa dahil edilebiliyor.<\/p>\n\n\n\n<p>Machu Picchu&#8217;ya gitmek isteyenler i\u00e7in Belmond Hiram Bingham ayr\u0131 bir se\u00e7enek. Cusco&#8217;daki Poroy istasyonundan Machu Picchu ete\u011findeki Aguas Calientes&#8217;e 3,5 saatte ula\u015fan bu tren, 1920&#8217;lerin Pullman stili vagonlar\u0131na benzer bir i\u00e7 tasar\u0131mla dekore edilmi\u015f. Yolculuk s\u0131ras\u0131nda brunch ya da ak\u015fam yeme\u011fi ile canl\u0131 Peru m\u00fczi\u011fi sunuluyor.<\/p>\n\n\n\n<hr class=\"wp-block-separator has-text-color has-alpha-channel-opacity has-background is-style-wide\" style=\"background-color:#ebebeb;color:#ebebeb\"\/>\n\n\n\n<h2 class=\"wp-block-heading\"><strong>Avustralya Outback&#8217;inde transkontinental yolculuk<\/strong><\/h2>\n\n\n\n<figure class=\"wp-block-image size-large td-caption-align-https:\/\/blog.turkishairlines.com\/wp-content\/uploads\/2020\/02\/iStock-924032386.jpg\"><img loading=\"lazy\" decoding=\"async\" width=\"1024\" height=\"683\" src=\"https:\/\/blog.turkishairlines.com\/wp-content\/uploads\/2026\/04\/ghan-tren-yolu-avustralya-1024x683.jpg\" alt=\"G\u00fcney Avustralya'daki Lake Hart yak\u0131nlar\u0131nda, u\u00e7suz bucaks\u0131z \u00e7\u00f6l arazisi ve tuz g\u00f6l\u00fc manzaras\u0131 boyunca uzanan New Ghan tren hatt\u0131\" class=\"wp-image-62473\" srcset=\"https:\/\/blog.turkishairlines.com\/wp-content\/uploads\/2026\/04\/ghan-tren-yolu-avustralya-1024x683.jpg 1024w, https:\/\/blog.turkishairlines.com\/wp-content\/uploads\/2026\/04\/ghan-tren-yolu-avustralya-300x200.jpg 300w, https:\/\/blog.turkishairlines.com\/wp-content\/uploads\/2026\/04\/ghan-tren-yolu-avustralya-150x100.jpg 150w, https:\/\/blog.turkishairlines.com\/wp-content\/uploads\/2026\/04\/ghan-tren-yolu-avustralya-768x512.jpg 768w, https:\/\/blog.turkishairlines.com\/wp-content\/uploads\/2026\/04\/ghan-tren-yolu-avustralya-630x420.jpg 630w, https:\/\/blog.turkishairlines.com\/wp-content\/uploads\/2026\/04\/ghan-tren-yolu-avustralya-696x464.jpg 696w, https:\/\/blog.turkishairlines.com\/wp-content\/uploads\/2026\/04\/ghan-tren-yolu-avustralya-1068x712.jpg 1068w, https:\/\/blog.turkishairlines.com\/wp-content\/uploads\/2026\/04\/ghan-tren-yolu-avustralya.jpg 1084w\" sizes=\"auto, (max-width: 1024px) 100vw, 1024px\" \/><figcaption class=\"wp-element-caption\">G\u00fcney Avustralya&#8217;daki Lake Hart yak\u0131nlar\u0131nda, u\u00e7suz bucaks\u0131z \u00e7\u00f6l arazisi ve tuz g\u00f6l\u00fc manzaras\u0131 boyunca uzanan New Ghan tren hatt\u0131<\/figcaption><\/figure>\n\n\n\n<p>Avustralya, k\u0131tas\u0131n\u0131n \u00f6l\u00e7e\u011fini demiryolu \u00fczerinden deneyimlemek isteyenler i\u00e7in iki ikonik rota sunuyor. The Ghan, g\u00fcneydeki Adelaide ile kuzeydeki Darwin aras\u0131ndaki 2.979 kilometrelik hatt\u0131 yakla\u015f\u0131k 54 saatte kat ediyor. Trenin ad\u0131, 19. y\u00fczy\u0131lda k\u0131tan\u0131n i\u00e7 kesimlerine deve kervan\u0131yla ula\u015f\u0131m sa\u011flayan Afgan s\u00fcr\u00fcc\u00fclerden geliyor; bu nedenle lokomotiflerden biri &#8220;Afghan Express&#8221;in k\u0131saltmas\u0131 olarak adland\u0131r\u0131ld\u0131. G\u00fczerg\u00e2h boyunca Katherine Gorge teknesi, Alice Springs&#8217;te Telegraph Station ak\u015fam yeme\u011fi ve Coober Pedy opal madenleri gibi mola programlar\u0131 bilet fiyat\u0131na dahil.<\/p>\n\n\n\n<p>Indian Pacific ise do\u011fu-bat\u0131 ekseninde \u00e7al\u0131\u015f\u0131yor. Sydney ile Perth aras\u0131ndaki 4.352 kilometrelik hat, \u00fc\u00e7 gece d\u00f6rt g\u00fcn s\u00fcr\u00fcyor. Bu rotan\u0131n en bilinen b\u00f6l\u00fcm\u00fc, Nullarbor D\u00fczl\u00fc\u011f\u00fc boyunca uzanan 478 kilometrelik d\u00fcmd\u00fcz hat ve d\u00fcnyan\u0131n kesintisiz en uzun d\u00fcz demiryolu olarak kay\u0131tlarda yer al\u0131yor. Tren haftada bir kez Broken Hill, Adelaide, Cook ve Kalgoorlie&#8217;de mola veriyor. Her iki trende de Gold ve Platinum olmak \u00fczere iki s\u0131n\u0131f bulunuyor. Indian Pacific&#8217;te Aurora ve Australis adl\u0131 iki yeni s\u00fcit de devreye al\u0131nm\u0131\u015f.<\/p>\n\n\n\n<p>The Ghan&#8217;\u0131n g\u00fcney ba\u015flang\u0131\u00e7 noktas\u0131 Adelaide&#8217;e ya da Sydney&#8217;e gitmek i\u00e7in <a href=\"https:\/\/www.turkishairlines.com\/tr\/uygun-avustralya-ucak-bileti\" target=\"_blank\" rel=\"noreferrer noopener\">Avustralya u\u00e7ak biletlerini<\/a> inceleyebilirsiniz.<\/p>\n\n\n\n<hr class=\"wp-block-separator has-text-color has-alpha-channel-opacity has-background is-style-wide\" style=\"background-color:#ebebeb;color:#ebebeb\"\/>\n\n\n\n<h2 class=\"wp-block-heading\"><strong>Japonya&#8217;n\u0131n panoramik tren rotalar\u0131<\/strong><\/h2>\n\n\n\n<figure class=\"wp-block-image size-large td-caption-align-https:\/\/blog.turkishairlines.com\/wp-content\/uploads\/2020\/02\/iStock-924032386.jpg\"><img loading=\"lazy\" decoding=\"async\" width=\"1024\" height=\"768\" src=\"https:\/\/blog.turkishairlines.com\/wp-content\/uploads\/2026\/04\/hakone-tren-rotasi-sonbahar-1024x768.jpg\" alt=\"Japonya'n\u0131n Hakone b\u00f6lgesinde, sonbahar\u0131n renklerine b\u00fcr\u00fcnm\u00fc\u015f a\u011fa\u00e7larla kapl\u0131 vadinin \u00fczerinde y\u00fckselen k\u00f6pr\u00fcden ge\u00e7en k\u0131rm\u0131z\u0131 tren\" class=\"wp-image-62475\" srcset=\"https:\/\/blog.turkishairlines.com\/wp-content\/uploads\/2026\/04\/hakone-tren-rotasi-sonbahar-1024x768.jpg 1024w, https:\/\/blog.turkishairlines.com\/wp-content\/uploads\/2026\/04\/hakone-tren-rotasi-sonbahar-300x225.jpg 300w, https:\/\/blog.turkishairlines.com\/wp-content\/uploads\/2026\/04\/hakone-tren-rotasi-sonbahar-150x113.jpg 150w, https:\/\/blog.turkishairlines.com\/wp-content\/uploads\/2026\/04\/hakone-tren-rotasi-sonbahar-768x576.jpg 768w, https:\/\/blog.turkishairlines.com\/wp-content\/uploads\/2026\/04\/hakone-tren-rotasi-sonbahar-560x420.jpg 560w, https:\/\/blog.turkishairlines.com\/wp-content\/uploads\/2026\/04\/hakone-tren-rotasi-sonbahar-80x60.jpg 80w, https:\/\/blog.turkishairlines.com\/wp-content\/uploads\/2026\/04\/hakone-tren-rotasi-sonbahar-696x522.jpg 696w, https:\/\/blog.turkishairlines.com\/wp-content\/uploads\/2026\/04\/hakone-tren-rotasi-sonbahar-1068x801.jpg 1068w, https:\/\/blog.turkishairlines.com\/wp-content\/uploads\/2026\/04\/hakone-tren-rotasi-sonbahar.jpg 1084w\" sizes=\"auto, (max-width: 1024px) 100vw, 1024px\" \/><figcaption class=\"wp-element-caption\">Japonya&#8217;n\u0131n Hakone b\u00f6lgesinde, sonbahar\u0131n renklerine b\u00fcr\u00fcnm\u00fc\u015f a\u011fa\u00e7larla kapl\u0131 vadinin \u00fczerinde y\u00fckselen k\u00f6pr\u00fcden ge\u00e7en k\u0131rm\u0131z\u0131 tren<\/figcaption><\/figure>\n\n\n\n<p>Japonya, topografik olarak y\u00fczde 80&#8217;i da\u011fl\u0131k bir arazi \u00fczerinde y\u00fcksek h\u0131zl\u0131 ve nostaljik demiryolu se\u00e7eneklerini bir arada sunuyor. 1919&#8217;da tramvay olarak a\u00e7\u0131lan ve sonradan tam \u00f6l\u00e7ekli da\u011f demiryoluna d\u00f6n\u00fc\u015ft\u00fcr\u00fclen Hakone Tozan Demiryolu, \u00fclkedeki ilk da\u011f hatt\u0131. Hakone-Yumoto ile Gora aras\u0131ndaki 8,9 kilometrelik hat, 40 dakikada 400 metrelik bir y\u00fckseklik fark\u0131n\u0131 \u00fc\u00e7 &#8220;switchback&#8221; (zikzak) manevras\u0131 sayesinde a\u015f\u0131yor.<\/p>\n\n\n\n<p>Kurobe Gorge Demiryolu ise Japonya&#8217;n\u0131n kuzey kesimindeki Toyama eyaletinde, Kurobe Baraj\u0131&#8217;n\u0131n in\u015fas\u0131 i\u00e7in 1937&#8217;de a\u00e7\u0131lm\u0131\u015f bir rotan\u0131n g\u00fcn\u00fcm\u00fczdeki versiyonu. Nisan-kas\u0131m d\u00f6neminde \u00e7al\u0131\u015fan hat, a\u00e7\u0131k yan panelli vagonlar\u0131yla kanyon manzaras\u0131n\u0131 do\u011frudan hissetme imk\u00e2n\u0131 veriyor.<\/p>\n\n\n\n<p>Sagano Scenic Railway ise Kyoto yak\u0131nlar\u0131nda Hozu Nehri vadisini takip ediyor. 5 numaral\u0131 a\u00e7\u0131k vagonu, penceresi olmad\u0131\u011f\u0131 i\u00e7in foto\u011fraf\u00e7\u0131lar s\u0131kl\u0131kla tercih ediyor. Siz de a\u00e7\u0131k vagonda seyahat etmeyi planl\u0131yorsan\u0131z, yan\u0131n\u0131za ya\u011fmurluk almay\u0131 unutmay\u0131n; \u015femsiye ta\u015f\u0131man\u0131za izin verilmiyor. Klasik tren deneyimi i\u00e7in ise Shizuoka eyaletindeki Oigawa Demiryolu, restore edilmi\u015f buharl\u0131 lokomotifleriyle \u00e7ay bah\u00e7elerinin aras\u0131ndan ge\u00e7iyor.<\/p>\n\n\n\n<p>Hakone Tozan ve Kurobe Gorge gibi da\u011f rotalar\u0131na ula\u015fmak i\u00e7in <a href=\"https:\/\/www.turkishairlines.com\/tr\/uygun-japonya-ucak-bileti\" target=\"_blank\" rel=\"noreferrer noopener\">Japonya u\u00e7ak biletlerine<\/a> bakabilirsiniz.<\/p>\n\n\n\n<hr class=\"wp-block-separator has-text-color has-alpha-channel-opacity has-background is-style-wide\" style=\"background-color:#ebebeb;color:#ebebeb\"\/>\n\n\n\n<h2 class=\"wp-block-heading\"><strong>Hindistan&#8217;\u0131n panoramik tren rotalar\u0131<\/strong><\/h2>\n\n\n\n<figure class=\"wp-block-image size-large td-caption-align-https:\/\/blog.turkishairlines.com\/wp-content\/uploads\/2020\/02\/iStock-924032386.jpg\"><img loading=\"lazy\" decoding=\"async\" width=\"1024\" height=\"684\" src=\"https:\/\/blog.turkishairlines.com\/wp-content\/uploads\/2026\/04\/ghoom-tren-istasyonu-ve-buharli-lokomotif-1024x684.jpg\" alt=\"Hindistan'da bulunan tarihi Ghoom tren istasyonunda, platform \u00f6n\u00fcnde duran siyah renkli nostaljik buharl\u0131 lokomotif\" class=\"wp-image-62477\" srcset=\"https:\/\/blog.turkishairlines.com\/wp-content\/uploads\/2026\/04\/ghoom-tren-istasyonu-ve-buharli-lokomotif-1024x684.jpg 1024w, https:\/\/blog.turkishairlines.com\/wp-content\/uploads\/2026\/04\/ghoom-tren-istasyonu-ve-buharli-lokomotif-300x200.jpg 300w, https:\/\/blog.turkishairlines.com\/wp-content\/uploads\/2026\/04\/ghoom-tren-istasyonu-ve-buharli-lokomotif-150x100.jpg 150w, https:\/\/blog.turkishairlines.com\/wp-content\/uploads\/2026\/04\/ghoom-tren-istasyonu-ve-buharli-lokomotif-768x513.jpg 768w, https:\/\/blog.turkishairlines.com\/wp-content\/uploads\/2026\/04\/ghoom-tren-istasyonu-ve-buharli-lokomotif-629x420.jpg 629w, https:\/\/blog.turkishairlines.com\/wp-content\/uploads\/2026\/04\/ghoom-tren-istasyonu-ve-buharli-lokomotif-696x465.jpg 696w, https:\/\/blog.turkishairlines.com\/wp-content\/uploads\/2026\/04\/ghoom-tren-istasyonu-ve-buharli-lokomotif-1068x713.jpg 1068w, https:\/\/blog.turkishairlines.com\/wp-content\/uploads\/2026\/04\/ghoom-tren-istasyonu-ve-buharli-lokomotif.jpg 1084w\" sizes=\"auto, (max-width: 1024px) 100vw, 1024px\" \/><figcaption class=\"wp-element-caption\">Hindistan&#8217;da bulunan tarihi Ghoom tren istasyonunda, platform \u00f6n\u00fcnde duran siyah renkli nostaljik buharl\u0131 lokomotif<\/figcaption><\/figure>\n\n\n\n<p>1881&#8217;de tamamlanan Darjeeling Himalaya Demiryolu, \u0130ngiliz y\u00f6netimi d\u00f6neminde a\u015fa\u011f\u0131 ovadaki s\u0131cak iklimden 2.200 metredeki Darjeeling&#8217;e ula\u015f\u0131m sa\u011flamak i\u00e7in in\u015fa edildi. 88 kilometrelik dar hatl\u0131 bu rota, 610 milimetrelik ray a\u00e7\u0131kl\u0131\u011f\u0131yla \u00fclkedeki \u00e7o\u011fu hatt\u0131n yakla\u015f\u0131k \u00fc\u00e7te biri geni\u015fli\u011finde; bu nedenle oyuncak tren lakab\u0131yla an\u0131l\u0131yor. Hat, irtifa kazanmak i\u00e7in alt\u0131 zikzak ve \u00fc\u00e7 loop kullan\u0131yor; bunlar\u0131n en \u00fcnl\u00fcs\u00fc Darjeeling yak\u0131nlar\u0131ndaki Batasia Loop olarak biliniyor. UNESCO D\u00fcnya Miras\u0131 Listesi&#8217;ne 1999&#8217;da eklenen hat, h\u00e2l\u00e2 Sharp, Stewart ve North British taraf\u0131ndan 1889-1925 aras\u0131nda \u00fcretilmi\u015f B s\u0131n\u0131f\u0131 buharl\u0131 lokomotifleri kullan\u0131yor. Darjeeling-Ghum aras\u0131ndaki iki saatlik &#8220;joy ride&#8221; turu, \u00e7ay bah\u00e7eleri ve Kanchenjunga manzaras\u0131 i\u00e7in tercih ediliyor.<\/p>\n\n\n\n<p>L\u00fcks tren deneyimi arayanlar i\u00e7in Maharajas&#8217; Express, 2010&#8217;dan bu yana Rajasthan, Uttar Pradesh ve Gujarat eyaletlerini kapsayan rotalar sunuyor. Bir haftal\u0131k standart programda Taj Mahal, Amber Kalesi ve Ranthambore Ulusal Park\u0131 gibi noktalar yer al\u0131yor. S\u00fcitler yatak odas\u0131, banyo ve oturma alan\u0131 i\u00e7eriyor. Benzer bir anlay\u0131\u015fla i\u015fletilen Palace on Wheels ise 1982&#8217;den beri Rajasthan&#8217;\u0131n saraylar\u0131n\u0131 ziyaret eden rotalarda hizmet veriyor.<\/p>\n\n\n\n<p>Hindistan\u2019daki bu e\u015fsiz tren rotalar\u0131n\u0131 deneyimlemek i\u00e7in <a href=\"https:\/\/www.turkishairlines.com\/tr\/uygun-hindistan-ucak-bileti\" target=\"_blank\" rel=\"noreferrer noopener\">Hindistan u\u00e7ak biletlerine<\/a> g\u00f6z atabilirsiniz.<\/p>\n\n\n\n<hr class=\"wp-block-separator has-text-color has-alpha-channel-opacity has-background is-style-wide\" style=\"background-color:#ebebeb;color:#ebebeb\"\/>\n\n\n\n<h2 class=\"wp-block-heading\"><strong>Sri Lanka&#8217;n\u0131n \u00e7ay bah\u00e7eleri aras\u0131nda Kandy-Ella hatt\u0131<\/strong><\/h2>\n\n\n\n<figure class=\"wp-block-image size-large td-caption-align-https:\/\/blog.turkishairlines.com\/wp-content\/uploads\/2020\/02\/iStock-924032386.jpg\"><img loading=\"lazy\" decoding=\"async\" width=\"1024\" height=\"683\" src=\"https:\/\/blog.turkishairlines.com\/wp-content\/uploads\/2026\/04\/sri-lanka-nine-arch-bridge-tren-gecisi-1024x683.jpg\" alt=\"Sri Lanka'n\u0131n simgesi olan Dokuz Kemerli K\u00f6pr\u00fc \u00fczerinde ilerleyen yolcu treni\" class=\"wp-image-62479\" srcset=\"https:\/\/blog.turkishairlines.com\/wp-content\/uploads\/2026\/04\/sri-lanka-nine-arch-bridge-tren-gecisi-1024x683.jpg 1024w, https:\/\/blog.turkishairlines.com\/wp-content\/uploads\/2026\/04\/sri-lanka-nine-arch-bridge-tren-gecisi-300x200.jpg 300w, https:\/\/blog.turkishairlines.com\/wp-content\/uploads\/2026\/04\/sri-lanka-nine-arch-bridge-tren-gecisi-150x100.jpg 150w, https:\/\/blog.turkishairlines.com\/wp-content\/uploads\/2026\/04\/sri-lanka-nine-arch-bridge-tren-gecisi-768x512.jpg 768w, https:\/\/blog.turkishairlines.com\/wp-content\/uploads\/2026\/04\/sri-lanka-nine-arch-bridge-tren-gecisi-630x420.jpg 630w, https:\/\/blog.turkishairlines.com\/wp-content\/uploads\/2026\/04\/sri-lanka-nine-arch-bridge-tren-gecisi-696x464.jpg 696w, https:\/\/blog.turkishairlines.com\/wp-content\/uploads\/2026\/04\/sri-lanka-nine-arch-bridge-tren-gecisi-1068x712.jpg 1068w, https:\/\/blog.turkishairlines.com\/wp-content\/uploads\/2026\/04\/sri-lanka-nine-arch-bridge-tren-gecisi.jpg 1084w\" sizes=\"auto, (max-width: 1024px) 100vw, 1024px\" \/><figcaption class=\"wp-element-caption\">Sri Lanka&#8217;n\u0131n simgesi olan Dokuz Kemerli K\u00f6pr\u00fc \u00fczerinde ilerleyen yolcu treni<\/figcaption><\/figure>\n\n\n\n<p>Sri Lanka&#8217;n\u0131n i\u00e7 kesimlerindeki y\u00fcksek yayla b\u00f6lgesini kat eden Colombo-Badulla ana hatt\u0131n\u0131n en \u00e7ok foto\u011fraflanan b\u00f6l\u00fcm\u00fc, Kandy ile Ella aras\u0131ndaki yakla\u015f\u0131k alt\u0131 ila yedi saatlik kesim. Demiryolu, \u00fclkenin s\u00f6m\u00fcrge y\u00f6netimi d\u00f6neminde 1864&#8217;te planlanan ve \u00e7ay plantasyonlar\u0131ndan gelen \u00fcr\u00fcn\u00fc k\u0131y\u0131ya ta\u015f\u0131mak i\u00e7in a\u00e7\u0131lan \u015febekenin par\u00e7as\u0131; Colombo-Badulla tam hatt\u0131 1924&#8217;te tamamland\u0131. G\u00fczerg\u00e2h, Kandy&#8217;nin UNESCO D\u00fcnya Miras\u0131 Listesi&#8217;nde yer alan merkezinden ba\u015flay\u0131p Nanu Oya ve Haputale \u00fczerinden Ella&#8217;ya uzan\u0131rken, yolculu\u011fun b\u00fcy\u00fck b\u00f6l\u00fcm\u00fc Ceylon \u00e7ay\u0131n\u0131n d\u00fcnya \u00e7ap\u0131nda tan\u0131nan bah\u00e7elerinin aras\u0131ndan ge\u00e7iyor.<\/p>\n\n\n\n<p>Hatt\u0131n simgesi Dokuz Kemerli K\u00f6pr\u00fc, Ella ile Demodara aras\u0131nda yer al\u0131yor ve 1921&#8217;de tamamland\u0131. 91 metre uzunlu\u011fundaki ve 24 metre y\u00fcksekli\u011findeki yap\u0131, Birinci D\u00fcnya Sava\u015f\u0131 s\u0131ras\u0131nda \u00e7elik tedarikinin askeri ama\u00e7lara y\u00f6nlendirilmesi \u00fczerine tamamen ta\u015f, tu\u011fla ve har\u00e7tan in\u015fa edildi; bu nedenle demiryolu m\u00fchendisli\u011fi tarihinde ender \u00f6rneklerden biri say\u0131l\u0131yor. K\u00f6pr\u00fc \u00fczerinden g\u00fcn i\u00e7inde birden fazla tren ge\u00e7iyor ve \u00f6zellikle sabah 06.00-09.00 aras\u0131 ile \u00f6\u011fleden sonra 15.00-17.00 aras\u0131, sisli \u00e7ay bah\u00e7eleri \u00fczerinde alt\u0131n renkli \u0131\u015f\u0131\u011f\u0131n en iyi g\u00f6zlendi\u011fi d\u00f6nem olarak biliniyor. Trenlerde birinci, ikinci ve \u00fc\u00e7\u00fcnc\u00fc s\u0131n\u0131f vagonlar yer al\u0131yor; foto\u011fraf\u00e7\u0131lar \u00e7o\u011funlukla a\u00e7\u0131k kap\u0131l\u0131 ve a\u00e7\u0131labilen pencereli ikinci s\u0131n\u0131f\u0131 tercih ediyor. Seyahat i\u00e7in en uygun d\u00f6nem aral\u0131k-nisan aras\u0131 kuru mevsim olarak de\u011ferlendiriliyor. Kandy-Ella hatt\u0131n\u0131n ba\u015flang\u0131\u00e7 noktas\u0131 Kandy&#8217;ye ya da Colombo&#8217;ya ula\u015fmak i\u00e7in <a href=\"https:\/\/www.turkishairlines.com\/tr\/uygun-sri-lanka-ucak-bileti\" target=\"_blank\" rel=\"noreferrer noopener\">Sri Lanka u\u00e7ak biletlerine<\/a> bakabilirsiniz.<\/p>\n\n\n\n<hr class=\"wp-block-separator has-text-color has-alpha-channel-opacity has-background is-style-wide\" style=\"background-color:#ebebeb;color:#ebebeb\"\/>\n\n\n\n<h2 class=\"wp-block-heading\"><strong>Amerika Birle\u015fik Devletleri&#8217;nde k\u0131ta i\u00e7i seyahat<\/strong><\/h2>\n\n\n\n<figure class=\"wp-block-image size-large td-caption-align-https:\/\/blog.turkishairlines.com\/wp-content\/uploads\/2020\/02\/iStock-924032386.jpg\"><img loading=\"lazy\" decoding=\"async\" width=\"1024\" height=\"683\" src=\"https:\/\/blog.turkishairlines.com\/wp-content\/uploads\/2026\/04\/tren-vagonu-ici-panoramik-gorunum-1024x683.jpg\" alt=\"Tren vagonunun i\u00e7erisinden bir g\u00f6r\u00fcn\u00fcm; mavi koltuklar ve panoramik cam tavan\" class=\"wp-image-62481\" srcset=\"https:\/\/blog.turkishairlines.com\/wp-content\/uploads\/2026\/04\/tren-vagonu-ici-panoramik-gorunum-1024x683.jpg 1024w, https:\/\/blog.turkishairlines.com\/wp-content\/uploads\/2026\/04\/tren-vagonu-ici-panoramik-gorunum-300x200.jpg 300w, https:\/\/blog.turkishairlines.com\/wp-content\/uploads\/2026\/04\/tren-vagonu-ici-panoramik-gorunum-150x100.jpg 150w, https:\/\/blog.turkishairlines.com\/wp-content\/uploads\/2026\/04\/tren-vagonu-ici-panoramik-gorunum-768x512.jpg 768w, https:\/\/blog.turkishairlines.com\/wp-content\/uploads\/2026\/04\/tren-vagonu-ici-panoramik-gorunum-630x420.jpg 630w, https:\/\/blog.turkishairlines.com\/wp-content\/uploads\/2026\/04\/tren-vagonu-ici-panoramik-gorunum-696x464.jpg 696w, https:\/\/blog.turkishairlines.com\/wp-content\/uploads\/2026\/04\/tren-vagonu-ici-panoramik-gorunum-1068x712.jpg 1068w, https:\/\/blog.turkishairlines.com\/wp-content\/uploads\/2026\/04\/tren-vagonu-ici-panoramik-gorunum.jpg 1084w\" sizes=\"auto, (max-width: 1024px) 100vw, 1024px\" \/><figcaption class=\"wp-element-caption\">Tren vagonunun i\u00e7erisinden bir g\u00f6r\u00fcn\u00fcm; mavi koltuklar ve panoramik cam tavan<\/figcaption><\/figure>\n\n\n\n<p>Amtrak taraf\u0131ndan i\u015fletilen California Zephyr, Chicago ile San Francisco aras\u0131ndaki 3.924 kilometrelik hatt\u0131 yakla\u015f\u0131k 51 saatte kat ediyor. G\u00fczerg\u00e2h, Nebraska d\u00fczl\u00fcklerinden Colorado Rocky Da\u011flar\u0131&#8217;na ve Sierra Nevada zirvelerine kadar uzan\u0131yor; ABD&#8217;nin en \u00e7e\u015fitli manzaral\u0131 rotalar\u0131ndan biri olarak kabul ediliyor. Colorado&#8217;daki Glenwood Canyon, Utah&#8217;taki Ruby Canyon ve Sierra Nevada&#8217;daki Donner Lake ge\u00e7idi bu rotan\u0131n en \u00e7ok foto\u011fraflanan noktalar\u0131 aras\u0131nda yer al\u0131yor. \u00c7ift katl\u0131 Superliner vagonlarda cam kubbeli &#8220;Sightseer Lounge&#8221; bulunuyor; yolcular burada manzaray\u0131 izleyebiliyor.<\/p>\n\n\n\n<p>Pasifik k\u0131y\u0131s\u0131n\u0131 tercih edenler i\u00e7in Coast Starlight, Los Angeles ile Seattle aras\u0131nda 2.216 kilometrelik bir rota sunuyor. Yakla\u015f\u0131k 35 saat s\u00fcren yolculuk, Kaliforniya k\u0131y\u0131s\u0131, Cascade Da\u011flar\u0131 ve Oregon ormanlar\u0131 boyunca ilerliyor. Daha k\u0131sa ve g\u00f6rsel olarak yo\u011fun bir rota arayanlar, Durango-Silverton Narrow Gauge Railroad&#8217;u de\u011ferlendirebilir; Colorado&#8217;nun San Juan Da\u011flar\u0131&#8217;ndaki bu buharl\u0131 tren, 1882&#8217;de g\u00fcm\u00fc\u015f madenleri i\u00e7in a\u00e7\u0131lm\u0131\u015f hatt\u0131 bug\u00fcn turistik ama\u00e7la i\u015fletiyor.<\/p>\n\n\n\n<p>California Zephyr i\u00e7in Chicago&#8217;ya ya da Coast Starlight i\u00e7in Los Angeles&#8217;a gitmek i\u00e7in <a href=\"https:\/\/www.turkishairlines.com\/tr-tr\/uygun-birlesik-devletler-ucak-bileti\" target=\"_blank\" rel=\"noreferrer noopener\">ABD u\u00e7ak biletlerini inceleyip<\/a> sat\u0131n alabilirsiniz.<\/p>\n\n\n\n<hr class=\"wp-block-separator has-text-color has-alpha-channel-opacity has-background is-style-wide\" style=\"background-color:#ebebeb;color:#ebebeb\"\/>\n\n\n\n<h2 class=\"wp-block-heading\"><strong>T\u00fcrkiye&#8217;nin panoramik tren rotalar\u0131<\/strong><\/h2>\n\n\n\n<figure class=\"wp-block-image size-large td-caption-align-https:\/\/blog.turkishairlines.com\/wp-content\/uploads\/2020\/02\/iStock-924032386.jpg\"><img loading=\"lazy\" decoding=\"async\" width=\"1024\" height=\"682\" src=\"https:\/\/blog.turkishairlines.com\/wp-content\/uploads\/2026\/04\/dogu-ekspresi-kis-manzarasi-1024x682.jpg\" alt=\"Erzincan civar\u0131nda, karla kapl\u0131 sarp da\u011f yama\u00e7lar\u0131 ve k\u0131vr\u0131lan nehir manzaras\u0131 e\u015fli\u011finde demiryolu hatt\u0131nda ilerleyen Do\u011fu Ekspresi\" class=\"wp-image-62483\" srcset=\"https:\/\/blog.turkishairlines.com\/wp-content\/uploads\/2026\/04\/dogu-ekspresi-kis-manzarasi-1024x682.jpg 1024w, https:\/\/blog.turkishairlines.com\/wp-content\/uploads\/2026\/04\/dogu-ekspresi-kis-manzarasi-300x200.jpg 300w, https:\/\/blog.turkishairlines.com\/wp-content\/uploads\/2026\/04\/dogu-ekspresi-kis-manzarasi-150x100.jpg 150w, https:\/\/blog.turkishairlines.com\/wp-content\/uploads\/2026\/04\/dogu-ekspresi-kis-manzarasi-768x512.jpg 768w, https:\/\/blog.turkishairlines.com\/wp-content\/uploads\/2026\/04\/dogu-ekspresi-kis-manzarasi-631x420.jpg 631w, https:\/\/blog.turkishairlines.com\/wp-content\/uploads\/2026\/04\/dogu-ekspresi-kis-manzarasi-696x464.jpg 696w, https:\/\/blog.turkishairlines.com\/wp-content\/uploads\/2026\/04\/dogu-ekspresi-kis-manzarasi-1068x711.jpg 1068w, https:\/\/blog.turkishairlines.com\/wp-content\/uploads\/2026\/04\/dogu-ekspresi-kis-manzarasi.jpg 1084w\" sizes=\"auto, (max-width: 1024px) 100vw, 1024px\" \/><figcaption class=\"wp-element-caption\">Erzincan civar\u0131nda, karla kapl\u0131 sarp da\u011f yama\u00e7lar\u0131 ve k\u0131vr\u0131lan nehir manzaras\u0131 e\u015fli\u011finde demiryolu hatt\u0131nda ilerleyen Do\u011fu Ekspresi<\/figcaption><\/figure>\n\n\n\n<p>T\u00fcrkiye, co\u011frafi \u00e7e\u015fitlili\u011fini ve k\u00fclt\u00fcrel miras\u0131n\u0131 turistik tren yolculuklar\u0131yla birle\u015ftiriyor. TCDD taraf\u0131ndan i\u015fletilen Turistik Do\u011fu Ekspresi, Ankara&#8217;dan Kars&#8217;a yakla\u015f\u0131k 1.310 kilometrelik bir rotay\u0131 kaps\u0131yor. Standart Do\u011fu Ekspresi&#8217;nden farkl\u0131 olarak yolculuk ortalama 30 saat s\u00fcr\u00fcyor ve Erzincan, Erzurum ile Kars&#8217;ta uzun molalar veriliyor. Bu molalar, yolcular\u0131n, 1985\u2019ten beri <a href=\"https:\/\/blog.turkishairlines.com\/tr\/unesco-miras-listesine-giren-eserler\/\" target=\"_blank\" rel=\"noreferrer noopener\">UNESCO D\u00fcnya Miras\u0131 Listesi&#8217;nde<\/a> yer alan Divri\u011fi Ulu Camii ve Dar\u00fc\u015f\u015fifas\u0131, Erzurum&#8217;daki \u00c7ifte Minareli Medrese ve Kars Kalesi gibi yap\u0131lar\u0131 ziyaret etmesine imk\u00e2n veriyor.<\/p>\n\n\n\n<p>Do\u011fu Anadolu&#8217;yu farkl\u0131 bir hattan ke\u015ffetmek isteyenler ise Van G\u00f6l\u00fc Ekspresi&#8217;ni tercih ediyor. Ankara&#8217;dan hareket eden tren; K\u0131r\u0131kkale, Kayseri, Sivas, Malatya ve Elaz\u0131\u011f \u00fczerinden Bitlis&#8217;in Tatvan il\u00e7esine ula\u015f\u0131yor ve yakla\u015f\u0131k 25 saat s\u00fcren yolculukta Mu\u015f Ovas\u0131 ile Murat Nehri vadisi boyunca ilerliyor. Tatvan Gar\u0131&#8217;n\u0131n Van G\u00f6l\u00fc k\u0131y\u0131s\u0131nda yer almas\u0131, yolcular\u0131n feribotla Van&#8217;a ge\u00e7erek rotay\u0131 Akdamar Adas\u0131 ve Van Kalesi gibi noktalarla tamamlamas\u0131na olanak tan\u0131yor.<\/p>\n\n\n\n<p>G\u00fcneydo\u011fu Anadolu&#8217;yu ke\u015ffetmek isteyenler i\u00e7in Turistik Diyarbak\u0131r Ekspresi, Ankara-Diyarbak\u0131r aras\u0131nda \u00e7al\u0131\u015f\u0131yor ve Elaz\u0131\u011f ile Diyarbak\u0131r&#8217;da konaklama imk\u00e2n\u0131 sunuyor. Hasankeyf ve Mardin turlar\u0131 genellikle bu g\u00fczerg\u00e2hla birlikte planlan\u0131yor. Daha k\u0131sa ama manzara a\u00e7\u0131s\u0131ndan dikkat \u00e7eken rotalar aras\u0131nda Eski\u015fehir-Denizli hatt\u0131nda sefer yapan Pamukkale Ekspresi de yer al\u0131yor. \u0130\u00e7 Anadolu bozk\u0131r\u0131ndan Ege&#8217;nin i\u00e7 kesimlerine uzanan bu hat, Pamukkale travertenleri ve Hierapolis Antik Kenti&#8217;ni ziyaret edecekler i\u00e7in pratik bir se\u00e7enek.<\/p>\n\n\n\n<p>T\u00fcrkiye&#8217;nin d\u00f6rt bir yan\u0131n\u0131 saran rotalar\u0131 ke\u015ffetmek ve d\u00fcnyadaki panoramik tren maceralar\u0131n\u0131n ba\u015flang\u0131\u00e7 noktalar\u0131na ula\u015fmak i\u00e7in T\u00fcrk Hava Yollar\u0131\u2019n\u0131n <a href=\"https:\/\/www.turkishairlines.com\/tr-tr\/ucak-bileti\/rezervasyon\/\" target=\"_blank\" rel=\"noreferrer noopener\">u\u00e7ak bileti se\u00e7eneklerini<\/a> inceleyebilirsiniz.<\/p>\n\n\n\n<hr class=\"wp-block-separator has-text-color has-alpha-channel-opacity has-background is-style-wide\" style=\"background-color:#ebebeb;color:#ebebeb\"\/>\n\n\n\n<h2 class=\"wp-block-heading\"><strong>S\u0131k\u00e7a sorulan sorular<\/strong><\/h2>\n\n\n\n<h3 class=\"wp-block-heading\"><strong>Panoramik tren yolculu\u011fu i\u00e7in en uygun mevsim hangisidir?<\/strong><\/h3>\n\n\n\n<p>Her rotan\u0131n kendine \u00f6zg\u00fc bir sezonu var. Glacier Express ve Bernina Express y\u0131l boyunca \u00e7al\u0131\u015f\u0131yor, k\u0131\u015f ve yaz farkl\u0131 manzaralar sunuyor; Rocky Mountaineer ise yaln\u0131zca may\u0131s-ekim aras\u0131nda hizmet veriyor. Kurobe Gorge nisan-kas\u0131m, Turistik Do\u011fu Ekspresi ise aral\u0131k-mart aras\u0131 a\u00e7\u0131k. Kandy-Ella hatt\u0131 i\u00e7in aral\u0131k-nisan aras\u0131 kuru mevsim tercih ediliyor.<\/p>\n\n\n\n<h3 class=\"wp-block-heading\"><strong>Fl\u00e5m treni ne kadar s\u00fcrer?<\/strong><\/h3>\n\n\n\n<p>Myrdal ile Fl\u00e5m aras\u0131ndaki 20 kilometrelik yolculuk yakla\u015f\u0131k 1 saat s\u00fcr\u00fcyor. Tren, 866 metrelik y\u00fckseklik fark\u0131n\u0131 dik bir rampada kat etti\u011fi i\u00e7in bu kadar yava\u015f ilerliyor. Yolcular Kjosfossen \u015eelalesi&#8217;nde k\u0131sa bir mola i\u00e7in trenden iniyor.<\/p>\n\n\n\n<h3 class=\"wp-block-heading\"><strong>Fl\u00e5m trenine nereden binilir?<\/strong><\/h3>\n\n\n\n<p>Fl\u00e5m trenine ba\u015flang\u0131\u00e7 noktas\u0131 olan Myrdal \u0130stasyonu&#8217;ndan binilebiliyor. Myrdal&#8217;a Oslo veya Bergen&#8217;den Bergensbanen ana hatt\u0131yla ula\u015fmak m\u00fcmk\u00fcn; Oslo&#8217;dan yakla\u015f\u0131k 4,5 saat, Bergen&#8217;den ise 2 saat s\u00fcr\u00fcyor. Fl\u00e5m taraf\u0131nda ise tren, kasaban\u0131n merkezindeki istasyondan kalk\u0131yor.<\/p>\n\n\n\n<h3 class=\"wp-block-heading\"><strong>Glacier Express ne kadar s\u00fcr\u00fcyor?<\/strong><\/h3>\n\n\n\n<p>Zermatt ile St. Moritz aras\u0131ndaki 291 kilometrelik yolculuk yakla\u015f\u0131k 8 saat s\u00fcr\u00fcyor; bu s\u00fcre sayesinde tren &#8220;d\u00fcnyan\u0131n en yava\u015f ekspresi&#8221; olarak an\u0131l\u0131yor. G\u00fczerg\u00e2h boyunca 91 t\u00fcnel ve 291 k\u00f6pr\u00fc ge\u00e7iliyor, en y\u00fcksek noktada Oberalp Ge\u00e7idi&#8217;nde 2.033 metreye ula\u015f\u0131l\u0131yor.<\/p>\n\n\n\n<h3 class=\"wp-block-heading\"><strong>Bernina Express&#8217;e nereden binilir?<\/strong><\/h3>\n\n\n\n<p>Bernina Express, \u0130svi\u00e7re&#8217;nin Chur kentinden veya St. Moritz&#8217;ten kalk\u0131yor ve \u0130talyan s\u0131n\u0131r\u0131ndaki Tirano&#8217;ya ula\u015f\u0131yor. Yolculuk yakla\u015f\u0131k 4 saat s\u00fcr\u00fcyor; bilet ve rezervasyonlar Rhaetian Railway (RhB) \u00fczerinden yap\u0131labiliyor.<\/p>\n\n\n\n<h3 class=\"wp-block-heading\"><strong>Turistik Do\u011fu Ekspresi ne zaman kalk\u0131yor?<\/strong><\/h3>\n\n\n\n<p>Turistik Do\u011fu Ekspresi seferleri her sezon aral\u0131k ile mart ba\u015f\u0131 aras\u0131nda d\u00fczenleniyor. Ankara-Kars y\u00f6n\u00fcnde haftada \u00fc\u00e7 g\u00fcn (pazartesi, \u00e7ar\u015famba, cuma), Kars-Ankara y\u00f6n\u00fcnde ise \u00e7ar\u015famba, cuma ve pazar g\u00fcnleri sefer yap\u0131l\u0131yor. G\u00fcncel bilet ve sefer bilgileri TCDD Ta\u015f\u0131mac\u0131l\u0131k&#8217;\u0131n e-bilet sistemi \u00fczerinden takip edilebiliyor.<\/p>\n\n\n\n<h3 class=\"wp-block-heading\"><strong>Trenle seyahat ederken biletimi ne kadar zaman \u00f6nceden almal\u0131y\u0131m?<\/strong><\/h3>\n\n\n\n<p>Pop\u00fcler rotalar i\u00e7in erken rezervasyon kritik \u00f6nem ta\u015f\u0131yor. Rocky Mountaineer i\u00e7in 6-12 ay \u00f6ncesi, Glacier Express Excellence Class i\u00e7in 4-6 ay \u00f6ncesi, Jacobite Buharl\u0131 Treni&#8217;nin yaz seferleri i\u00e7in 3-6 ay \u00f6ncesi genel olarak tavsiye ediliyor. Bergensbanen&#8217;de yer rezervasyonu gerekli olmamakla birlikte, d\u00fc\u015f\u00fck tarifeli &#8220;Lowfare&#8221; biletleri i\u00e7in 1-3 ay \u00f6ncesi uygun bir planlama s\u00fcresi sa\u011fl\u0131yor. The Ghan ve Indian Pacific&#8217;in Platinum s\u0131n\u0131f\u0131nda da 6-9 ayl\u0131k planlama \u00f6neriliyor. Belmond Andean Explorer ve Hiram Bingham i\u00e7in 4-6 ay \u00f6ncesi genellikle yeterli oluyor. Sri Lanka&#8217;n\u0131n Kandy-Ella hatt\u0131nda birinci ve ikinci s\u0131n\u0131f rezervasyonlu koltuklar 30 g\u00fcn \u00f6ncesinden sat\u0131\u015fa \u00e7\u0131k\u0131yor ve aral\u0131k-mart y\u00fcksek sezonunda genellikle birka\u00e7 g\u00fcn i\u00e7inde t\u00fckeniyor; \u00fc\u00e7\u00fcnc\u00fc s\u0131n\u0131f ise ayn\u0131 g\u00fcn gi\u015feden al\u0131nabiliyor. Turistik Do\u011fu Ekspresi biletleri ise TCDD&#8217;nin sat\u0131\u015f a\u00e7\u0131klamas\u0131ndan sonra genellikle birka\u00e7 saat i\u00e7inde t\u00fckenebiliyor; sat\u0131\u015f tarihinin takip edilmesi \u00f6neriliyor.<\/p>\n\n\n\n<h3 class=\"wp-block-heading\"><strong>Panoramik vagonla b\u00f6lgesel tren aras\u0131nda ne fark var?<\/strong><\/h3>\n\n\n\n<p>Panoramik vagonlar\u0131n tavana kadar uzanan geni\u015f camlar\u0131 ve iklimlendirme sistemi var; bu nedenle biletleri b\u00f6lgesel trenlere g\u00f6re belirgin bi\u00e7imde daha pahal\u0131. Bernina Express ve Glacier Express hatlar\u0131nda paralel \u00e7al\u0131\u015fan RhB b\u00f6lgesel trenleri ayn\u0131 manzaralar\u0131 sunuyor ve Swiss Travel Pass gibi \u0130svi\u00e7re toplu ta\u015f\u0131ma kartlar\u0131yla ge\u00e7erli olabiliyor. A\u00e7\u0131labilen pencereleri sayesinde foto\u011fraf\u00e7\u0131l\u0131k i\u00e7in cam yans\u0131mas\u0131 sorunu ya\u015fanm\u0131yor.<\/p>\n\n\n\n<h3 class=\"wp-block-heading\"><strong>Y\u00fcksek irtifal\u0131 rotalarda sa\u011fl\u0131k a\u00e7\u0131s\u0131ndan dikkat edilmesi gereken noktalar neler?<\/strong><\/h3>\n\n\n\n<p>Belmond Andean Explorer, La Raya ge\u00e7idinde 4.500 metreye kadar \u00e7\u0131k\u0131yor; bu nedenle trende oksijen sistemi ve t\u0131bbi ekipman bulunuyor. Ba\u015f a\u011fr\u0131s\u0131, nefes darl\u0131\u011f\u0131 ve mide bulant\u0131s\u0131 gibi y\u00fckseklik semptomlar\u0131, \u00f6zellikle Cusco&#8217;ya u\u00e7akla gelenlerde g\u00f6r\u00fclebiliyor; bu y\u00fczden trene binmeden \u00f6nce bir veya iki g\u00fcn Cusco&#8217;da dinlenerek v\u00fccudu al\u0131\u015ft\u0131rmak \u00f6neriliyor. Benzer \u015fekilde Japonya&#8217;daki baz\u0131 y\u00fcksek da\u011f hatlar\u0131, Kanada&#8217;daki Rocky rotalar\u0131 ve Hindistan&#8217;\u0131n Kalka-Shimla hatt\u0131 gibi rotalarda da hafif rahats\u0131zl\u0131klar hissedilebiliyor. Seyahat \u00f6ncesi kronik rahats\u0131zl\u0131\u011f\u0131 olanlar\u0131n doktorlar\u0131na dan\u0131\u015fmalar\u0131 tavsiye ediliyor.<\/p>\n\n\n\n<h3 class=\"wp-block-heading\"><strong>Trenle seyahat etmek \u00e7ocuklu aileler i\u00e7in uygun mu?<\/strong><\/h3>\n\n\n\n<p>Uzun yolculuklar k\u00fc\u00e7\u00fck \u00e7ocuklar i\u00e7in yorucu olabilir ancak Fl\u00e5m Demiryolu (1 saat), Bernina Express&#8217;in bir b\u00f6l\u00fcm\u00fc (Tirano-St. Moritz aras\u0131 yakla\u015f\u0131k 4 saat), Jacobite Buharl\u0131 Treni (tek y\u00f6n yakla\u015f\u0131k 2 saat), Hakone Tozan (40 dakika) ve Darjeeling &#8220;joy ride&#8221; turu (yakla\u015f\u0131k 2 saat) aile dostu s\u00fcrelere sahip. Rocky Mountaineer 6 ya\u015f alt\u0131 \u00e7ocuklara \u00f6zel indirimler sunuyor; The Blue Train 10 ya\u015f alt\u0131 \u00e7ocuklar\u0131 kabul etmiyor. Rezervasyon \u00f6ncesi ya\u015f politikalar\u0131n\u0131n kontrol edilmesi \u00f6neriliyor.<\/p>\n","protected":false},"excerpt":{"rendered":"<p>Avrupa&#8217;n\u0131n en dikkat \u00e7ekici panoramik tren rotalar\u0131 Avrupa&#8217;n\u0131n panoramik tren rotalar\u0131, k\u0131tan\u0131n co\u011frafi \u00e7e\u015fitlili\u011fini tek bir yolculu\u011fa s\u0131\u011fd\u0131rma becerisiyle \u00f6ne \u00e7\u0131k\u0131yor. \u0130svi\u00e7re Alpleri&#8217;nden zirvelere, Avusturya Tirol&#8217;\u00fcn\u00fcn dar ge\u00e7itlerinden Karada\u011f&#8217;\u0131n derin kanyonlar\u0131na uzanan bu hatlar, ula\u015f\u0131m arac\u0131 olman\u0131n \u00e7ok \u00f6tesine ge\u00e7erek ba\u015fl\u0131 ba\u015f\u0131na bir seyahat amac\u0131 h\u00e2line geliyor. Kimi rotalar y\u00fcz y\u0131l\u0131 a\u015fk\u0131n m\u00fchendislik miras\u0131yla UNESCO [&hellip;]<\/p>\n","protected":false},"author":53,"featured_media":62450,"comment_status":"closed","ping_status":"closed","sticky":false,"template":"","format":"standard","meta":{"footnotes":""},"categories":[574,590,495],"tags":[],"class_list":{"0":"post-62444","1":"post","2":"type-post","3":"status-publish","4":"format-standard","5":"has-post-thumbnail","7":"category-seyahat-ve-tatil-fikirleri","8":"category-populer-tatil-yerleri","9":"category-yerler"},"_links":{"self":[{"href":"https:\/\/blog.turkishairlines.com\/tr\/wp-json\/wp\/v2\/posts\/62444","targetHints":{"allow":["GET"]}}],"collection":[{"href":"https:\/\/blog.turkishairlines.com\/tr\/wp-json\/wp\/v2\/posts"}],"about":[{"href":"https:\/\/blog.turkishairlines.com\/tr\/wp-json\/wp\/v2\/types\/post"}],"author":[{"embeddable":true,"href":"https:\/\/blog.turkishairlines.com\/tr\/wp-json\/wp\/v2\/users\/53"}],"replies":[{"embeddable":true,"href":"https:\/\/blog.turkishairlines.com\/tr\/wp-json\/wp\/v2\/comments?post=62444"}],"version-history":[{"count":5,"href":"https:\/\/blog.turkishairlines.com\/tr\/wp-json\/wp\/v2\/posts\/62444\/revisions"}],"predecessor-version":[{"id":62488,"href":"https:\/\/blog.turkishairlines.com\/tr\/wp-json\/wp\/v2\/posts\/62444\/revisions\/62488"}],"wp:featuredmedia":[{"embeddable":true,"href":"https:\/\/blog.turkishairlines.com\/tr\/wp-json\/wp\/v2\/media\/62450"}],"wp:attachment":[{"href":"https:\/\/blog.turkishairlines.com\/tr\/wp-json\/wp\/v2\/media?parent=62444"}],"wp:term":[{"taxonomy":"category","embeddable":true,"href":"https:\/\/blog.turkishairlines.com\/tr\/wp-json\/wp\/v2\/categories?post=62444"},{"taxonomy":"post_tag","embeddable":true,"href":"https:\/\/blog.turkishairlines.com\/tr\/wp-json\/wp\/v2\/tags?post=62444"}],"curies":[{"name":"wp","href":"https:\/\/api.w.org\/{rel}","templated":true}]}}