{"id":65172,"date":"2026-09-04T16:09:15","date_gmt":"2026-09-04T13:09:15","guid":{"rendered":"https:\/\/blog.turkishairlines.com\/?p=65172"},"modified":"2026-09-04T16:09:29","modified_gmt":"2026-09-04T13:09:29","slug":"heybeliada-plajlari","status":"publish","type":"post","link":"https:\/\/blog.turkishairlines.com\/tr\/heybeliada-plajlari\/","title":{"rendered":"Heybeliada plajlar\u0131: \u00dccretler, i\u015fletmeler ve ula\u015f\u0131m"},"content":{"rendered":"\n<hr class=\"wp-block-separator has-text-color has-alpha-channel-opacity has-background is-style-wide\" style=\"background-color:#ebebeb;color:#ebebeb\"\/>\n\n\n\n<h2 class=\"wp-block-heading\"><strong><strong>Heybeliada plajlar\u0131 haritas\u0131<\/strong><\/strong><\/h2>\n\n\n\n<iframe loading=\"lazy\" src=\"https:\/\/www.google.com\/maps\/d\/u\/1\/embed?mid=1RhLUp0PfrCLfQnMUQ46cuDyjttglSCc&#038;ehbc=2E312F&#038;noprof=1\" width=\"640\" height=\"480\"><\/iframe>\n\n\n\n<hr class=\"wp-block-separator has-text-color has-alpha-channel-opacity has-background is-style-wide\" style=\"background-color:#ebebeb;color:#ebebeb\"\/>\n\n\n\n<h2 class=\"wp-block-heading\"><strong><strong>Heybeliada plaj alanlar\u0131na nas\u0131l gidilir? Ula\u015f\u0131m ve vapur seferleri<\/strong><\/strong><\/h2>\n\n\n\n<figure class=\"wp-block-image size-full\"><img loading=\"lazy\" decoding=\"async\" width=\"1084\" height=\"813\" src=\"https:\/\/blog.turkishairlines.com\/wp-content\/uploads\/2026\/09\/heybeliada-cam-limani-koyu-buyukada-manzarasi-adalar-istanbul.jpg\" alt=\"Heybeliada \u00c7am Liman\u0131 Koyu'nda demirlemi\u015f tekneler, tarihi sanatoryum yar\u0131madas\u0131 ve arka planda B\u00fcy\u00fckada sil\u00fcetinin havadan panoramik manzaras\u0131\" class=\"wp-image-65251\" srcset=\"https:\/\/blog.turkishairlines.com\/wp-content\/uploads\/2026\/09\/heybeliada-cam-limani-koyu-buyukada-manzarasi-adalar-istanbul.jpg 1084w, https:\/\/blog.turkishairlines.com\/wp-content\/uploads\/2026\/09\/heybeliada-cam-limani-koyu-buyukada-manzarasi-adalar-istanbul-300x225.jpg 300w, https:\/\/blog.turkishairlines.com\/wp-content\/uploads\/2026\/09\/heybeliada-cam-limani-koyu-buyukada-manzarasi-adalar-istanbul-1024x768.jpg 1024w, https:\/\/blog.turkishairlines.com\/wp-content\/uploads\/2026\/09\/heybeliada-cam-limani-koyu-buyukada-manzarasi-adalar-istanbul-150x113.jpg 150w, https:\/\/blog.turkishairlines.com\/wp-content\/uploads\/2026\/09\/heybeliada-cam-limani-koyu-buyukada-manzarasi-adalar-istanbul-768x576.jpg 768w, https:\/\/blog.turkishairlines.com\/wp-content\/uploads\/2026\/09\/heybeliada-cam-limani-koyu-buyukada-manzarasi-adalar-istanbul-560x420.jpg 560w, https:\/\/blog.turkishairlines.com\/wp-content\/uploads\/2026\/09\/heybeliada-cam-limani-koyu-buyukada-manzarasi-adalar-istanbul-80x60.jpg 80w, https:\/\/blog.turkishairlines.com\/wp-content\/uploads\/2026\/09\/heybeliada-cam-limani-koyu-buyukada-manzarasi-adalar-istanbul-696x522.jpg 696w, https:\/\/blog.turkishairlines.com\/wp-content\/uploads\/2026\/09\/heybeliada-cam-limani-koyu-buyukada-manzarasi-adalar-istanbul-1068x801.jpg 1068w\" sizes=\"auto, (max-width: 1084px) 100vw, 1084px\" \/><figcaption class=\"wp-element-caption\">Heybeliada \u00c7am Liman\u0131 Koyu&#8217;nda demirlemi\u015f tekneler, tarihi sanatoryum yar\u0131madas\u0131 ve arka planda B\u00fcy\u00fckada sil\u00fcetinin havadan panoramik manzaras\u0131<\/figcaption><\/figure>\n\n\n\n<p class=\"wp-block-paragraph\">Heybeliada\u2019ya ula\u015f\u0131m \u0130stanbul\u2019un farkl\u0131 noktalar\u0131ndan hareket eden \u015eehir Hatlar\u0131 vapurlar\u0131, deniz otob\u00fcsleri ve \u00f6zel yolcu motorlar\u0131yla sa\u011flan\u0131yor. Kalk\u0131\u015f noktas\u0131, seferin i\u015fletmecisi ve u\u011franan adalar yolculuk s\u00fcresini de\u011fi\u015ftirebildi\u011fi i\u00e7in yaln\u0131zca hareket saatini de\u011fil, g\u00fczerg\u00e2h\u0131 da kontrol etmeniz gerekiyor.<\/p>\n\n\n\n<p class=\"wp-block-paragraph\">\u015eehir Hatlar\u0131\u2019n\u0131n Kabata\u015f-Adalar g\u00fczerg\u00e2h\u0131ndaki seferleri Kad\u0131k\u00f6y, K\u0131nal\u0131ada, Burgazada ve Heybeliada gibi duraklara u\u011fruyor. Baz\u0131 seferlerde Emin\u00f6n\u00fc ve Bostanc\u0131 da g\u00fczerg\u00e2ha dahil ediliyor. Bostanc\u0131-Adalar Ring Hatt\u0131 ise Bostanc\u0131\u2019dan hareket ederek K\u0131nal\u0131ada, Burgazada, Heybeliada ve B\u00fcy\u00fckada aras\u0131nda ula\u015f\u0131m sa\u011fl\u0131yor. Sefer d\u00fczeni hafta i\u00e7i, hafta sonu ve tatil g\u00fcnlerinde de\u011fi\u015febiliyor.<\/p>\n\n\n\n<p class=\"wp-block-paragraph\">Heybeliada \u0130skelesi\u2019ne ula\u015ft\u0131ktan sonra De\u011firmenburnu gibi yak\u0131n noktalara y\u00fcr\u00fcyebilirsiniz. Daha uzaktaki plajlara elektrikli toplu ta\u015f\u0131ma ara\u00e7lar\u0131yla veya tesislerin sezonluk servisleriyle ula\u015fmak m\u00fcmk\u00fcn. Baz\u0131 \u00f6zel i\u015fletmeler Heybeliada \u0130skelesi\u2019nden ring arac\u0131 ya da servis teknesi de sa\u011fl\u0131yor. Bu hizmetlerin tarihleri ve saatleri i\u015fletmeler taraf\u0131ndan sezon i\u00e7inde g\u00fcncellenebiliyor.<\/p>\n\n\n\n<h3 class=\"wp-block-heading\"><strong>Emin\u00f6n\u00fc, Kad\u0131k\u00f6y ve Bostanc\u0131 \u00fczerinden Heybeliada sahillerine yol tarifi<\/strong><\/h3>\n\n\n\n<p class=\"wp-block-paragraph\"><strong>Emin\u00f6n\u00fc\u2019nden Heybeliada\u2019ya ula\u015f\u0131m:<\/strong> \u015eehir Hatlar\u0131\u2019n\u0131n baz\u0131 Adalar seferleri Emin\u00f6n\u00fc\u2019ne u\u011fruyor. Bununla birlikte Emin\u00f6n\u00fc dura\u011f\u0131 her seferde yer almad\u0131\u011f\u0131 i\u00e7in yaln\u0131zca iskeleye giderek vapur beklemek yerine g\u00fcncel tarifeyi kontrol etmek gerekiyor. Emin\u00f6n\u00fc ve Karak\u00f6y \u00e7evresinden hareket eden \u00f6zel ada motorlar\u0131 da d\u00f6nemsel olarak alternatif olu\u015fturabiliyor.<\/p>\n\n\n\n<p class=\"wp-block-paragraph\"><strong>Kad\u0131k\u00f6y\u2019den Heybeliada\u2019ya ula\u015f\u0131m:<\/strong> Kad\u0131k\u00f6y, Kabata\u015f-Adalar hatt\u0131ndaki ba\u015fl\u0131ca duraklardan biri. Kad\u0131k\u00f6y\u2019den hareket eden seferler genellikle K\u0131nal\u0131ada ve Burgazada\u2019n\u0131n ard\u0131ndan Heybeliada\u2019ya ula\u015f\u0131yor. Baz\u0131 \u00f6zel yolcu motorlar\u0131 da Kad\u0131k\u00f6y kalk\u0131\u015fl\u0131 ada seferleri d\u00fczenliyor.<\/p>\n\n\n\n<p class=\"wp-block-paragraph\"><strong>Bostanc\u0131\u2019dan Heybeliada\u2019ya ula\u015f\u0131m:<\/strong> Anadolu Yakas\u0131\u2019ndan hareket edenler i\u00e7in en pratik se\u00e7eneklerden biri Bostanc\u0131-Adalar Ring Hatt\u0131. Seferin y\u00f6n\u00fcne g\u00f6re vapur Heybeliada\u2019ya B\u00fcy\u00fckada\u2019dan \u00f6nce veya sonra u\u011frayabiliyor. Bostanc\u0131\u2019dan \u00f6zel yolcu motorlar\u0131 ve baz\u0131 plaj i\u015fletmelerine ait sezonluk servisler de hareket edebiliyor.<\/p>\n\n\n\n<p class=\"wp-block-paragraph\">D\u00f6n\u00fc\u015f yolculu\u011funu planlarken yaln\u0131zca son vapur saatine g\u00fcvenmemek, se\u00e7ti\u011finiz plajdan iskeleye ula\u015fmak i\u00e7in gereken s\u00fcreyi de hesaba katmak \u00f6nemli. \u00d6zellikle yaz hafta sonlar\u0131nda servis teknelerinde, elektrikli ara\u00e7larda ve iskele giri\u015flerinde yo\u011funluk ya\u015fanabiliyor. Vapur saatlerine ba\u011fl\u0131 kalmak istemiyorsan\u0131z deniz taksi de bir se\u00e7enek. \u0130BB&#8217;nin 2021&#8217;de ba\u015flatt\u0131\u011f\u0131 hizmet 7 g\u00fcn 24 saat \u00e7al\u0131\u015f\u0131yor, rezervasyonlar \u0130BB&#8217;nin resmi uygulamas\u0131 \u00fczerinden yap\u0131l\u0131yor ve tekneler bir kaptan ile bir gemicinin y\u00f6netiminde 10 yolcu kapasitesine sahip. Bostanc\u0131, Maltepe ve Kartal iskelelerinden Heybeliada\u2019ya do\u011frudan gidiliyor. \u00dccret ki\u015fi ba\u015f\u0131 de\u011fil tekne ba\u015f\u0131na hesapland\u0131\u011f\u0131ndan kalabal\u0131k bir grupla ya da ge\u00e7 saatte d\u00f6nmek istedi\u011finizde mant\u0131kl\u0131 h\u00e2le geliyor.<\/p>\n\n\n\n<p class=\"wp-block-paragraph\">\u015eehir d\u0131\u015f\u0131ndan geliyorsan\u0131z <a href=\"https:\/\/www.turkishairlines.com\/tr-tr\/ucak-bileti\/istanbul-ucak-bileti\/\" target=\"_blank\" rel=\"noreferrer noopener\">\u0130stanbul u\u00e7ak bileti<\/a> alarak bu ka\u00e7ama\u011f\u0131 bir hafta sonu plan\u0131na d\u00f6n\u00fc\u015ft\u00fcrebilir, havaliman\u0131ndan Bostanc\u0131&#8217;ya ge\u00e7erek ayn\u0131 g\u00fcn adaya ula\u015fabilirsiniz.<\/p>\n\n\n\n<hr class=\"wp-block-separator has-text-color has-alpha-channel-opacity has-background is-style-wide\" style=\"background-color:#ebebeb;color:#ebebeb\"\/>\n\n\n\n<h2 class=\"wp-block-heading\"><strong>Heybeliada halk plaj\u0131 se\u00e7enekleri ve tesis \u00f6zellikleri<\/strong><\/h2>\n\n\n\n<p class=\"wp-block-paragraph\">Heybeliada\u2019da \u201cHeybeliada Halk Plaj\u0131\u201d ad\u0131yla tek ve merkezi bir plaj bulunmuyor. Resm\u00ee y\u00fczme alanlar\u0131 farkl\u0131 i\u015fletmelerin, kul\u00fcplerin ve k\u0131y\u0131 tesislerinin \u00f6n\u00fcnde yer al\u0131yor. Bu nedenle bir noktan\u0131n resm\u00ee y\u00fczme alan\u0131 olmas\u0131, o alandaki b\u00fct\u00fcn hizmetlerin \u00fccretsiz oldu\u011fu anlam\u0131na gelmiyor.<\/p>\n\n\n\n<p class=\"wp-block-paragraph\">De\u011firmenburnu Tabiat Park\u0131 Plaj\u0131, Heybeliada Su Sporlar\u0131 Kul\u00fcb\u00fc \u00f6n\u00fc, Ada Beach Club \u00f6n\u00fc ve Asaf Beach adada yer alan y\u00fczme alanlar\u0131. De\u011firmenburnu g\u00fcn\u00fcbirlik ziyaret\u00e7ilere a\u00e7\u0131k bir tabiat park\u0131 ve plaj niteli\u011fi ta\u015f\u0131rken Heybeliada Su Sporlar\u0131 Kul\u00fcb\u00fc \u00fcyelik ve misafirlik esaslar\u0131yla \u00e7al\u0131\u015fan bir spor kul\u00fcb\u00fc. Ada Beach Club ve Asaf Beach ise \u00f6zel i\u015fletmeli plaj se\u00e7enekleri aras\u0131nda yer al\u0131yor.<\/p>\n\n\n\n<h3 class=\"wp-block-heading\"><strong>De\u011firmenburnu Tabiat Park\u0131 ve ada sahilindeki piknik alanlar\u0131<\/strong><\/h3>\n\n\n\n<figure class=\"wp-block-image size-full\"><img loading=\"lazy\" decoding=\"async\" width=\"1084\" height=\"813\" src=\"https:\/\/blog.turkishairlines.com\/wp-content\/uploads\/2026\/09\/heybeliada-degirmenburnu-tarihi-tas-degirmen-adalar-istanbul-.jpg\" alt=\"\u0130stanbul Heybeliada De\u011firmenburnu Tabiat Park\u0131 sahilinde yer alan tarihi ta\u015f yel de\u011firmeni kal\u0131nt\u0131s\u0131 ve arka planda Marmara Denizi manzaras\u0131\" class=\"wp-image-65253\" srcset=\"https:\/\/blog.turkishairlines.com\/wp-content\/uploads\/2026\/09\/heybeliada-degirmenburnu-tarihi-tas-degirmen-adalar-istanbul-.jpg 1084w, https:\/\/blog.turkishairlines.com\/wp-content\/uploads\/2026\/09\/heybeliada-degirmenburnu-tarihi-tas-degirmen-adalar-istanbul--300x225.jpg 300w, https:\/\/blog.turkishairlines.com\/wp-content\/uploads\/2026\/09\/heybeliada-degirmenburnu-tarihi-tas-degirmen-adalar-istanbul--1024x768.jpg 1024w, https:\/\/blog.turkishairlines.com\/wp-content\/uploads\/2026\/09\/heybeliada-degirmenburnu-tarihi-tas-degirmen-adalar-istanbul--150x113.jpg 150w, https:\/\/blog.turkishairlines.com\/wp-content\/uploads\/2026\/09\/heybeliada-degirmenburnu-tarihi-tas-degirmen-adalar-istanbul--768x576.jpg 768w, https:\/\/blog.turkishairlines.com\/wp-content\/uploads\/2026\/09\/heybeliada-degirmenburnu-tarihi-tas-degirmen-adalar-istanbul--560x420.jpg 560w, https:\/\/blog.turkishairlines.com\/wp-content\/uploads\/2026\/09\/heybeliada-degirmenburnu-tarihi-tas-degirmen-adalar-istanbul--80x60.jpg 80w, https:\/\/blog.turkishairlines.com\/wp-content\/uploads\/2026\/09\/heybeliada-degirmenburnu-tarihi-tas-degirmen-adalar-istanbul--696x522.jpg 696w, https:\/\/blog.turkishairlines.com\/wp-content\/uploads\/2026\/09\/heybeliada-degirmenburnu-tarihi-tas-degirmen-adalar-istanbul--1068x801.jpg 1068w\" sizes=\"auto, (max-width: 1084px) 100vw, 1084px\" \/><figcaption class=\"wp-element-caption\">\u0130stanbul Heybeliada De\u011firmenburnu Tabiat Park\u0131 sahilinde yer alan tarihi ta\u015f yel de\u011firmeni kal\u0131nt\u0131s\u0131 ve arka planda Marmara Denizi manzaras\u0131<\/figcaption><\/figure>\n\n\n\n<p class=\"wp-block-paragraph\">Heybeliada \u0130skelesi\u2019ne yak\u0131nl\u0131\u011f\u0131yla \u00f6ne \u00e7\u0131kan <a href=\"https:\/\/maps.app.goo.gl\/Kb6pi4JgGq4cQoez9\" target=\"_blank\" rel=\"noreferrer noopener nofollow\">De\u011firmenburnu Tabiat Park\u0131<\/a>, deniz ve orman atmosferini bir arada ya\u015famak isteyenlere uygun bir se\u00e7enek. \u0130skeleye indikten sonra sa\u011fa d\u00f6nerek yakla\u015f\u0131k on be\u015f dakikal\u0131k y\u00fcr\u00fcy\u00fc\u015fle tesisin giri\u015fine ula\u015f\u0131labiliyor. Elektrikli ara\u00e7lar da De\u011firmenburnu y\u00f6n\u00fcne ula\u015f\u0131m sa\u011fl\u0131yor.<\/p>\n\n\n\n<p class=\"wp-block-paragraph\">Tabiat park\u0131nda kum plaj\u0131n yan\u0131 s\u0131ra restoran, kafe, mini market, \u00e7ocuk oyun park\u0131, piknik alanlar\u0131 ve \u00e7ardaklar bulunuyor. Restoran ve kafe alanlar\u0131na giri\u015f \u00fccretsiz; piknik alan\u0131 ve plaj kullan\u0131m\u0131 ise ayr\u0131 ayr\u0131 \u00fccretlendiriliyor.<\/p>\n\n\n\n<p class=\"wp-block-paragraph\">Plaj b\u00f6l\u00fcm\u00fcnde \u015fezlong, \u015femsiye, du\u015f ve soyunma kabini gibi hizmetler sunuluyor. Fiyatlar sezon i\u00e7inde de\u011fi\u015febilece\u011finden yola \u00e7\u0131kmadan \u00f6nce i\u015fletmenin g\u00fcncel duyurusunu kontrol etmek gerekiyor.<\/p>\n\n\n\n<hr class=\"wp-block-separator has-text-color has-alpha-channel-opacity has-background is-style-wide\" style=\"background-color:#ebebeb;color:#ebebeb\"\/>\n\n\n\n<h2 class=\"wp-block-heading\"><strong>Heybeliada denizi nas\u0131l? Temizlik, derinlik ve y\u00fczme g\u00fcvenli\u011fi<\/strong><\/h2>\n\n\n\n<p class=\"wp-block-paragraph\">Heybeliada\u2019n\u0131n deniz suyu ko\u015fullar\u0131 plajdan plaja ve g\u00fcnden g\u00fcne de\u011fi\u015febiliyor. R\u00fczg\u00e2r\u0131n y\u00f6n\u00fc, ya\u011f\u0131\u015flar, ak\u0131nt\u0131, deniz trafi\u011fi ve k\u0131y\u0131n\u0131n konumu g\u00f6r\u00fc\u015f mesafesini ve suyun y\u00fczeydeki durumunu etkileyebiliyor. Bu nedenle adan\u0131n denizini b\u00fct\u00fcn\u00fcyle \u201cher zaman temiz\u201d veya \u201cher yerde s\u0131\u011f\u201d \u015feklinde tan\u0131mlamak do\u011fru de\u011fil.<\/p>\n\n\n\n<p class=\"wp-block-paragraph\">Resm\u00ee y\u00fczme alanlar\u0131nda su kalitesi numune sonu\u00e7lar\u0131yla takip ediliyor. Sa\u011fl\u0131k Bakanl\u0131\u011f\u0131n\u0131n Y\u00fczme Suyu Takip Sistemi \u00fczerinden y\u00fczme alanlar\u0131n\u0131n analiz sonu\u00e7lar\u0131na, g\u00fcncel durumuna ve varsa uyar\u0131lara ula\u015f\u0131labiliyor. Denize girmeden \u00f6nce se\u00e7ti\u011finiz plaj\u0131n son \u00f6l\u00e7\u00fcm\u00fcn\u00fc kontrol edebilirsiniz.<\/p>\n\n\n\n<p class=\"wp-block-paragraph\">Heybeliada plajlar\u0131n\u0131n derinli\u011fi standart de\u011fil. Kumlu k\u0131y\u0131larda denize giri\u015f daha kademeli olabilirken platformlu veya kayal\u0131k b\u00f6l\u00fcmlerde su daha h\u0131zl\u0131 derinle\u015febilir. \u015eamand\u0131ralarla belirtilen s\u0131n\u0131rlar\u0131n d\u0131\u015f\u0131na \u00e7\u0131kmamak, tekne g\u00fczerg\u00e2hlar\u0131na yakla\u015fmamak ve cankurtaran uyar\u0131lar\u0131na uymak gerekiyor.<\/p>\n\n\n\n<hr class=\"wp-block-separator has-text-color has-alpha-channel-opacity has-background is-style-wide\" style=\"background-color:#ebebeb;color:#ebebeb\"\/>\n\n\n\n<h2 class=\"wp-block-heading\"><strong>Heybeliada plaj i\u015fletmeleri<\/strong><\/h2>\n\n\n\n<figure class=\"wp-block-image size-full\"><img loading=\"lazy\" decoding=\"async\" width=\"1084\" height=\"722\" src=\"https:\/\/blog.turkishairlines.com\/wp-content\/uploads\/2026\/09\/heybeliada-dron-manzarasi.jpg\" alt=\"Heybeliada\u2019n\u0131n sahil \u015feridi, limanda tekneler, yerle\u015fim alan\u0131 ve \u00e7am ormanlar\u0131n\u0131n dron ile \u00e7ekilmi\u015f manzaras\u0131\" class=\"wp-image-65255\" srcset=\"https:\/\/blog.turkishairlines.com\/wp-content\/uploads\/2026\/09\/heybeliada-dron-manzarasi.jpg 1084w, https:\/\/blog.turkishairlines.com\/wp-content\/uploads\/2026\/09\/heybeliada-dron-manzarasi-300x200.jpg 300w, https:\/\/blog.turkishairlines.com\/wp-content\/uploads\/2026\/09\/heybeliada-dron-manzarasi-1024x682.jpg 1024w, https:\/\/blog.turkishairlines.com\/wp-content\/uploads\/2026\/09\/heybeliada-dron-manzarasi-150x100.jpg 150w, https:\/\/blog.turkishairlines.com\/wp-content\/uploads\/2026\/09\/heybeliada-dron-manzarasi-768x512.jpg 768w, https:\/\/blog.turkishairlines.com\/wp-content\/uploads\/2026\/09\/heybeliada-dron-manzarasi-631x420.jpg 631w, https:\/\/blog.turkishairlines.com\/wp-content\/uploads\/2026\/09\/heybeliada-dron-manzarasi-696x464.jpg 696w, https:\/\/blog.turkishairlines.com\/wp-content\/uploads\/2026\/09\/heybeliada-dron-manzarasi-1068x711.jpg 1068w\" sizes=\"auto, (max-width: 1084px) 100vw, 1084px\" \/><figcaption class=\"wp-element-caption\">Heybeliada\u2019n\u0131n sahil \u015feridi, limanda tekneler, yerle\u015fim alan\u0131 ve \u00e7am ormanlar\u0131n\u0131n dron ile \u00e7ekilmi\u015f manzaras\u0131<\/figcaption><\/figure>\n\n\n\n<p class=\"wp-block-paragraph\">Heybeliada\u2019daki \u00f6zel plajlar\u0131n \u00fccretleri tesisin sundu\u011fu hizmetlere g\u00f6re de\u011fi\u015fiyor. Baz\u0131 giri\u015f paketleri yaln\u0131zca \u015fezlong ve \u015femsiyeyi kapsarken baz\u0131 tesislerde kilitli dolap, aquapark, transfer veya farkl\u0131 aktiviteler de fiyata dahil ediliyor. Hafta i\u00e7i ve hafta sonu tarifeleri ayn\u0131 olabilece\u011fi gibi ayr\u0131 da uygulanabiliyor.<\/p>\n\n\n\n<p class=\"wp-block-paragraph\"><a href=\"https:\/\/share.google\/MsE0cHhW1k88GvmzS\" target=\"_blank\" rel=\"noreferrer noopener nofollow\">Ada Beach Club<\/a>, \u00c7am Liman\u0131 Koyu\u2019ndaki \u00f6zel i\u015fletmelerden biri. Tesisin resm\u00ee sitesinde plaj\u0131n yan\u0131 s\u0131ra restoran, etkinlik ve spor alanlar\u0131n\u0131n bulundu\u011fu belirtiliyor. G\u00fcncel giri\u015f \u00fccretinin ziyaret tarihinden \u00f6nce do\u011frudan tesisten do\u011frulanmas\u0131 gerekiyor.<\/p>\n\n\n\n<p class=\"wp-block-paragraph\"><a href=\"https:\/\/maps.app.goo.gl\/Jwg2jKH6WrdEagYC7\" target=\"_blank\" rel=\"noreferrer noopener nofollow\">Cevahir Aqua Heybeliada<\/a>, plaj kullan\u0131m\u0131n\u0131 aquapark olanaklar\u0131yla birle\u015ftiren se\u00e7eneklerden biri. Giri\u015f \u00fccretine \u015fezlong, \u015femsiye, kilitli dolap ve aquapark dahil. \u0130\u015fletme d\u0131\u015far\u0131dan yiyecek ve i\u00e7ecek kabul etmiyor. Bostanc\u0131\u2019dan \u00fccretsiz deniz ula\u015f\u0131m\u0131 ve Heybeliada\u2019dan ring servisi hizmeti de var. Bu hizmetlerin saatleri ve kontenjan\u0131 de\u011fi\u015febilece\u011finden tesise gitmeden \u00f6nce ula\u015f\u0131m program\u0131n\u0131 kontrol etmek gerekiyor.<\/p>\n\n\n\n<p class=\"wp-block-paragraph\"><a href=\"https:\/\/maps.app.goo.gl\/Kwr5tPfbBPdd53cJ9\" target=\"_blank\" rel=\"noreferrer noopener nofollow\">Asaf Beach<\/a>, 2026 y\u0131l\u0131 resm\u00ee y\u00fczme alanlar\u0131 aras\u0131nda yer alan \u00f6zel i\u015fletmeli se\u00e7eneklerden biri. G\u00fcnl\u00fck giri\u015f \u00fccreti, servis d\u00fczeni ve d\u0131\u015far\u0131dan yiyecek kabul\u00fc gibi ko\u015fullar sezon i\u00e7inde de\u011fi\u015febildi\u011fi i\u00e7in i\u015fletmenin g\u00fcncel a\u00e7\u0131klamalar\u0131 esas al\u0131nmal\u0131.<\/p>\n\n\n\n<p class=\"wp-block-paragraph\"><a href=\"https:\/\/maps.app.goo.gl\/yhdJAxhaUPNkUz2N8\" target=\"_blank\" rel=\"noreferrer noopener nofollow\">Heybeliada Su Sporlar\u0131 Kul\u00fcb\u00fc<\/a> \u00f6n\u00fc de resm\u00ee y\u00fczme noktalar\u0131 aras\u0131nda bulunuyor. Bununla birlikte kul\u00fcp, standart bir halk plaj\u0131ndan farkl\u0131 olarak \u00fcyelik ve misafirlik kurallar\u0131yla \u00e7al\u0131\u015f\u0131yor. Kul\u00fcb\u00fcn deniz k\u0131y\u0131s\u0131ndaki dinlenme alanlar\u0131n\u0131n yan\u0131 s\u0131ra olimpik havuzu, antrenman havuzu, \u00e7ocuk havuzu ve farkl\u0131 spor tesisleri bulunuyor. G\u00fcn\u00fcbirlik kullan\u0131ma ili\u015fkin ko\u015fullar ziyaret \u00f6ncesinde kul\u00fcpten \u00f6\u011frenilmeli.<\/p>\n\n\n\n<hr class=\"wp-block-separator has-text-color has-alpha-channel-opacity has-background is-style-wide\" style=\"background-color:#ebebeb;color:#ebebeb\"\/>\n\n\n\n<h2 class=\"wp-block-heading\"><strong>S\u0131k\u00e7a sorulan sorular<\/strong><\/h2>\n\n\n\n<h3 class=\"wp-block-heading\"><strong>Adalar\u2019\u0131n g\u00f6zdesi Heybeliada plajlar\u0131na ula\u015f\u0131m nas\u0131l sa\u011flan\u0131r?<\/strong><\/h3>\n\n\n\n<p class=\"wp-block-paragraph\">Heybeliada\u2019ya Kabata\u015f, Kad\u0131k\u00f6y, Bostanc\u0131 ve belirli seferlerde Emin\u00f6n\u00fc \u00fczerinden deniz yoluyla ula\u015fabilirsiniz. \u015eehir Hatlar\u0131\u2019n\u0131n Kabata\u015f-Adalar ve Bostanc\u0131-Adalar Ring hatlar\u0131 Heybeliada\u2019ya u\u011fruyor. \u00d6zel yolcu motorlar\u0131n\u0131n hareket noktalar\u0131 ve saatleri ise sezona g\u00f6re de\u011fi\u015febiliyor.<\/p>\n\n\n\n<p class=\"wp-block-paragraph\">Adaya ula\u015ft\u0131ktan sonra De\u011firmenburnu\u2019na y\u00fcr\u00fcyebilir; \u00c7am Liman\u0131, Asaf Beach ve daha uzaktaki k\u0131y\u0131lar i\u00e7in elektrikli ara\u00e7lardan veya tesislerin sezonluk servislerinden yararlanabilirsiniz.<\/p>\n\n\n\n<h3 class=\"wp-block-heading\"><strong>Heybeliada halk plaj\u0131 ve De\u011firmenburnu Tabiat Park\u0131 giri\u015fleri \u00fccretli midir?<\/strong><\/h3>\n\n\n\n<p class=\"wp-block-paragraph\">Heybeliada\u2019da \u201cHeybeliada Halk Plaj\u0131\u201d ad\u0131yla tek bir merkez\u00ee plaj bulunmuyor. De\u011firmenburnu Tabiat Park\u0131\u2019ndaki restoran ve kafe alanlar\u0131na giri\u015f \u00fccretsiz; piknik alan\u0131 ve plaj kullan\u0131m\u0131 ise \u00fccretli.<\/p>\n\n\n\n<h3 class=\"wp-block-heading\"><strong>Heybeliada\u2019da \u00fccretsiz veya uygun fiyatl\u0131 denize girilecek sahiller var m\u0131?<\/strong><\/h3>\n\n\n\n<p class=\"wp-block-paragraph\">\u00d6zel i\u015fletmelerin d\u0131\u015f\u0131nda kalan baz\u0131 do\u011fal k\u0131y\u0131larda fiziksel bir giri\u015f kap\u0131s\u0131 veya sabit \u00fccret bulunmayabilir. Ancak \u00fccretsiz olmas\u0131, k\u0131y\u0131n\u0131n resm\u00ee y\u00fczme alan\u0131 oldu\u011fu anlam\u0131na gelmez. Akvaryum Plaj\u0131 ve Alman Koyu gibi noktalar 2026 y\u0131l\u0131 resm\u00ee y\u00fczme alanlar\u0131 aras\u0131nda bulunmuyor. G\u00fcvenlik ve su kalitesi a\u00e7\u0131s\u0131ndan yaln\u0131zca izinli alanlar\u0131n kullan\u0131lmas\u0131 gerekiyor.<\/p>\n\n\n\n<p class=\"wp-block-paragraph\">Daha kontroll\u00fc bir b\u00fct\u00e7e i\u00e7in beach club giri\u015fleri yerine De\u011firmenburnu\u2019nun piknik ve plaj se\u00e7enekleri kar\u015f\u0131la\u015ft\u0131r\u0131labilir. Plaj kullan\u0131m\u0131n\u0131n piknik alan\u0131ndan ayr\u0131 \u00fccretlendirildi\u011fi unutulmamal\u0131.<\/p>\n\n\n\n<h3 class=\"wp-block-heading\"><strong>Heybeliada plajlar\u0131na gitmek i\u00e7in adada elektrikli ara\u00e7 veya servis tekneleri bulunuyor mu?<\/strong><\/h3>\n\n\n\n<p class=\"wp-block-paragraph\">Evet. De\u011firmenburnu gibi b\u00f6lgelere elektrikli ara\u00e7larla ula\u015f\u0131labiliyor. Baz\u0131 \u00f6zel i\u015fletmeler de Heybeliada \u0130skelesi\u2019nden ring arac\u0131 veya servis teknesi sa\u011fl\u0131yor. Cevahir Aqua, 2026 sezonu i\u00e7in Bostanc\u0131\u2019dan deniz servisi ve Heybeliada\u2019dan ring ula\u015f\u0131m\u0131 duyurdu. Servis saatleri sezon i\u00e7inde de\u011fi\u015febildi\u011fi i\u00e7in ayn\u0131 g\u00fcn kontrol edilmeli.<\/p>\n\n\n\n<h3 class=\"wp-block-heading\"><strong>Heybeliada\u2019n\u0131n denizi temiz mi, \u00e7ocuklu aileler i\u00e7in s\u0131\u011f ve g\u00fcvenli koylar\u0131 hangileridir?<\/strong><\/h3>\n\n\n\n<p class=\"wp-block-paragraph\">Su kalitesi sabit olmad\u0131\u011f\u0131 i\u00e7in se\u00e7ti\u011finiz y\u00fczme alan\u0131n\u0131n g\u00fcncel analiz sonucunu Sa\u011fl\u0131k Bakanl\u0131\u011f\u0131n\u0131n Y\u00fczme Suyu Takip Sistemi \u00fczerinden kontrol etmelisiniz. Resm\u00ee olarak denetlenen bir alanda bile hava veya deniz ko\u015fullar\u0131 nedeniyle ge\u00e7ici uyar\u0131 uygulanabilir.<\/p>\n\n\n\n<p class=\"wp-block-paragraph\">Herhangi bir Heybeliada plaj\u0131n\u0131 b\u00fct\u00fcn\u00fcyle s\u0131\u011f ve risksiz olarak tan\u0131mlamak do\u011fru olmaz. Derinlik ayn\u0131 plaj\u0131n farkl\u0131 b\u00f6l\u00fcmlerinde bile de\u011fi\u015febilir. \u00c7ocuklu ailelerin cankurtaran bulunan, y\u00fczme s\u0131n\u0131rlar\u0131 a\u00e7\u0131k\u00e7a i\u015faretlenmi\u015f tesisleri tercih etmesi ve \u00e7ocuklar\u0131 kesintisiz g\u00f6zetim alt\u0131nda tutmas\u0131 gerekir.<\/p>\n\n\n\n<h3 class=\"wp-block-heading\"><strong>Heybeliada plajlar\u0131nda \u015fezlong, \u015femsiye, du\u015f, soyunma kabini ve restoran imk\u00e2n\u0131 sunuluyor mu?<\/strong><\/h3>\n\n\n\n<p class=\"wp-block-paragraph\">De\u011firmenburnu, Ada Beach Club ve Cevahir Aqua gibi \u00f6zel i\u015fletmeli alanlarda \u015fezlong, \u015femsiye, du\u015f, soyunma alan\u0131 ve yeme i\u00e7me hizmetleri bulunuyor. Cevahir Aqua giri\u015f \u00fccretine kilitli dolap ve aquapark\u0131 da dahil ediyor. De\u011firmenburnu\u2019nda ayr\u0131ca piknik alan\u0131, mini market, restoran, kafe ve \u00e7ocuk oyun park\u0131 yer al\u0131yor.<\/p>\n\n\n\n<p class=\"wp-block-paragraph\">Sunulan hizmetler ve giri\u015f paketlerinin kapsam\u0131 tesise g\u00f6re de\u011fi\u015fti\u011finden rezervasyon, transfer, \u00e7ocuk indirimi ve d\u0131\u015far\u0131dan yiyecek getirme kurallar\u0131 ziyaret \u00f6ncesinde ayr\u0131 ayr\u0131 kontrol edilmeli.<\/p>\n","protected":false},"excerpt":{"rendered":"<p>Heybeliada plajlar\u0131 haritas\u0131 Heybeliada plaj alanlar\u0131na nas\u0131l gidilir? Ula\u015f\u0131m ve vapur seferleri Heybeliada\u2019ya ula\u015f\u0131m \u0130stanbul\u2019un farkl\u0131 noktalar\u0131ndan hareket eden \u015eehir Hatlar\u0131 vapurlar\u0131, deniz otob\u00fcsleri ve \u00f6zel yolcu motorlar\u0131yla sa\u011flan\u0131yor. Kalk\u0131\u015f noktas\u0131, seferin i\u015fletmecisi ve u\u011franan adalar yolculuk s\u00fcresini de\u011fi\u015ftirebildi\u011fi i\u00e7in yaln\u0131zca hareket saatini de\u011fil, g\u00fczerg\u00e2h\u0131 da kontrol etmeniz gerekiyor. \u015eehir Hatlar\u0131\u2019n\u0131n Kabata\u015f-Adalar g\u00fczerg\u00e2h\u0131ndaki seferleri Kad\u0131k\u00f6y, [&hellip;]<\/p>\n","protected":false},"author":53,"featured_media":65173,"comment_status":"closed","ping_status":"closed","sticky":false,"template":"","format":"standard","meta":{"footnotes":""},"categories":[720,574,589,495],"tags":[],"class_list":["post-65172","post","type-post","status-publish","format-standard","has-post-thumbnail","category-istanbul-gezi-rehberi","category-seyahat-ve-tatil-fikirleri","category-yaz-tatili-onerileri","category-yerler"],"_links":{"self":[{"href":"https:\/\/blog.turkishairlines.com\/tr\/wp-json\/wp\/v2\/posts\/65172","targetHints":{"allow":["GET"]}}],"collection":[{"href":"https:\/\/blog.turkishairlines.com\/tr\/wp-json\/wp\/v2\/posts"}],"about":[{"href":"https:\/\/blog.turkishairlines.com\/tr\/wp-json\/wp\/v2\/types\/post"}],"author":[{"embeddable":true,"href":"https:\/\/blog.turkishairlines.com\/tr\/wp-json\/wp\/v2\/users\/53"}],"replies":[{"embeddable":true,"href":"https:\/\/blog.turkishairlines.com\/tr\/wp-json\/wp\/v2\/comments?post=65172"}],"version-history":[{"count":2,"href":"https:\/\/blog.turkishairlines.com\/tr\/wp-json\/wp\/v2\/posts\/65172\/revisions"}],"predecessor-version":[{"id":65257,"href":"https:\/\/blog.turkishairlines.com\/tr\/wp-json\/wp\/v2\/posts\/65172\/revisions\/65257"}],"wp:featuredmedia":[{"embeddable":true,"href":"https:\/\/blog.turkishairlines.com\/tr\/wp-json\/wp\/v2\/media\/65173"}],"wp:attachment":[{"href":"https:\/\/blog.turkishairlines.com\/tr\/wp-json\/wp\/v2\/media?parent=65172"}],"wp:term":[{"taxonomy":"category","embeddable":true,"href":"https:\/\/blog.turkishairlines.com\/tr\/wp-json\/wp\/v2\/categories?post=65172"},{"taxonomy":"post_tag","embeddable":true,"href":"https:\/\/blog.turkishairlines.com\/tr\/wp-json\/wp\/v2\/tags?post=65172"}],"curies":[{"name":"wp","href":"https:\/\/api.w.org\/{rel}","templated":true}]}}