{"id":7294,"date":"2020-02-20T14:06:25","date_gmt":"2020-02-20T11:06:25","guid":{"rendered":"https:\/\/blog.turkishairlines.com\/?p=7294"},"modified":"2025-10-22T11:14:03","modified_gmt":"2025-10-22T08:14:03","slug":"kanallar-sehri-venedik","status":"publish","type":"post","link":"https:\/\/blog.turkishairlines.com\/tr\/kanallar-sehri-venedik\/","title":{"rendered":"Kanallar \u015fehri Venedik"},"content":{"rendered":"\n<hr class=\"wp-block-separator has-text-color has-alpha-channel-opacity has-background is-style-wide\" style=\"background-color:#ebebeb;color:#ebebeb\"\/>\n\n\n\n<p>Bir\u00e7o\u011fumuz Venedik\u2019e dair bu bilgilere sahibizdir. Peki ya ka\u00e7\u0131m\u0131z Venedik\u2019in asl\u0131nda bir \u201cada \u015fehir\u201d oldu\u011funu biliyor? \u0130talyanca \u201cVenezia\u201d olarak adland\u0131r\u0131lan \u015fehir asl\u0131nda 118 adac\u0131k \u00fczerine kurulmu\u015f bir adac\u0131klar toplulu\u011fudur. Veneto b\u00f6lgesinin ba\u015fkenti olan Venedik\u2019in adac\u0131klar\u0131n\u0131 170 kanal birbirinden ay\u0131r\u0131rken, bu kanallar \u00fczerinde yer alan 400 civar\u0131nda k\u00f6pr\u00fc de adac\u0131klar\u0131 birbirine ba\u011flar.<\/p>\n\n\n\n<p>\u0130rili ufakl\u0131 onlarca k\u00f6pr\u00fcn\u00fcn en \u00f6nemlisi hi\u00e7 \u015f\u00fcphesiz Venedik\u2019i Avrupa k\u0131tas\u0131na yani anakaraya ba\u011flayan 4 km uzunlu\u011fundaki&nbsp;\u00d6zg\u00fcrl\u00fck K\u00f6pr\u00fcs\u00fc\u2019d\u00fcr (Ponte della Libert\u00e0). K\u00f6pr\u00fc \u00fczerinde yer alan kara ve demiryolu ula\u015f\u0131m a\u011f\u0131 da turistleri Venedik\u2019e ula\u015ft\u0131rma vazifesini yerine getirir. Venedik, Avrupa\u2019n\u0131n kara ta\u015f\u0131tlar\u0131na izin verilmeyen tek b\u00fcy\u00fck kentidir.<\/p>\n\n\n\n<p>\u201cKanallar \u015eehri\u201d, \u201cMaskeler \u015eehri\u201d, \u201cSular \u015eehri\u201d, \u201cK\u00f6pr\u00fcler \u015eehri\u201d, \u201cBatan \u015eehir\u201d gibi tan\u0131mlarla an\u0131lan Venedik\u2019te g\u00f6r\u00fclmesi gereken bir\u00e7ok yer, yap\u0131lmas\u0131 gereken pek \u00e7ok aktivite vard\u0131r. Ki\u015fiden ki\u015fiye yap\u0131lacaklar listesi de\u011fi\u015fiklik g\u00f6sterecek olsa da, herkesin listesinde bulunan ortak maddeler&nbsp;\u015funlard\u0131r:<\/p>\n\n\n\n<ul class=\"wp-block-list\">\n<li>San Marco Meydan\u0131\u2019nda (Piazza San Marco) tak\u0131l!<\/li>\n\n\n\n<li>\u00c7an Kulesi\u2019nden (Campanile di San Marco) Venedik \u015fehrini izle!<\/li>\n\n\n\n<li>\u0130\u00e7 \u00c7ekme K\u00f6pr\u00fcs\u00fc\u2019n\u00fc (Ponte dei Sospiri) g\u00f6r!<\/li>\n\n\n\n<li>B\u00fcy\u00fck Kanal\u2019da (Grand Canal) gez!<\/li>\n\n\n\n<li>Rialto K\u00f6pr\u00fcs\u00fc\u2019nden ge\u00e7!<\/li>\n\n\n\n<li>Gondol gezisi yap!<\/li>\n\n\n\n<li>\u015eehirden ayr\u0131lmadan \u00f6nce hat\u0131ra olarak bir maske al!<\/li>\n<\/ul>\n\n\n\n<p>Gerisi ise size, keyfinize, hayal g\u00fcc\u00fcn\u00fcze kal\u0131yor.<\/p>\n\n\n\n<p>B\u00fcnyesinde yerel halktan \u00e7ok turist bar\u0131nd\u0131ran bir \u015fehir Venedik&#8230; G\u00fcn\u00fcm\u00fczde yerle\u015fim yeri olarak ana kara \u00fczerinde yer alan&nbsp;Mestre&nbsp;b\u00f6lgesi kullan\u0131l\u0131yor. B\u00f6ylelikle tarihi Venedik turistlere kal\u0131yor.<\/p>\n\n\n\n<p>New York Times\u2019\u0131n \u201cku\u015fkusuz insan eliyle yap\u0131lm\u0131\u015f en g\u00fczel \u015fehir\u201d olarak tan\u0131mlad\u0131\u011f\u0131 Venedik\u2019te i\u011fne atsan\u0131z yere d\u00fc\u015fmeyecek bir turist kalabal\u0131\u011f\u0131yla kar\u015f\u0131 kar\u015f\u0131ya kalacaks\u0131n\u0131z. Bu y\u00fczden kalabal\u0131\u011fa kar\u015f\u0131 koymay\u0131n. Darac\u0131k sokaklarda sava\u015f vermeyin. Haritalar\u0131n\u0131z\u0131, rehber kitaplar\u0131n\u0131z\u0131 bir kenara b\u0131rak\u0131n ve kendinizi kalabal\u0131\u011f\u0131n ak\u0131\u015f\u0131na b\u0131rak\u0131n. Haritalarla yol bulamayaca\u011f\u0131n\u0131z, mutlaka kaybolaca\u011f\u0131n\u0131z bir yerdesiniz; bu kaybolu\u015fun tad\u0131n\u0131 \u00e7\u0131kar\u0131n. Sokaklarda sizlere rehberlik edecek sadece iki adet tabela g\u00f6z\u00fcn\u00fcze ili\u015fecektir. Biri sizi Rialto K\u00f6pr\u00fcs\u00fc\u2019ne, di\u011feri ise San Marco Meydan\u0131\u2019na g\u00f6t\u00fcrecektir. Bu tabelalar\u0131 veya kalabal\u0131klar\u0131 izleyin.<\/p>\n\n\n\n<figure class=\"wp-block-image size-large td-caption-align-https:\/\/blog.turkishairlines.com\/wp-content\/uploads\/2020\/02\/iStock-904793230-1.jpg\"><img loading=\"lazy\" decoding=\"async\" width=\"1024\" height=\"617\" src=\"https:\/\/blog.turkishairlines.com\/wp-content\/uploads\/2020\/02\/iStock-904793230-1-1024x617.jpg\" alt=\"\" class=\"wp-image-7310\" srcset=\"https:\/\/blog.turkishairlines.com\/wp-content\/uploads\/2020\/02\/iStock-904793230-1-1024x617.jpg 1024w, https:\/\/blog.turkishairlines.com\/wp-content\/uploads\/2020\/02\/iStock-904793230-1-300x181.jpg 300w, https:\/\/blog.turkishairlines.com\/wp-content\/uploads\/2020\/02\/iStock-904793230-1-768x463.jpg 768w, https:\/\/blog.turkishairlines.com\/wp-content\/uploads\/2020\/02\/iStock-904793230-1-696x419.jpg 696w, https:\/\/blog.turkishairlines.com\/wp-content\/uploads\/2020\/02\/iStock-904793230-1-1068x643.jpg 1068w, https:\/\/blog.turkishairlines.com\/wp-content\/uploads\/2020\/02\/iStock-904793230-1-697x420.jpg 697w, https:\/\/blog.turkishairlines.com\/wp-content\/uploads\/2020\/02\/iStock-904793230-1.jpg 1320w\" sizes=\"auto, (max-width: 1024px) 100vw, 1024px\" \/><\/figure>\n\n\n\n<p>San Marco Meydan\u0131&nbsp;(Piazza San Marco) t\u00fcm sokaklar\u0131n, kanallar\u0131n en sonunda ula\u015ft\u0131\u011f\u0131 noktada yer alan Venedik\u2019in d\u00fcnyaca \u00fcnl\u00fc ana meydan\u0131d\u0131r. Bizans mimarisinden esinlenerek 13. y\u00fczy\u0131lda tamamlanm\u0131\u015f&nbsp;San Marco Bazilikas\u0131&nbsp;(Basilica di San Marco),&nbsp;D\u00fckler Saray\u0131&nbsp;(Palazzo Ducale),&nbsp;Saat Kulesi&nbsp;(Torre dell&#8217;Orologio) ve&nbsp;\u00c7an Kulesi&nbsp;(Campanile di San Marco) meydan\u0131n \u00f6nemli yap\u0131lar\u0131ndand\u0131r. San Marco Meydan\u0131\u2019n\u0131n \u00fcn\u00fc sadece bu tarihi yap\u0131lardan gelmiyor; ayn\u0131 zamanda elinizdeki bisk\u00fcvi vb. k\u0131r\u0131nt\u0131lar\u0131 yemek \u00fczere haz\u0131r bekleyen, meydana geldi\u011finiz anda etraf\u0131n\u0131z\u0131 saracak olan g\u00fcvercinlerden de geliyor. Meydan tarihi dokuya sahip yap\u0131lar, oturup soluklanabilece\u011finiz kafeler ve birbirinden g\u00fczel hediyelik e\u015fyalar sat\u0131n alabilece\u011finiz ma\u011fazalarla doludur.&nbsp;Venedik\u2019e gitti\u011finizde d\u00f6n\u00fcp dola\u015f\u0131p u\u011frayaca\u011f\u0131n\u0131z, Venedik\u2019in kalbi durumunda bir yerdir.<\/p>\n\n\n\n<p>Meydandan ayr\u0131lmadan \u00f6nce yapman\u0131z gereken \u015feylerden biri;&nbsp;1514 y\u0131l\u0131nda yap\u0131lan orijinali 1902 y\u0131l\u0131nda \u00e7\u00f6kt\u00fc\u011f\u00fc i\u00e7in 1912 y\u0131l\u0131nda yenilenen 98 metrelik&nbsp;\u00c7an Kulesi\u2019nin tepesine \u00e7\u0131k\u0131p Venedik\u2019in nefes kesen muhte\u015fem \u015fehir manzaras\u0131n\u0131 seyretmek olsun!<\/p>\n\n\n\n<p>Meydan\u0131n yak\u0131nlar\u0131ndaki, D\u00fckler Saray\u0131\u2019na ba\u011flanan &nbsp;\u0130\u00e7 \u00c7ekme K\u00f6pr\u00fcs\u00fc (Ponte dei Sospiri)&nbsp;de mutlaka g\u00f6r\u00fclmelidir. S\u00f6ylenenlere g\u00f6re mahkumlar hapishaneye nakledilmeden \u00f6nce son kez bu k\u00f6pr\u00fcden ge\u00e7erken parmakl\u0131lar\u0131n ard\u0131ndan d\u0131\u015far\u0131ya, Venedik\u2019in g\u00fczel manzaras\u0131na son bir kez bak\u0131p i\u00e7 \u00e7ekerlermi\u015f. Bu y\u00fczden de k\u00f6pr\u00fcye bu isim verilmi\u015f. Bir ba\u015fka hikayenin anlatt\u0131\u011f\u0131na g\u00f6re de; beton o kadar kal\u0131n\/parmakl\u0131klar \u00fczerindeki bo\u015fluk o kadar darm\u0131\u015f ki asl\u0131nda hi\u00e7bir \u015fey g\u00f6r\u00fcnm\u00fcyormu\u015f buradan. Venedik Cumhuriyeti zaman\u0131nda genellikle hapis cezas\u0131 alan mahkumlar hapishane ko\u015fullar\u0131 sebebiyle bir daha serbest kalam\u0131yorlarm\u0131\u015f. Bu y\u00fczden de bu k\u00f6pr\u00fcden ge\u00e7erken i\u00e7 \u00e7ekiyorlarm\u0131\u015f.<\/p>\n\n\n\n<p>Tabelalar\u0131 takip etmeye devam etti\u011finizde, yolunuz B\u00fcy\u00fck Kanal\u2019la ve kanal \u00fczerindeki en eski ve en me\u015fhur k\u00f6pr\u00fc olan Rialto K\u00f6pr\u00fcs\u00fc ile kesi\u015fir.<\/p>\n\n\n\n<p>Derinli\u011fi yakla\u015f\u0131k 5 metre olan&nbsp;B\u00fcy\u00fck Kanal, 4 km\u2019lik ters \u201cS\u201d \u015fekline benzer k\u0131vr\u0131mlar\u0131yla t\u00fcm Venedik\u2019i bir ba\u015ftan bir ba\u015fa ge\u00e7er. Tamamen deniz yollar\u0131yla ula\u015f\u0131m\u0131n sa\u011fland\u0131\u011f\u0131 Venedik i\u00e7in bu kanal ana yol say\u0131labilir ve g\u00f6r\u00fclesi bir\u00e7ok yap\u0131 da yine bu kanal \u00fczerinde yer almaktad\u0131r. Bu y\u00fczden vaktiniz varsa \u00fczerinde kanal turu yap\u0131lmas\u0131 tavsiye edilir.<\/p>\n\n\n\n<figure class=\"wp-block-image size-large td-caption-align-https:\/\/blog.turkishairlines.com\/wp-content\/uploads\/2020\/02\/iStock-1198336310-1.jpg\"><img loading=\"lazy\" decoding=\"async\" width=\"1024\" height=\"683\" src=\"https:\/\/blog.turkishairlines.com\/wp-content\/uploads\/2020\/02\/iStock-1198336310-1-1024x683.jpg\" alt=\"\" class=\"wp-image-7312\" srcset=\"https:\/\/blog.turkishairlines.com\/wp-content\/uploads\/2020\/02\/iStock-1198336310-1-1024x683.jpg 1024w, https:\/\/blog.turkishairlines.com\/wp-content\/uploads\/2020\/02\/iStock-1198336310-1-300x200.jpg 300w, https:\/\/blog.turkishairlines.com\/wp-content\/uploads\/2020\/02\/iStock-1198336310-1-768x513.jpg 768w, https:\/\/blog.turkishairlines.com\/wp-content\/uploads\/2020\/02\/iStock-1198336310-1-696x465.jpg 696w, https:\/\/blog.turkishairlines.com\/wp-content\/uploads\/2020\/02\/iStock-1198336310-1-1068x713.jpg 1068w, https:\/\/blog.turkishairlines.com\/wp-content\/uploads\/2020\/02\/iStock-1198336310-1-629x420.jpg 629w, https:\/\/blog.turkishairlines.com\/wp-content\/uploads\/2020\/02\/iStock-1198336310-1-600x400.jpg 600w, https:\/\/blog.turkishairlines.com\/wp-content\/uploads\/2020\/02\/iStock-1198336310-1.jpg 1254w\" sizes=\"auto, (max-width: 1024px) 100vw, 1024px\" \/><\/figure>\n\n\n\n<p>Yeni yap\u0131lan k\u00f6pr\u00fc ile beraber 4 b\u00fcy\u00fck k\u00f6pr\u00fc B\u00fcy\u00fck Kanal\u2019\u0131n iki k\u0131y\u0131s\u0131n\u0131 birbirine ba\u011flar. Bu k\u00f6pr\u00fclerden en me\u015fhuru ve g\u00f6r\u00fclesi olan\u0131 ise&nbsp;Rialto K\u00f6pr\u00fcs\u00fc\u2019d\u00fcr (Ponte di Rialto). 1591 y\u0131l\u0131nda yap\u0131lm\u0131\u015f olan k\u00f6pr\u00fc, 1524 y\u0131l\u0131nda \u00e7\u00f6km\u00fc\u015f olan orijinal ah\u015fap k\u00f6pr\u00fcn\u00fcn ayn\u0131 mimarisiyle modernle\u015ftirilmi\u015f halidir. G\u00fcn\u00fcm\u00fczde, \u00fczerinde yer alan turistik e\u015fya satan d\u00fckkanlar\u0131yla her daim t\u0131kl\u0131m t\u0131kl\u0131md\u0131r.<\/p>\n\n\n\n<p>Son bir dura\u011f\u0131m\u0131z daha var. B\u00fcy\u00fck Kanal \u00fczerinde t\u00fcm heybetiyle y\u00fckselen&nbsp;Salute Bazilikas\u0131. 1600\u2019l\u00fc y\u0131llar\u0131n ortalar\u0131nda ortaya \u00e7\u0131kan veba nedeniyle halk\u0131n \u00f6nemli bir b\u00f6l\u00fcm\u00fcn\u00fcn \u00f6ld\u00fc\u011f\u00fc d\u00f6nemde yap\u0131lan bu kilise Meryem Ana\u2019ya ithaf edilmi\u015f. Gerek mimarisi gerekse de i\u00e7erisinde bar\u0131nd\u0131rd\u0131\u011f\u0131 sanat eserleri, g\u00f6r\u00fclmeye de\u011fer.<\/p>\n\n\n\n<p>San Marco Meydan\u0131\u2019n\u0131 ve Bazilikas\u0131\u2019n\u0131 gezdik. \u00c7an Kulesi\u2019nin tepesine \u00e7\u0131k\u0131p Venedik \u015fehrini de g\u00f6rd\u00fck tepeden. Sonra sokaklar aras\u0131nda yer alan irili ufakl\u0131 onlarca d\u00fckkanda birbirinden g\u00fczel maskeleri, el i\u015fi dantelleri, cam e\u015fyalar\u0131 b\u00fcy\u00fck bir merak ve hayranl\u0131kla inceledik. Venedik hat\u0131ras\u0131 olarak bir adet de maske almay\u0131 ihmal etmedik tabii. Sonra B\u00fcy\u00fck Kanal\u2019a ula\u015ft\u0131k. Deniz otob\u00fcsleri, vaporetteler, gondollar&#8230; Venedik\u2019in trafi\u011fi de bu! Rialto K\u00f6pr\u00fcs\u00fc\u2019n\u00fcn \u00fczerinden Venedik \u015fehrinin iki karas\u0131n\u0131 ve \u00fczerinde yer alan birbirinden g\u00fczel yap\u0131lar\u0131 seyrettik. \u015eimdi ise t\u00fcm yorgunlu\u011fumuzu alacak olan gondol turuna haz\u0131r\u0131z!<\/p>\n\n\n\n<figure class=\"wp-block-image size-large td-caption-align-https:\/\/blog.turkishairlines.com\/wp-content\/uploads\/2020\/04\/GondolGezisi-iStock-108162658.jpg\"><img loading=\"lazy\" decoding=\"async\" width=\"1024\" height=\"683\" src=\"https:\/\/blog.turkishairlines.com\/wp-content\/uploads\/2020\/04\/GondolGezisi-iStock-108162658-1024x683.jpg\" alt=\"\" class=\"wp-image-13041\" srcset=\"https:\/\/blog.turkishairlines.com\/wp-content\/uploads\/2020\/04\/GondolGezisi-iStock-108162658-1024x683.jpg 1024w, https:\/\/blog.turkishairlines.com\/wp-content\/uploads\/2020\/04\/GondolGezisi-iStock-108162658-300x200.jpg 300w, https:\/\/blog.turkishairlines.com\/wp-content\/uploads\/2020\/04\/GondolGezisi-iStock-108162658-768x512.jpg 768w, https:\/\/blog.turkishairlines.com\/wp-content\/uploads\/2020\/04\/GondolGezisi-iStock-108162658-696x464.jpg 696w, https:\/\/blog.turkishairlines.com\/wp-content\/uploads\/2020\/04\/GondolGezisi-iStock-108162658-1068x712.jpg 1068w, https:\/\/blog.turkishairlines.com\/wp-content\/uploads\/2020\/04\/GondolGezisi-iStock-108162658-630x420.jpg 630w, https:\/\/blog.turkishairlines.com\/wp-content\/uploads\/2020\/04\/GondolGezisi-iStock-108162658-600x400.jpg 600w, https:\/\/blog.turkishairlines.com\/wp-content\/uploads\/2020\/04\/GondolGezisi-iStock-108162658.jpg 1254w\" sizes=\"auto, (max-width: 1024px) 100vw, 1024px\" \/><\/figure>\n\n\n\n<p>Venedik deyince akl\u0131n\u0131za ilk ne gelir diye biri sorsa, san\u0131r\u0131m herkesin cevab\u0131&nbsp;\u201cgondollar\u201d&nbsp;olacakt\u0131r. Kitaplar, filmler, belgeseller&#8230; Her seferinde Venedik \u015fehri gondollar\u0131yla e\u015f an\u0131lm\u0131\u015ft\u0131r. \u015eehrin geneline yay\u0131lm\u0131\u015f olan 400 civar\u0131 gondolu g\u00f6r\u00fcnce siz de zaten hemfikir oluyorsunuz yaz\u0131l\u0131p \u00e7izilenlerle. Eskiden \u015fehrin tek ula\u015f\u0131m arac\u0131 olan gondollar g\u00fcn\u00fcm\u00fczde turistik bir etkinli\u011fe d\u00f6n\u00fc\u015fm\u00fc\u015f ve ziyaret\u00e7ilerin kanal gezilerinde tercih edilir olmu\u015f vaziyette. Filmlerde g\u00f6rd\u00fc\u011f\u00fcm\u00fcz \u00e7izgili k\u0131yafetli \u015fapkal\u0131 gondolcular ve m\u00fczisyenler e\u015fli\u011finde keyifli bir kanal gezisi yapmadan, Venedik\u2019in ara sokaklar\u0131n\u0131 bir de kanallar \u00fczerinde ke\u015ffetmeden siz siz olun Venedik\u2019ten d\u00f6nmeyin.<\/p>\n\n\n\n<p>Yaz\u0131y\u0131 sona erdirmeden son bir tavsiyem daha olacak:&nbsp;Murano&nbsp;ve&nbsp;Burano. Gezilip g\u00f6r\u00fclesi onlarca bina, kilise, saray,&nbsp;y\u00fczlerce k\u00f6pr\u00fc,&nbsp;sanat dolu meydanlar,&nbsp;insan dolu sokaklar olsa da, genel olarak Venedik 1-2 g\u00fcnde her yerini g\u00f6rebilece\u011finiz bir \u015fehir. O y\u00fczden haz\u0131r buralara kadar gelmi\u015fken vaporettolarla&nbsp;ula\u015f\u0131labilecek iki adaya Murano ve Burano adalar\u0131na mutlaka gitmelisiniz. Her iki adan\u0131n da kendine has dokusu, kendine has de\u011ferleri var.<\/p>\n\n\n\n<p>Onuncu y\u00fczy\u0131l&nbsp;ba\u015flar\u0131ndan itibaren cam i\u015f\u00e7ili\u011fi konusunda ad\u0131n\u0131 duyurmu\u015f&nbsp;Murano Adas\u0131. \u0130lgili d\u00f6nemlerde saraylar\u0131n ve aristokratlar\u0131n evlerini s\u00fcsleyen cam i\u015flemeleri buralarda yap\u0131l\u0131rm\u0131\u015f. G\u00fcn\u00fcm\u00fczde hala ayakta kalan cam fabrikalar\u0131n\u0131 gezebilir, cam \u00fcfleme \u015fovlar\u0131n\u0131 seyredebilir, at\u00f6lyelere kat\u0131l\u0131p kendi cam i\u015flemenizi yapabilirsiniz. Ayr\u0131ca birbirinden g\u00fczel cam hediyelik e\u015fyalar\u0131ndan sat\u0131n alabilirsiniz.<\/p>\n\n\n\n<figure class=\"wp-block-image size-large td-caption-align-https:\/\/blog.turkishairlines.com\/wp-content\/uploads\/2020\/04\/Murano-iStock-508893814.jpg\"><img loading=\"lazy\" decoding=\"async\" width=\"1024\" height=\"683\" src=\"https:\/\/blog.turkishairlines.com\/wp-content\/uploads\/2020\/04\/Murano-iStock-508893814-1024x683.jpg\" alt=\"\" class=\"wp-image-12991\" srcset=\"https:\/\/blog.turkishairlines.com\/wp-content\/uploads\/2020\/04\/Murano-iStock-508893814-1024x683.jpg 1024w, https:\/\/blog.turkishairlines.com\/wp-content\/uploads\/2020\/04\/Murano-iStock-508893814-300x200.jpg 300w, https:\/\/blog.turkishairlines.com\/wp-content\/uploads\/2020\/04\/Murano-iStock-508893814-768x513.jpg 768w, https:\/\/blog.turkishairlines.com\/wp-content\/uploads\/2020\/04\/Murano-iStock-508893814-696x465.jpg 696w, https:\/\/blog.turkishairlines.com\/wp-content\/uploads\/2020\/04\/Murano-iStock-508893814-1068x713.jpg 1068w, https:\/\/blog.turkishairlines.com\/wp-content\/uploads\/2020\/04\/Murano-iStock-508893814-629x420.jpg 629w, https:\/\/blog.turkishairlines.com\/wp-content\/uploads\/2020\/04\/Murano-iStock-508893814-600x400.jpg 600w, https:\/\/blog.turkishairlines.com\/wp-content\/uploads\/2020\/04\/Murano-iStock-508893814.jpg 1254w\" sizes=\"auto, (max-width: 1024px) 100vw, 1024px\" \/><\/figure>\n\n\n\n<p>Bir di\u011fer \u00f6nemli ada olan&nbsp;Burano&nbsp;ise dantel i\u015f\u00e7ili\u011fi ile me\u015fhurdur. S\u0131ra s\u0131ra dizilmi\u015f rengarenk binalarla bezeli adada da bir dantel okulu a\u00e7\u0131lm\u0131\u015f ve buralarda da at\u00f6lyeler d\u00fczenlenmektedir.<\/p>\n\n\n\n<figure class=\"wp-block-image size-large td-caption-align-https:\/\/blog.turkishairlines.com\/wp-content\/uploads\/2020\/04\/Burano-iStock-519657958.jpg\"><img loading=\"lazy\" decoding=\"async\" width=\"1024\" height=\"683\" src=\"https:\/\/blog.turkishairlines.com\/wp-content\/uploads\/2020\/04\/Burano-iStock-519657958-1024x683.jpg\" alt=\"\" class=\"wp-image-12989\" srcset=\"https:\/\/blog.turkishairlines.com\/wp-content\/uploads\/2020\/04\/Burano-iStock-519657958-1024x683.jpg 1024w, https:\/\/blog.turkishairlines.com\/wp-content\/uploads\/2020\/04\/Burano-iStock-519657958-300x200.jpg 300w, https:\/\/blog.turkishairlines.com\/wp-content\/uploads\/2020\/04\/Burano-iStock-519657958-768x513.jpg 768w, https:\/\/blog.turkishairlines.com\/wp-content\/uploads\/2020\/04\/Burano-iStock-519657958-696x465.jpg 696w, https:\/\/blog.turkishairlines.com\/wp-content\/uploads\/2020\/04\/Burano-iStock-519657958-1068x713.jpg 1068w, https:\/\/blog.turkishairlines.com\/wp-content\/uploads\/2020\/04\/Burano-iStock-519657958-629x420.jpg 629w, https:\/\/blog.turkishairlines.com\/wp-content\/uploads\/2020\/04\/Burano-iStock-519657958-600x400.jpg 600w, https:\/\/blog.turkishairlines.com\/wp-content\/uploads\/2020\/04\/Burano-iStock-519657958.jpg 1254w\" sizes=\"auto, (max-width: 1024px) 100vw, 1024px\" \/><\/figure>\n\n\n\n<p>Foto\u011frafa merakl\u0131 gezginler&nbsp;Venedik Karnaval\u0131\u2019n\u0131, sinefiller de&nbsp;Venedik Film Festivali\u2019ni ka\u00e7\u0131rmamal\u0131.<\/p>\n\n\n\n<p>Venedik&#8230;<\/p>\n\n\n\n<p>Kanallar\u0131yla, gondollar\u0131yla, festivalleriyle, adalar\u0131yla her dama\u011fa uygun bir lezzet bar\u0131nd\u0131ran bu g\u00fczel \u015fehir sizlerin ziyaretini bekliyor.<\/p>\n\n\n\n<p>Daha fazla bekletmeyin!<\/p>\n","protected":false},"excerpt":{"rendered":"<p>Bir\u00e7o\u011fumuz Venedik\u2019e dair bu bilgilere sahibizdir. Peki ya ka\u00e7\u0131m\u0131z Venedik\u2019in asl\u0131nda bir \u201cada \u015fehir\u201d oldu\u011funu biliyor? \u0130talyanca \u201cVenezia\u201d olarak adland\u0131r\u0131lan \u015fehir asl\u0131nda 118 adac\u0131k \u00fczerine kurulmu\u015f bir adac\u0131klar toplulu\u011fudur. Veneto b\u00f6lgesinin ba\u015fkenti olan Venedik\u2019in adac\u0131klar\u0131n\u0131 170 kanal birbirinden ay\u0131r\u0131rken, bu kanallar \u00fczerinde yer alan 400 civar\u0131nda k\u00f6pr\u00fc de adac\u0131klar\u0131 birbirine ba\u011flar. \u0130rili ufakl\u0131 onlarca k\u00f6pr\u00fcn\u00fcn [&hellip;]<\/p>\n","protected":false},"author":27,"featured_media":7308,"comment_status":"closed","ping_status":"closed","sticky":false,"template":"","format":"standard","meta":{"footnotes":""},"categories":[541,611,649,654,495],"tags":[],"class_list":{"0":"post-7294","1":"post","2":"type-post","3":"status-publish","4":"format-standard","5":"has-post-thumbnail","7":"category-ailemizden","8":"category-avrupa","9":"category-italya","10":"category-venedik-gezi-rehberi","11":"category-yerler"},"_links":{"self":[{"href":"https:\/\/blog.turkishairlines.com\/tr\/wp-json\/wp\/v2\/posts\/7294","targetHints":{"allow":["GET"]}}],"collection":[{"href":"https:\/\/blog.turkishairlines.com\/tr\/wp-json\/wp\/v2\/posts"}],"about":[{"href":"https:\/\/blog.turkishairlines.com\/tr\/wp-json\/wp\/v2\/types\/post"}],"author":[{"embeddable":true,"href":"https:\/\/blog.turkishairlines.com\/tr\/wp-json\/wp\/v2\/users\/27"}],"replies":[{"embeddable":true,"href":"https:\/\/blog.turkishairlines.com\/tr\/wp-json\/wp\/v2\/comments?post=7294"}],"version-history":[{"count":1,"href":"https:\/\/blog.turkishairlines.com\/tr\/wp-json\/wp\/v2\/posts\/7294\/revisions"}],"predecessor-version":[{"id":50921,"href":"https:\/\/blog.turkishairlines.com\/tr\/wp-json\/wp\/v2\/posts\/7294\/revisions\/50921"}],"wp:featuredmedia":[{"embeddable":true,"href":"https:\/\/blog.turkishairlines.com\/tr\/wp-json\/wp\/v2\/media\/7308"}],"wp:attachment":[{"href":"https:\/\/blog.turkishairlines.com\/tr\/wp-json\/wp\/v2\/media?parent=7294"}],"wp:term":[{"taxonomy":"category","embeddable":true,"href":"https:\/\/blog.turkishairlines.com\/tr\/wp-json\/wp\/v2\/categories?post=7294"},{"taxonomy":"post_tag","embeddable":true,"href":"https:\/\/blog.turkishairlines.com\/tr\/wp-json\/wp\/v2\/tags?post=7294"}],"curies":[{"name":"wp","href":"https:\/\/api.w.org\/{rel}","templated":true}]}}